{"id":22324,"date":"2012-11-13T16:41:55","date_gmt":"2012-11-13T14:41:55","guid":{"rendered":"http:\/\/www.criserb.com\/blog\/?p=22324"},"modified":"2012-11-13T16:57:18","modified_gmt":"2012-11-13T14:57:18","slug":"concert-hiq-n-sectorul-6","status":"publish","type":"post","link":"https:\/\/www.criserb.com\/blog\/concert-hiq-n-sectorul-6\/","title":{"rendered":"Concert HiQ &icirc;n Sectorul 6?"},"content":{"rendered":"<p align=\"left\"><a href=\"http:\/\/www.criserb.com\/blog\/poze\/Concert-HiQ-n-Sectorul-6_E286\/Mihai-Sturzu.jpg\" data-lbwps-width=\"779\" data-lbwps-height=\"779\" data-lbwps-srcsmall=\"https:\/\/www.criserb.com\/blog\/poze\/Concert-HiQ-n-Sectorul-6_E286\/Mihai-Sturzu.jpg\"><img loading=\"lazy\" decoding=\"async\" style=\"background-image: none; border-bottom: 0px; border-left: 0px; margin: 0px 10px 10px 0px; padding-left: 0px; padding-right: 0px; display: inline; float: left; border-top: 0px; border-right: 0px; padding-top: 0px\" title=\"Mihai-Sturzu\" border=\"0\" alt=\"Mihai-Sturzu\" align=\"left\" src=\"http:\/\/www.criserb.com\/blog\/poze\/Concert-HiQ-n-Sectorul-6_E286\/Mihai-Sturzu_thumb.jpg\" width=\"135\" height=\"135\" \/><\/a>Ast\u0103zi st\u00e2nd \u00een sta\u021bia de autobuz am observat un portret extrem de familiar pe panotajul cu afi\u0219e politice, culmea, nu-mi p\u0103rea politician. C\u00e2nd m-am apropiat mai mult am constatat cu mirare \u0219i stupoare c\u0103 pentru colegiul 24 Camera Deputa\u021bilor din Sectorul 6 candideaz\u0103 nimeni altul dec\u00e2t Mihai Sturzu, \u00eel \u0219ti\u021bi, blondul de la HiQ.<\/p>\n<p>C\u0103 s\u0103 nu m\u0103 \u00een\u021belege\u021bi gre\u0219it de la \u00eenceput, de\u0219i am fost mirat \u0219i surprins de candidatura lui, nu am s\u0103rit s\u0103-l acuz scurt: Ce mai caut\u0103 \u0219i \u0103sta \u00een politic\u0103? Am decis s\u0103 m\u0103 documentez s\u0103 v\u0103d ce a facut \u0219i ce vrea s\u0103 fac\u0103.<\/p>\n<p>Sincer, dup\u0103 ce am citit tot ce era pe site-ul lui, superficial \u00een con\u021binut de altfel, m\u0103 \u00eentreb cu adev\u0103rat, c\u00e2nd a p\u0103r\u0103sit Mihai trupa HiQ \u0219i ce caut\u0103 \u00een politic\u0103? \u00cen afar\u0103 de faptul c\u0103 e foarte onorat la munc\u0103, la propriu, o spune chiar el, de a lucra cu Victor Ponta, mai mult nu v\u0103d s\u0103 fi f\u0103cut nimic.<\/p>\n<p>Nu \u0219tiu voi dar eu c\u00e2nd m\u0103 duc la vot, de\u0219i \u0219tiu dinainte c\u0103 nu am cu cine s\u0103 votez, tot sper c\u0103 o s\u0103 vin\u0103 p\u00e2n\u0103 la urm\u0103 cineva din spate, din genera\u021bia nou\u0103, care s\u0103 merite. M\u0103 g\u00e2ndeam cu speran\u021b\u0103 la unul ca Mihai, \u00eens\u0103 eu a\u0219 vrea s\u0103 votez pe cineva care nu promite \u0219i care a \u0219i f\u0103cut ceva, adic\u0103 pe cineva cu pedigree, cineva care a trecut de la telling la doing. De\u0219i Mihai e de doar 2 ani in politic\u0103, s\u0103 zicem c\u0103 poate nu a avut timp s\u0103 termine niciun proiect, nu apare cu niciun plan personal pentru viitor. Nu v\u0103d un PDF cu idei sau ini\u021biative pentru viitor. Mai mult, p\u00e2n\u0103 s\u0103 intre \u00een politic\u0103, de\u0219i sus\u021bine c\u0103 a fost implicat \u00een mai multe proiecte, rezultatele nu sunt prezentate nic\u0103ieri.<\/p>\n<p>Vedem doar c\u0103 vrea s\u0103 fac\u0103 politic\u0103 \u0219i at\u00e2t, f\u0103r\u0103 idei personale, f\u0103r\u0103 programe de viitor, f\u0103r\u0103 nimic. <b>Deci, m\u0103 \u00eentreb at\u00e2t eu c\u00e2t chiar \u0219i pe Mihai \u00eel \u00eentreb, de ce te-a\u0219 alege?<\/b> Chiar oricine se poate \u00eenscrie \u00een politic\u0103 dac\u0103 pl\u0103te\u0219te taxa de 2000 de euro la partid? <b>Se poate candida doar cu poze \u00een s\u00e2nul familiei?<\/b> <b>E de ajuns s\u0103 por\u021bi costum ca s\u0103 ai stof\u0103 de politician?<\/b><\/p>\n<p>Ceea ce nu \u00ee\u0219i d\u0103 seama Mihai este faptul c\u0103, de\u0219i e de laudat gestul lui, adic\u0103 de a \u00eencerca s\u0103 schimbe ceva, \u00een primul r\u00e2nd nu e de ajuns doar s\u0103 vrei \u0219i \u00een al doilea r\u00e2nd <b>decredibilizeaz\u0103 genera\u021biile tinere de viitori politicieni<\/b>, prin candidatura lui artificial\u0103 \u0219i superficial\u0103 care nu arat\u0103 dec\u00e2t c\u0103 \u00eencearc\u0103 s\u0103 se al\u0103ture unei tagme de oameni de care poporul s-a s\u0103turat. Cu ce impresie po\u021bi s\u0103 r\u0103m\u00e2i c\u00e2nd vezi c\u0103 \u0219i unul t\u00e2n\u0103r \u0219i fresh ca el recurge la aceea\u0219i strategie, adic\u0103 la poze \u00een s\u00e2nul familiei \u0219i imagini cu b\u0103i de mul\u021bime \u00een Photoshop \u0219i doar at\u00e2t, la nimic mai mult? C\u0103 to\u021bi sunt o ap\u0103 \u0219-un p\u0103m\u00e2nt. Dar trist este, c\u0103 de la genera\u021biile viitoare unii dintre noi mai avem a\u0219tept\u0103ri.<\/p>\n<p><b>Ce a\u0219 vrea de la unul ca Mihai?<\/b> A\u0219 vrea s\u0103 apar\u0103 cu 2 ani \u00eenainte de campanie pe str\u0103zile colegiului unde candideaz\u0103, a\u0219 vrea s\u0103 \u0219tie cum arat\u0103 colegiul unde cere votul, a\u0219 vrea s\u0103 v\u0103d c\u0103 \u00eenainte s\u0103 cer\u0219easc\u0103 imunitatea, salariul \u0219i statutul de parlamentar \u0219i-a tocit coatele f\u0103cand ceva voluntar, av\u00e2nd activitate, \u00eencerc\u00e2nd s\u0103 pun\u0103 ni\u0219te proiecte \u00een aplicare. A\u0219 vrea s\u0103 v\u0103d c\u0103 vine cu un CV care s\u0103 arate un fond de studii pe care s-ar putea dezvolta o carier\u0103 de politician, nu doar o form\u0103 f\u0103r\u0103 fond.<\/p>\n<p>De fapt da, \u0219tiu, vreau cam multe!<\/p>\n<p align=\"right\"><em>guest post by <a href=\"http:\/\/www.dragoslupascu.ro\/\" target=\"_blank\">Dragos Lupa\u0219cu<\/a><\/em><\/p>\n<p align=\"right\"><em>[sursa <a href=\"http:\/\/www.alfanews.ro\/2011\/tsd-%C8%99ansa-lui-mihai-sturzu-pentru-modelul-meu.html\" target=\"_blank\">poza<\/a>]<\/em><\/p>\n","protected":false},"excerpt":{"rendered":"<p>Ast\u0103zi st\u00e2nd \u00een sta\u021bia de autobuz am observat un portret extrem de familiar pe panotajul cu afi\u0219e politice, culmea, nu-mi p\u0103rea politician. C\u00e2nd m-am apropiat mai mult am constatat cu mirare \u0219i stupoare c\u0103 pentru colegiul 24 Camera Deputa\u021bilor din Sectorul 6 candideaz\u0103 nimeni altul dec\u00e2t Mihai Sturzu, \u00eel \u0219ti\u021bi, blondul de la HiQ. C\u0103&hellip;<\/p>\n","protected":false},"author":3,"featured_media":22326,"comment_status":"open","ping_status":"open","sticky":false,"template":"","format":"standard","meta":{"footnotes":""},"categories":[32],"tags":[624,4068,4067,7077,3532],"yoast_head":"<!-- This site is optimized with the Yoast SEO plugin v24.5 - https:\/\/yoast.com\/wordpress\/plugins\/seo\/ -->\n<title>Concert HiQ &icirc;n Sectorul 6?<\/title>\n<meta name=\"robots\" content=\"index, follow, max-snippet:-1, max-image-preview:large, max-video-preview:-1\" \/>\n<link rel=\"canonical\" href=\"https:\/\/www.criserb.com\/blog\/concert-hiq-n-sectorul-6\/\" \/>\n<meta name=\"twitter:label1\" content=\"Written by\" \/>\n\t<meta name=\"twitter:data1\" content=\"criserb\" \/>\n\t<meta name=\"twitter:label2\" content=\"Est. reading time\" \/>\n\t<meta name=\"twitter:data2\" content=\"3 minutes\" \/>\n<script type=\"application\/ld+json\" class=\"yoast-schema-graph\">{\"@context\":\"https:\/\/schema.org\",\"@graph\":[{\"@type\":\"Article\",\"@id\":\"https:\/\/www.criserb.com\/blog\/concert-hiq-n-sectorul-6\/#article\",\"isPartOf\":{\"@id\":\"https:\/\/www.criserb.com\/blog\/concert-hiq-n-sectorul-6\/\"},\"author\":{\"name\":\"criserb\",\"@id\":\"https:\/\/www.criserb.com\/blog\/#\/schema\/person\/8df5199bda4e628c32a10f318d8602b5\"},\"headline\":\"Concert HiQ &icirc;n Sectorul 6?\",\"datePublished\":\"2012-11-13T14:41:55+00:00\",\"dateModified\":\"2012-11-13T14:57:18+00:00\",\"mainEntityOfPage\":{\"@id\":\"https:\/\/www.criserb.com\/blog\/concert-hiq-n-sectorul-6\/\"},\"wordCount\":687,\"commentCount\":6,\"publisher\":{\"@id\":\"https:\/\/www.criserb.com\/blog\/#\/schema\/person\/8df5199bda4e628c32a10f318d8602b5\"},\"image\":{\"@id\":\"https:\/\/www.criserb.com\/blog\/concert-hiq-n-sectorul-6\/#primaryimage\"},\"thumbnailUrl\":\"https:\/\/www.criserb.com\/blog\/poze\/2012\/11\/Mihai-Sturzu_thumb.jpg\",\"keywords\":[\"Alegeri\",\"HiQ\",\"Mihai Sturzu\",\"Politica\",\"Victor Ponta\"],\"articleSection\":[\"Politica\"],\"inLanguage\":\"en-US\",\"potentialAction\":[{\"@type\":\"CommentAction\",\"name\":\"Comment\",\"target\":[\"https:\/\/www.criserb.com\/blog\/concert-hiq-n-sectorul-6\/#respond\"]}]},{\"@type\":\"WebPage\",\"@id\":\"https:\/\/www.criserb.com\/blog\/concert-hiq-n-sectorul-6\/\",\"url\":\"https:\/\/www.criserb.com\/blog\/concert-hiq-n-sectorul-6\/\",\"name\":\"Concert HiQ &icirc;n Sectorul 6?\",\"isPartOf\":{\"@id\":\"https:\/\/www.criserb.com\/blog\/#website\"},\"primaryImageOfPage\":{\"@id\":\"https:\/\/www.criserb.com\/blog\/concert-hiq-n-sectorul-6\/#primaryimage\"},\"image\":{\"@id\":\"https:\/\/www.criserb.com\/blog\/concert-hiq-n-sectorul-6\/#primaryimage\"},\"thumbnailUrl\":\"https:\/\/www.criserb.com\/blog\/poze\/2012\/11\/Mihai-Sturzu_thumb.jpg\",\"datePublished\":\"2012-11-13T14:41:55+00:00\",\"dateModified\":\"2012-11-13T14:57:18+00:00\",\"breadcrumb\":{\"@id\":\"https:\/\/www.criserb.com\/blog\/concert-hiq-n-sectorul-6\/#breadcrumb\"},\"inLanguage\":\"en-US\",\"potentialAction\":[{\"@type\":\"ReadAction\",\"target\":[\"https:\/\/www.criserb.com\/blog\/concert-hiq-n-sectorul-6\/\"]}]},{\"@type\":\"ImageObject\",\"inLanguage\":\"en-US\",\"@id\":\"https:\/\/www.criserb.com\/blog\/concert-hiq-n-sectorul-6\/#primaryimage\",\"url\":\"https:\/\/www.criserb.com\/blog\/poze\/2012\/11\/Mihai-Sturzu_thumb.jpg\",\"contentUrl\":\"https:\/\/www.criserb.com\/blog\/poze\/2012\/11\/Mihai-Sturzu_thumb.jpg\",\"width\":\"135\",\"height\":\"135\"},{\"@type\":\"BreadcrumbList\",\"@id\":\"https:\/\/www.criserb.com\/blog\/concert-hiq-n-sectorul-6\/#breadcrumb\",\"itemListElement\":[{\"@type\":\"ListItem\",\"position\":1,\"name\":\"Home\",\"item\":\"https:\/\/www.criserb.com\/blog\/\"},{\"@type\":\"ListItem\",\"position\":2,\"name\":\"Concert HiQ &icirc;n Sectorul 6?\"}]},{\"@type\":\"WebSite\",\"@id\":\"https:\/\/www.criserb.com\/blog\/#website\",\"url\":\"https:\/\/www.criserb.com\/blog\/\",\"name\":\"criserb.com\",\"description\":\"Nimic ce merita citit :)\",\"publisher\":{\"@id\":\"https:\/\/www.criserb.com\/blog\/#\/schema\/person\/8df5199bda4e628c32a10f318d8602b5\"},\"potentialAction\":[{\"@type\":\"SearchAction\",\"target\":{\"@type\":\"EntryPoint\",\"urlTemplate\":\"https:\/\/www.criserb.com\/blog\/?s={search_term_string}\"},\"query-input\":{\"@type\":\"PropertyValueSpecification\",\"valueRequired\":true,\"valueName\":\"search_term_string\"}}],\"inLanguage\":\"en-US\"},{\"@type\":[\"Person\",\"Organization\"],\"@id\":\"https:\/\/www.criserb.com\/blog\/#\/schema\/person\/8df5199bda4e628c32a10f318d8602b5\",\"name\":\"criserb\",\"image\":{\"@type\":\"ImageObject\",\"inLanguage\":\"en-US\",\"@id\":\"https:\/\/www.criserb.com\/blog\/#\/schema\/person\/image\/\",\"url\":\"http:\/\/0.gravatar.com\/avatar\/fdb6cca710f39545f0c4b5b936c390b4?s=96&d=monsterid&r=pg\",\"contentUrl\":\"http:\/\/0.gravatar.com\/avatar\/fdb6cca710f39545f0c4b5b936c390b4?s=96&d=monsterid&r=pg\",\"caption\":\"criserb\"},\"logo\":{\"@id\":\"https:\/\/www.criserb.com\/blog\/#\/schema\/person\/image\/\"},\"sameAs\":[\"http:\/\/www.criserb.com\"],\"url\":\"https:\/\/www.criserb.com\/blog\/author\/criserb\/\"}]}<\/script>\n<!-- \/ Yoast SEO plugin. -->","yoast_head_json":{"title":"Concert HiQ &icirc;n Sectorul 6?","robots":{"index":"index","follow":"follow","max-snippet":"max-snippet:-1","max-image-preview":"max-image-preview:large","max-video-preview":"max-video-preview:-1"},"canonical":"https:\/\/www.criserb.com\/blog\/concert-hiq-n-sectorul-6\/","twitter_misc":{"Written by":"criserb","Est. reading time":"3 minutes"},"schema":{"@context":"https:\/\/schema.org","@graph":[{"@type":"Article","@id":"https:\/\/www.criserb.com\/blog\/concert-hiq-n-sectorul-6\/#article","isPartOf":{"@id":"https:\/\/www.criserb.com\/blog\/concert-hiq-n-sectorul-6\/"},"author":{"name":"criserb","@id":"https:\/\/www.criserb.com\/blog\/#\/schema\/person\/8df5199bda4e628c32a10f318d8602b5"},"headline":"Concert HiQ &icirc;n Sectorul 6?","datePublished":"2012-11-13T14:41:55+00:00","dateModified":"2012-11-13T14:57:18+00:00","mainEntityOfPage":{"@id":"https:\/\/www.criserb.com\/blog\/concert-hiq-n-sectorul-6\/"},"wordCount":687,"commentCount":6,"publisher":{"@id":"https:\/\/www.criserb.com\/blog\/#\/schema\/person\/8df5199bda4e628c32a10f318d8602b5"},"image":{"@id":"https:\/\/www.criserb.com\/blog\/concert-hiq-n-sectorul-6\/#primaryimage"},"thumbnailUrl":"https:\/\/www.criserb.com\/blog\/poze\/2012\/11\/Mihai-Sturzu_thumb.jpg","keywords":["Alegeri","HiQ","Mihai Sturzu","Politica","Victor Ponta"],"articleSection":["Politica"],"inLanguage":"en-US","potentialAction":[{"@type":"CommentAction","name":"Comment","target":["https:\/\/www.criserb.com\/blog\/concert-hiq-n-sectorul-6\/#respond"]}]},{"@type":"WebPage","@id":"https:\/\/www.criserb.com\/blog\/concert-hiq-n-sectorul-6\/","url":"https:\/\/www.criserb.com\/blog\/concert-hiq-n-sectorul-6\/","name":"Concert HiQ &icirc;n Sectorul 6?","isPartOf":{"@id":"https:\/\/www.criserb.com\/blog\/#website"},"primaryImageOfPage":{"@id":"https:\/\/www.criserb.com\/blog\/concert-hiq-n-sectorul-6\/#primaryimage"},"image":{"@id":"https:\/\/www.criserb.com\/blog\/concert-hiq-n-sectorul-6\/#primaryimage"},"thumbnailUrl":"https:\/\/www.criserb.com\/blog\/poze\/2012\/11\/Mihai-Sturzu_thumb.jpg","datePublished":"2012-11-13T14:41:55+00:00","dateModified":"2012-11-13T14:57:18+00:00","breadcrumb":{"@id":"https:\/\/www.criserb.com\/blog\/concert-hiq-n-sectorul-6\/#breadcrumb"},"inLanguage":"en-US","potentialAction":[{"@type":"ReadAction","target":["https:\/\/www.criserb.com\/blog\/concert-hiq-n-sectorul-6\/"]}]},{"@type":"ImageObject","inLanguage":"en-US","@id":"https:\/\/www.criserb.com\/blog\/concert-hiq-n-sectorul-6\/#primaryimage","url":"https:\/\/www.criserb.com\/blog\/poze\/2012\/11\/Mihai-Sturzu_thumb.jpg","contentUrl":"https:\/\/www.criserb.com\/blog\/poze\/2012\/11\/Mihai-Sturzu_thumb.jpg","width":"135","height":"135"},{"@type":"BreadcrumbList","@id":"https:\/\/www.criserb.com\/blog\/concert-hiq-n-sectorul-6\/#breadcrumb","itemListElement":[{"@type":"ListItem","position":1,"name":"Home","item":"https:\/\/www.criserb.com\/blog\/"},{"@type":"ListItem","position":2,"name":"Concert HiQ &icirc;n Sectorul 6?"}]},{"@type":"WebSite","@id":"https:\/\/www.criserb.com\/blog\/#website","url":"https:\/\/www.criserb.com\/blog\/","name":"criserb.com","description":"Nimic ce merita citit :)","publisher":{"@id":"https:\/\/www.criserb.com\/blog\/#\/schema\/person\/8df5199bda4e628c32a10f318d8602b5"},"potentialAction":[{"@type":"SearchAction","target":{"@type":"EntryPoint","urlTemplate":"https:\/\/www.criserb.com\/blog\/?s={search_term_string}"},"query-input":{"@type":"PropertyValueSpecification","valueRequired":true,"valueName":"search_term_string"}}],"inLanguage":"en-US"},{"@type":["Person","Organization"],"@id":"https:\/\/www.criserb.com\/blog\/#\/schema\/person\/8df5199bda4e628c32a10f318d8602b5","name":"criserb","image":{"@type":"ImageObject","inLanguage":"en-US","@id":"https:\/\/www.criserb.com\/blog\/#\/schema\/person\/image\/","url":"http:\/\/0.gravatar.com\/avatar\/fdb6cca710f39545f0c4b5b936c390b4?s=96&d=monsterid&r=pg","contentUrl":"http:\/\/0.gravatar.com\/avatar\/fdb6cca710f39545f0c4b5b936c390b4?s=96&d=monsterid&r=pg","caption":"criserb"},"logo":{"@id":"https:\/\/www.criserb.com\/blog\/#\/schema\/person\/image\/"},"sameAs":["http:\/\/www.criserb.com"],"url":"https:\/\/www.criserb.com\/blog\/author\/criserb\/"}]}},"_links":{"self":[{"href":"https:\/\/www.criserb.com\/blog\/wp-json\/wp\/v2\/posts\/22324"}],"collection":[{"href":"https:\/\/www.criserb.com\/blog\/wp-json\/wp\/v2\/posts"}],"about":[{"href":"https:\/\/www.criserb.com\/blog\/wp-json\/wp\/v2\/types\/post"}],"author":[{"embeddable":true,"href":"https:\/\/www.criserb.com\/blog\/wp-json\/wp\/v2\/users\/3"}],"replies":[{"embeddable":true,"href":"https:\/\/www.criserb.com\/blog\/wp-json\/wp\/v2\/comments?post=22324"}],"version-history":[{"count":0,"href":"https:\/\/www.criserb.com\/blog\/wp-json\/wp\/v2\/posts\/22324\/revisions"}],"wp:featuredmedia":[{"embeddable":true,"href":"https:\/\/www.criserb.com\/blog\/wp-json\/wp\/v2\/media\/22326"}],"wp:attachment":[{"href":"https:\/\/www.criserb.com\/blog\/wp-json\/wp\/v2\/media?parent=22324"}],"wp:term":[{"taxonomy":"category","embeddable":true,"href":"https:\/\/www.criserb.com\/blog\/wp-json\/wp\/v2\/categories?post=22324"},{"taxonomy":"post_tag","embeddable":true,"href":"https:\/\/www.criserb.com\/blog\/wp-json\/wp\/v2\/tags?post=22324"}],"curies":[{"name":"wp","href":"https:\/\/api.w.org\/{rel}","templated":true}]}}