{"id":22985,"date":"2013-01-31T23:18:08","date_gmt":"2013-01-31T21:18:08","guid":{"rendered":"http:\/\/www.criserb.com\/blog\/?p=22985"},"modified":"2013-01-31T23:18:09","modified_gmt":"2013-01-31T21:18:09","slug":"oare-cand-o-sa-i-tratam-ok-pe-biciclisti","status":"publish","type":"post","link":"https:\/\/www.criserb.com\/blog\/oare-cand-o-sa-i-tratam-ok-pe-biciclisti\/","title":{"rendered":"Oare cand o sa-i tratam ok pe biciclisti?"},"content":{"rendered":"<p><a href=\"http:\/\/www.criserb.com\/blog\/poze\/5582c45ba9bc_146A5\/325297_10200588000488333_1959137666_o.jpg\" data-lbwps-width=\"1024\" data-lbwps-height=\"768\" data-lbwps-srcsmall=\"https:\/\/www.criserb.com\/blog\/poze\/5582c45ba9bc_146A5\/325297_10200588000488333_1959137666_o.jpg\"><img loading=\"lazy\" decoding=\"async\" style=\"background-image: none; border-bottom: 0px; border-left: 0px; margin: 0px 10px 10px 0px; padding-left: 0px; padding-right: 0px; display: inline; float: left; border-top: 0px; border-right: 0px; padding-top: 0px\" title=\"325297_10200588000488333_1959137666_o\" border=\"0\" alt=\"325297_10200588000488333_1959137666_o\" align=\"left\" src=\"http:\/\/www.criserb.com\/blog\/poze\/5582c45ba9bc_146A5\/325297_10200588000488333_1959137666_o_thumb.jpg\" width=\"161\" height=\"121\" \/><\/a><\/p>\n<p><em>El e domnul de la Speed Taxi. Dac\u0103 vede bicicli\u0219ti pe strad\u0103 \u00eei calc\u0103, apoi \u00eei amenin\u021b\u0103 cu b\u0103taia \u0219i apoi le zice: &quot;Tu nu \u0219tii c\u0103 trebuie s\u0103 mergi pe trotuar*?&quot;.<\/em><\/p>\n<p><em>Sta\u021bi departe de el \u0219i de compania <\/em><a href=\"https:\/\/www.facebook.com\/speed.taxibucuresti?group_id=0\"><em>Speed Taxi Bucuresti<\/em><\/a><em>, care odat\u0103 anun\u021bat\u0103 de incident, mi-a recomandat s\u0103 sun la poli\u021bie \u0219i apoi mi-a \u00eenchis \u00een nas.<\/em><\/p>\n<p><em>Are declara\u021bie la Sec\u021bia 8. Mi-am pierdut dou\u0103 ore cu el. Am fost responsabil, de\u0219i puteam s\u0103 plec, s\u0103-l las prost, cum este.<\/em><\/p>\n<p><em>\u00cencet-\u00eencet \u00eei vom educa pe to\u021bi. V\u0103 recomand pentru orice amenin\u021bare s\u0103 suna\u021bi la poli\u021bie \u0219i da, s\u0103 v\u0103 pierde\u021bi o or\u0103 din via\u021b\u0103 ca s\u0103 depune\u021bi declara\u021bii \/ s\u0103 chema\u021bi poli\u021bia la fa\u021ba locului. Asta &#8230; pentru viitorul oamenilor ce vor pedala \u00een ora\u0219.<\/em><\/p>\n<p><em>Sunt bine, n-am ochi umfla\u021bi sau bicicleta stricat\u0103.<\/em><\/p>\n<p><em>PS &#8211; indicativul tipului cred c\u0103 este 1806. tipul e mic de \u00een\u0103l\u021bime &#8211; 1.65 spre 1.70, ten deschis, par scurt, negru, tatuaj pe bra\u021b (Cred), lan\u021b mare de haur la g\u00e2t. (scriu asta pentru c\u0103 am scris-o \u0219i \u00een declara\u021bie la poli\u021bie&#8230; \u0219i mi s-a p\u0103rut amuzant)<\/em><\/p>\n<p align=\"right\">[de <a href=\"https:\/\/www.facebook.com\/photo.php?fbid=10200588000488333&amp;set=a.1111822121619.19316.1408887727&amp;type=1&amp;theater\" target=\"_blank\">aici<\/a>]<\/p>\n<p align=\"left\">Textul nu imi apartine, asa cum am spus, este luat de pe facebook. Dar vreau sa-l distribui, poate ajunge la urechile cui trebuie de la Speed Taxi si isi invata soferii sa fie disciplinati. <\/p>\n<p align=\"left\">Nu este vina companiei pentru cele intamplate, sunt convins, este vina unui om care se crede buricul pamantului. Si e pacate. Pentru ca alcel sofer reprezinta intr-un fel copmania pe strada&#8230;<\/p>\n","protected":false},"excerpt":{"rendered":"<p>El e domnul de la Speed Taxi. Dac\u0103 vede bicicli\u0219ti pe strad\u0103 \u00eei calc\u0103, apoi \u00eei amenin\u021b\u0103 cu b\u0103taia \u0219i apoi le zice: &quot;Tu nu \u0219tii c\u0103 trebuie s\u0103 mergi pe trotuar*?&quot;. Sta\u021bi departe de el \u0219i de compania Speed Taxi Bucuresti, care odat\u0103 anun\u021bat\u0103 de incident, mi-a recomandat s\u0103 sun la poli\u021bie \u0219i apoi&hellip;<\/p>\n","protected":false},"author":3,"featured_media":22986,"comment_status":"open","ping_status":"open","sticky":false,"template":"","format":"standard","meta":{"footnotes":""},"categories":[2156],"tags":[3512,862,2975,201],"yoast_head":"<!-- This site is optimized with the Yoast SEO plugin v24.5 - https:\/\/yoast.com\/wordpress\/plugins\/seo\/ -->\n<title>Oare cand o sa-i tratam ok pe biciclisti?<\/title>\n<meta name=\"robots\" content=\"index, follow, max-snippet:-1, max-image-preview:large, max-video-preview:-1\" \/>\n<link rel=\"canonical\" href=\"https:\/\/www.criserb.com\/blog\/oare-cand-o-sa-i-tratam-ok-pe-biciclisti\/\" \/>\n<meta name=\"twitter:label1\" content=\"Written by\" \/>\n\t<meta name=\"twitter:data1\" content=\"criserb\" \/>\n\t<meta name=\"twitter:label2\" content=\"Est. reading time\" \/>\n\t<meta name=\"twitter:data2\" content=\"1 minute\" \/>\n<script type=\"application\/ld+json\" class=\"yoast-schema-graph\">{\"@context\":\"https:\/\/schema.org\",\"@graph\":[{\"@type\":\"Article\",\"@id\":\"https:\/\/www.criserb.com\/blog\/oare-cand-o-sa-i-tratam-ok-pe-biciclisti\/#article\",\"isPartOf\":{\"@id\":\"https:\/\/www.criserb.com\/blog\/oare-cand-o-sa-i-tratam-ok-pe-biciclisti\/\"},\"author\":{\"name\":\"criserb\",\"@id\":\"https:\/\/www.criserb.com\/blog\/#\/schema\/person\/8df5199bda4e628c32a10f318d8602b5\"},\"headline\":\"Oare cand o sa-i tratam ok pe biciclisti?\",\"datePublished\":\"2013-01-31T21:18:08+00:00\",\"dateModified\":\"2013-01-31T21:18:09+00:00\",\"mainEntityOfPage\":{\"@id\":\"https:\/\/www.criserb.com\/blog\/oare-cand-o-sa-i-tratam-ok-pe-biciclisti\/\"},\"wordCount\":281,\"commentCount\":3,\"publisher\":{\"@id\":\"https:\/\/www.criserb.com\/blog\/#\/schema\/person\/8df5199bda4e628c32a10f318d8602b5\"},\"image\":{\"@id\":\"https:\/\/www.criserb.com\/blog\/oare-cand-o-sa-i-tratam-ok-pe-biciclisti\/#primaryimage\"},\"thumbnailUrl\":\"https:\/\/www.criserb.com\/blog\/poze\/2013\/01\/325297_10200588000488333_1959137666_o_thumb.jpg\",\"keywords\":[\"Biciclisti\",\"Soferi\",\"SpeedTaxi\",\"taxi\"],\"articleSection\":[\"Bucuresti\"],\"inLanguage\":\"en-US\",\"potentialAction\":[{\"@type\":\"CommentAction\",\"name\":\"Comment\",\"target\":[\"https:\/\/www.criserb.com\/blog\/oare-cand-o-sa-i-tratam-ok-pe-biciclisti\/#respond\"]}]},{\"@type\":\"WebPage\",\"@id\":\"https:\/\/www.criserb.com\/blog\/oare-cand-o-sa-i-tratam-ok-pe-biciclisti\/\",\"url\":\"https:\/\/www.criserb.com\/blog\/oare-cand-o-sa-i-tratam-ok-pe-biciclisti\/\",\"name\":\"Oare cand o sa-i tratam ok pe biciclisti?\",\"isPartOf\":{\"@id\":\"https:\/\/www.criserb.com\/blog\/#website\"},\"primaryImageOfPage\":{\"@id\":\"https:\/\/www.criserb.com\/blog\/oare-cand-o-sa-i-tratam-ok-pe-biciclisti\/#primaryimage\"},\"image\":{\"@id\":\"https:\/\/www.criserb.com\/blog\/oare-cand-o-sa-i-tratam-ok-pe-biciclisti\/#primaryimage\"},\"thumbnailUrl\":\"https:\/\/www.criserb.com\/blog\/poze\/2013\/01\/325297_10200588000488333_1959137666_o_thumb.jpg\",\"datePublished\":\"2013-01-31T21:18:08+00:00\",\"dateModified\":\"2013-01-31T21:18:09+00:00\",\"breadcrumb\":{\"@id\":\"https:\/\/www.criserb.com\/blog\/oare-cand-o-sa-i-tratam-ok-pe-biciclisti\/#breadcrumb\"},\"inLanguage\":\"en-US\",\"potentialAction\":[{\"@type\":\"ReadAction\",\"target\":[\"https:\/\/www.criserb.com\/blog\/oare-cand-o-sa-i-tratam-ok-pe-biciclisti\/\"]}]},{\"@type\":\"ImageObject\",\"inLanguage\":\"en-US\",\"@id\":\"https:\/\/www.criserb.com\/blog\/oare-cand-o-sa-i-tratam-ok-pe-biciclisti\/#primaryimage\",\"url\":\"https:\/\/www.criserb.com\/blog\/poze\/2013\/01\/325297_10200588000488333_1959137666_o_thumb.jpg\",\"contentUrl\":\"https:\/\/www.criserb.com\/blog\/poze\/2013\/01\/325297_10200588000488333_1959137666_o_thumb.jpg\",\"width\":161,\"height\":121},{\"@type\":\"BreadcrumbList\",\"@id\":\"https:\/\/www.criserb.com\/blog\/oare-cand-o-sa-i-tratam-ok-pe-biciclisti\/#breadcrumb\",\"itemListElement\":[{\"@type\":\"ListItem\",\"position\":1,\"name\":\"Home\",\"item\":\"https:\/\/www.criserb.com\/blog\/\"},{\"@type\":\"ListItem\",\"position\":2,\"name\":\"Oare cand o sa-i tratam ok pe biciclisti?\"}]},{\"@type\":\"WebSite\",\"@id\":\"https:\/\/www.criserb.com\/blog\/#website\",\"url\":\"https:\/\/www.criserb.com\/blog\/\",\"name\":\"criserb.com\",\"description\":\"Nimic ce merita citit :)\",\"publisher\":{\"@id\":\"https:\/\/www.criserb.com\/blog\/#\/schema\/person\/8df5199bda4e628c32a10f318d8602b5\"},\"potentialAction\":[{\"@type\":\"SearchAction\",\"target\":{\"@type\":\"EntryPoint\",\"urlTemplate\":\"https:\/\/www.criserb.com\/blog\/?s={search_term_string}\"},\"query-input\":{\"@type\":\"PropertyValueSpecification\",\"valueRequired\":true,\"valueName\":\"search_term_string\"}}],\"inLanguage\":\"en-US\"},{\"@type\":[\"Person\",\"Organization\"],\"@id\":\"https:\/\/www.criserb.com\/blog\/#\/schema\/person\/8df5199bda4e628c32a10f318d8602b5\",\"name\":\"criserb\",\"image\":{\"@type\":\"ImageObject\",\"inLanguage\":\"en-US\",\"@id\":\"https:\/\/www.criserb.com\/blog\/#\/schema\/person\/image\/\",\"url\":\"http:\/\/0.gravatar.com\/avatar\/fdb6cca710f39545f0c4b5b936c390b4?s=96&d=monsterid&r=pg\",\"contentUrl\":\"http:\/\/0.gravatar.com\/avatar\/fdb6cca710f39545f0c4b5b936c390b4?s=96&d=monsterid&r=pg\",\"caption\":\"criserb\"},\"logo\":{\"@id\":\"https:\/\/www.criserb.com\/blog\/#\/schema\/person\/image\/\"},\"sameAs\":[\"http:\/\/www.criserb.com\"],\"url\":\"https:\/\/www.criserb.com\/blog\/author\/criserb\/\"}]}<\/script>\n<!-- \/ Yoast SEO plugin. -->","yoast_head_json":{"title":"Oare cand o sa-i tratam ok pe biciclisti?","robots":{"index":"index","follow":"follow","max-snippet":"max-snippet:-1","max-image-preview":"max-image-preview:large","max-video-preview":"max-video-preview:-1"},"canonical":"https:\/\/www.criserb.com\/blog\/oare-cand-o-sa-i-tratam-ok-pe-biciclisti\/","twitter_misc":{"Written by":"criserb","Est. reading time":"1 minute"},"schema":{"@context":"https:\/\/schema.org","@graph":[{"@type":"Article","@id":"https:\/\/www.criserb.com\/blog\/oare-cand-o-sa-i-tratam-ok-pe-biciclisti\/#article","isPartOf":{"@id":"https:\/\/www.criserb.com\/blog\/oare-cand-o-sa-i-tratam-ok-pe-biciclisti\/"},"author":{"name":"criserb","@id":"https:\/\/www.criserb.com\/blog\/#\/schema\/person\/8df5199bda4e628c32a10f318d8602b5"},"headline":"Oare cand o sa-i tratam ok pe biciclisti?","datePublished":"2013-01-31T21:18:08+00:00","dateModified":"2013-01-31T21:18:09+00:00","mainEntityOfPage":{"@id":"https:\/\/www.criserb.com\/blog\/oare-cand-o-sa-i-tratam-ok-pe-biciclisti\/"},"wordCount":281,"commentCount":3,"publisher":{"@id":"https:\/\/www.criserb.com\/blog\/#\/schema\/person\/8df5199bda4e628c32a10f318d8602b5"},"image":{"@id":"https:\/\/www.criserb.com\/blog\/oare-cand-o-sa-i-tratam-ok-pe-biciclisti\/#primaryimage"},"thumbnailUrl":"https:\/\/www.criserb.com\/blog\/poze\/2013\/01\/325297_10200588000488333_1959137666_o_thumb.jpg","keywords":["Biciclisti","Soferi","SpeedTaxi","taxi"],"articleSection":["Bucuresti"],"inLanguage":"en-US","potentialAction":[{"@type":"CommentAction","name":"Comment","target":["https:\/\/www.criserb.com\/blog\/oare-cand-o-sa-i-tratam-ok-pe-biciclisti\/#respond"]}]},{"@type":"WebPage","@id":"https:\/\/www.criserb.com\/blog\/oare-cand-o-sa-i-tratam-ok-pe-biciclisti\/","url":"https:\/\/www.criserb.com\/blog\/oare-cand-o-sa-i-tratam-ok-pe-biciclisti\/","name":"Oare cand o sa-i tratam ok pe biciclisti?","isPartOf":{"@id":"https:\/\/www.criserb.com\/blog\/#website"},"primaryImageOfPage":{"@id":"https:\/\/www.criserb.com\/blog\/oare-cand-o-sa-i-tratam-ok-pe-biciclisti\/#primaryimage"},"image":{"@id":"https:\/\/www.criserb.com\/blog\/oare-cand-o-sa-i-tratam-ok-pe-biciclisti\/#primaryimage"},"thumbnailUrl":"https:\/\/www.criserb.com\/blog\/poze\/2013\/01\/325297_10200588000488333_1959137666_o_thumb.jpg","datePublished":"2013-01-31T21:18:08+00:00","dateModified":"2013-01-31T21:18:09+00:00","breadcrumb":{"@id":"https:\/\/www.criserb.com\/blog\/oare-cand-o-sa-i-tratam-ok-pe-biciclisti\/#breadcrumb"},"inLanguage":"en-US","potentialAction":[{"@type":"ReadAction","target":["https:\/\/www.criserb.com\/blog\/oare-cand-o-sa-i-tratam-ok-pe-biciclisti\/"]}]},{"@type":"ImageObject","inLanguage":"en-US","@id":"https:\/\/www.criserb.com\/blog\/oare-cand-o-sa-i-tratam-ok-pe-biciclisti\/#primaryimage","url":"https:\/\/www.criserb.com\/blog\/poze\/2013\/01\/325297_10200588000488333_1959137666_o_thumb.jpg","contentUrl":"https:\/\/www.criserb.com\/blog\/poze\/2013\/01\/325297_10200588000488333_1959137666_o_thumb.jpg","width":161,"height":121},{"@type":"BreadcrumbList","@id":"https:\/\/www.criserb.com\/blog\/oare-cand-o-sa-i-tratam-ok-pe-biciclisti\/#breadcrumb","itemListElement":[{"@type":"ListItem","position":1,"name":"Home","item":"https:\/\/www.criserb.com\/blog\/"},{"@type":"ListItem","position":2,"name":"Oare cand o sa-i tratam ok pe biciclisti?"}]},{"@type":"WebSite","@id":"https:\/\/www.criserb.com\/blog\/#website","url":"https:\/\/www.criserb.com\/blog\/","name":"criserb.com","description":"Nimic ce merita citit :)","publisher":{"@id":"https:\/\/www.criserb.com\/blog\/#\/schema\/person\/8df5199bda4e628c32a10f318d8602b5"},"potentialAction":[{"@type":"SearchAction","target":{"@type":"EntryPoint","urlTemplate":"https:\/\/www.criserb.com\/blog\/?s={search_term_string}"},"query-input":{"@type":"PropertyValueSpecification","valueRequired":true,"valueName":"search_term_string"}}],"inLanguage":"en-US"},{"@type":["Person","Organization"],"@id":"https:\/\/www.criserb.com\/blog\/#\/schema\/person\/8df5199bda4e628c32a10f318d8602b5","name":"criserb","image":{"@type":"ImageObject","inLanguage":"en-US","@id":"https:\/\/www.criserb.com\/blog\/#\/schema\/person\/image\/","url":"http:\/\/0.gravatar.com\/avatar\/fdb6cca710f39545f0c4b5b936c390b4?s=96&d=monsterid&r=pg","contentUrl":"http:\/\/0.gravatar.com\/avatar\/fdb6cca710f39545f0c4b5b936c390b4?s=96&d=monsterid&r=pg","caption":"criserb"},"logo":{"@id":"https:\/\/www.criserb.com\/blog\/#\/schema\/person\/image\/"},"sameAs":["http:\/\/www.criserb.com"],"url":"https:\/\/www.criserb.com\/blog\/author\/criserb\/"}]}},"_links":{"self":[{"href":"https:\/\/www.criserb.com\/blog\/wp-json\/wp\/v2\/posts\/22985"}],"collection":[{"href":"https:\/\/www.criserb.com\/blog\/wp-json\/wp\/v2\/posts"}],"about":[{"href":"https:\/\/www.criserb.com\/blog\/wp-json\/wp\/v2\/types\/post"}],"author":[{"embeddable":true,"href":"https:\/\/www.criserb.com\/blog\/wp-json\/wp\/v2\/users\/3"}],"replies":[{"embeddable":true,"href":"https:\/\/www.criserb.com\/blog\/wp-json\/wp\/v2\/comments?post=22985"}],"version-history":[{"count":0,"href":"https:\/\/www.criserb.com\/blog\/wp-json\/wp\/v2\/posts\/22985\/revisions"}],"wp:featuredmedia":[{"embeddable":true,"href":"https:\/\/www.criserb.com\/blog\/wp-json\/wp\/v2\/media\/22986"}],"wp:attachment":[{"href":"https:\/\/www.criserb.com\/blog\/wp-json\/wp\/v2\/media?parent=22985"}],"wp:term":[{"taxonomy":"category","embeddable":true,"href":"https:\/\/www.criserb.com\/blog\/wp-json\/wp\/v2\/categories?post=22985"},{"taxonomy":"post_tag","embeddable":true,"href":"https:\/\/www.criserb.com\/blog\/wp-json\/wp\/v2\/tags?post=22985"}],"curies":[{"name":"wp","href":"https:\/\/api.w.org\/{rel}","templated":true}]}}