{"id":24209,"date":"2013-05-20T23:12:00","date_gmt":"2013-05-20T20:12:00","guid":{"rendered":"http:\/\/www.criserb.com\/blog\/?p=24209"},"modified":"2013-05-20T23:12:01","modified_gmt":"2013-05-20T20:12:01","slug":"de-ce-va-bucurati-de-raul-altuia","status":"publish","type":"post","link":"https:\/\/www.criserb.com\/blog\/de-ce-va-bucurati-de-raul-altuia\/","title":{"rendered":"De ce va bucurati de raul altuia?"},"content":{"rendered":"<blockquote>\n<p>Gigi Becali a fost condamnat definitiv, luni, de instan\u0163a suprem\u0103 la trei ani de \u00eenchisoare cu executare \u00een dosarul schimbului de terenuri cu MApN, iar fostul ministru Victor Babiuc \u015fi fostul \u015fef al Statului Major General Dumitru Cioflin\u0103 au primit c\u00e2te doi ani de \u00eenchisoare, tot cu executare.<\/p>\n<p align=\"right\">[<a href=\"http:\/\/www.mediafax.ro\/social\/gigi-becali-condamnat-la-3-ani-de-inchisoare-cu-executare-regret-ca-am-intrat-in-politica-becali-adus-la-arestul-politiei-10888733\" target=\"_blank\">via<\/a>]<\/p>\n<\/blockquote>\n<p align=\"justify\"><a href=\"http:\/\/www.criserb.com\/blog\/poze\/De-ce-va-bucurati-de-raul-altuia_14267\/gigi-becali-catuse-razvan-chirita.jpg\" data-lbwps-width=\"604\" data-lbwps-height=\"454\" data-lbwps-srcsmall=\"https:\/\/www.criserb.com\/blog\/poze\/De-ce-va-bucurati-de-raul-altuia_14267\/gigi-becali-catuse-razvan-chirita.jpg\"><img loading=\"lazy\" decoding=\"async\" style=\"background-image: none; border-bottom: 0px; border-left: 0px; margin: 0px 10px 10px 0px; padding-left: 0px; padding-right: 0px; display: inline; float: left; border-top: 0px; border-right: 0px; padding-top: 0px\" title=\"gigi-becali-catuse-razvan-chirita\" border=\"0\" alt=\"gigi-becali-catuse-razvan-chirita\" align=\"left\" src=\"http:\/\/www.criserb.com\/blog\/poze\/De-ce-va-bucurati-de-raul-altuia_14267\/gigi-becali-catuse-razvan-chirita_thumb.jpg\" width=\"243\" height=\"183\" \/><\/a>Banuiesc ca stirea de mai sus o cunoasteti, nu? Este pe toate posturile de televiziune, circula cu rapiditate pe net, banuiesc ca a ajuns si la urechile voastre. <\/p>\n<p align=\"justify\">Totusi, din reactiile voastre inteleg ca va bucurati si nu inteleg de ce? Gigi este un om bagat la puscarie si voi va bucurati. Va bucurati de necazul altuia si nu stiu daca este cazul. <\/p>\n<p align=\"justify\">Nu-i iau apararea, nici pe departe, doar ca nu-mi place fericirea asta ce-o vad in urma condamnarii acestuia. <\/p>\n<p align=\"justify\">A facut niste chestii pentru care instanta suprema a gasit de cuvinta sa-l inchida, bun. Asta este stirea si cu asta basta. Nu va mai bucurati, ca nu aveti de ce, nu v-a facut voua nimic. <\/p>\n<p align=\"justify\">Apoi, schimband putin subiectul, sa ne referim putin la justitia de la noi. Cata incredere aveti voi intr-o justitie care in prima faza il achita, iar apoi, schimba judecatorii si cei noi il condamnda? <\/p>\n<p align=\"justify\">Doua inalte instante cu pareri diferite. Aceleasi probe, acelasi dosar, aceleasi expertize. <\/p>\n<p align=\"justify\">Cum este oare posibil ca decizia sa fie diferita in proportie de 100%?<\/p>\n<p align=\"justify\">Astea sunt lucrurile care ar trebui sa ne ingrijoreze, pentru ca justita se pare ca este asa cum iti este norocul, si nu-i normal.<\/p>\n<p align=\"justify\">Acum, daca este sa vorbim despre Steaua, parerea mea este ca o sa mearga in jos, omul asta pentru care voi va bucurati ca este la inchisoare a facut ceva. L-a facut in felul lui, nu tocmai normal, dar a facut ceva, o sa vedeti acum ce o sa se intample cu Steaua cand nu mai are un conducator. <\/p>\n<p align=\"justify\">Sau poate parerea voastra este alta&#8230; va astept sa ma contraziceti daca este cazul. <\/p>\n<p align=\"justify\">Un lucru va rog sa retineti, nu va mai bucurati de raul altuia, nu este tocmai frumos.<\/p>\n<p align=\"justify\"><em>P.S. Sunt dinamovist, ca sa nu existe discutii.<\/em><\/p>\n","protected":false},"excerpt":{"rendered":"<p>Gigi Becali a fost condamnat definitiv, luni, de instan\u0163a suprem\u0103 la trei ani de \u00eenchisoare cu executare \u00een dosarul schimbului de terenuri cu MApN, iar fostul ministru Victor Babiuc \u015fi fostul \u015fef al Statului Major General Dumitru Cioflin\u0103 au primit c\u00e2te doi ani de \u00eenchisoare, tot cu executare. [via] Banuiesc ca stirea de mai sus&hellip;<\/p>\n","protected":false},"author":3,"featured_media":24210,"comment_status":"open","ping_status":"open","sticky":false,"template":"","format":"standard","meta":{"footnotes":""},"categories":[31],"tags":[4711,4710,1499,7076],"yoast_head":"<!-- This site is optimized with the Yoast SEO plugin v24.5 - https:\/\/yoast.com\/wordpress\/plugins\/seo\/ -->\n<title>De ce va bucurati de raul altuia?<\/title>\n<meta name=\"robots\" content=\"index, follow, max-snippet:-1, max-image-preview:large, max-video-preview:-1\" \/>\n<link rel=\"canonical\" href=\"https:\/\/www.criserb.com\/blog\/de-ce-va-bucurati-de-raul-altuia\/\" \/>\n<meta name=\"twitter:label1\" content=\"Written by\" \/>\n\t<meta name=\"twitter:data1\" content=\"criserb\" \/>\n\t<meta name=\"twitter:label2\" content=\"Est. reading time\" \/>\n\t<meta name=\"twitter:data2\" content=\"2 minutes\" \/>\n<script type=\"application\/ld+json\" class=\"yoast-schema-graph\">{\"@context\":\"https:\/\/schema.org\",\"@graph\":[{\"@type\":\"Article\",\"@id\":\"https:\/\/www.criserb.com\/blog\/de-ce-va-bucurati-de-raul-altuia\/#article\",\"isPartOf\":{\"@id\":\"https:\/\/www.criserb.com\/blog\/de-ce-va-bucurati-de-raul-altuia\/\"},\"author\":{\"name\":\"criserb\",\"@id\":\"https:\/\/www.criserb.com\/blog\/#\/schema\/person\/8df5199bda4e628c32a10f318d8602b5\"},\"headline\":\"De ce va bucurati de raul altuia?\",\"datePublished\":\"2013-05-20T20:12:00+00:00\",\"dateModified\":\"2013-05-20T20:12:01+00:00\",\"mainEntityOfPage\":{\"@id\":\"https:\/\/www.criserb.com\/blog\/de-ce-va-bucurati-de-raul-altuia\/\"},\"wordCount\":356,\"commentCount\":22,\"publisher\":{\"@id\":\"https:\/\/www.criserb.com\/blog\/#\/schema\/person\/8df5199bda4e628c32a10f318d8602b5\"},\"image\":{\"@id\":\"https:\/\/www.criserb.com\/blog\/de-ce-va-bucurati-de-raul-altuia\/#primaryimage\"},\"thumbnailUrl\":\"https:\/\/www.criserb.com\/blog\/poze\/2013\/05\/gigi-becali-catuse-razvan-chirita_thumb.jpg\",\"keywords\":[\"Condamnare\",\"Gigi Becali\",\"Pareri\",\"Stiri\"],\"articleSection\":[\"Stiri\"],\"inLanguage\":\"en-US\",\"potentialAction\":[{\"@type\":\"CommentAction\",\"name\":\"Comment\",\"target\":[\"https:\/\/www.criserb.com\/blog\/de-ce-va-bucurati-de-raul-altuia\/#respond\"]}]},{\"@type\":\"WebPage\",\"@id\":\"https:\/\/www.criserb.com\/blog\/de-ce-va-bucurati-de-raul-altuia\/\",\"url\":\"https:\/\/www.criserb.com\/blog\/de-ce-va-bucurati-de-raul-altuia\/\",\"name\":\"De ce va bucurati de raul altuia?\",\"isPartOf\":{\"@id\":\"https:\/\/www.criserb.com\/blog\/#website\"},\"primaryImageOfPage\":{\"@id\":\"https:\/\/www.criserb.com\/blog\/de-ce-va-bucurati-de-raul-altuia\/#primaryimage\"},\"image\":{\"@id\":\"https:\/\/www.criserb.com\/blog\/de-ce-va-bucurati-de-raul-altuia\/#primaryimage\"},\"thumbnailUrl\":\"https:\/\/www.criserb.com\/blog\/poze\/2013\/05\/gigi-becali-catuse-razvan-chirita_thumb.jpg\",\"datePublished\":\"2013-05-20T20:12:00+00:00\",\"dateModified\":\"2013-05-20T20:12:01+00:00\",\"breadcrumb\":{\"@id\":\"https:\/\/www.criserb.com\/blog\/de-ce-va-bucurati-de-raul-altuia\/#breadcrumb\"},\"inLanguage\":\"en-US\",\"potentialAction\":[{\"@type\":\"ReadAction\",\"target\":[\"https:\/\/www.criserb.com\/blog\/de-ce-va-bucurati-de-raul-altuia\/\"]}]},{\"@type\":\"ImageObject\",\"inLanguage\":\"en-US\",\"@id\":\"https:\/\/www.criserb.com\/blog\/de-ce-va-bucurati-de-raul-altuia\/#primaryimage\",\"url\":\"https:\/\/www.criserb.com\/blog\/poze\/2013\/05\/gigi-becali-catuse-razvan-chirita_thumb.jpg\",\"contentUrl\":\"https:\/\/www.criserb.com\/blog\/poze\/2013\/05\/gigi-becali-catuse-razvan-chirita_thumb.jpg\",\"width\":243,\"height\":183},{\"@type\":\"BreadcrumbList\",\"@id\":\"https:\/\/www.criserb.com\/blog\/de-ce-va-bucurati-de-raul-altuia\/#breadcrumb\",\"itemListElement\":[{\"@type\":\"ListItem\",\"position\":1,\"name\":\"Home\",\"item\":\"https:\/\/www.criserb.com\/blog\/\"},{\"@type\":\"ListItem\",\"position\":2,\"name\":\"De ce va bucurati de raul altuia?\"}]},{\"@type\":\"WebSite\",\"@id\":\"https:\/\/www.criserb.com\/blog\/#website\",\"url\":\"https:\/\/www.criserb.com\/blog\/\",\"name\":\"criserb.com\",\"description\":\"Nimic ce merita citit :)\",\"publisher\":{\"@id\":\"https:\/\/www.criserb.com\/blog\/#\/schema\/person\/8df5199bda4e628c32a10f318d8602b5\"},\"potentialAction\":[{\"@type\":\"SearchAction\",\"target\":{\"@type\":\"EntryPoint\",\"urlTemplate\":\"https:\/\/www.criserb.com\/blog\/?s={search_term_string}\"},\"query-input\":{\"@type\":\"PropertyValueSpecification\",\"valueRequired\":true,\"valueName\":\"search_term_string\"}}],\"inLanguage\":\"en-US\"},{\"@type\":[\"Person\",\"Organization\"],\"@id\":\"https:\/\/www.criserb.com\/blog\/#\/schema\/person\/8df5199bda4e628c32a10f318d8602b5\",\"name\":\"criserb\",\"image\":{\"@type\":\"ImageObject\",\"inLanguage\":\"en-US\",\"@id\":\"https:\/\/www.criserb.com\/blog\/#\/schema\/person\/image\/\",\"url\":\"http:\/\/0.gravatar.com\/avatar\/fdb6cca710f39545f0c4b5b936c390b4?s=96&d=monsterid&r=pg\",\"contentUrl\":\"http:\/\/0.gravatar.com\/avatar\/fdb6cca710f39545f0c4b5b936c390b4?s=96&d=monsterid&r=pg\",\"caption\":\"criserb\"},\"logo\":{\"@id\":\"https:\/\/www.criserb.com\/blog\/#\/schema\/person\/image\/\"},\"sameAs\":[\"http:\/\/www.criserb.com\"],\"url\":\"https:\/\/www.criserb.com\/blog\/author\/criserb\/\"}]}<\/script>\n<!-- \/ Yoast SEO plugin. -->","yoast_head_json":{"title":"De ce va bucurati de raul altuia?","robots":{"index":"index","follow":"follow","max-snippet":"max-snippet:-1","max-image-preview":"max-image-preview:large","max-video-preview":"max-video-preview:-1"},"canonical":"https:\/\/www.criserb.com\/blog\/de-ce-va-bucurati-de-raul-altuia\/","twitter_misc":{"Written by":"criserb","Est. reading time":"2 minutes"},"schema":{"@context":"https:\/\/schema.org","@graph":[{"@type":"Article","@id":"https:\/\/www.criserb.com\/blog\/de-ce-va-bucurati-de-raul-altuia\/#article","isPartOf":{"@id":"https:\/\/www.criserb.com\/blog\/de-ce-va-bucurati-de-raul-altuia\/"},"author":{"name":"criserb","@id":"https:\/\/www.criserb.com\/blog\/#\/schema\/person\/8df5199bda4e628c32a10f318d8602b5"},"headline":"De ce va bucurati de raul altuia?","datePublished":"2013-05-20T20:12:00+00:00","dateModified":"2013-05-20T20:12:01+00:00","mainEntityOfPage":{"@id":"https:\/\/www.criserb.com\/blog\/de-ce-va-bucurati-de-raul-altuia\/"},"wordCount":356,"commentCount":22,"publisher":{"@id":"https:\/\/www.criserb.com\/blog\/#\/schema\/person\/8df5199bda4e628c32a10f318d8602b5"},"image":{"@id":"https:\/\/www.criserb.com\/blog\/de-ce-va-bucurati-de-raul-altuia\/#primaryimage"},"thumbnailUrl":"https:\/\/www.criserb.com\/blog\/poze\/2013\/05\/gigi-becali-catuse-razvan-chirita_thumb.jpg","keywords":["Condamnare","Gigi Becali","Pareri","Stiri"],"articleSection":["Stiri"],"inLanguage":"en-US","potentialAction":[{"@type":"CommentAction","name":"Comment","target":["https:\/\/www.criserb.com\/blog\/de-ce-va-bucurati-de-raul-altuia\/#respond"]}]},{"@type":"WebPage","@id":"https:\/\/www.criserb.com\/blog\/de-ce-va-bucurati-de-raul-altuia\/","url":"https:\/\/www.criserb.com\/blog\/de-ce-va-bucurati-de-raul-altuia\/","name":"De ce va bucurati de raul altuia?","isPartOf":{"@id":"https:\/\/www.criserb.com\/blog\/#website"},"primaryImageOfPage":{"@id":"https:\/\/www.criserb.com\/blog\/de-ce-va-bucurati-de-raul-altuia\/#primaryimage"},"image":{"@id":"https:\/\/www.criserb.com\/blog\/de-ce-va-bucurati-de-raul-altuia\/#primaryimage"},"thumbnailUrl":"https:\/\/www.criserb.com\/blog\/poze\/2013\/05\/gigi-becali-catuse-razvan-chirita_thumb.jpg","datePublished":"2013-05-20T20:12:00+00:00","dateModified":"2013-05-20T20:12:01+00:00","breadcrumb":{"@id":"https:\/\/www.criserb.com\/blog\/de-ce-va-bucurati-de-raul-altuia\/#breadcrumb"},"inLanguage":"en-US","potentialAction":[{"@type":"ReadAction","target":["https:\/\/www.criserb.com\/blog\/de-ce-va-bucurati-de-raul-altuia\/"]}]},{"@type":"ImageObject","inLanguage":"en-US","@id":"https:\/\/www.criserb.com\/blog\/de-ce-va-bucurati-de-raul-altuia\/#primaryimage","url":"https:\/\/www.criserb.com\/blog\/poze\/2013\/05\/gigi-becali-catuse-razvan-chirita_thumb.jpg","contentUrl":"https:\/\/www.criserb.com\/blog\/poze\/2013\/05\/gigi-becali-catuse-razvan-chirita_thumb.jpg","width":243,"height":183},{"@type":"BreadcrumbList","@id":"https:\/\/www.criserb.com\/blog\/de-ce-va-bucurati-de-raul-altuia\/#breadcrumb","itemListElement":[{"@type":"ListItem","position":1,"name":"Home","item":"https:\/\/www.criserb.com\/blog\/"},{"@type":"ListItem","position":2,"name":"De ce va bucurati de raul altuia?"}]},{"@type":"WebSite","@id":"https:\/\/www.criserb.com\/blog\/#website","url":"https:\/\/www.criserb.com\/blog\/","name":"criserb.com","description":"Nimic ce merita citit :)","publisher":{"@id":"https:\/\/www.criserb.com\/blog\/#\/schema\/person\/8df5199bda4e628c32a10f318d8602b5"},"potentialAction":[{"@type":"SearchAction","target":{"@type":"EntryPoint","urlTemplate":"https:\/\/www.criserb.com\/blog\/?s={search_term_string}"},"query-input":{"@type":"PropertyValueSpecification","valueRequired":true,"valueName":"search_term_string"}}],"inLanguage":"en-US"},{"@type":["Person","Organization"],"@id":"https:\/\/www.criserb.com\/blog\/#\/schema\/person\/8df5199bda4e628c32a10f318d8602b5","name":"criserb","image":{"@type":"ImageObject","inLanguage":"en-US","@id":"https:\/\/www.criserb.com\/blog\/#\/schema\/person\/image\/","url":"http:\/\/0.gravatar.com\/avatar\/fdb6cca710f39545f0c4b5b936c390b4?s=96&d=monsterid&r=pg","contentUrl":"http:\/\/0.gravatar.com\/avatar\/fdb6cca710f39545f0c4b5b936c390b4?s=96&d=monsterid&r=pg","caption":"criserb"},"logo":{"@id":"https:\/\/www.criserb.com\/blog\/#\/schema\/person\/image\/"},"sameAs":["http:\/\/www.criserb.com"],"url":"https:\/\/www.criserb.com\/blog\/author\/criserb\/"}]}},"_links":{"self":[{"href":"https:\/\/www.criserb.com\/blog\/wp-json\/wp\/v2\/posts\/24209"}],"collection":[{"href":"https:\/\/www.criserb.com\/blog\/wp-json\/wp\/v2\/posts"}],"about":[{"href":"https:\/\/www.criserb.com\/blog\/wp-json\/wp\/v2\/types\/post"}],"author":[{"embeddable":true,"href":"https:\/\/www.criserb.com\/blog\/wp-json\/wp\/v2\/users\/3"}],"replies":[{"embeddable":true,"href":"https:\/\/www.criserb.com\/blog\/wp-json\/wp\/v2\/comments?post=24209"}],"version-history":[{"count":0,"href":"https:\/\/www.criserb.com\/blog\/wp-json\/wp\/v2\/posts\/24209\/revisions"}],"wp:featuredmedia":[{"embeddable":true,"href":"https:\/\/www.criserb.com\/blog\/wp-json\/wp\/v2\/media\/24210"}],"wp:attachment":[{"href":"https:\/\/www.criserb.com\/blog\/wp-json\/wp\/v2\/media?parent=24209"}],"wp:term":[{"taxonomy":"category","embeddable":true,"href":"https:\/\/www.criserb.com\/blog\/wp-json\/wp\/v2\/categories?post=24209"},{"taxonomy":"post_tag","embeddable":true,"href":"https:\/\/www.criserb.com\/blog\/wp-json\/wp\/v2\/tags?post=24209"}],"curies":[{"name":"wp","href":"https:\/\/api.w.org\/{rel}","templated":true}]}}