{"id":24626,"date":"2013-06-28T01:06:34","date_gmt":"2013-06-27T22:06:34","guid":{"rendered":"http:\/\/www.criserb.com\/blog\/?p=24626"},"modified":"2013-06-28T01:06:35","modified_gmt":"2013-06-27T22:06:35","slug":"tara-de-rahat-in-care-ne-aflam","status":"publish","type":"post","link":"https:\/\/www.criserb.com\/blog\/tara-de-rahat-in-care-ne-aflam\/","title":{"rendered":"Tara de rahat in care ne aflam"},"content":{"rendered":"<p>Pentru ca nu suntem capabili sa incasam o taxa, renuntam la ea.   <\/p>\n<blockquote>\n<p>\u015eoferii nu vor mai fi obliga\u0163i s\u0103 achite taxa de pod pe Autostrada Bucure\u015fti-Constan\u0163a, facilitate care va fi aplicat\u0103 \u00een week-end, \u00een zilele de vineri, s\u00e2mb\u0103t\u0103 \u015fi duminic\u0103, pe durata verii din acest an, astfel \u00eenc\u00e2t s\u0103 fie evitate cozile la sta\u0163ia de taxare, a anun\u0163at premierul Victor Ponta.<\/p>\n<p align=\"right\">[<a href=\"http:\/\/www.mediafax.ro\/social\/soferii-nu-vor-mai-plati-taxa-de-pod-pe-autostrada-soarelui-in-week-end-pana-la-31-august-inclusiv-11036087\">sursa<\/a>]<\/p>\n<\/blockquote>\n<p>Deci, in loc sa gasim o solutie pentru incasarea taxei, si in acelasi timp pentru fluidizarea traficului, noi renuntam la ea&#8230;<\/p>\n<p>Astfel pe perioada verii, in weekend, nu se mai plateste taxa de pod, la Cernavoda, pana in 31 august.<\/p>\n<p>Noi o sa profitam de asta, insa statul nu da dovada de nimic bun. Doar de neputinta.<\/p>\n","protected":false},"excerpt":{"rendered":"<p>Pentru ca nu suntem capabili sa incasam o taxa, renuntam la ea. \u015eoferii nu vor mai fi obliga\u0163i s\u0103 achite taxa de pod pe Autostrada Bucure\u015fti-Constan\u0163a, facilitate care va fi aplicat\u0103 \u00een week-end, \u00een zilele de vineri, s\u00e2mb\u0103t\u0103 \u015fi duminic\u0103, pe durata verii din acest an, astfel \u00eenc\u00e2t s\u0103 fie evitate cozile la sta\u0163ia de&hellip;<\/p>\n","protected":false},"author":3,"featured_media":0,"comment_status":"open","ping_status":"open","sticky":false,"template":"","format":"standard","meta":{"footnotes":""},"categories":[289],"tags":[217,764,4644],"yoast_head":"<!-- This site is optimized with the Yoast SEO plugin v24.5 - https:\/\/yoast.com\/wordpress\/plugins\/seo\/ -->\n<title>Tara de rahat in care ne aflam<\/title>\n<meta name=\"robots\" content=\"index, follow, max-snippet:-1, max-image-preview:large, max-video-preview:-1\" \/>\n<link rel=\"canonical\" href=\"https:\/\/www.criserb.com\/blog\/tara-de-rahat-in-care-ne-aflam\/\" \/>\n<meta name=\"twitter:label1\" content=\"Written by\" \/>\n\t<meta name=\"twitter:data1\" content=\"criserb\" \/>\n\t<meta name=\"twitter:label2\" content=\"Est. reading time\" \/>\n\t<meta name=\"twitter:data2\" content=\"1 minute\" \/>\n<script type=\"application\/ld+json\" class=\"yoast-schema-graph\">{\"@context\":\"https:\/\/schema.org\",\"@graph\":[{\"@type\":\"Article\",\"@id\":\"https:\/\/www.criserb.com\/blog\/tara-de-rahat-in-care-ne-aflam\/#article\",\"isPartOf\":{\"@id\":\"https:\/\/www.criserb.com\/blog\/tara-de-rahat-in-care-ne-aflam\/\"},\"author\":{\"name\":\"criserb\",\"@id\":\"https:\/\/www.criserb.com\/blog\/#\/schema\/person\/8df5199bda4e628c32a10f318d8602b5\"},\"headline\":\"Tara de rahat in care ne aflam\",\"datePublished\":\"2013-06-27T22:06:34+00:00\",\"dateModified\":\"2013-06-27T22:06:35+00:00\",\"mainEntityOfPage\":{\"@id\":\"https:\/\/www.criserb.com\/blog\/tara-de-rahat-in-care-ne-aflam\/\"},\"wordCount\":133,\"commentCount\":11,\"publisher\":{\"@id\":\"https:\/\/www.criserb.com\/blog\/#\/schema\/person\/8df5199bda4e628c32a10f318d8602b5\"},\"keywords\":[\"cernavoda\",\"Taxa\",\"Taxa Pod\"],\"articleSection\":[\"drumuri\"],\"inLanguage\":\"en-US\",\"potentialAction\":[{\"@type\":\"CommentAction\",\"name\":\"Comment\",\"target\":[\"https:\/\/www.criserb.com\/blog\/tara-de-rahat-in-care-ne-aflam\/#respond\"]}]},{\"@type\":\"WebPage\",\"@id\":\"https:\/\/www.criserb.com\/blog\/tara-de-rahat-in-care-ne-aflam\/\",\"url\":\"https:\/\/www.criserb.com\/blog\/tara-de-rahat-in-care-ne-aflam\/\",\"name\":\"Tara de rahat in care ne aflam\",\"isPartOf\":{\"@id\":\"https:\/\/www.criserb.com\/blog\/#website\"},\"datePublished\":\"2013-06-27T22:06:34+00:00\",\"dateModified\":\"2013-06-27T22:06:35+00:00\",\"breadcrumb\":{\"@id\":\"https:\/\/www.criserb.com\/blog\/tara-de-rahat-in-care-ne-aflam\/#breadcrumb\"},\"inLanguage\":\"en-US\",\"potentialAction\":[{\"@type\":\"ReadAction\",\"target\":[\"https:\/\/www.criserb.com\/blog\/tara-de-rahat-in-care-ne-aflam\/\"]}]},{\"@type\":\"BreadcrumbList\",\"@id\":\"https:\/\/www.criserb.com\/blog\/tara-de-rahat-in-care-ne-aflam\/#breadcrumb\",\"itemListElement\":[{\"@type\":\"ListItem\",\"position\":1,\"name\":\"Home\",\"item\":\"https:\/\/www.criserb.com\/blog\/\"},{\"@type\":\"ListItem\",\"position\":2,\"name\":\"Tara de rahat in care ne aflam\"}]},{\"@type\":\"WebSite\",\"@id\":\"https:\/\/www.criserb.com\/blog\/#website\",\"url\":\"https:\/\/www.criserb.com\/blog\/\",\"name\":\"criserb.com\",\"description\":\"Nimic ce merita citit :)\",\"publisher\":{\"@id\":\"https:\/\/www.criserb.com\/blog\/#\/schema\/person\/8df5199bda4e628c32a10f318d8602b5\"},\"potentialAction\":[{\"@type\":\"SearchAction\",\"target\":{\"@type\":\"EntryPoint\",\"urlTemplate\":\"https:\/\/www.criserb.com\/blog\/?s={search_term_string}\"},\"query-input\":{\"@type\":\"PropertyValueSpecification\",\"valueRequired\":true,\"valueName\":\"search_term_string\"}}],\"inLanguage\":\"en-US\"},{\"@type\":[\"Person\",\"Organization\"],\"@id\":\"https:\/\/www.criserb.com\/blog\/#\/schema\/person\/8df5199bda4e628c32a10f318d8602b5\",\"name\":\"criserb\",\"image\":{\"@type\":\"ImageObject\",\"inLanguage\":\"en-US\",\"@id\":\"https:\/\/www.criserb.com\/blog\/#\/schema\/person\/image\/\",\"url\":\"http:\/\/0.gravatar.com\/avatar\/fdb6cca710f39545f0c4b5b936c390b4?s=96&d=monsterid&r=pg\",\"contentUrl\":\"http:\/\/0.gravatar.com\/avatar\/fdb6cca710f39545f0c4b5b936c390b4?s=96&d=monsterid&r=pg\",\"caption\":\"criserb\"},\"logo\":{\"@id\":\"https:\/\/www.criserb.com\/blog\/#\/schema\/person\/image\/\"},\"sameAs\":[\"http:\/\/www.criserb.com\"],\"url\":\"https:\/\/www.criserb.com\/blog\/author\/criserb\/\"}]}<\/script>\n<!-- \/ Yoast SEO plugin. -->","yoast_head_json":{"title":"Tara de rahat in care ne aflam","robots":{"index":"index","follow":"follow","max-snippet":"max-snippet:-1","max-image-preview":"max-image-preview:large","max-video-preview":"max-video-preview:-1"},"canonical":"https:\/\/www.criserb.com\/blog\/tara-de-rahat-in-care-ne-aflam\/","twitter_misc":{"Written by":"criserb","Est. reading time":"1 minute"},"schema":{"@context":"https:\/\/schema.org","@graph":[{"@type":"Article","@id":"https:\/\/www.criserb.com\/blog\/tara-de-rahat-in-care-ne-aflam\/#article","isPartOf":{"@id":"https:\/\/www.criserb.com\/blog\/tara-de-rahat-in-care-ne-aflam\/"},"author":{"name":"criserb","@id":"https:\/\/www.criserb.com\/blog\/#\/schema\/person\/8df5199bda4e628c32a10f318d8602b5"},"headline":"Tara de rahat in care ne aflam","datePublished":"2013-06-27T22:06:34+00:00","dateModified":"2013-06-27T22:06:35+00:00","mainEntityOfPage":{"@id":"https:\/\/www.criserb.com\/blog\/tara-de-rahat-in-care-ne-aflam\/"},"wordCount":133,"commentCount":11,"publisher":{"@id":"https:\/\/www.criserb.com\/blog\/#\/schema\/person\/8df5199bda4e628c32a10f318d8602b5"},"keywords":["cernavoda","Taxa","Taxa Pod"],"articleSection":["drumuri"],"inLanguage":"en-US","potentialAction":[{"@type":"CommentAction","name":"Comment","target":["https:\/\/www.criserb.com\/blog\/tara-de-rahat-in-care-ne-aflam\/#respond"]}]},{"@type":"WebPage","@id":"https:\/\/www.criserb.com\/blog\/tara-de-rahat-in-care-ne-aflam\/","url":"https:\/\/www.criserb.com\/blog\/tara-de-rahat-in-care-ne-aflam\/","name":"Tara de rahat in care ne aflam","isPartOf":{"@id":"https:\/\/www.criserb.com\/blog\/#website"},"datePublished":"2013-06-27T22:06:34+00:00","dateModified":"2013-06-27T22:06:35+00:00","breadcrumb":{"@id":"https:\/\/www.criserb.com\/blog\/tara-de-rahat-in-care-ne-aflam\/#breadcrumb"},"inLanguage":"en-US","potentialAction":[{"@type":"ReadAction","target":["https:\/\/www.criserb.com\/blog\/tara-de-rahat-in-care-ne-aflam\/"]}]},{"@type":"BreadcrumbList","@id":"https:\/\/www.criserb.com\/blog\/tara-de-rahat-in-care-ne-aflam\/#breadcrumb","itemListElement":[{"@type":"ListItem","position":1,"name":"Home","item":"https:\/\/www.criserb.com\/blog\/"},{"@type":"ListItem","position":2,"name":"Tara de rahat in care ne aflam"}]},{"@type":"WebSite","@id":"https:\/\/www.criserb.com\/blog\/#website","url":"https:\/\/www.criserb.com\/blog\/","name":"criserb.com","description":"Nimic ce merita citit :)","publisher":{"@id":"https:\/\/www.criserb.com\/blog\/#\/schema\/person\/8df5199bda4e628c32a10f318d8602b5"},"potentialAction":[{"@type":"SearchAction","target":{"@type":"EntryPoint","urlTemplate":"https:\/\/www.criserb.com\/blog\/?s={search_term_string}"},"query-input":{"@type":"PropertyValueSpecification","valueRequired":true,"valueName":"search_term_string"}}],"inLanguage":"en-US"},{"@type":["Person","Organization"],"@id":"https:\/\/www.criserb.com\/blog\/#\/schema\/person\/8df5199bda4e628c32a10f318d8602b5","name":"criserb","image":{"@type":"ImageObject","inLanguage":"en-US","@id":"https:\/\/www.criserb.com\/blog\/#\/schema\/person\/image\/","url":"http:\/\/0.gravatar.com\/avatar\/fdb6cca710f39545f0c4b5b936c390b4?s=96&d=monsterid&r=pg","contentUrl":"http:\/\/0.gravatar.com\/avatar\/fdb6cca710f39545f0c4b5b936c390b4?s=96&d=monsterid&r=pg","caption":"criserb"},"logo":{"@id":"https:\/\/www.criserb.com\/blog\/#\/schema\/person\/image\/"},"sameAs":["http:\/\/www.criserb.com"],"url":"https:\/\/www.criserb.com\/blog\/author\/criserb\/"}]}},"_links":{"self":[{"href":"https:\/\/www.criserb.com\/blog\/wp-json\/wp\/v2\/posts\/24626"}],"collection":[{"href":"https:\/\/www.criserb.com\/blog\/wp-json\/wp\/v2\/posts"}],"about":[{"href":"https:\/\/www.criserb.com\/blog\/wp-json\/wp\/v2\/types\/post"}],"author":[{"embeddable":true,"href":"https:\/\/www.criserb.com\/blog\/wp-json\/wp\/v2\/users\/3"}],"replies":[{"embeddable":true,"href":"https:\/\/www.criserb.com\/blog\/wp-json\/wp\/v2\/comments?post=24626"}],"version-history":[{"count":0,"href":"https:\/\/www.criserb.com\/blog\/wp-json\/wp\/v2\/posts\/24626\/revisions"}],"wp:attachment":[{"href":"https:\/\/www.criserb.com\/blog\/wp-json\/wp\/v2\/media?parent=24626"}],"wp:term":[{"taxonomy":"category","embeddable":true,"href":"https:\/\/www.criserb.com\/blog\/wp-json\/wp\/v2\/categories?post=24626"},{"taxonomy":"post_tag","embeddable":true,"href":"https:\/\/www.criserb.com\/blog\/wp-json\/wp\/v2\/tags?post=24626"}],"curies":[{"name":"wp","href":"https:\/\/api.w.org\/{rel}","templated":true}]}}