{"id":24640,"date":"2013-07-02T11:45:43","date_gmt":"2013-07-02T08:45:43","guid":{"rendered":"http:\/\/www.criserb.com\/blog\/?p=24640"},"modified":"2013-07-02T12:11:42","modified_gmt":"2013-07-02T09:11:42","slug":"priveste-ma-sunt-un-copil-nu-o-dizabilitate","status":"publish","type":"post","link":"https:\/\/www.criserb.com\/blog\/priveste-ma-sunt-un-copil-nu-o-dizabilitate\/","title":{"rendered":"Priveste-m\u0103! Sunt un copil, nu o dizabilitate!"},"content":{"rendered":"<p><iframe loading=\"lazy\" src=\"\/\/www.youtube.com\/embed\/ukdzZaB2tYQ?rel=0\" height=\"326\" width=\"580\" allowfullscreen=\"allowfullscreen\" frameborder=\"0\"><\/iframe><\/p>\n<p><em>Undeva \u00een \u021bara noastr\u0103 sau \u00een lume unui b\u0103ie\u021bel i se spune c\u0103 el nu se poate juca pentru c\u0103 nu poate merge, iar unei feti\u021be c\u0103 nu poate \u00eenv\u0103\u021ba pentru c\u0103 nu vede. Acest b\u0103ie\u021bel are dreptul s\u0103 se joace, iar feti\u021ba s\u0103 \u0219tie s\u0103 citeasc\u0103.<\/em><\/p>\n<p><strong><em>Copiii cu dizabilit\u0103\u021bi au acelea\u0219i drepturi \u0219i nevoi cu to\u021bi ceilalti copii.<\/em><\/strong><\/p>\n<p><em>Cu toate acestea, copiii cu dizabilit\u0103\u0163i au fost prea des ignora\u0163i de politici, statistici \u015fi \u00een societate, ceea ce accentueaz\u0103 excluderea acestora \u015fi ad\u00e2nce\u015fte inechitatea. Ace\u015fti copii au adesea acces mai restr\u00e2ns la servicii precum cele de s\u0103n\u0103tate \u015fi educa\u0163ie \u015fi risc\u0103 mai mult s\u0103 fie victime ale neglijen\u0163ei \u015fi abuzurilor.<\/em><\/p>\n<p><em>Cu to\u021bii vom beneficia atunci c\u00e2nd to\u021bi copiii vor putea citi, \u00eenv\u0103\u021ba \u0219i \u00ee\u0219i vor putea construi \u00een acest fel viitorul \u0219i de aceea <strong>UNICEF \u015fi partenerii s\u0103i lucreaz<\/strong><strong>\u0103<\/strong><strong> ca aceste lucruri s\u0103 devin\u0103 posibile.<\/strong><\/em><\/p>\n<p><em>\u00cen perioada <strong>1 iunie \u2013 1 septembrie 2013<\/strong> UNICEF Rom\u00e2nia deruleaz\u0103 campania (<\/em><a href=\"http:\/\/www.unicef.ro\/copiidizabilitati\/despre-campanie\/\"><em>citeste mai mult<\/em><\/a><em>).<\/em><\/p>\n<p>Stiti ca pana acum m-am alaturat fiecarei campanii sustinute de UNICEF, sunt printre putinii in care eu cred si aleg sa-i sustin de fiecare data, neconditionat.<\/p>\n<p>Ce va rog pe voi, este sa raspandim informatia, sa share-uim <a href=\"http:\/\/www.unicef.ro\/copiidizabilitati\/\">campania<\/a>, pana ajunge la urechile tuturor. Sa facem cumva auzit strigatul copiilor care sunt refuzati de societate! Nu merita asa ceva. Oricum au o viata grea, sa-i mai si ignoram este prea mult.<\/p>\n<p>Please share,<br \/>\nMultumesc!<\/p>\n","protected":false},"excerpt":{"rendered":"<p>Undeva \u00een \u021bara noastr\u0103 sau \u00een lume unui b\u0103ie\u021bel i se spune c\u0103 el nu se poate juca pentru c\u0103 nu poate merge, iar unei feti\u021be c\u0103 nu poate \u00eenv\u0103\u021ba pentru c\u0103 nu vede. Acest b\u0103ie\u021bel are dreptul s\u0103 se joace, iar feti\u021ba s\u0103 \u0219tie s\u0103 citeasc\u0103. Copiii cu dizabilit\u0103\u021bi au acelea\u0219i drepturi \u0219i nevoi&hellip;<\/p>\n","protected":false},"author":3,"featured_media":24642,"comment_status":"open","ping_status":"open","sticky":false,"template":"","format":"standard","meta":{"footnotes":""},"categories":[40],"tags":[4857,107,4856,1694],"yoast_head":"<!-- This site is optimized with the Yoast SEO plugin v24.5 - https:\/\/yoast.com\/wordpress\/plugins\/seo\/ -->\n<title>Priveste-m\u0103! Sunt un copil, nu o dizabilitate!<\/title>\n<meta name=\"robots\" content=\"index, follow, max-snippet:-1, max-image-preview:large, max-video-preview:-1\" \/>\n<link rel=\"canonical\" href=\"https:\/\/www.criserb.com\/blog\/priveste-ma-sunt-un-copil-nu-o-dizabilitate\/\" \/>\n<meta name=\"twitter:label1\" content=\"Written by\" \/>\n\t<meta name=\"twitter:data1\" content=\"criserb\" \/>\n\t<meta name=\"twitter:label2\" content=\"Est. reading time\" \/>\n\t<meta name=\"twitter:data2\" content=\"1 minute\" \/>\n<script type=\"application\/ld+json\" class=\"yoast-schema-graph\">{\"@context\":\"https:\/\/schema.org\",\"@graph\":[{\"@type\":\"Article\",\"@id\":\"https:\/\/www.criserb.com\/blog\/priveste-ma-sunt-un-copil-nu-o-dizabilitate\/#article\",\"isPartOf\":{\"@id\":\"https:\/\/www.criserb.com\/blog\/priveste-ma-sunt-un-copil-nu-o-dizabilitate\/\"},\"author\":{\"name\":\"criserb\",\"@id\":\"https:\/\/www.criserb.com\/blog\/#\/schema\/person\/8df5199bda4e628c32a10f318d8602b5\"},\"headline\":\"Priveste-m\u0103! Sunt un copil, nu o dizabilitate!\",\"datePublished\":\"2013-07-02T08:45:43+00:00\",\"dateModified\":\"2013-07-02T09:11:42+00:00\",\"mainEntityOfPage\":{\"@id\":\"https:\/\/www.criserb.com\/blog\/priveste-ma-sunt-un-copil-nu-o-dizabilitate\/\"},\"wordCount\":262,\"commentCount\":1,\"publisher\":{\"@id\":\"https:\/\/www.criserb.com\/blog\/#\/schema\/person\/8df5199bda4e628c32a10f318d8602b5\"},\"image\":{\"@id\":\"https:\/\/www.criserb.com\/blog\/priveste-ma-sunt-un-copil-nu-o-dizabilitate\/#primaryimage\"},\"thumbnailUrl\":\"https:\/\/www.criserb.com\/blog\/poze\/2013\/07\/dizABILITATE-2.jpg\",\"keywords\":[\"Campanii umanitare\",\"copii\",\"Dizabilitati\",\"Unicef\"],\"articleSection\":[\"umanitar\"],\"inLanguage\":\"en-US\",\"potentialAction\":[{\"@type\":\"CommentAction\",\"name\":\"Comment\",\"target\":[\"https:\/\/www.criserb.com\/blog\/priveste-ma-sunt-un-copil-nu-o-dizabilitate\/#respond\"]}]},{\"@type\":\"WebPage\",\"@id\":\"https:\/\/www.criserb.com\/blog\/priveste-ma-sunt-un-copil-nu-o-dizabilitate\/\",\"url\":\"https:\/\/www.criserb.com\/blog\/priveste-ma-sunt-un-copil-nu-o-dizabilitate\/\",\"name\":\"Priveste-m\u0103! Sunt un copil, nu o dizabilitate!\",\"isPartOf\":{\"@id\":\"https:\/\/www.criserb.com\/blog\/#website\"},\"primaryImageOfPage\":{\"@id\":\"https:\/\/www.criserb.com\/blog\/priveste-ma-sunt-un-copil-nu-o-dizabilitate\/#primaryimage\"},\"image\":{\"@id\":\"https:\/\/www.criserb.com\/blog\/priveste-ma-sunt-un-copil-nu-o-dizabilitate\/#primaryimage\"},\"thumbnailUrl\":\"https:\/\/www.criserb.com\/blog\/poze\/2013\/07\/dizABILITATE-2.jpg\",\"datePublished\":\"2013-07-02T08:45:43+00:00\",\"dateModified\":\"2013-07-02T09:11:42+00:00\",\"breadcrumb\":{\"@id\":\"https:\/\/www.criserb.com\/blog\/priveste-ma-sunt-un-copil-nu-o-dizabilitate\/#breadcrumb\"},\"inLanguage\":\"en-US\",\"potentialAction\":[{\"@type\":\"ReadAction\",\"target\":[\"https:\/\/www.criserb.com\/blog\/priveste-ma-sunt-un-copil-nu-o-dizabilitate\/\"]}]},{\"@type\":\"ImageObject\",\"inLanguage\":\"en-US\",\"@id\":\"https:\/\/www.criserb.com\/blog\/priveste-ma-sunt-un-copil-nu-o-dizabilitate\/#primaryimage\",\"url\":\"https:\/\/www.criserb.com\/blog\/poze\/2013\/07\/dizABILITATE-2.jpg\",\"contentUrl\":\"https:\/\/www.criserb.com\/blog\/poze\/2013\/07\/dizABILITATE-2.jpg\",\"width\":492,\"height\":492},{\"@type\":\"BreadcrumbList\",\"@id\":\"https:\/\/www.criserb.com\/blog\/priveste-ma-sunt-un-copil-nu-o-dizabilitate\/#breadcrumb\",\"itemListElement\":[{\"@type\":\"ListItem\",\"position\":1,\"name\":\"Home\",\"item\":\"https:\/\/www.criserb.com\/blog\/\"},{\"@type\":\"ListItem\",\"position\":2,\"name\":\"Priveste-m\u0103! Sunt un copil, nu o dizabilitate!\"}]},{\"@type\":\"WebSite\",\"@id\":\"https:\/\/www.criserb.com\/blog\/#website\",\"url\":\"https:\/\/www.criserb.com\/blog\/\",\"name\":\"criserb.com\",\"description\":\"Nimic ce merita citit :)\",\"publisher\":{\"@id\":\"https:\/\/www.criserb.com\/blog\/#\/schema\/person\/8df5199bda4e628c32a10f318d8602b5\"},\"potentialAction\":[{\"@type\":\"SearchAction\",\"target\":{\"@type\":\"EntryPoint\",\"urlTemplate\":\"https:\/\/www.criserb.com\/blog\/?s={search_term_string}\"},\"query-input\":{\"@type\":\"PropertyValueSpecification\",\"valueRequired\":true,\"valueName\":\"search_term_string\"}}],\"inLanguage\":\"en-US\"},{\"@type\":[\"Person\",\"Organization\"],\"@id\":\"https:\/\/www.criserb.com\/blog\/#\/schema\/person\/8df5199bda4e628c32a10f318d8602b5\",\"name\":\"criserb\",\"image\":{\"@type\":\"ImageObject\",\"inLanguage\":\"en-US\",\"@id\":\"https:\/\/www.criserb.com\/blog\/#\/schema\/person\/image\/\",\"url\":\"http:\/\/0.gravatar.com\/avatar\/fdb6cca710f39545f0c4b5b936c390b4?s=96&d=monsterid&r=pg\",\"contentUrl\":\"http:\/\/0.gravatar.com\/avatar\/fdb6cca710f39545f0c4b5b936c390b4?s=96&d=monsterid&r=pg\",\"caption\":\"criserb\"},\"logo\":{\"@id\":\"https:\/\/www.criserb.com\/blog\/#\/schema\/person\/image\/\"},\"sameAs\":[\"http:\/\/www.criserb.com\"],\"url\":\"https:\/\/www.criserb.com\/blog\/author\/criserb\/\"}]}<\/script>\n<!-- \/ Yoast SEO plugin. -->","yoast_head_json":{"title":"Priveste-m\u0103! Sunt un copil, nu o dizabilitate!","robots":{"index":"index","follow":"follow","max-snippet":"max-snippet:-1","max-image-preview":"max-image-preview:large","max-video-preview":"max-video-preview:-1"},"canonical":"https:\/\/www.criserb.com\/blog\/priveste-ma-sunt-un-copil-nu-o-dizabilitate\/","twitter_misc":{"Written by":"criserb","Est. reading time":"1 minute"},"schema":{"@context":"https:\/\/schema.org","@graph":[{"@type":"Article","@id":"https:\/\/www.criserb.com\/blog\/priveste-ma-sunt-un-copil-nu-o-dizabilitate\/#article","isPartOf":{"@id":"https:\/\/www.criserb.com\/blog\/priveste-ma-sunt-un-copil-nu-o-dizabilitate\/"},"author":{"name":"criserb","@id":"https:\/\/www.criserb.com\/blog\/#\/schema\/person\/8df5199bda4e628c32a10f318d8602b5"},"headline":"Priveste-m\u0103! Sunt un copil, nu o dizabilitate!","datePublished":"2013-07-02T08:45:43+00:00","dateModified":"2013-07-02T09:11:42+00:00","mainEntityOfPage":{"@id":"https:\/\/www.criserb.com\/blog\/priveste-ma-sunt-un-copil-nu-o-dizabilitate\/"},"wordCount":262,"commentCount":1,"publisher":{"@id":"https:\/\/www.criserb.com\/blog\/#\/schema\/person\/8df5199bda4e628c32a10f318d8602b5"},"image":{"@id":"https:\/\/www.criserb.com\/blog\/priveste-ma-sunt-un-copil-nu-o-dizabilitate\/#primaryimage"},"thumbnailUrl":"https:\/\/www.criserb.com\/blog\/poze\/2013\/07\/dizABILITATE-2.jpg","keywords":["Campanii umanitare","copii","Dizabilitati","Unicef"],"articleSection":["umanitar"],"inLanguage":"en-US","potentialAction":[{"@type":"CommentAction","name":"Comment","target":["https:\/\/www.criserb.com\/blog\/priveste-ma-sunt-un-copil-nu-o-dizabilitate\/#respond"]}]},{"@type":"WebPage","@id":"https:\/\/www.criserb.com\/blog\/priveste-ma-sunt-un-copil-nu-o-dizabilitate\/","url":"https:\/\/www.criserb.com\/blog\/priveste-ma-sunt-un-copil-nu-o-dizabilitate\/","name":"Priveste-m\u0103! Sunt un copil, nu o dizabilitate!","isPartOf":{"@id":"https:\/\/www.criserb.com\/blog\/#website"},"primaryImageOfPage":{"@id":"https:\/\/www.criserb.com\/blog\/priveste-ma-sunt-un-copil-nu-o-dizabilitate\/#primaryimage"},"image":{"@id":"https:\/\/www.criserb.com\/blog\/priveste-ma-sunt-un-copil-nu-o-dizabilitate\/#primaryimage"},"thumbnailUrl":"https:\/\/www.criserb.com\/blog\/poze\/2013\/07\/dizABILITATE-2.jpg","datePublished":"2013-07-02T08:45:43+00:00","dateModified":"2013-07-02T09:11:42+00:00","breadcrumb":{"@id":"https:\/\/www.criserb.com\/blog\/priveste-ma-sunt-un-copil-nu-o-dizabilitate\/#breadcrumb"},"inLanguage":"en-US","potentialAction":[{"@type":"ReadAction","target":["https:\/\/www.criserb.com\/blog\/priveste-ma-sunt-un-copil-nu-o-dizabilitate\/"]}]},{"@type":"ImageObject","inLanguage":"en-US","@id":"https:\/\/www.criserb.com\/blog\/priveste-ma-sunt-un-copil-nu-o-dizabilitate\/#primaryimage","url":"https:\/\/www.criserb.com\/blog\/poze\/2013\/07\/dizABILITATE-2.jpg","contentUrl":"https:\/\/www.criserb.com\/blog\/poze\/2013\/07\/dizABILITATE-2.jpg","width":492,"height":492},{"@type":"BreadcrumbList","@id":"https:\/\/www.criserb.com\/blog\/priveste-ma-sunt-un-copil-nu-o-dizabilitate\/#breadcrumb","itemListElement":[{"@type":"ListItem","position":1,"name":"Home","item":"https:\/\/www.criserb.com\/blog\/"},{"@type":"ListItem","position":2,"name":"Priveste-m\u0103! Sunt un copil, nu o dizabilitate!"}]},{"@type":"WebSite","@id":"https:\/\/www.criserb.com\/blog\/#website","url":"https:\/\/www.criserb.com\/blog\/","name":"criserb.com","description":"Nimic ce merita citit :)","publisher":{"@id":"https:\/\/www.criserb.com\/blog\/#\/schema\/person\/8df5199bda4e628c32a10f318d8602b5"},"potentialAction":[{"@type":"SearchAction","target":{"@type":"EntryPoint","urlTemplate":"https:\/\/www.criserb.com\/blog\/?s={search_term_string}"},"query-input":{"@type":"PropertyValueSpecification","valueRequired":true,"valueName":"search_term_string"}}],"inLanguage":"en-US"},{"@type":["Person","Organization"],"@id":"https:\/\/www.criserb.com\/blog\/#\/schema\/person\/8df5199bda4e628c32a10f318d8602b5","name":"criserb","image":{"@type":"ImageObject","inLanguage":"en-US","@id":"https:\/\/www.criserb.com\/blog\/#\/schema\/person\/image\/","url":"http:\/\/0.gravatar.com\/avatar\/fdb6cca710f39545f0c4b5b936c390b4?s=96&d=monsterid&r=pg","contentUrl":"http:\/\/0.gravatar.com\/avatar\/fdb6cca710f39545f0c4b5b936c390b4?s=96&d=monsterid&r=pg","caption":"criserb"},"logo":{"@id":"https:\/\/www.criserb.com\/blog\/#\/schema\/person\/image\/"},"sameAs":["http:\/\/www.criserb.com"],"url":"https:\/\/www.criserb.com\/blog\/author\/criserb\/"}]}},"_links":{"self":[{"href":"https:\/\/www.criserb.com\/blog\/wp-json\/wp\/v2\/posts\/24640"}],"collection":[{"href":"https:\/\/www.criserb.com\/blog\/wp-json\/wp\/v2\/posts"}],"about":[{"href":"https:\/\/www.criserb.com\/blog\/wp-json\/wp\/v2\/types\/post"}],"author":[{"embeddable":true,"href":"https:\/\/www.criserb.com\/blog\/wp-json\/wp\/v2\/users\/3"}],"replies":[{"embeddable":true,"href":"https:\/\/www.criserb.com\/blog\/wp-json\/wp\/v2\/comments?post=24640"}],"version-history":[{"count":0,"href":"https:\/\/www.criserb.com\/blog\/wp-json\/wp\/v2\/posts\/24640\/revisions"}],"wp:featuredmedia":[{"embeddable":true,"href":"https:\/\/www.criserb.com\/blog\/wp-json\/wp\/v2\/media\/24642"}],"wp:attachment":[{"href":"https:\/\/www.criserb.com\/blog\/wp-json\/wp\/v2\/media?parent=24640"}],"wp:term":[{"taxonomy":"category","embeddable":true,"href":"https:\/\/www.criserb.com\/blog\/wp-json\/wp\/v2\/categories?post=24640"},{"taxonomy":"post_tag","embeddable":true,"href":"https:\/\/www.criserb.com\/blog\/wp-json\/wp\/v2\/tags?post=24640"}],"curies":[{"name":"wp","href":"https:\/\/api.w.org\/{rel}","templated":true}]}}