{"id":25005,"date":"2013-09-03T12:39:00","date_gmt":"2013-09-03T09:39:00","guid":{"rendered":"http:\/\/www.criserb.com\/blog\/?p=25005"},"modified":"2013-09-03T12:48:44","modified_gmt":"2013-09-03T09:48:44","slug":"se-pare-ca-primul-s-klasse-din-romania-este-cumparat-de-un-popa","status":"publish","type":"post","link":"https:\/\/www.criserb.com\/blog\/se-pare-ca-primul-s-klasse-din-romania-este-cumparat-de-un-popa\/","title":{"rendered":"Este posibil ca primul S Klasse din Romania sa fie cumparat de un popa"},"content":{"rendered":"<blockquote>\n<p>Tocmai am aflat, \u00eent\u00e2mpl\u0103tor, c\u0103 una dintre limuzinele S Klasse, proasp\u0103t sosite \u00een Rom\u00e2nia s-ar putea s\u0103 fie cump\u0103rat\u0103 de o firm\u0103 la care ac\u021bionar principal este o episcopie. Cump\u0103rat\u0103 cu ochiul dracului jos, cu sutane scoase din sutan\u0103. A\u021bi \u00eenteles foarte bine! Dac\u0103 zvonul se confirm\u0103, printre primii sau poate chiar PRIMII care vor conduce cea mai tare limuzin\u0103 a momentului pe \u0219oselele noastre, nu vor fi \u021airiac, Patriciu, vreun politician urm\u0103rit de DNA sau vreun c\u0103m\u0103tar cu renume.<\/p>\n<p align=\"right\">[<a href=\"http:\/\/bogdannicolai.net\/2013\/09\/03\/popa-la-volan-feri-te-ar-sfantu\/\">sursa<\/a>]<\/p>\n<\/blockquote>\n<p><a href=\"http:\/\/www.criserb.com\/blog\/poze\/48f232799ebd_AFA9\/mercedes-benz-s-class-w222-oficiale-14.jpg\" data-lbwps-width=\"610\" data-lbwps-height=\"343\" data-lbwps-srcsmall=\"https:\/\/www.criserb.com\/blog\/poze\/48f232799ebd_AFA9\/mercedes-benz-s-class-w222-oficiale-14.jpg\"><img loading=\"lazy\" decoding=\"async\" title=\"mercedes-benz-s-class-w222-oficiale-14\" style=\"border-top: 0px; border-right: 0px; background-image: none; border-bottom: 0px; padding-top: 0px; padding-left: 0px; margin: 0px 10px 10px 0px; border-left: 0px; display: inline; padding-right: 0px\" border=\"0\" alt=\"mercedes-benz-s-class-w222-oficiale-14\" src=\"http:\/\/www.criserb.com\/blog\/poze\/48f232799ebd_AFA9\/mercedes-benz-s-class-w222-oficiale-14_thumb.jpg\" width=\"580\" height=\"326\" \/><\/a><\/p>\n<p>Ce intelegem noi din asta? <\/p>\n<p>Pai ne dam seama ca romanul este un om bun, cu frica de Dumnezeu. Astfel el merge la biserica si doneaza atata cat il lasa sufletul. Pentru ca sufletul este mare, si suma stransa din donatii este pe masura. Iar daca popii nu mai au ce face cu atata banet, ii cheltuiesc si ei cum pot. <\/p>\n<p>Isi iau masini sigure, performante&#8230; <\/p>\n<p>Nu trebuie sa fiti invidiosi, este un pacat, sa stiti, in plus, tre&#8217; sa intoarceti obrazul si sa le mai dati de o masina, totusi, nu toti isi permit un S, doar cei mai bazati dintre ei ;)<\/p>\n<p>Si totusi, poate este doar un zvon ;)<\/p>\n","protected":false},"excerpt":{"rendered":"<p>Tocmai am aflat, \u00eent\u00e2mpl\u0103tor, c\u0103 una dintre limuzinele S Klasse, proasp\u0103t sosite \u00een Rom\u00e2nia s-ar putea s\u0103 fie cump\u0103rat\u0103 de o firm\u0103 la care ac\u021bionar principal este o episcopie. Cump\u0103rat\u0103 cu ochiul dracului jos, cu sutane scoase din sutan\u0103. A\u021bi \u00eenteles foarte bine! Dac\u0103 zvonul se confirm\u0103, printre primii sau poate chiar PRIMII care vor&hellip;<\/p>\n","protected":false},"author":3,"featured_media":25006,"comment_status":"open","ping_status":"open","sticky":false,"template":"","format":"standard","meta":{"footnotes":""},"categories":[34],"tags":[5006,3814,385,215],"yoast_head":"<!-- This site is optimized with the Yoast SEO plugin v24.5 - https:\/\/yoast.com\/wordpress\/plugins\/seo\/ -->\n<title>Este posibil ca primul S Klasse din Romania sa fie cumparat de un popa<\/title>\n<meta name=\"robots\" content=\"index, follow, max-snippet:-1, max-image-preview:large, max-video-preview:-1\" \/>\n<link rel=\"canonical\" href=\"https:\/\/www.criserb.com\/blog\/se-pare-ca-primul-s-klasse-din-romania-este-cumparat-de-un-popa\/\" \/>\n<meta name=\"twitter:label1\" content=\"Written by\" \/>\n\t<meta name=\"twitter:data1\" content=\"criserb\" \/>\n\t<meta name=\"twitter:label2\" content=\"Est. reading time\" \/>\n\t<meta name=\"twitter:data2\" content=\"1 minute\" \/>\n<script type=\"application\/ld+json\" class=\"yoast-schema-graph\">{\"@context\":\"https:\/\/schema.org\",\"@graph\":[{\"@type\":\"Article\",\"@id\":\"https:\/\/www.criserb.com\/blog\/se-pare-ca-primul-s-klasse-din-romania-este-cumparat-de-un-popa\/#article\",\"isPartOf\":{\"@id\":\"https:\/\/www.criserb.com\/blog\/se-pare-ca-primul-s-klasse-din-romania-este-cumparat-de-un-popa\/\"},\"author\":{\"name\":\"criserb\",\"@id\":\"https:\/\/www.criserb.com\/blog\/#\/schema\/person\/8df5199bda4e628c32a10f318d8602b5\"},\"headline\":\"Este posibil ca primul S Klasse din Romania sa fie cumparat de un popa\",\"datePublished\":\"2013-09-03T09:39:00+00:00\",\"dateModified\":\"2013-09-03T09:48:44+00:00\",\"mainEntityOfPage\":{\"@id\":\"https:\/\/www.criserb.com\/blog\/se-pare-ca-primul-s-klasse-din-romania-este-cumparat-de-un-popa\/\"},\"wordCount\":216,\"commentCount\":0,\"publisher\":{\"@id\":\"https:\/\/www.criserb.com\/blog\/#\/schema\/person\/8df5199bda4e628c32a10f318d8602b5\"},\"image\":{\"@id\":\"https:\/\/www.criserb.com\/blog\/se-pare-ca-primul-s-klasse-din-romania-este-cumparat-de-un-popa\/#primaryimage\"},\"thumbnailUrl\":\"https:\/\/www.criserb.com\/blog\/poze\/2013\/09\/mercedes-benz-s-class-w222-oficiale-14_thumb.jpg\",\"keywords\":[\"Episcop\",\"Mercedes-Benz\",\"Popi\",\"romania\"],\"articleSection\":[\"Romanisme\"],\"inLanguage\":\"en-US\",\"potentialAction\":[{\"@type\":\"CommentAction\",\"name\":\"Comment\",\"target\":[\"https:\/\/www.criserb.com\/blog\/se-pare-ca-primul-s-klasse-din-romania-este-cumparat-de-un-popa\/#respond\"]}]},{\"@type\":\"WebPage\",\"@id\":\"https:\/\/www.criserb.com\/blog\/se-pare-ca-primul-s-klasse-din-romania-este-cumparat-de-un-popa\/\",\"url\":\"https:\/\/www.criserb.com\/blog\/se-pare-ca-primul-s-klasse-din-romania-este-cumparat-de-un-popa\/\",\"name\":\"Este posibil ca primul S Klasse din Romania sa fie cumparat de un popa\",\"isPartOf\":{\"@id\":\"https:\/\/www.criserb.com\/blog\/#website\"},\"primaryImageOfPage\":{\"@id\":\"https:\/\/www.criserb.com\/blog\/se-pare-ca-primul-s-klasse-din-romania-este-cumparat-de-un-popa\/#primaryimage\"},\"image\":{\"@id\":\"https:\/\/www.criserb.com\/blog\/se-pare-ca-primul-s-klasse-din-romania-este-cumparat-de-un-popa\/#primaryimage\"},\"thumbnailUrl\":\"https:\/\/www.criserb.com\/blog\/poze\/2013\/09\/mercedes-benz-s-class-w222-oficiale-14_thumb.jpg\",\"datePublished\":\"2013-09-03T09:39:00+00:00\",\"dateModified\":\"2013-09-03T09:48:44+00:00\",\"breadcrumb\":{\"@id\":\"https:\/\/www.criserb.com\/blog\/se-pare-ca-primul-s-klasse-din-romania-este-cumparat-de-un-popa\/#breadcrumb\"},\"inLanguage\":\"en-US\",\"potentialAction\":[{\"@type\":\"ReadAction\",\"target\":[\"https:\/\/www.criserb.com\/blog\/se-pare-ca-primul-s-klasse-din-romania-este-cumparat-de-un-popa\/\"]}]},{\"@type\":\"ImageObject\",\"inLanguage\":\"en-US\",\"@id\":\"https:\/\/www.criserb.com\/blog\/se-pare-ca-primul-s-klasse-din-romania-este-cumparat-de-un-popa\/#primaryimage\",\"url\":\"https:\/\/www.criserb.com\/blog\/poze\/2013\/09\/mercedes-benz-s-class-w222-oficiale-14_thumb.jpg\",\"contentUrl\":\"https:\/\/www.criserb.com\/blog\/poze\/2013\/09\/mercedes-benz-s-class-w222-oficiale-14_thumb.jpg\",\"width\":580,\"height\":326},{\"@type\":\"BreadcrumbList\",\"@id\":\"https:\/\/www.criserb.com\/blog\/se-pare-ca-primul-s-klasse-din-romania-este-cumparat-de-un-popa\/#breadcrumb\",\"itemListElement\":[{\"@type\":\"ListItem\",\"position\":1,\"name\":\"Home\",\"item\":\"https:\/\/www.criserb.com\/blog\/\"},{\"@type\":\"ListItem\",\"position\":2,\"name\":\"Este posibil ca primul S Klasse din Romania sa fie cumparat de un popa\"}]},{\"@type\":\"WebSite\",\"@id\":\"https:\/\/www.criserb.com\/blog\/#website\",\"url\":\"https:\/\/www.criserb.com\/blog\/\",\"name\":\"criserb.com\",\"description\":\"Nimic ce merita citit :)\",\"publisher\":{\"@id\":\"https:\/\/www.criserb.com\/blog\/#\/schema\/person\/8df5199bda4e628c32a10f318d8602b5\"},\"potentialAction\":[{\"@type\":\"SearchAction\",\"target\":{\"@type\":\"EntryPoint\",\"urlTemplate\":\"https:\/\/www.criserb.com\/blog\/?s={search_term_string}\"},\"query-input\":{\"@type\":\"PropertyValueSpecification\",\"valueRequired\":true,\"valueName\":\"search_term_string\"}}],\"inLanguage\":\"en-US\"},{\"@type\":[\"Person\",\"Organization\"],\"@id\":\"https:\/\/www.criserb.com\/blog\/#\/schema\/person\/8df5199bda4e628c32a10f318d8602b5\",\"name\":\"criserb\",\"image\":{\"@type\":\"ImageObject\",\"inLanguage\":\"en-US\",\"@id\":\"https:\/\/www.criserb.com\/blog\/#\/schema\/person\/image\/\",\"url\":\"http:\/\/0.gravatar.com\/avatar\/fdb6cca710f39545f0c4b5b936c390b4?s=96&d=monsterid&r=pg\",\"contentUrl\":\"http:\/\/0.gravatar.com\/avatar\/fdb6cca710f39545f0c4b5b936c390b4?s=96&d=monsterid&r=pg\",\"caption\":\"criserb\"},\"logo\":{\"@id\":\"https:\/\/www.criserb.com\/blog\/#\/schema\/person\/image\/\"},\"sameAs\":[\"http:\/\/www.criserb.com\"],\"url\":\"https:\/\/www.criserb.com\/blog\/author\/criserb\/\"}]}<\/script>\n<!-- \/ Yoast SEO plugin. -->","yoast_head_json":{"title":"Este posibil ca primul S Klasse din Romania sa fie cumparat de un popa","robots":{"index":"index","follow":"follow","max-snippet":"max-snippet:-1","max-image-preview":"max-image-preview:large","max-video-preview":"max-video-preview:-1"},"canonical":"https:\/\/www.criserb.com\/blog\/se-pare-ca-primul-s-klasse-din-romania-este-cumparat-de-un-popa\/","twitter_misc":{"Written by":"criserb","Est. reading time":"1 minute"},"schema":{"@context":"https:\/\/schema.org","@graph":[{"@type":"Article","@id":"https:\/\/www.criserb.com\/blog\/se-pare-ca-primul-s-klasse-din-romania-este-cumparat-de-un-popa\/#article","isPartOf":{"@id":"https:\/\/www.criserb.com\/blog\/se-pare-ca-primul-s-klasse-din-romania-este-cumparat-de-un-popa\/"},"author":{"name":"criserb","@id":"https:\/\/www.criserb.com\/blog\/#\/schema\/person\/8df5199bda4e628c32a10f318d8602b5"},"headline":"Este posibil ca primul S Klasse din Romania sa fie cumparat de un popa","datePublished":"2013-09-03T09:39:00+00:00","dateModified":"2013-09-03T09:48:44+00:00","mainEntityOfPage":{"@id":"https:\/\/www.criserb.com\/blog\/se-pare-ca-primul-s-klasse-din-romania-este-cumparat-de-un-popa\/"},"wordCount":216,"commentCount":0,"publisher":{"@id":"https:\/\/www.criserb.com\/blog\/#\/schema\/person\/8df5199bda4e628c32a10f318d8602b5"},"image":{"@id":"https:\/\/www.criserb.com\/blog\/se-pare-ca-primul-s-klasse-din-romania-este-cumparat-de-un-popa\/#primaryimage"},"thumbnailUrl":"https:\/\/www.criserb.com\/blog\/poze\/2013\/09\/mercedes-benz-s-class-w222-oficiale-14_thumb.jpg","keywords":["Episcop","Mercedes-Benz","Popi","romania"],"articleSection":["Romanisme"],"inLanguage":"en-US","potentialAction":[{"@type":"CommentAction","name":"Comment","target":["https:\/\/www.criserb.com\/blog\/se-pare-ca-primul-s-klasse-din-romania-este-cumparat-de-un-popa\/#respond"]}]},{"@type":"WebPage","@id":"https:\/\/www.criserb.com\/blog\/se-pare-ca-primul-s-klasse-din-romania-este-cumparat-de-un-popa\/","url":"https:\/\/www.criserb.com\/blog\/se-pare-ca-primul-s-klasse-din-romania-este-cumparat-de-un-popa\/","name":"Este posibil ca primul S Klasse din Romania sa fie cumparat de un popa","isPartOf":{"@id":"https:\/\/www.criserb.com\/blog\/#website"},"primaryImageOfPage":{"@id":"https:\/\/www.criserb.com\/blog\/se-pare-ca-primul-s-klasse-din-romania-este-cumparat-de-un-popa\/#primaryimage"},"image":{"@id":"https:\/\/www.criserb.com\/blog\/se-pare-ca-primul-s-klasse-din-romania-este-cumparat-de-un-popa\/#primaryimage"},"thumbnailUrl":"https:\/\/www.criserb.com\/blog\/poze\/2013\/09\/mercedes-benz-s-class-w222-oficiale-14_thumb.jpg","datePublished":"2013-09-03T09:39:00+00:00","dateModified":"2013-09-03T09:48:44+00:00","breadcrumb":{"@id":"https:\/\/www.criserb.com\/blog\/se-pare-ca-primul-s-klasse-din-romania-este-cumparat-de-un-popa\/#breadcrumb"},"inLanguage":"en-US","potentialAction":[{"@type":"ReadAction","target":["https:\/\/www.criserb.com\/blog\/se-pare-ca-primul-s-klasse-din-romania-este-cumparat-de-un-popa\/"]}]},{"@type":"ImageObject","inLanguage":"en-US","@id":"https:\/\/www.criserb.com\/blog\/se-pare-ca-primul-s-klasse-din-romania-este-cumparat-de-un-popa\/#primaryimage","url":"https:\/\/www.criserb.com\/blog\/poze\/2013\/09\/mercedes-benz-s-class-w222-oficiale-14_thumb.jpg","contentUrl":"https:\/\/www.criserb.com\/blog\/poze\/2013\/09\/mercedes-benz-s-class-w222-oficiale-14_thumb.jpg","width":580,"height":326},{"@type":"BreadcrumbList","@id":"https:\/\/www.criserb.com\/blog\/se-pare-ca-primul-s-klasse-din-romania-este-cumparat-de-un-popa\/#breadcrumb","itemListElement":[{"@type":"ListItem","position":1,"name":"Home","item":"https:\/\/www.criserb.com\/blog\/"},{"@type":"ListItem","position":2,"name":"Este posibil ca primul S Klasse din Romania sa fie cumparat de un popa"}]},{"@type":"WebSite","@id":"https:\/\/www.criserb.com\/blog\/#website","url":"https:\/\/www.criserb.com\/blog\/","name":"criserb.com","description":"Nimic ce merita citit :)","publisher":{"@id":"https:\/\/www.criserb.com\/blog\/#\/schema\/person\/8df5199bda4e628c32a10f318d8602b5"},"potentialAction":[{"@type":"SearchAction","target":{"@type":"EntryPoint","urlTemplate":"https:\/\/www.criserb.com\/blog\/?s={search_term_string}"},"query-input":{"@type":"PropertyValueSpecification","valueRequired":true,"valueName":"search_term_string"}}],"inLanguage":"en-US"},{"@type":["Person","Organization"],"@id":"https:\/\/www.criserb.com\/blog\/#\/schema\/person\/8df5199bda4e628c32a10f318d8602b5","name":"criserb","image":{"@type":"ImageObject","inLanguage":"en-US","@id":"https:\/\/www.criserb.com\/blog\/#\/schema\/person\/image\/","url":"http:\/\/0.gravatar.com\/avatar\/fdb6cca710f39545f0c4b5b936c390b4?s=96&d=monsterid&r=pg","contentUrl":"http:\/\/0.gravatar.com\/avatar\/fdb6cca710f39545f0c4b5b936c390b4?s=96&d=monsterid&r=pg","caption":"criserb"},"logo":{"@id":"https:\/\/www.criserb.com\/blog\/#\/schema\/person\/image\/"},"sameAs":["http:\/\/www.criserb.com"],"url":"https:\/\/www.criserb.com\/blog\/author\/criserb\/"}]}},"_links":{"self":[{"href":"https:\/\/www.criserb.com\/blog\/wp-json\/wp\/v2\/posts\/25005"}],"collection":[{"href":"https:\/\/www.criserb.com\/blog\/wp-json\/wp\/v2\/posts"}],"about":[{"href":"https:\/\/www.criserb.com\/blog\/wp-json\/wp\/v2\/types\/post"}],"author":[{"embeddable":true,"href":"https:\/\/www.criserb.com\/blog\/wp-json\/wp\/v2\/users\/3"}],"replies":[{"embeddable":true,"href":"https:\/\/www.criserb.com\/blog\/wp-json\/wp\/v2\/comments?post=25005"}],"version-history":[{"count":0,"href":"https:\/\/www.criserb.com\/blog\/wp-json\/wp\/v2\/posts\/25005\/revisions"}],"wp:featuredmedia":[{"embeddable":true,"href":"https:\/\/www.criserb.com\/blog\/wp-json\/wp\/v2\/media\/25006"}],"wp:attachment":[{"href":"https:\/\/www.criserb.com\/blog\/wp-json\/wp\/v2\/media?parent=25005"}],"wp:term":[{"taxonomy":"category","embeddable":true,"href":"https:\/\/www.criserb.com\/blog\/wp-json\/wp\/v2\/categories?post=25005"},{"taxonomy":"post_tag","embeddable":true,"href":"https:\/\/www.criserb.com\/blog\/wp-json\/wp\/v2\/tags?post=25005"}],"curies":[{"name":"wp","href":"https:\/\/api.w.org\/{rel}","templated":true}]}}