{"id":26749,"date":"2014-01-06T16:40:00","date_gmt":"2014-01-06T14:40:00","guid":{"rendered":"http:\/\/www.criserb.com\/blog\/?p=26749"},"modified":"2014-01-06T16:40:00","modified_gmt":"2014-01-06T14:40:00","slug":"6-7-luni-de-inchisoare-pentru-adrian-nastase-si-3-ani-dar-cu-suspendare-pentru-dana-nastase","status":"publish","type":"post","link":"https:\/\/www.criserb.com\/blog\/6-7-luni-de-inchisoare-pentru-adrian-nastase-si-3-ani-dar-cu-suspendare-pentru-dana-nastase\/","title":{"rendered":"6-7 luni de inchisoare pentru Adrian Nastase si 3 ani, dar cu suspendare pentru Dana Nastase"},"content":{"rendered":"<p><a href=\"http:\/\/www.criserb.com\/blog\/poze\/2014\/01\/6306136-mediafax-foto-liviu-adascalitei.jpg\"><img loading=\"lazy\" decoding=\"async\" src=\"http:\/\/www.criserb.com\/blog\/poze\/2014\/01\/6306136-mediafax-foto-liviu-adascalitei.jpg\" alt=\"6306136-mediafax-foto-liviu-adascalitei\" width=\"630\" height=\"419\" class=\"aligncenter size-full wp-image-26750\" srcset=\"https:\/\/www.criserb.com\/blog\/poze\/2014\/01\/6306136-mediafax-foto-liviu-adascalitei.jpg 630w, https:\/\/www.criserb.com\/blog\/poze\/2014\/01\/6306136-mediafax-foto-liviu-adascalitei-300x199.jpg 300w\" sizes=\"(max-width: 630px) 100vw, 630px\" \/><\/a><\/p>\n<blockquote><p>Adrian N\u0103stase merge din nou la \u00eenchisoare. Curtea Suprem\u0103 l-a condamnat pe fostul premier la 4 ani de \u00eenchisoare cu executare \u00een dosarul Zambaccian, iar pe Dana N\u0103stase la trei ani de \u00eenchisoare cu suspendare. De asemenea, instan\u0163a a decis o pedeaps\u0103 complementar\u0103 de interzicere a unor drepturi \u00een cazul fostului premier pentru o perioad\u0103 de cinci ani.<\/p><\/blockquote>\n<p>Au fost doua pedepse consecutive, una de 3 ani si una 4 ani. Se executa pedeapsa cea mai mare, adica cea de 4 ani, din care se scad 2\/3 pentru ca are peste 60 de ani. In final o sa execute undeva la 6-7 luni pentru ca o parte din pedeapsa a executat-o deja.<\/p>\n<p>Nu mai are rost sa va uitati la stiri vreo saptamana, doar asta o sa vedeti. <\/p>\n<p>Ah, poate mai are Nastase niste ganduri pentru momentul arestarii, dar nu cred, acum este invatat deja. <\/p>\n","protected":false},"excerpt":{"rendered":"<p>Adrian N\u0103stase merge din nou la \u00eenchisoare. Curtea Suprem\u0103 l-a condamnat pe fostul premier la 4 ani de \u00eenchisoare cu executare \u00een dosarul Zambaccian, iar pe Dana N\u0103stase la trei ani de \u00eenchisoare cu suspendare. De asemenea, instan\u0163a a decis o pedeaps\u0103 complementar\u0103 de interzicere a unor drepturi \u00een cazul fostului premier pentru o perioad\u0103&hellip;<\/p>\n","protected":false},"author":3,"featured_media":26750,"comment_status":"open","ping_status":"open","sticky":false,"template":"","format":"standard","meta":{"footnotes":""},"categories":[32,33],"tags":[2877,5443,3476],"yoast_head":"<!-- This site is optimized with the Yoast SEO plugin v24.5 - https:\/\/yoast.com\/wordpress\/plugins\/seo\/ -->\n<title>6-7 luni de inchisoare pentru Adrian Nastase si 3 ani, dar cu suspendare pentru Dana Nastase<\/title>\n<meta name=\"robots\" content=\"index, follow, max-snippet:-1, max-image-preview:large, max-video-preview:-1\" \/>\n<link rel=\"canonical\" href=\"https:\/\/www.criserb.com\/blog\/6-7-luni-de-inchisoare-pentru-adrian-nastase-si-3-ani-dar-cu-suspendare-pentru-dana-nastase\/\" \/>\n<meta name=\"twitter:label1\" content=\"Written by\" \/>\n\t<meta name=\"twitter:data1\" content=\"criserb\" \/>\n\t<meta name=\"twitter:label2\" content=\"Est. reading time\" \/>\n\t<meta name=\"twitter:data2\" content=\"1 minute\" \/>\n<script type=\"application\/ld+json\" class=\"yoast-schema-graph\">{\"@context\":\"https:\/\/schema.org\",\"@graph\":[{\"@type\":\"Article\",\"@id\":\"https:\/\/www.criserb.com\/blog\/6-7-luni-de-inchisoare-pentru-adrian-nastase-si-3-ani-dar-cu-suspendare-pentru-dana-nastase\/#article\",\"isPartOf\":{\"@id\":\"https:\/\/www.criserb.com\/blog\/6-7-luni-de-inchisoare-pentru-adrian-nastase-si-3-ani-dar-cu-suspendare-pentru-dana-nastase\/\"},\"author\":{\"name\":\"criserb\",\"@id\":\"https:\/\/www.criserb.com\/blog\/#\/schema\/person\/8df5199bda4e628c32a10f318d8602b5\"},\"headline\":\"6-7 luni de inchisoare pentru Adrian Nastase si 3 ani, dar cu suspendare pentru Dana Nastase\",\"datePublished\":\"2014-01-06T14:40:00+00:00\",\"mainEntityOfPage\":{\"@id\":\"https:\/\/www.criserb.com\/blog\/6-7-luni-de-inchisoare-pentru-adrian-nastase-si-3-ani-dar-cu-suspendare-pentru-dana-nastase\/\"},\"wordCount\":157,\"commentCount\":0,\"publisher\":{\"@id\":\"https:\/\/www.criserb.com\/blog\/#\/schema\/person\/8df5199bda4e628c32a10f318d8602b5\"},\"image\":{\"@id\":\"https:\/\/www.criserb.com\/blog\/6-7-luni-de-inchisoare-pentru-adrian-nastase-si-3-ani-dar-cu-suspendare-pentru-dana-nastase\/#primaryimage\"},\"thumbnailUrl\":\"https:\/\/www.criserb.com\/blog\/poze\/2014\/01\/6306136-mediafax-foto-liviu-adascalitei.jpg\",\"keywords\":[\"Adrian Nastase\",\"Dana Nastase\",\"inchisoare\"],\"articleSection\":[\"Politica\",\"Sport\"],\"inLanguage\":\"en-US\",\"potentialAction\":[{\"@type\":\"CommentAction\",\"name\":\"Comment\",\"target\":[\"https:\/\/www.criserb.com\/blog\/6-7-luni-de-inchisoare-pentru-adrian-nastase-si-3-ani-dar-cu-suspendare-pentru-dana-nastase\/#respond\"]}]},{\"@type\":\"WebPage\",\"@id\":\"https:\/\/www.criserb.com\/blog\/6-7-luni-de-inchisoare-pentru-adrian-nastase-si-3-ani-dar-cu-suspendare-pentru-dana-nastase\/\",\"url\":\"https:\/\/www.criserb.com\/blog\/6-7-luni-de-inchisoare-pentru-adrian-nastase-si-3-ani-dar-cu-suspendare-pentru-dana-nastase\/\",\"name\":\"6-7 luni de inchisoare pentru Adrian Nastase si 3 ani, dar cu suspendare pentru Dana Nastase\",\"isPartOf\":{\"@id\":\"https:\/\/www.criserb.com\/blog\/#website\"},\"primaryImageOfPage\":{\"@id\":\"https:\/\/www.criserb.com\/blog\/6-7-luni-de-inchisoare-pentru-adrian-nastase-si-3-ani-dar-cu-suspendare-pentru-dana-nastase\/#primaryimage\"},\"image\":{\"@id\":\"https:\/\/www.criserb.com\/blog\/6-7-luni-de-inchisoare-pentru-adrian-nastase-si-3-ani-dar-cu-suspendare-pentru-dana-nastase\/#primaryimage\"},\"thumbnailUrl\":\"https:\/\/www.criserb.com\/blog\/poze\/2014\/01\/6306136-mediafax-foto-liviu-adascalitei.jpg\",\"datePublished\":\"2014-01-06T14:40:00+00:00\",\"breadcrumb\":{\"@id\":\"https:\/\/www.criserb.com\/blog\/6-7-luni-de-inchisoare-pentru-adrian-nastase-si-3-ani-dar-cu-suspendare-pentru-dana-nastase\/#breadcrumb\"},\"inLanguage\":\"en-US\",\"potentialAction\":[{\"@type\":\"ReadAction\",\"target\":[\"https:\/\/www.criserb.com\/blog\/6-7-luni-de-inchisoare-pentru-adrian-nastase-si-3-ani-dar-cu-suspendare-pentru-dana-nastase\/\"]}]},{\"@type\":\"ImageObject\",\"inLanguage\":\"en-US\",\"@id\":\"https:\/\/www.criserb.com\/blog\/6-7-luni-de-inchisoare-pentru-adrian-nastase-si-3-ani-dar-cu-suspendare-pentru-dana-nastase\/#primaryimage\",\"url\":\"https:\/\/www.criserb.com\/blog\/poze\/2014\/01\/6306136-mediafax-foto-liviu-adascalitei.jpg\",\"contentUrl\":\"https:\/\/www.criserb.com\/blog\/poze\/2014\/01\/6306136-mediafax-foto-liviu-adascalitei.jpg\",\"width\":630,\"height\":419},{\"@type\":\"BreadcrumbList\",\"@id\":\"https:\/\/www.criserb.com\/blog\/6-7-luni-de-inchisoare-pentru-adrian-nastase-si-3-ani-dar-cu-suspendare-pentru-dana-nastase\/#breadcrumb\",\"itemListElement\":[{\"@type\":\"ListItem\",\"position\":1,\"name\":\"Home\",\"item\":\"https:\/\/www.criserb.com\/blog\/\"},{\"@type\":\"ListItem\",\"position\":2,\"name\":\"6-7 luni de inchisoare pentru Adrian Nastase si 3 ani, dar cu suspendare pentru Dana Nastase\"}]},{\"@type\":\"WebSite\",\"@id\":\"https:\/\/www.criserb.com\/blog\/#website\",\"url\":\"https:\/\/www.criserb.com\/blog\/\",\"name\":\"criserb.com\",\"description\":\"Nimic ce merita citit :)\",\"publisher\":{\"@id\":\"https:\/\/www.criserb.com\/blog\/#\/schema\/person\/8df5199bda4e628c32a10f318d8602b5\"},\"potentialAction\":[{\"@type\":\"SearchAction\",\"target\":{\"@type\":\"EntryPoint\",\"urlTemplate\":\"https:\/\/www.criserb.com\/blog\/?s={search_term_string}\"},\"query-input\":{\"@type\":\"PropertyValueSpecification\",\"valueRequired\":true,\"valueName\":\"search_term_string\"}}],\"inLanguage\":\"en-US\"},{\"@type\":[\"Person\",\"Organization\"],\"@id\":\"https:\/\/www.criserb.com\/blog\/#\/schema\/person\/8df5199bda4e628c32a10f318d8602b5\",\"name\":\"criserb\",\"image\":{\"@type\":\"ImageObject\",\"inLanguage\":\"en-US\",\"@id\":\"https:\/\/www.criserb.com\/blog\/#\/schema\/person\/image\/\",\"url\":\"http:\/\/0.gravatar.com\/avatar\/fdb6cca710f39545f0c4b5b936c390b4?s=96&d=monsterid&r=pg\",\"contentUrl\":\"http:\/\/0.gravatar.com\/avatar\/fdb6cca710f39545f0c4b5b936c390b4?s=96&d=monsterid&r=pg\",\"caption\":\"criserb\"},\"logo\":{\"@id\":\"https:\/\/www.criserb.com\/blog\/#\/schema\/person\/image\/\"},\"sameAs\":[\"http:\/\/www.criserb.com\"],\"url\":\"https:\/\/www.criserb.com\/blog\/author\/criserb\/\"}]}<\/script>\n<!-- \/ Yoast SEO plugin. -->","yoast_head_json":{"title":"6-7 luni de inchisoare pentru Adrian Nastase si 3 ani, dar cu suspendare pentru Dana Nastase","robots":{"index":"index","follow":"follow","max-snippet":"max-snippet:-1","max-image-preview":"max-image-preview:large","max-video-preview":"max-video-preview:-1"},"canonical":"https:\/\/www.criserb.com\/blog\/6-7-luni-de-inchisoare-pentru-adrian-nastase-si-3-ani-dar-cu-suspendare-pentru-dana-nastase\/","twitter_misc":{"Written by":"criserb","Est. reading time":"1 minute"},"schema":{"@context":"https:\/\/schema.org","@graph":[{"@type":"Article","@id":"https:\/\/www.criserb.com\/blog\/6-7-luni-de-inchisoare-pentru-adrian-nastase-si-3-ani-dar-cu-suspendare-pentru-dana-nastase\/#article","isPartOf":{"@id":"https:\/\/www.criserb.com\/blog\/6-7-luni-de-inchisoare-pentru-adrian-nastase-si-3-ani-dar-cu-suspendare-pentru-dana-nastase\/"},"author":{"name":"criserb","@id":"https:\/\/www.criserb.com\/blog\/#\/schema\/person\/8df5199bda4e628c32a10f318d8602b5"},"headline":"6-7 luni de inchisoare pentru Adrian Nastase si 3 ani, dar cu suspendare pentru Dana Nastase","datePublished":"2014-01-06T14:40:00+00:00","mainEntityOfPage":{"@id":"https:\/\/www.criserb.com\/blog\/6-7-luni-de-inchisoare-pentru-adrian-nastase-si-3-ani-dar-cu-suspendare-pentru-dana-nastase\/"},"wordCount":157,"commentCount":0,"publisher":{"@id":"https:\/\/www.criserb.com\/blog\/#\/schema\/person\/8df5199bda4e628c32a10f318d8602b5"},"image":{"@id":"https:\/\/www.criserb.com\/blog\/6-7-luni-de-inchisoare-pentru-adrian-nastase-si-3-ani-dar-cu-suspendare-pentru-dana-nastase\/#primaryimage"},"thumbnailUrl":"https:\/\/www.criserb.com\/blog\/poze\/2014\/01\/6306136-mediafax-foto-liviu-adascalitei.jpg","keywords":["Adrian Nastase","Dana Nastase","inchisoare"],"articleSection":["Politica","Sport"],"inLanguage":"en-US","potentialAction":[{"@type":"CommentAction","name":"Comment","target":["https:\/\/www.criserb.com\/blog\/6-7-luni-de-inchisoare-pentru-adrian-nastase-si-3-ani-dar-cu-suspendare-pentru-dana-nastase\/#respond"]}]},{"@type":"WebPage","@id":"https:\/\/www.criserb.com\/blog\/6-7-luni-de-inchisoare-pentru-adrian-nastase-si-3-ani-dar-cu-suspendare-pentru-dana-nastase\/","url":"https:\/\/www.criserb.com\/blog\/6-7-luni-de-inchisoare-pentru-adrian-nastase-si-3-ani-dar-cu-suspendare-pentru-dana-nastase\/","name":"6-7 luni de inchisoare pentru Adrian Nastase si 3 ani, dar cu suspendare pentru Dana Nastase","isPartOf":{"@id":"https:\/\/www.criserb.com\/blog\/#website"},"primaryImageOfPage":{"@id":"https:\/\/www.criserb.com\/blog\/6-7-luni-de-inchisoare-pentru-adrian-nastase-si-3-ani-dar-cu-suspendare-pentru-dana-nastase\/#primaryimage"},"image":{"@id":"https:\/\/www.criserb.com\/blog\/6-7-luni-de-inchisoare-pentru-adrian-nastase-si-3-ani-dar-cu-suspendare-pentru-dana-nastase\/#primaryimage"},"thumbnailUrl":"https:\/\/www.criserb.com\/blog\/poze\/2014\/01\/6306136-mediafax-foto-liviu-adascalitei.jpg","datePublished":"2014-01-06T14:40:00+00:00","breadcrumb":{"@id":"https:\/\/www.criserb.com\/blog\/6-7-luni-de-inchisoare-pentru-adrian-nastase-si-3-ani-dar-cu-suspendare-pentru-dana-nastase\/#breadcrumb"},"inLanguage":"en-US","potentialAction":[{"@type":"ReadAction","target":["https:\/\/www.criserb.com\/blog\/6-7-luni-de-inchisoare-pentru-adrian-nastase-si-3-ani-dar-cu-suspendare-pentru-dana-nastase\/"]}]},{"@type":"ImageObject","inLanguage":"en-US","@id":"https:\/\/www.criserb.com\/blog\/6-7-luni-de-inchisoare-pentru-adrian-nastase-si-3-ani-dar-cu-suspendare-pentru-dana-nastase\/#primaryimage","url":"https:\/\/www.criserb.com\/blog\/poze\/2014\/01\/6306136-mediafax-foto-liviu-adascalitei.jpg","contentUrl":"https:\/\/www.criserb.com\/blog\/poze\/2014\/01\/6306136-mediafax-foto-liviu-adascalitei.jpg","width":630,"height":419},{"@type":"BreadcrumbList","@id":"https:\/\/www.criserb.com\/blog\/6-7-luni-de-inchisoare-pentru-adrian-nastase-si-3-ani-dar-cu-suspendare-pentru-dana-nastase\/#breadcrumb","itemListElement":[{"@type":"ListItem","position":1,"name":"Home","item":"https:\/\/www.criserb.com\/blog\/"},{"@type":"ListItem","position":2,"name":"6-7 luni de inchisoare pentru Adrian Nastase si 3 ani, dar cu suspendare pentru Dana Nastase"}]},{"@type":"WebSite","@id":"https:\/\/www.criserb.com\/blog\/#website","url":"https:\/\/www.criserb.com\/blog\/","name":"criserb.com","description":"Nimic ce merita citit :)","publisher":{"@id":"https:\/\/www.criserb.com\/blog\/#\/schema\/person\/8df5199bda4e628c32a10f318d8602b5"},"potentialAction":[{"@type":"SearchAction","target":{"@type":"EntryPoint","urlTemplate":"https:\/\/www.criserb.com\/blog\/?s={search_term_string}"},"query-input":{"@type":"PropertyValueSpecification","valueRequired":true,"valueName":"search_term_string"}}],"inLanguage":"en-US"},{"@type":["Person","Organization"],"@id":"https:\/\/www.criserb.com\/blog\/#\/schema\/person\/8df5199bda4e628c32a10f318d8602b5","name":"criserb","image":{"@type":"ImageObject","inLanguage":"en-US","@id":"https:\/\/www.criserb.com\/blog\/#\/schema\/person\/image\/","url":"http:\/\/0.gravatar.com\/avatar\/fdb6cca710f39545f0c4b5b936c390b4?s=96&d=monsterid&r=pg","contentUrl":"http:\/\/0.gravatar.com\/avatar\/fdb6cca710f39545f0c4b5b936c390b4?s=96&d=monsterid&r=pg","caption":"criserb"},"logo":{"@id":"https:\/\/www.criserb.com\/blog\/#\/schema\/person\/image\/"},"sameAs":["http:\/\/www.criserb.com"],"url":"https:\/\/www.criserb.com\/blog\/author\/criserb\/"}]}},"_links":{"self":[{"href":"https:\/\/www.criserb.com\/blog\/wp-json\/wp\/v2\/posts\/26749"}],"collection":[{"href":"https:\/\/www.criserb.com\/blog\/wp-json\/wp\/v2\/posts"}],"about":[{"href":"https:\/\/www.criserb.com\/blog\/wp-json\/wp\/v2\/types\/post"}],"author":[{"embeddable":true,"href":"https:\/\/www.criserb.com\/blog\/wp-json\/wp\/v2\/users\/3"}],"replies":[{"embeddable":true,"href":"https:\/\/www.criserb.com\/blog\/wp-json\/wp\/v2\/comments?post=26749"}],"version-history":[{"count":0,"href":"https:\/\/www.criserb.com\/blog\/wp-json\/wp\/v2\/posts\/26749\/revisions"}],"wp:featuredmedia":[{"embeddable":true,"href":"https:\/\/www.criserb.com\/blog\/wp-json\/wp\/v2\/media\/26750"}],"wp:attachment":[{"href":"https:\/\/www.criserb.com\/blog\/wp-json\/wp\/v2\/media?parent=26749"}],"wp:term":[{"taxonomy":"category","embeddable":true,"href":"https:\/\/www.criserb.com\/blog\/wp-json\/wp\/v2\/categories?post=26749"},{"taxonomy":"post_tag","embeddable":true,"href":"https:\/\/www.criserb.com\/blog\/wp-json\/wp\/v2\/tags?post=26749"}],"curies":[{"name":"wp","href":"https:\/\/api.w.org\/{rel}","templated":true}]}}