{"id":27314,"date":"2014-01-30T22:09:19","date_gmt":"2014-01-30T20:09:19","guid":{"rendered":"http:\/\/www.criserb.com\/blog\/?p=27314"},"modified":"2014-01-30T23:23:12","modified_gmt":"2014-01-30T21:23:12","slug":"vestea-buna-vina-de-la-taraf-tv","status":"publish","type":"post","link":"https:\/\/www.criserb.com\/blog\/vestea-buna-vina-de-la-taraf-tv\/","title":{"rendered":"Vestea buna vine de la Taraf TV"},"content":{"rendered":"<p>In doua cuvinte <strong>SE INCHIDE<\/strong>.<\/p>\n<p>In mai multe cuvinte citez de pe <a href=\"http:\/\/www.mediafax.ro\/cultura-media\/taraf-tv-se-inchide-cna-nu-a-prelungit-licenta-audiovizuala-a-televiziunii-11992030\" target=\"_blank\">mediafax.ro<\/a>.<\/p>\n<blockquote><p>Consiliul Na\u0163ional al Audiovizualului (CNA) a decis, \u00een \u015fedin\u0163a de joi, s\u0103 nu prelungeasc\u0103 licen\u0163a audiovizual\u0103 a Taraf TV, care expir\u0103 pe 15 februarie, fapt care presupune c\u0103 televiziunea ce difuzeaz\u0103 \u00een prezent manele \u015fi muzic\u0103 de petrecere se va desfiin\u0163a.<\/p><\/blockquote>\n<p>Partea proasta este ca este posibil sa avem proteste de strada, erau prea multi fani ai respectivului post. Daca n-au iesit ei pentru adevaratele probleme, pentru manele tre&#8217; sa iasa, doar sunt &#8220;viata lor&#8221;, &#8220;sufletul lor&#8221;, &#8220;inima loc&#8221;, etc.<\/p>\n<p>Bine nu stiu cat de mult o sa conteze asta in educatia tineretului, dar sper sa conteze, macar 1% si tot este bine.<\/p>\n<p>&nbsp;<\/p>\n","protected":false},"excerpt":{"rendered":"<p>In doua cuvinte SE INCHIDE. In mai multe cuvinte citez de pe mediafax.ro. Consiliul Na\u0163ional al Audiovizualului (CNA) a decis, \u00een \u015fedin\u0163a de joi, s\u0103 nu prelungeasc\u0103 licen\u0163a audiovizual\u0103 a Taraf TV, care expir\u0103 pe 15 februarie, fapt care presupune c\u0103 televiziunea ce difuzeaz\u0103 \u00een prezent manele \u015fi muzic\u0103 de petrecere se va desfiin\u0163a. Partea&hellip;<\/p>\n","protected":false},"author":3,"featured_media":27315,"comment_status":"open","ping_status":"open","sticky":false,"template":"","format":"standard","meta":{"footnotes":""},"categories":[356],"tags":[5632,1571,5631],"yoast_head":"<!-- This site is optimized with the Yoast SEO plugin v24.5 - https:\/\/yoast.com\/wordpress\/plugins\/seo\/ -->\n<title>Vestea buna vine de la Taraf TV<\/title>\n<meta name=\"robots\" content=\"index, follow, max-snippet:-1, max-image-preview:large, max-video-preview:-1\" \/>\n<link rel=\"canonical\" href=\"https:\/\/www.criserb.com\/blog\/vestea-buna-vina-de-la-taraf-tv\/\" \/>\n<meta name=\"twitter:label1\" content=\"Written by\" \/>\n\t<meta name=\"twitter:data1\" content=\"criserb\" \/>\n\t<meta name=\"twitter:label2\" content=\"Est. reading time\" \/>\n\t<meta name=\"twitter:data2\" content=\"1 minute\" \/>\n<script type=\"application\/ld+json\" class=\"yoast-schema-graph\">{\"@context\":\"https:\/\/schema.org\",\"@graph\":[{\"@type\":\"Article\",\"@id\":\"https:\/\/www.criserb.com\/blog\/vestea-buna-vina-de-la-taraf-tv\/#article\",\"isPartOf\":{\"@id\":\"https:\/\/www.criserb.com\/blog\/vestea-buna-vina-de-la-taraf-tv\/\"},\"author\":{\"name\":\"criserb\",\"@id\":\"https:\/\/www.criserb.com\/blog\/#\/schema\/person\/8df5199bda4e628c32a10f318d8602b5\"},\"headline\":\"Vestea buna vine de la Taraf TV\",\"datePublished\":\"2014-01-30T20:09:19+00:00\",\"dateModified\":\"2014-01-30T21:23:12+00:00\",\"mainEntityOfPage\":{\"@id\":\"https:\/\/www.criserb.com\/blog\/vestea-buna-vina-de-la-taraf-tv\/\"},\"wordCount\":127,\"commentCount\":4,\"publisher\":{\"@id\":\"https:\/\/www.criserb.com\/blog\/#\/schema\/person\/8df5199bda4e628c32a10f318d8602b5\"},\"image\":{\"@id\":\"https:\/\/www.criserb.com\/blog\/vestea-buna-vina-de-la-taraf-tv\/#primaryimage\"},\"thumbnailUrl\":\"https:\/\/www.criserb.com\/blog\/poze\/2014\/01\/gunoaie.jpg\",\"keywords\":[\"Inchidere post\",\"Manele\",\"Taraf TV\"],\"articleSection\":[\"tv\"],\"inLanguage\":\"en-US\",\"potentialAction\":[{\"@type\":\"CommentAction\",\"name\":\"Comment\",\"target\":[\"https:\/\/www.criserb.com\/blog\/vestea-buna-vina-de-la-taraf-tv\/#respond\"]}]},{\"@type\":\"WebPage\",\"@id\":\"https:\/\/www.criserb.com\/blog\/vestea-buna-vina-de-la-taraf-tv\/\",\"url\":\"https:\/\/www.criserb.com\/blog\/vestea-buna-vina-de-la-taraf-tv\/\",\"name\":\"Vestea buna vine de la Taraf TV\",\"isPartOf\":{\"@id\":\"https:\/\/www.criserb.com\/blog\/#website\"},\"primaryImageOfPage\":{\"@id\":\"https:\/\/www.criserb.com\/blog\/vestea-buna-vina-de-la-taraf-tv\/#primaryimage\"},\"image\":{\"@id\":\"https:\/\/www.criserb.com\/blog\/vestea-buna-vina-de-la-taraf-tv\/#primaryimage\"},\"thumbnailUrl\":\"https:\/\/www.criserb.com\/blog\/poze\/2014\/01\/gunoaie.jpg\",\"datePublished\":\"2014-01-30T20:09:19+00:00\",\"dateModified\":\"2014-01-30T21:23:12+00:00\",\"breadcrumb\":{\"@id\":\"https:\/\/www.criserb.com\/blog\/vestea-buna-vina-de-la-taraf-tv\/#breadcrumb\"},\"inLanguage\":\"en-US\",\"potentialAction\":[{\"@type\":\"ReadAction\",\"target\":[\"https:\/\/www.criserb.com\/blog\/vestea-buna-vina-de-la-taraf-tv\/\"]}]},{\"@type\":\"ImageObject\",\"inLanguage\":\"en-US\",\"@id\":\"https:\/\/www.criserb.com\/blog\/vestea-buna-vina-de-la-taraf-tv\/#primaryimage\",\"url\":\"https:\/\/www.criserb.com\/blog\/poze\/2014\/01\/gunoaie.jpg\",\"contentUrl\":\"https:\/\/www.criserb.com\/blog\/poze\/2014\/01\/gunoaie.jpg\",\"width\":630,\"height\":626},{\"@type\":\"BreadcrumbList\",\"@id\":\"https:\/\/www.criserb.com\/blog\/vestea-buna-vina-de-la-taraf-tv\/#breadcrumb\",\"itemListElement\":[{\"@type\":\"ListItem\",\"position\":1,\"name\":\"Home\",\"item\":\"https:\/\/www.criserb.com\/blog\/\"},{\"@type\":\"ListItem\",\"position\":2,\"name\":\"Vestea buna vine de la Taraf TV\"}]},{\"@type\":\"WebSite\",\"@id\":\"https:\/\/www.criserb.com\/blog\/#website\",\"url\":\"https:\/\/www.criserb.com\/blog\/\",\"name\":\"criserb.com\",\"description\":\"Nimic ce merita citit :)\",\"publisher\":{\"@id\":\"https:\/\/www.criserb.com\/blog\/#\/schema\/person\/8df5199bda4e628c32a10f318d8602b5\"},\"potentialAction\":[{\"@type\":\"SearchAction\",\"target\":{\"@type\":\"EntryPoint\",\"urlTemplate\":\"https:\/\/www.criserb.com\/blog\/?s={search_term_string}\"},\"query-input\":{\"@type\":\"PropertyValueSpecification\",\"valueRequired\":true,\"valueName\":\"search_term_string\"}}],\"inLanguage\":\"en-US\"},{\"@type\":[\"Person\",\"Organization\"],\"@id\":\"https:\/\/www.criserb.com\/blog\/#\/schema\/person\/8df5199bda4e628c32a10f318d8602b5\",\"name\":\"criserb\",\"image\":{\"@type\":\"ImageObject\",\"inLanguage\":\"en-US\",\"@id\":\"https:\/\/www.criserb.com\/blog\/#\/schema\/person\/image\/\",\"url\":\"http:\/\/0.gravatar.com\/avatar\/fdb6cca710f39545f0c4b5b936c390b4?s=96&d=monsterid&r=pg\",\"contentUrl\":\"http:\/\/0.gravatar.com\/avatar\/fdb6cca710f39545f0c4b5b936c390b4?s=96&d=monsterid&r=pg\",\"caption\":\"criserb\"},\"logo\":{\"@id\":\"https:\/\/www.criserb.com\/blog\/#\/schema\/person\/image\/\"},\"sameAs\":[\"http:\/\/www.criserb.com\"],\"url\":\"https:\/\/www.criserb.com\/blog\/author\/criserb\/\"}]}<\/script>\n<!-- \/ Yoast SEO plugin. -->","yoast_head_json":{"title":"Vestea buna vine de la Taraf TV","robots":{"index":"index","follow":"follow","max-snippet":"max-snippet:-1","max-image-preview":"max-image-preview:large","max-video-preview":"max-video-preview:-1"},"canonical":"https:\/\/www.criserb.com\/blog\/vestea-buna-vina-de-la-taraf-tv\/","twitter_misc":{"Written by":"criserb","Est. reading time":"1 minute"},"schema":{"@context":"https:\/\/schema.org","@graph":[{"@type":"Article","@id":"https:\/\/www.criserb.com\/blog\/vestea-buna-vina-de-la-taraf-tv\/#article","isPartOf":{"@id":"https:\/\/www.criserb.com\/blog\/vestea-buna-vina-de-la-taraf-tv\/"},"author":{"name":"criserb","@id":"https:\/\/www.criserb.com\/blog\/#\/schema\/person\/8df5199bda4e628c32a10f318d8602b5"},"headline":"Vestea buna vine de la Taraf TV","datePublished":"2014-01-30T20:09:19+00:00","dateModified":"2014-01-30T21:23:12+00:00","mainEntityOfPage":{"@id":"https:\/\/www.criserb.com\/blog\/vestea-buna-vina-de-la-taraf-tv\/"},"wordCount":127,"commentCount":4,"publisher":{"@id":"https:\/\/www.criserb.com\/blog\/#\/schema\/person\/8df5199bda4e628c32a10f318d8602b5"},"image":{"@id":"https:\/\/www.criserb.com\/blog\/vestea-buna-vina-de-la-taraf-tv\/#primaryimage"},"thumbnailUrl":"https:\/\/www.criserb.com\/blog\/poze\/2014\/01\/gunoaie.jpg","keywords":["Inchidere post","Manele","Taraf TV"],"articleSection":["tv"],"inLanguage":"en-US","potentialAction":[{"@type":"CommentAction","name":"Comment","target":["https:\/\/www.criserb.com\/blog\/vestea-buna-vina-de-la-taraf-tv\/#respond"]}]},{"@type":"WebPage","@id":"https:\/\/www.criserb.com\/blog\/vestea-buna-vina-de-la-taraf-tv\/","url":"https:\/\/www.criserb.com\/blog\/vestea-buna-vina-de-la-taraf-tv\/","name":"Vestea buna vine de la Taraf TV","isPartOf":{"@id":"https:\/\/www.criserb.com\/blog\/#website"},"primaryImageOfPage":{"@id":"https:\/\/www.criserb.com\/blog\/vestea-buna-vina-de-la-taraf-tv\/#primaryimage"},"image":{"@id":"https:\/\/www.criserb.com\/blog\/vestea-buna-vina-de-la-taraf-tv\/#primaryimage"},"thumbnailUrl":"https:\/\/www.criserb.com\/blog\/poze\/2014\/01\/gunoaie.jpg","datePublished":"2014-01-30T20:09:19+00:00","dateModified":"2014-01-30T21:23:12+00:00","breadcrumb":{"@id":"https:\/\/www.criserb.com\/blog\/vestea-buna-vina-de-la-taraf-tv\/#breadcrumb"},"inLanguage":"en-US","potentialAction":[{"@type":"ReadAction","target":["https:\/\/www.criserb.com\/blog\/vestea-buna-vina-de-la-taraf-tv\/"]}]},{"@type":"ImageObject","inLanguage":"en-US","@id":"https:\/\/www.criserb.com\/blog\/vestea-buna-vina-de-la-taraf-tv\/#primaryimage","url":"https:\/\/www.criserb.com\/blog\/poze\/2014\/01\/gunoaie.jpg","contentUrl":"https:\/\/www.criserb.com\/blog\/poze\/2014\/01\/gunoaie.jpg","width":630,"height":626},{"@type":"BreadcrumbList","@id":"https:\/\/www.criserb.com\/blog\/vestea-buna-vina-de-la-taraf-tv\/#breadcrumb","itemListElement":[{"@type":"ListItem","position":1,"name":"Home","item":"https:\/\/www.criserb.com\/blog\/"},{"@type":"ListItem","position":2,"name":"Vestea buna vine de la Taraf TV"}]},{"@type":"WebSite","@id":"https:\/\/www.criserb.com\/blog\/#website","url":"https:\/\/www.criserb.com\/blog\/","name":"criserb.com","description":"Nimic ce merita citit :)","publisher":{"@id":"https:\/\/www.criserb.com\/blog\/#\/schema\/person\/8df5199bda4e628c32a10f318d8602b5"},"potentialAction":[{"@type":"SearchAction","target":{"@type":"EntryPoint","urlTemplate":"https:\/\/www.criserb.com\/blog\/?s={search_term_string}"},"query-input":{"@type":"PropertyValueSpecification","valueRequired":true,"valueName":"search_term_string"}}],"inLanguage":"en-US"},{"@type":["Person","Organization"],"@id":"https:\/\/www.criserb.com\/blog\/#\/schema\/person\/8df5199bda4e628c32a10f318d8602b5","name":"criserb","image":{"@type":"ImageObject","inLanguage":"en-US","@id":"https:\/\/www.criserb.com\/blog\/#\/schema\/person\/image\/","url":"http:\/\/0.gravatar.com\/avatar\/fdb6cca710f39545f0c4b5b936c390b4?s=96&d=monsterid&r=pg","contentUrl":"http:\/\/0.gravatar.com\/avatar\/fdb6cca710f39545f0c4b5b936c390b4?s=96&d=monsterid&r=pg","caption":"criserb"},"logo":{"@id":"https:\/\/www.criserb.com\/blog\/#\/schema\/person\/image\/"},"sameAs":["http:\/\/www.criserb.com"],"url":"https:\/\/www.criserb.com\/blog\/author\/criserb\/"}]}},"_links":{"self":[{"href":"https:\/\/www.criserb.com\/blog\/wp-json\/wp\/v2\/posts\/27314"}],"collection":[{"href":"https:\/\/www.criserb.com\/blog\/wp-json\/wp\/v2\/posts"}],"about":[{"href":"https:\/\/www.criserb.com\/blog\/wp-json\/wp\/v2\/types\/post"}],"author":[{"embeddable":true,"href":"https:\/\/www.criserb.com\/blog\/wp-json\/wp\/v2\/users\/3"}],"replies":[{"embeddable":true,"href":"https:\/\/www.criserb.com\/blog\/wp-json\/wp\/v2\/comments?post=27314"}],"version-history":[{"count":0,"href":"https:\/\/www.criserb.com\/blog\/wp-json\/wp\/v2\/posts\/27314\/revisions"}],"wp:featuredmedia":[{"embeddable":true,"href":"https:\/\/www.criserb.com\/blog\/wp-json\/wp\/v2\/media\/27315"}],"wp:attachment":[{"href":"https:\/\/www.criserb.com\/blog\/wp-json\/wp\/v2\/media?parent=27314"}],"wp:term":[{"taxonomy":"category","embeddable":true,"href":"https:\/\/www.criserb.com\/blog\/wp-json\/wp\/v2\/categories?post=27314"},{"taxonomy":"post_tag","embeddable":true,"href":"https:\/\/www.criserb.com\/blog\/wp-json\/wp\/v2\/tags?post=27314"}],"curies":[{"name":"wp","href":"https:\/\/api.w.org\/{rel}","templated":true}]}}