{"id":28067,"date":"2014-03-15T01:35:01","date_gmt":"2014-03-14T23:35:01","guid":{"rendered":"http:\/\/www.criserb.com\/blog\/?p=28067"},"modified":"2014-03-15T03:06:49","modified_gmt":"2014-03-15T01:06:49","slug":"semafoarele-de-la-mall-vitan-nu-merg-noaptea","status":"publish","type":"post","link":"https:\/\/www.criserb.com\/blog\/semafoarele-de-la-mall-vitan-nu-merg-noaptea\/","title":{"rendered":"Semafoarele de la Mall Vitan nu merg noaptea"},"content":{"rendered":"<p><img loading=\"lazy\" decoding=\"async\" class=\"alignleft size-medium wp-image-28068\" alt=\"20140314_232636\" src=\"http:\/\/www.criserb.com\/blog\/poze\/2014\/03\/20140314_232636-300x225.jpg\" width=\"300\" height=\"225\" srcset=\"https:\/\/www.criserb.com\/blog\/poze\/2014\/03\/20140314_232636-300x225.jpg 300w, https:\/\/www.criserb.com\/blog\/poze\/2014\/03\/20140314_232636.jpg 630w\" sizes=\"(max-width: 300px) 100vw, 300px\" \/>\u00cen seara asta am fost la film la Mall Vitan. N-am mai fost la un film \u00een Mall-ul din Vitan de nu mai \u0219tiu c\u00e2nd, probabil sunt c\u00e2\u021biva ani, vreo 3-4 :)<\/p>\n<p>M\u0103 rog, nu asta este subiectul acestui post, s\u0103 trecem la lucrurile serioase.<\/p>\n<p>Cum s-a terminat filmul am dat s\u0103 mergem spre cas\u0103 \u0219i am stat la semaforul din fa\u021b\u0103 mall-ului o vreme. C\u00e2nd am v\u0103zut c\u0103 nu vine nicio ma\u0219in\u0103 eu am trecut, st\u0103team de ceva vreme \u0219i la ora asta (23:30) nu trecea nimeni pe acolo. Cum so\u021bia nu trece pe ro\u0219u, nici dac\u0103 \u00eencerc eu s\u0103 o conving, am a\u0219teptat-o pe partea cealalt\u0103 a str\u0103zii. \u0218i am stat ceva timp \u0219i tot am stat. Cum v-am zis, nu trecea nimeni pe acolo de c\u00e2teva minute, dar so\u021bia nu voia s\u0103 traverseze.<\/p>\n<p>Am zis s\u0103-mi verific ceva pe telefon \u0219i nu mi-am dat seama cum au mai trecut c\u00e2teva minute. La un moment dat vine \u0219i Dana \u0219i-mi spune c\u0103 a trecut pe ro\u0219u pentru c\u0103 semaforul nu merge. Adic\u0103 el mergea, dar era \u00een permanen\u021b\u0103 verde pentru ma\u0219ini \u0219i ro\u0219u pentru pietoni.<\/p>\n<p>Nu mi-a venit s\u0103 cred, a\u0219a c\u0103 am mai stat vreo 5 minute s\u0103 m\u0103 uit la semafor. M-am tot uitat \u0219i degeaba, tot a\u0219a, ro\u0219u pentru pietoni \u0219i verde pentru ma\u0219ini.<\/p>\n<p>M-am g\u00e2ndit c\u0103 poate semaforul este unul din \u0103la pe care trebuie s\u0103 ape\u0219i pe buton pentru a se face verde, dar so\u021bia m-a convins c\u0103 nu este a\u0219a. Ea merge mai mult pe acolo, pe jos, \u0219i m-am l\u0103sat repede convins.<\/p>\n<p>\u0218i atunci s\u0103-mi spune\u021bi mie cum poate s\u0103 treac\u0103 un pieton strada, \u00een siguran\u021b\u0103, dac\u0103 semaforul nu merge? Ok, acum era sear\u0103, traficul nu prea exista, dar ziua? Cum trece strada un pieton ziua dac\u0103 semaforul este stricat? Nu exist\u0103 totu\u0219i un risc s\u0103-l calce vreo ma\u0219in\u0103 \u00een condi\u021biile \u00een care pietonul a\u0219teapt\u0103 o vreme, dar apoi trece \u0219i el, c\u0103 deh, nu are timp s\u0103 a\u0219tepte o via\u021b\u0103.<\/p>\n<p>\u00cen aceste cazuri cine trebuie anun\u021bat? Poli\u021bia sau cei de la <a href=\"http:\/\/www.uti.eu.com\/\" target=\"_blank\">UTI<\/a> care se ocup\u0103 de semafoare? Am vrut s\u0103 sun la 112 s\u0103 \u00eei anun\u021b, dar parc\u0103 acolo ar trebui s\u0103 sun pentru o urgen\u021b\u0103, am zis s\u0103 nu \u00eei deranjez cu o chestie care nu este chiar de via\u021b\u0103 \u0219i de moarte.<\/p>\n<p>\u0218i atunci unde s\u0103 sun? Unde s\u0103 sun din strad\u0103, atunci c\u00e2nd sunt \u00een fa\u021ba semaforului, c\u0103 acum din fa\u021ba calculatorului am mai multe op\u021biuni. \u0218i dac\u0103 sun acum \u0219i semaforul \u0219i-a revenit ce credibilitate mai am eu?<\/p>\n<p>O situa\u021bie dubioas\u0103 pe care chiar a\u0219 vrea s\u0103 o rezolv \u00eentr-un fel, dar mi-e team\u0103 c\u0103 nu prea am cum, cel pu\u021bin nu acum la ora asta.<\/p>\n<p>A\u021bi p\u0103\u021bit \u0219i voi d&#8217;astea sau sunt singurul norocos?<\/p>\n","protected":false},"excerpt":{"rendered":"<p>\u00cen seara asta am fost la film la Mall Vitan. N-am mai fost la un film \u00een Mall-ul din Vitan de nu mai \u0219tiu c\u00e2nd, probabil sunt c\u00e2\u021biva ani, vreo 3-4 :) M\u0103 rog, nu asta este subiectul acestui post, s\u0103 trecem la lucrurile serioase. Cum s-a terminat filmul am dat s\u0103 mergem spre cas\u0103&hellip;<\/p>\n","protected":false},"author":3,"featured_media":28068,"comment_status":"open","ping_status":"open","sticky":false,"template":"","format":"standard","meta":{"footnotes":""},"categories":[2156],"tags":[5819,7090,5818,5820,7134],"yoast_head":"<!-- This site is optimized with the Yoast SEO plugin v24.5 - https:\/\/yoast.com\/wordpress\/plugins\/seo\/ -->\n<title>Semafoarele de la Mall Vitan nu merg noaptea<\/title>\n<meta name=\"robots\" content=\"index, follow, max-snippet:-1, max-image-preview:large, max-video-preview:-1\" \/>\n<link rel=\"canonical\" href=\"https:\/\/www.criserb.com\/blog\/semafoarele-de-la-mall-vitan-nu-merg-noaptea\/\" \/>\n<meta name=\"twitter:label1\" content=\"Written by\" \/>\n\t<meta name=\"twitter:data1\" content=\"criserb\" \/>\n\t<meta name=\"twitter:label2\" content=\"Est. reading time\" \/>\n\t<meta name=\"twitter:data2\" content=\"2 minutes\" \/>\n<script type=\"application\/ld+json\" class=\"yoast-schema-graph\">{\"@context\":\"https:\/\/schema.org\",\"@graph\":[{\"@type\":\"Article\",\"@id\":\"https:\/\/www.criserb.com\/blog\/semafoarele-de-la-mall-vitan-nu-merg-noaptea\/#article\",\"isPartOf\":{\"@id\":\"https:\/\/www.criserb.com\/blog\/semafoarele-de-la-mall-vitan-nu-merg-noaptea\/\"},\"author\":{\"name\":\"criserb\",\"@id\":\"https:\/\/www.criserb.com\/blog\/#\/schema\/person\/8df5199bda4e628c32a10f318d8602b5\"},\"headline\":\"Semafoarele de la Mall Vitan nu merg noaptea\",\"datePublished\":\"2014-03-14T23:35:01+00:00\",\"dateModified\":\"2014-03-15T01:06:49+00:00\",\"mainEntityOfPage\":{\"@id\":\"https:\/\/www.criserb.com\/blog\/semafoarele-de-la-mall-vitan-nu-merg-noaptea\/\"},\"wordCount\":507,\"commentCount\":6,\"publisher\":{\"@id\":\"https:\/\/www.criserb.com\/blog\/#\/schema\/person\/8df5199bda4e628c32a10f318d8602b5\"},\"image\":{\"@id\":\"https:\/\/www.criserb.com\/blog\/semafoarele-de-la-mall-vitan-nu-merg-noaptea\/#primaryimage\"},\"thumbnailUrl\":\"https:\/\/www.criserb.com\/blog\/poze\/2014\/03\/20140314_232636.jpg\",\"keywords\":[\"Mall Vitan\",\"Probleme\",\"Semafoare\",\"Semafor Mall Vitan\",\"trafic\"],\"articleSection\":[\"Bucuresti\"],\"inLanguage\":\"en-US\",\"potentialAction\":[{\"@type\":\"CommentAction\",\"name\":\"Comment\",\"target\":[\"https:\/\/www.criserb.com\/blog\/semafoarele-de-la-mall-vitan-nu-merg-noaptea\/#respond\"]}]},{\"@type\":\"WebPage\",\"@id\":\"https:\/\/www.criserb.com\/blog\/semafoarele-de-la-mall-vitan-nu-merg-noaptea\/\",\"url\":\"https:\/\/www.criserb.com\/blog\/semafoarele-de-la-mall-vitan-nu-merg-noaptea\/\",\"name\":\"Semafoarele de la Mall Vitan nu merg noaptea\",\"isPartOf\":{\"@id\":\"https:\/\/www.criserb.com\/blog\/#website\"},\"primaryImageOfPage\":{\"@id\":\"https:\/\/www.criserb.com\/blog\/semafoarele-de-la-mall-vitan-nu-merg-noaptea\/#primaryimage\"},\"image\":{\"@id\":\"https:\/\/www.criserb.com\/blog\/semafoarele-de-la-mall-vitan-nu-merg-noaptea\/#primaryimage\"},\"thumbnailUrl\":\"https:\/\/www.criserb.com\/blog\/poze\/2014\/03\/20140314_232636.jpg\",\"datePublished\":\"2014-03-14T23:35:01+00:00\",\"dateModified\":\"2014-03-15T01:06:49+00:00\",\"breadcrumb\":{\"@id\":\"https:\/\/www.criserb.com\/blog\/semafoarele-de-la-mall-vitan-nu-merg-noaptea\/#breadcrumb\"},\"inLanguage\":\"en-US\",\"potentialAction\":[{\"@type\":\"ReadAction\",\"target\":[\"https:\/\/www.criserb.com\/blog\/semafoarele-de-la-mall-vitan-nu-merg-noaptea\/\"]}]},{\"@type\":\"ImageObject\",\"inLanguage\":\"en-US\",\"@id\":\"https:\/\/www.criserb.com\/blog\/semafoarele-de-la-mall-vitan-nu-merg-noaptea\/#primaryimage\",\"url\":\"https:\/\/www.criserb.com\/blog\/poze\/2014\/03\/20140314_232636.jpg\",\"contentUrl\":\"https:\/\/www.criserb.com\/blog\/poze\/2014\/03\/20140314_232636.jpg\",\"width\":630,\"height\":473},{\"@type\":\"BreadcrumbList\",\"@id\":\"https:\/\/www.criserb.com\/blog\/semafoarele-de-la-mall-vitan-nu-merg-noaptea\/#breadcrumb\",\"itemListElement\":[{\"@type\":\"ListItem\",\"position\":1,\"name\":\"Home\",\"item\":\"https:\/\/www.criserb.com\/blog\/\"},{\"@type\":\"ListItem\",\"position\":2,\"name\":\"Semafoarele de la Mall Vitan nu merg noaptea\"}]},{\"@type\":\"WebSite\",\"@id\":\"https:\/\/www.criserb.com\/blog\/#website\",\"url\":\"https:\/\/www.criserb.com\/blog\/\",\"name\":\"criserb.com\",\"description\":\"Nimic ce merita citit :)\",\"publisher\":{\"@id\":\"https:\/\/www.criserb.com\/blog\/#\/schema\/person\/8df5199bda4e628c32a10f318d8602b5\"},\"potentialAction\":[{\"@type\":\"SearchAction\",\"target\":{\"@type\":\"EntryPoint\",\"urlTemplate\":\"https:\/\/www.criserb.com\/blog\/?s={search_term_string}\"},\"query-input\":{\"@type\":\"PropertyValueSpecification\",\"valueRequired\":true,\"valueName\":\"search_term_string\"}}],\"inLanguage\":\"en-US\"},{\"@type\":[\"Person\",\"Organization\"],\"@id\":\"https:\/\/www.criserb.com\/blog\/#\/schema\/person\/8df5199bda4e628c32a10f318d8602b5\",\"name\":\"criserb\",\"image\":{\"@type\":\"ImageObject\",\"inLanguage\":\"en-US\",\"@id\":\"https:\/\/www.criserb.com\/blog\/#\/schema\/person\/image\/\",\"url\":\"http:\/\/0.gravatar.com\/avatar\/fdb6cca710f39545f0c4b5b936c390b4?s=96&d=monsterid&r=pg\",\"contentUrl\":\"http:\/\/0.gravatar.com\/avatar\/fdb6cca710f39545f0c4b5b936c390b4?s=96&d=monsterid&r=pg\",\"caption\":\"criserb\"},\"logo\":{\"@id\":\"https:\/\/www.criserb.com\/blog\/#\/schema\/person\/image\/\"},\"sameAs\":[\"http:\/\/www.criserb.com\"],\"url\":\"https:\/\/www.criserb.com\/blog\/author\/criserb\/\"}]}<\/script>\n<!-- \/ Yoast SEO plugin. -->","yoast_head_json":{"title":"Semafoarele de la Mall Vitan nu merg noaptea","robots":{"index":"index","follow":"follow","max-snippet":"max-snippet:-1","max-image-preview":"max-image-preview:large","max-video-preview":"max-video-preview:-1"},"canonical":"https:\/\/www.criserb.com\/blog\/semafoarele-de-la-mall-vitan-nu-merg-noaptea\/","twitter_misc":{"Written by":"criserb","Est. reading time":"2 minutes"},"schema":{"@context":"https:\/\/schema.org","@graph":[{"@type":"Article","@id":"https:\/\/www.criserb.com\/blog\/semafoarele-de-la-mall-vitan-nu-merg-noaptea\/#article","isPartOf":{"@id":"https:\/\/www.criserb.com\/blog\/semafoarele-de-la-mall-vitan-nu-merg-noaptea\/"},"author":{"name":"criserb","@id":"https:\/\/www.criserb.com\/blog\/#\/schema\/person\/8df5199bda4e628c32a10f318d8602b5"},"headline":"Semafoarele de la Mall Vitan nu merg noaptea","datePublished":"2014-03-14T23:35:01+00:00","dateModified":"2014-03-15T01:06:49+00:00","mainEntityOfPage":{"@id":"https:\/\/www.criserb.com\/blog\/semafoarele-de-la-mall-vitan-nu-merg-noaptea\/"},"wordCount":507,"commentCount":6,"publisher":{"@id":"https:\/\/www.criserb.com\/blog\/#\/schema\/person\/8df5199bda4e628c32a10f318d8602b5"},"image":{"@id":"https:\/\/www.criserb.com\/blog\/semafoarele-de-la-mall-vitan-nu-merg-noaptea\/#primaryimage"},"thumbnailUrl":"https:\/\/www.criserb.com\/blog\/poze\/2014\/03\/20140314_232636.jpg","keywords":["Mall Vitan","Probleme","Semafoare","Semafor Mall Vitan","trafic"],"articleSection":["Bucuresti"],"inLanguage":"en-US","potentialAction":[{"@type":"CommentAction","name":"Comment","target":["https:\/\/www.criserb.com\/blog\/semafoarele-de-la-mall-vitan-nu-merg-noaptea\/#respond"]}]},{"@type":"WebPage","@id":"https:\/\/www.criserb.com\/blog\/semafoarele-de-la-mall-vitan-nu-merg-noaptea\/","url":"https:\/\/www.criserb.com\/blog\/semafoarele-de-la-mall-vitan-nu-merg-noaptea\/","name":"Semafoarele de la Mall Vitan nu merg noaptea","isPartOf":{"@id":"https:\/\/www.criserb.com\/blog\/#website"},"primaryImageOfPage":{"@id":"https:\/\/www.criserb.com\/blog\/semafoarele-de-la-mall-vitan-nu-merg-noaptea\/#primaryimage"},"image":{"@id":"https:\/\/www.criserb.com\/blog\/semafoarele-de-la-mall-vitan-nu-merg-noaptea\/#primaryimage"},"thumbnailUrl":"https:\/\/www.criserb.com\/blog\/poze\/2014\/03\/20140314_232636.jpg","datePublished":"2014-03-14T23:35:01+00:00","dateModified":"2014-03-15T01:06:49+00:00","breadcrumb":{"@id":"https:\/\/www.criserb.com\/blog\/semafoarele-de-la-mall-vitan-nu-merg-noaptea\/#breadcrumb"},"inLanguage":"en-US","potentialAction":[{"@type":"ReadAction","target":["https:\/\/www.criserb.com\/blog\/semafoarele-de-la-mall-vitan-nu-merg-noaptea\/"]}]},{"@type":"ImageObject","inLanguage":"en-US","@id":"https:\/\/www.criserb.com\/blog\/semafoarele-de-la-mall-vitan-nu-merg-noaptea\/#primaryimage","url":"https:\/\/www.criserb.com\/blog\/poze\/2014\/03\/20140314_232636.jpg","contentUrl":"https:\/\/www.criserb.com\/blog\/poze\/2014\/03\/20140314_232636.jpg","width":630,"height":473},{"@type":"BreadcrumbList","@id":"https:\/\/www.criserb.com\/blog\/semafoarele-de-la-mall-vitan-nu-merg-noaptea\/#breadcrumb","itemListElement":[{"@type":"ListItem","position":1,"name":"Home","item":"https:\/\/www.criserb.com\/blog\/"},{"@type":"ListItem","position":2,"name":"Semafoarele de la Mall Vitan nu merg noaptea"}]},{"@type":"WebSite","@id":"https:\/\/www.criserb.com\/blog\/#website","url":"https:\/\/www.criserb.com\/blog\/","name":"criserb.com","description":"Nimic ce merita citit :)","publisher":{"@id":"https:\/\/www.criserb.com\/blog\/#\/schema\/person\/8df5199bda4e628c32a10f318d8602b5"},"potentialAction":[{"@type":"SearchAction","target":{"@type":"EntryPoint","urlTemplate":"https:\/\/www.criserb.com\/blog\/?s={search_term_string}"},"query-input":{"@type":"PropertyValueSpecification","valueRequired":true,"valueName":"search_term_string"}}],"inLanguage":"en-US"},{"@type":["Person","Organization"],"@id":"https:\/\/www.criserb.com\/blog\/#\/schema\/person\/8df5199bda4e628c32a10f318d8602b5","name":"criserb","image":{"@type":"ImageObject","inLanguage":"en-US","@id":"https:\/\/www.criserb.com\/blog\/#\/schema\/person\/image\/","url":"http:\/\/0.gravatar.com\/avatar\/fdb6cca710f39545f0c4b5b936c390b4?s=96&d=monsterid&r=pg","contentUrl":"http:\/\/0.gravatar.com\/avatar\/fdb6cca710f39545f0c4b5b936c390b4?s=96&d=monsterid&r=pg","caption":"criserb"},"logo":{"@id":"https:\/\/www.criserb.com\/blog\/#\/schema\/person\/image\/"},"sameAs":["http:\/\/www.criserb.com"],"url":"https:\/\/www.criserb.com\/blog\/author\/criserb\/"}]}},"_links":{"self":[{"href":"https:\/\/www.criserb.com\/blog\/wp-json\/wp\/v2\/posts\/28067"}],"collection":[{"href":"https:\/\/www.criserb.com\/blog\/wp-json\/wp\/v2\/posts"}],"about":[{"href":"https:\/\/www.criserb.com\/blog\/wp-json\/wp\/v2\/types\/post"}],"author":[{"embeddable":true,"href":"https:\/\/www.criserb.com\/blog\/wp-json\/wp\/v2\/users\/3"}],"replies":[{"embeddable":true,"href":"https:\/\/www.criserb.com\/blog\/wp-json\/wp\/v2\/comments?post=28067"}],"version-history":[{"count":0,"href":"https:\/\/www.criserb.com\/blog\/wp-json\/wp\/v2\/posts\/28067\/revisions"}],"wp:featuredmedia":[{"embeddable":true,"href":"https:\/\/www.criserb.com\/blog\/wp-json\/wp\/v2\/media\/28068"}],"wp:attachment":[{"href":"https:\/\/www.criserb.com\/blog\/wp-json\/wp\/v2\/media?parent=28067"}],"wp:term":[{"taxonomy":"category","embeddable":true,"href":"https:\/\/www.criserb.com\/blog\/wp-json\/wp\/v2\/categories?post=28067"},{"taxonomy":"post_tag","embeddable":true,"href":"https:\/\/www.criserb.com\/blog\/wp-json\/wp\/v2\/tags?post=28067"}],"curies":[{"name":"wp","href":"https:\/\/api.w.org\/{rel}","templated":true}]}}