{"id":28100,"date":"2014-03-18T14:15:38","date_gmt":"2014-03-18T12:15:38","guid":{"rendered":"http:\/\/www.criserb.com\/blog\/?p=28100"},"modified":"2014-03-18T14:15:38","modified_gmt":"2014-03-18T12:15:38","slug":"venetia-vrea-sa-se-desprinda-de-italia-si-sa-redevina-republica-venetia","status":"publish","type":"post","link":"https:\/\/www.criserb.com\/blog\/venetia-vrea-sa-se-desprinda-de-italia-si-sa-redevina-republica-venetia\/","title":{"rendered":"Vene\u021bia vrea s\u0103 se desprind\u0103 de Italia \u0219i s\u0103 redevin\u0103 Republica Vene\u021bia"},"content":{"rendered":"<p><a href=\"http:\/\/www.criserb.com\/blog\/poze\/2014\/03\/venetia.jpg\"><img loading=\"lazy\" decoding=\"async\" class=\"aligncenter size-full wp-image-28101\" alt=\"venetia\" src=\"http:\/\/www.criserb.com\/blog\/poze\/2014\/03\/venetia.jpg\" width=\"2496\" height=\"1664\" srcset=\"https:\/\/www.criserb.com\/blog\/poze\/2014\/03\/venetia.jpg 2496w, https:\/\/www.criserb.com\/blog\/poze\/2014\/03\/venetia-300x200.jpg 300w, https:\/\/www.criserb.com\/blog\/poze\/2014\/03\/venetia-1200x800.jpg 1200w\" sizes=\"(max-width: 2496px) 100vw, 2496px\" \/><\/a><\/p>\n<p>Toat\u0103 lumea este cu ochii pe alegerile care au loc \u00een Crimea, foarte pu\u021bini sunt cei care au aflat c\u0103 un astfel de referendum are loc acum \u0219i \u00een Vene\u021bia, pentru c\u0103 cet\u0103\u021benii acesteia doresc s\u0103 se desprind\u0103 de Italia \u0219i s\u0103 refac\u0103 ceea ce a fost odat\u0103 Republica Vene\u021bia.<\/p>\n<p>Referendumul din Vene\u021bia a \u00eenceput de duminica trecut\u0103 (16.03.2014) \u0219i se termin\u0103 vineri pe 21 martie.<\/p>\n<p>Conform ultimelor sondaje se pare c\u0103 peste 60% din votan\u021bi sunt pentru independen\u021b\u0103.<\/p>\n<p>Vene\u021bienii doresc desprinderea de Italia pentru c\u0103 pl\u0103tesc foarte multe taxe c\u0103tre Roma, dar foarte pu\u021bini bani se \u00eentorc \u00eenapoi. Ei sus\u021bin c\u0103 Vene\u021bia aduce statului italian cele mai multe venituri, din turism, \u0219i asta nu prea se reflect\u0103 cu nimic asupra Vene\u021biei.<\/p>\n<blockquote><p><em>From a fiscal standpoint there\u2019s a huge gap between what we pay in taxes and what we receive as public service. We are talking about a difference of 20 billion euro<\/em>.<\/p>\n<p style=\"text-align: right;\">Lodovico Pizzati<\/p>\n<\/blockquote>\n<p>\u00cen cazul \u00een care Vene\u021bia ar deveni provincie autonom\u0103 banii ar r\u0103m\u00e2ne acolo \u0219i ar putea s\u0103 se dezvolte mult mai u\u0219or. Ceea ce pare chiar logic. Bine nu este firesc ca orice provincie mai bogat\u0103 s\u0103-\u0219i cear\u0103 independen\u021ba, ar trebui s\u0103 se mai g\u00e2ndeasc\u0103 \u0219i la restul popula\u021biei, dar asta este o alt\u0103 poveste.<\/p>\n<p>O s\u0103 vedem dup\u0103 finalul referendumului ce o s\u0103 se \u00eent\u00e2mple, p\u00e2n\u0103 atunci putem doar s\u0103 sper\u0103m c\u0103 nu o s\u0103 avem nevoie de viz\u0103 ca s\u0103 vizit\u0103m frumosul ora\u0219.<\/p>\n<p><em>P.S. Partea cu viza era o glum\u0103, ei au tot interesul s\u0103-\u0219i men\u021bin\u0103 crescut num\u0103rul de turi\u0219ti.<\/em><\/p>\n","protected":false},"excerpt":{"rendered":"<p>Toat\u0103 lumea este cu ochii pe alegerile care au loc \u00een Crimea, foarte pu\u021bini sunt cei care au aflat c\u0103 un astfel de referendum are loc acum \u0219i \u00een Vene\u021bia, pentru c\u0103 cet\u0103\u021benii acesteia doresc s\u0103 se desprind\u0103 de Italia \u0219i s\u0103 refac\u0103 ceea ce a fost odat\u0103 Republica Vene\u021bia. Referendumul din Vene\u021bia a \u00eenceput&hellip;<\/p>\n","protected":false},"author":3,"featured_media":28101,"comment_status":"open","ping_status":"open","sticky":false,"template":"","format":"standard","meta":{"footnotes":""},"categories":[31],"tags":[5838,2089,5836,5837,2329],"yoast_head":"<!-- This site is optimized with the Yoast SEO plugin v24.5 - https:\/\/yoast.com\/wordpress\/plugins\/seo\/ -->\n<title>Vene\u021bia vrea s\u0103 se desprind\u0103 de Italia \u0219i s\u0103 redevin\u0103 Republica Vene\u021bia<\/title>\n<meta name=\"robots\" content=\"index, follow, max-snippet:-1, max-image-preview:large, max-video-preview:-1\" \/>\n<link rel=\"canonical\" href=\"https:\/\/www.criserb.com\/blog\/venetia-vrea-sa-se-desprinda-de-italia-si-sa-redevina-republica-venetia\/\" \/>\n<meta name=\"twitter:label1\" content=\"Written by\" \/>\n\t<meta name=\"twitter:data1\" content=\"criserb\" \/>\n\t<meta name=\"twitter:label2\" content=\"Est. reading time\" \/>\n\t<meta name=\"twitter:data2\" content=\"1 minute\" \/>\n<script type=\"application\/ld+json\" class=\"yoast-schema-graph\">{\"@context\":\"https:\/\/schema.org\",\"@graph\":[{\"@type\":\"Article\",\"@id\":\"https:\/\/www.criserb.com\/blog\/venetia-vrea-sa-se-desprinda-de-italia-si-sa-redevina-republica-venetia\/#article\",\"isPartOf\":{\"@id\":\"https:\/\/www.criserb.com\/blog\/venetia-vrea-sa-se-desprinda-de-italia-si-sa-redevina-republica-venetia\/\"},\"author\":{\"name\":\"criserb\",\"@id\":\"https:\/\/www.criserb.com\/blog\/#\/schema\/person\/8df5199bda4e628c32a10f318d8602b5\"},\"headline\":\"Vene\u021bia vrea s\u0103 se desprind\u0103 de Italia \u0219i s\u0103 redevin\u0103 Republica Vene\u021bia\",\"datePublished\":\"2014-03-18T12:15:38+00:00\",\"mainEntityOfPage\":{\"@id\":\"https:\/\/www.criserb.com\/blog\/venetia-vrea-sa-se-desprinda-de-italia-si-sa-redevina-republica-venetia\/\"},\"wordCount\":300,\"commentCount\":0,\"publisher\":{\"@id\":\"https:\/\/www.criserb.com\/blog\/#\/schema\/person\/8df5199bda4e628c32a10f318d8602b5\"},\"image\":{\"@id\":\"https:\/\/www.criserb.com\/blog\/venetia-vrea-sa-se-desprinda-de-italia-si-sa-redevina-republica-venetia\/#primaryimage\"},\"thumbnailUrl\":\"https:\/\/www.criserb.com\/blog\/poze\/2014\/03\/venetia.jpg\",\"keywords\":[\"Independen\u021b\u0103\",\"Italia\",\"Referendum Vene\u021bia\",\"Republica Vene\u021bia\",\"Venetia\"],\"articleSection\":[\"Stiri\"],\"inLanguage\":\"en-US\",\"potentialAction\":[{\"@type\":\"CommentAction\",\"name\":\"Comment\",\"target\":[\"https:\/\/www.criserb.com\/blog\/venetia-vrea-sa-se-desprinda-de-italia-si-sa-redevina-republica-venetia\/#respond\"]}]},{\"@type\":\"WebPage\",\"@id\":\"https:\/\/www.criserb.com\/blog\/venetia-vrea-sa-se-desprinda-de-italia-si-sa-redevina-republica-venetia\/\",\"url\":\"https:\/\/www.criserb.com\/blog\/venetia-vrea-sa-se-desprinda-de-italia-si-sa-redevina-republica-venetia\/\",\"name\":\"Vene\u021bia vrea s\u0103 se desprind\u0103 de Italia \u0219i s\u0103 redevin\u0103 Republica Vene\u021bia\",\"isPartOf\":{\"@id\":\"https:\/\/www.criserb.com\/blog\/#website\"},\"primaryImageOfPage\":{\"@id\":\"https:\/\/www.criserb.com\/blog\/venetia-vrea-sa-se-desprinda-de-italia-si-sa-redevina-republica-venetia\/#primaryimage\"},\"image\":{\"@id\":\"https:\/\/www.criserb.com\/blog\/venetia-vrea-sa-se-desprinda-de-italia-si-sa-redevina-republica-venetia\/#primaryimage\"},\"thumbnailUrl\":\"https:\/\/www.criserb.com\/blog\/poze\/2014\/03\/venetia.jpg\",\"datePublished\":\"2014-03-18T12:15:38+00:00\",\"breadcrumb\":{\"@id\":\"https:\/\/www.criserb.com\/blog\/venetia-vrea-sa-se-desprinda-de-italia-si-sa-redevina-republica-venetia\/#breadcrumb\"},\"inLanguage\":\"en-US\",\"potentialAction\":[{\"@type\":\"ReadAction\",\"target\":[\"https:\/\/www.criserb.com\/blog\/venetia-vrea-sa-se-desprinda-de-italia-si-sa-redevina-republica-venetia\/\"]}]},{\"@type\":\"ImageObject\",\"inLanguage\":\"en-US\",\"@id\":\"https:\/\/www.criserb.com\/blog\/venetia-vrea-sa-se-desprinda-de-italia-si-sa-redevina-republica-venetia\/#primaryimage\",\"url\":\"https:\/\/www.criserb.com\/blog\/poze\/2014\/03\/venetia.jpg\",\"contentUrl\":\"https:\/\/www.criserb.com\/blog\/poze\/2014\/03\/venetia.jpg\",\"width\":2496,\"height\":1664},{\"@type\":\"BreadcrumbList\",\"@id\":\"https:\/\/www.criserb.com\/blog\/venetia-vrea-sa-se-desprinda-de-italia-si-sa-redevina-republica-venetia\/#breadcrumb\",\"itemListElement\":[{\"@type\":\"ListItem\",\"position\":1,\"name\":\"Home\",\"item\":\"https:\/\/www.criserb.com\/blog\/\"},{\"@type\":\"ListItem\",\"position\":2,\"name\":\"Vene\u021bia vrea s\u0103 se desprind\u0103 de Italia \u0219i s\u0103 redevin\u0103 Republica Vene\u021bia\"}]},{\"@type\":\"WebSite\",\"@id\":\"https:\/\/www.criserb.com\/blog\/#website\",\"url\":\"https:\/\/www.criserb.com\/blog\/\",\"name\":\"criserb.com\",\"description\":\"Nimic ce merita citit :)\",\"publisher\":{\"@id\":\"https:\/\/www.criserb.com\/blog\/#\/schema\/person\/8df5199bda4e628c32a10f318d8602b5\"},\"potentialAction\":[{\"@type\":\"SearchAction\",\"target\":{\"@type\":\"EntryPoint\",\"urlTemplate\":\"https:\/\/www.criserb.com\/blog\/?s={search_term_string}\"},\"query-input\":{\"@type\":\"PropertyValueSpecification\",\"valueRequired\":true,\"valueName\":\"search_term_string\"}}],\"inLanguage\":\"en-US\"},{\"@type\":[\"Person\",\"Organization\"],\"@id\":\"https:\/\/www.criserb.com\/blog\/#\/schema\/person\/8df5199bda4e628c32a10f318d8602b5\",\"name\":\"criserb\",\"image\":{\"@type\":\"ImageObject\",\"inLanguage\":\"en-US\",\"@id\":\"https:\/\/www.criserb.com\/blog\/#\/schema\/person\/image\/\",\"url\":\"http:\/\/0.gravatar.com\/avatar\/fdb6cca710f39545f0c4b5b936c390b4?s=96&d=monsterid&r=pg\",\"contentUrl\":\"http:\/\/0.gravatar.com\/avatar\/fdb6cca710f39545f0c4b5b936c390b4?s=96&d=monsterid&r=pg\",\"caption\":\"criserb\"},\"logo\":{\"@id\":\"https:\/\/www.criserb.com\/blog\/#\/schema\/person\/image\/\"},\"sameAs\":[\"http:\/\/www.criserb.com\"],\"url\":\"https:\/\/www.criserb.com\/blog\/author\/criserb\/\"}]}<\/script>\n<!-- \/ Yoast SEO plugin. -->","yoast_head_json":{"title":"Vene\u021bia vrea s\u0103 se desprind\u0103 de Italia \u0219i s\u0103 redevin\u0103 Republica Vene\u021bia","robots":{"index":"index","follow":"follow","max-snippet":"max-snippet:-1","max-image-preview":"max-image-preview:large","max-video-preview":"max-video-preview:-1"},"canonical":"https:\/\/www.criserb.com\/blog\/venetia-vrea-sa-se-desprinda-de-italia-si-sa-redevina-republica-venetia\/","twitter_misc":{"Written by":"criserb","Est. reading time":"1 minute"},"schema":{"@context":"https:\/\/schema.org","@graph":[{"@type":"Article","@id":"https:\/\/www.criserb.com\/blog\/venetia-vrea-sa-se-desprinda-de-italia-si-sa-redevina-republica-venetia\/#article","isPartOf":{"@id":"https:\/\/www.criserb.com\/blog\/venetia-vrea-sa-se-desprinda-de-italia-si-sa-redevina-republica-venetia\/"},"author":{"name":"criserb","@id":"https:\/\/www.criserb.com\/blog\/#\/schema\/person\/8df5199bda4e628c32a10f318d8602b5"},"headline":"Vene\u021bia vrea s\u0103 se desprind\u0103 de Italia \u0219i s\u0103 redevin\u0103 Republica Vene\u021bia","datePublished":"2014-03-18T12:15:38+00:00","mainEntityOfPage":{"@id":"https:\/\/www.criserb.com\/blog\/venetia-vrea-sa-se-desprinda-de-italia-si-sa-redevina-republica-venetia\/"},"wordCount":300,"commentCount":0,"publisher":{"@id":"https:\/\/www.criserb.com\/blog\/#\/schema\/person\/8df5199bda4e628c32a10f318d8602b5"},"image":{"@id":"https:\/\/www.criserb.com\/blog\/venetia-vrea-sa-se-desprinda-de-italia-si-sa-redevina-republica-venetia\/#primaryimage"},"thumbnailUrl":"https:\/\/www.criserb.com\/blog\/poze\/2014\/03\/venetia.jpg","keywords":["Independen\u021b\u0103","Italia","Referendum Vene\u021bia","Republica Vene\u021bia","Venetia"],"articleSection":["Stiri"],"inLanguage":"en-US","potentialAction":[{"@type":"CommentAction","name":"Comment","target":["https:\/\/www.criserb.com\/blog\/venetia-vrea-sa-se-desprinda-de-italia-si-sa-redevina-republica-venetia\/#respond"]}]},{"@type":"WebPage","@id":"https:\/\/www.criserb.com\/blog\/venetia-vrea-sa-se-desprinda-de-italia-si-sa-redevina-republica-venetia\/","url":"https:\/\/www.criserb.com\/blog\/venetia-vrea-sa-se-desprinda-de-italia-si-sa-redevina-republica-venetia\/","name":"Vene\u021bia vrea s\u0103 se desprind\u0103 de Italia \u0219i s\u0103 redevin\u0103 Republica Vene\u021bia","isPartOf":{"@id":"https:\/\/www.criserb.com\/blog\/#website"},"primaryImageOfPage":{"@id":"https:\/\/www.criserb.com\/blog\/venetia-vrea-sa-se-desprinda-de-italia-si-sa-redevina-republica-venetia\/#primaryimage"},"image":{"@id":"https:\/\/www.criserb.com\/blog\/venetia-vrea-sa-se-desprinda-de-italia-si-sa-redevina-republica-venetia\/#primaryimage"},"thumbnailUrl":"https:\/\/www.criserb.com\/blog\/poze\/2014\/03\/venetia.jpg","datePublished":"2014-03-18T12:15:38+00:00","breadcrumb":{"@id":"https:\/\/www.criserb.com\/blog\/venetia-vrea-sa-se-desprinda-de-italia-si-sa-redevina-republica-venetia\/#breadcrumb"},"inLanguage":"en-US","potentialAction":[{"@type":"ReadAction","target":["https:\/\/www.criserb.com\/blog\/venetia-vrea-sa-se-desprinda-de-italia-si-sa-redevina-republica-venetia\/"]}]},{"@type":"ImageObject","inLanguage":"en-US","@id":"https:\/\/www.criserb.com\/blog\/venetia-vrea-sa-se-desprinda-de-italia-si-sa-redevina-republica-venetia\/#primaryimage","url":"https:\/\/www.criserb.com\/blog\/poze\/2014\/03\/venetia.jpg","contentUrl":"https:\/\/www.criserb.com\/blog\/poze\/2014\/03\/venetia.jpg","width":2496,"height":1664},{"@type":"BreadcrumbList","@id":"https:\/\/www.criserb.com\/blog\/venetia-vrea-sa-se-desprinda-de-italia-si-sa-redevina-republica-venetia\/#breadcrumb","itemListElement":[{"@type":"ListItem","position":1,"name":"Home","item":"https:\/\/www.criserb.com\/blog\/"},{"@type":"ListItem","position":2,"name":"Vene\u021bia vrea s\u0103 se desprind\u0103 de Italia \u0219i s\u0103 redevin\u0103 Republica Vene\u021bia"}]},{"@type":"WebSite","@id":"https:\/\/www.criserb.com\/blog\/#website","url":"https:\/\/www.criserb.com\/blog\/","name":"criserb.com","description":"Nimic ce merita citit :)","publisher":{"@id":"https:\/\/www.criserb.com\/blog\/#\/schema\/person\/8df5199bda4e628c32a10f318d8602b5"},"potentialAction":[{"@type":"SearchAction","target":{"@type":"EntryPoint","urlTemplate":"https:\/\/www.criserb.com\/blog\/?s={search_term_string}"},"query-input":{"@type":"PropertyValueSpecification","valueRequired":true,"valueName":"search_term_string"}}],"inLanguage":"en-US"},{"@type":["Person","Organization"],"@id":"https:\/\/www.criserb.com\/blog\/#\/schema\/person\/8df5199bda4e628c32a10f318d8602b5","name":"criserb","image":{"@type":"ImageObject","inLanguage":"en-US","@id":"https:\/\/www.criserb.com\/blog\/#\/schema\/person\/image\/","url":"http:\/\/0.gravatar.com\/avatar\/fdb6cca710f39545f0c4b5b936c390b4?s=96&d=monsterid&r=pg","contentUrl":"http:\/\/0.gravatar.com\/avatar\/fdb6cca710f39545f0c4b5b936c390b4?s=96&d=monsterid&r=pg","caption":"criserb"},"logo":{"@id":"https:\/\/www.criserb.com\/blog\/#\/schema\/person\/image\/"},"sameAs":["http:\/\/www.criserb.com"],"url":"https:\/\/www.criserb.com\/blog\/author\/criserb\/"}]}},"_links":{"self":[{"href":"https:\/\/www.criserb.com\/blog\/wp-json\/wp\/v2\/posts\/28100"}],"collection":[{"href":"https:\/\/www.criserb.com\/blog\/wp-json\/wp\/v2\/posts"}],"about":[{"href":"https:\/\/www.criserb.com\/blog\/wp-json\/wp\/v2\/types\/post"}],"author":[{"embeddable":true,"href":"https:\/\/www.criserb.com\/blog\/wp-json\/wp\/v2\/users\/3"}],"replies":[{"embeddable":true,"href":"https:\/\/www.criserb.com\/blog\/wp-json\/wp\/v2\/comments?post=28100"}],"version-history":[{"count":0,"href":"https:\/\/www.criserb.com\/blog\/wp-json\/wp\/v2\/posts\/28100\/revisions"}],"wp:featuredmedia":[{"embeddable":true,"href":"https:\/\/www.criserb.com\/blog\/wp-json\/wp\/v2\/media\/28101"}],"wp:attachment":[{"href":"https:\/\/www.criserb.com\/blog\/wp-json\/wp\/v2\/media?parent=28100"}],"wp:term":[{"taxonomy":"category","embeddable":true,"href":"https:\/\/www.criserb.com\/blog\/wp-json\/wp\/v2\/categories?post=28100"},{"taxonomy":"post_tag","embeddable":true,"href":"https:\/\/www.criserb.com\/blog\/wp-json\/wp\/v2\/tags?post=28100"}],"curies":[{"name":"wp","href":"https:\/\/api.w.org\/{rel}","templated":true}]}}