{"id":28192,"date":"2014-03-25T12:20:19","date_gmt":"2014-03-25T10:20:19","guid":{"rendered":"http:\/\/www.criserb.com\/blog\/?p=28192"},"modified":"2014-03-26T16:54:24","modified_gmt":"2014-03-26T14:54:24","slug":"cu-piciorul-pe-frana-la-semafor","status":"publish","type":"post","link":"https:\/\/www.criserb.com\/blog\/cu-piciorul-pe-frana-la-semafor\/","title":{"rendered":"Cu piciorul pe fr\u00e2n\u0103 la semafor"},"content":{"rendered":"<p><img loading=\"lazy\" decoding=\"async\" class=\"aligncenter size-full wp-image-28198\" alt=\"stopuri-pe-frana\" src=\"http:\/\/www.criserb.com\/blog\/poze\/2014\/03\/stopuri-pe-frana.jpg\" width=\"761\" height=\"445\" srcset=\"https:\/\/www.criserb.com\/blog\/poze\/2014\/03\/stopuri-pe-frana.jpg 761w, https:\/\/www.criserb.com\/blog\/poze\/2014\/03\/stopuri-pe-frana-300x175.jpg 300w\" sizes=\"(max-width: 761px) 100vw, 761px\" \/><\/p>\n<p><em>Am s\u0103 scriu un text \u00een care v\u0103 povestesc o chestie de fine\u021be, o chestie de care mul\u021bi \u0219oferi nu \u021bin cont sau nici m\u0103car nu se g\u00e2ndesc la ea. Nu este o chestie grav\u0103, nu este interzis\u0103 de lege (la noi \u00een \u021bar\u0103), dar este o chestie care &#8211; cel pu\u021bin pe mine &#8211; m\u0103 deranjeaz\u0103.<\/em><\/p>\n<p>Este vorba despre cei care stau <strong>cu piciorul pe fr\u00e2n\u0103 la semafor<\/strong>. Sunt at\u00e2\u021bia care fac asta \u00eenc\u00e2t a\u0219 putea s\u0103 cred c\u0103 este un fenomen na\u021bional \u0219i aproape c\u0103-\u021bi d\u0103 senza\u021bia c\u0103 avem \u021bara \u00een pant\u0103.<\/p>\n<p>Nu \u0219tiu cum sunte\u021bi voi, dar eu c\u00e2nd stau \u00een spatele unuia care st\u0103 cu piciorul pe fr\u00e2n\u0103 la semafor m\u0103 simt deranjat de stopurile lui. Eu prefer s\u0103 nu stau cu piciorul pe fr\u00e2n\u0103 pentru c\u0103 m\u0103 g\u00e2ndesc \u00eentotdeauna la cel din spatele meu \u0219i prefer s\u0103 nu-l deranjez. Adic\u0103, ceea ce mie nu-mi place s\u0103 nu-i fac nici eu altuia.<\/p>\n<p>Sunt curios de ce este at\u00e2t de r\u0103sp\u00e2ndit acest fenomen, oare a\u0219a au fost \u00eenv\u0103\u021ba\u021bi oamenii la \u0219coala de \u0219oferi? Sincer nu mai \u021bin minte cum am fost eu \u00eenv\u0103\u021bat, au trecut ni\u0219te ani de atunci, dar via\u021ba m-a \u00eenv\u0103\u021bat c\u0103 nu este frumos s\u0103-i deranjezi pe al\u021bii.<\/p>\n<p>Mai sunt cazurile \u00een care participan\u021bii la trafic circul\u0103 cu luminile de cea\u021b\u0103 aprinse chiar dac\u0103 nu este cea\u021b\u0103, sau chiar dac\u0103 sunt \u00een ora\u0219 \u0219i stau de minute bune \u00eentr-o coad\u0103 la un semafor. Tot aprinse le \u021bin. Nu conteaz\u0103 c\u0103 vizibilitatea este ok, c\u0103 se vede \u00eenc\u0103 vreo 100 m \u00een fa\u021b\u0103, ei tot cu cea\u021ba aprins\u0103 stau, pentru ca deh, este cea\u021b\u0103.<\/p>\n<p>Sunt chestii care ar trebui s\u0103 ne dea pu\u021bin de g\u00e2ndit \u0219i s\u0103 ne mai pun\u0103 \u0219i mintea la contribu\u021bie \u0219i s\u0103 nu aplic\u0103m orice scrie \u00een lege doar a\u0219a, pentru c\u0103 scrie acolo. <strong>S\u0103 \u00een\u021belegem care este scopul luminilor pentru cea\u021b\u0103 \u0219i s\u0103 le folosim numai atunci c\u00e2nd ele sunt chiar necesare<\/strong>. A\u0219a cum \u00eel vedem noi pe cel din fa\u021b\u0103, a\u0219a suntem v\u0103zu\u021bi \u0219i noi la r\u00e2ndul nostru de c\u0103tre cei din spate. Dac\u0103 pe noi ne orbe\u0219te cel din fa\u021b\u0103 a\u0219a \u00eel orbim \u0219i noi pe cel din urma noastr\u0103, iar dac\u0103 noi avem vizibilitate de 100 m a\u0219a au \u0219i ceilal\u021bi participan\u021bi la trafic.<\/p>\n<p>Chestiile astea sunt deranjante mai ales atunci c\u00e2nd vremea este ploioas\u0103, c\u00e2nd mai este \u0219i \u00eentuneric, luminile astea \u00een plus fac s\u0103 ne scad\u0103 aten\u021bia la lucrurile cu adev\u0103rat importante. Atunci c\u00e2nd ai o lumin\u0103 b\u0103gat\u0103 \u00een ochi, ochiul se \u00eenchide pu\u021bin pentru a se proteja de respectiva lumin\u0103 \u0219i atunci lucrurile cu adev\u0103rat importante, ce se \u00eent\u00e2mpl\u0103 \u00een direc\u021bia luminii respective, este posibil s\u0103 nu le mai vedem.<\/p>\n<p>Poate o s\u0103 \u00eemi zice\u021bi c\u0103 nu am dreptate, dar ceea ce v\u0103 spun eu aici este doar o chestie op\u021bional\u0103 care \u021bine mai mult de <strong>respectul pentru cel\u0103lalt participant la trafic<\/strong>. \u00cen alte \u021b\u0103ri chestiile astea sunt prev\u0103zute prin lege. De exemplu <strong>\u00een Anglia nu ai voie s\u0103 stai la semafor cu piciorul pe fr\u00e2n\u0103<\/strong>, la ei chestia asta este interzis\u0103 \u0219i se pedepse\u0219te cu o amend\u0103 destul de mare. La ei \u0219oferii au \u00eenv\u0103\u021bat c\u0103 se poate \u0219i f\u0103r\u0103 s\u0103 stea cu piciorul pe fr\u00e2n\u0103.<\/p>\n<p>La noi nu exist\u0103 o lege care s\u0103 reglementeze chestia asta, cel pu\u021bin nu deocamdat\u0103. \u0218i dac\u0103 nu exist\u0103 hai m\u0103car s\u0103 \u00eencerc\u0103m s\u0103 ne g\u00e2ndim la cel din spatele nostru atunci c\u00e2nd drumul ne permite chestia asta. Dac\u0103 stam pe un plan drept \u0219i vedem c\u0103 ma\u0219ina nu merge nici \u00een spate \u0219i nici \u00een fa\u021b\u0103, hai s\u0103 nu mai st\u0103m aiurea cu piciorul pe fr\u00e2n\u0103, chiar nu ne ajut\u0103 la nimic. \u00cen plus mai aveam \u0219i fr\u00e2na de serviciu (de m\u00e2n\u0103), aia nu-i f\u0103cut\u0103 pentru a fi folosit\u0103 doar \u00een parcare.<\/p>\n<p><em>P.S. A\u0219a cum am spus, \u0219tiu c\u0103 ceea ce am scris este o chestie de fine\u021be, \u0219tiu c\u0103 avem probleme mult mai mari \u00een trafic, dar \u00een m\u0103sura \u00een care putem s\u0103 fim mai buni, de ce s\u0103 nu o facem?<\/em><\/p>\n","protected":false},"excerpt":{"rendered":"<p>Am s\u0103 scriu un text \u00een care v\u0103 povestesc o chestie de fine\u021be, o chestie de care mul\u021bi \u0219oferi nu \u021bin cont sau nici m\u0103car nu se g\u00e2ndesc la ea. Nu este o chestie grav\u0103, nu este interzis\u0103 de lege (la noi \u00een \u021bar\u0103), dar este o chestie care &#8211; cel pu\u021bin pe mine &#8211;&hellip;<\/p>\n","protected":false},"author":3,"featured_media":28198,"comment_status":"open","ping_status":"open","sticky":false,"template":"","format":"standard","meta":{"footnotes":""},"categories":[260],"tags":[5883,5882,5884],"yoast_head":"<!-- This site is optimized with the Yoast SEO plugin v24.5 - https:\/\/yoast.com\/wordpress\/plugins\/seo\/ -->\n<title>Cu piciorul pe fr\u00e2n\u0103 la semafor<\/title>\n<meta name=\"robots\" content=\"index, follow, max-snippet:-1, max-image-preview:large, max-video-preview:-1\" \/>\n<link rel=\"canonical\" href=\"https:\/\/www.criserb.com\/blog\/cu-piciorul-pe-frana-la-semafor\/\" \/>\n<meta name=\"twitter:label1\" content=\"Written by\" \/>\n\t<meta name=\"twitter:data1\" content=\"criserb\" \/>\n\t<meta name=\"twitter:label2\" content=\"Est. reading time\" \/>\n\t<meta name=\"twitter:data2\" content=\"4 minutes\" \/>\n<script type=\"application\/ld+json\" class=\"yoast-schema-graph\">{\"@context\":\"https:\/\/schema.org\",\"@graph\":[{\"@type\":\"Article\",\"@id\":\"https:\/\/www.criserb.com\/blog\/cu-piciorul-pe-frana-la-semafor\/#article\",\"isPartOf\":{\"@id\":\"https:\/\/www.criserb.com\/blog\/cu-piciorul-pe-frana-la-semafor\/\"},\"author\":{\"name\":\"criserb\",\"@id\":\"https:\/\/www.criserb.com\/blog\/#\/schema\/person\/8df5199bda4e628c32a10f318d8602b5\"},\"headline\":\"Cu piciorul pe fr\u00e2n\u0103 la semafor\",\"datePublished\":\"2014-03-25T10:20:19+00:00\",\"dateModified\":\"2014-03-26T14:54:24+00:00\",\"mainEntityOfPage\":{\"@id\":\"https:\/\/www.criserb.com\/blog\/cu-piciorul-pe-frana-la-semafor\/\"},\"wordCount\":755,\"commentCount\":56,\"publisher\":{\"@id\":\"https:\/\/www.criserb.com\/blog\/#\/schema\/person\/8df5199bda4e628c32a10f318d8602b5\"},\"image\":{\"@id\":\"https:\/\/www.criserb.com\/blog\/cu-piciorul-pe-frana-la-semafor\/#primaryimage\"},\"thumbnailUrl\":\"https:\/\/www.criserb.com\/blog\/poze\/2014\/03\/stopuri-pe-frana.jpg\",\"keywords\":[\"Cu piciorul pe fr\u00e2n\u0103 la semafor\",\"Fr\u00e2na la semafor\",\"Stat cu piciorul pe fr\u00e2n\u0103\"],\"articleSection\":[\"trafic\"],\"inLanguage\":\"en-US\",\"potentialAction\":[{\"@type\":\"CommentAction\",\"name\":\"Comment\",\"target\":[\"https:\/\/www.criserb.com\/blog\/cu-piciorul-pe-frana-la-semafor\/#respond\"]}]},{\"@type\":\"WebPage\",\"@id\":\"https:\/\/www.criserb.com\/blog\/cu-piciorul-pe-frana-la-semafor\/\",\"url\":\"https:\/\/www.criserb.com\/blog\/cu-piciorul-pe-frana-la-semafor\/\",\"name\":\"Cu piciorul pe fr\u00e2n\u0103 la semafor\",\"isPartOf\":{\"@id\":\"https:\/\/www.criserb.com\/blog\/#website\"},\"primaryImageOfPage\":{\"@id\":\"https:\/\/www.criserb.com\/blog\/cu-piciorul-pe-frana-la-semafor\/#primaryimage\"},\"image\":{\"@id\":\"https:\/\/www.criserb.com\/blog\/cu-piciorul-pe-frana-la-semafor\/#primaryimage\"},\"thumbnailUrl\":\"https:\/\/www.criserb.com\/blog\/poze\/2014\/03\/stopuri-pe-frana.jpg\",\"datePublished\":\"2014-03-25T10:20:19+00:00\",\"dateModified\":\"2014-03-26T14:54:24+00:00\",\"breadcrumb\":{\"@id\":\"https:\/\/www.criserb.com\/blog\/cu-piciorul-pe-frana-la-semafor\/#breadcrumb\"},\"inLanguage\":\"en-US\",\"potentialAction\":[{\"@type\":\"ReadAction\",\"target\":[\"https:\/\/www.criserb.com\/blog\/cu-piciorul-pe-frana-la-semafor\/\"]}]},{\"@type\":\"ImageObject\",\"inLanguage\":\"en-US\",\"@id\":\"https:\/\/www.criserb.com\/blog\/cu-piciorul-pe-frana-la-semafor\/#primaryimage\",\"url\":\"https:\/\/www.criserb.com\/blog\/poze\/2014\/03\/stopuri-pe-frana.jpg\",\"contentUrl\":\"https:\/\/www.criserb.com\/blog\/poze\/2014\/03\/stopuri-pe-frana.jpg\",\"width\":761,\"height\":445},{\"@type\":\"BreadcrumbList\",\"@id\":\"https:\/\/www.criserb.com\/blog\/cu-piciorul-pe-frana-la-semafor\/#breadcrumb\",\"itemListElement\":[{\"@type\":\"ListItem\",\"position\":1,\"name\":\"Home\",\"item\":\"https:\/\/www.criserb.com\/blog\/\"},{\"@type\":\"ListItem\",\"position\":2,\"name\":\"Cu piciorul pe fr\u00e2n\u0103 la semafor\"}]},{\"@type\":\"WebSite\",\"@id\":\"https:\/\/www.criserb.com\/blog\/#website\",\"url\":\"https:\/\/www.criserb.com\/blog\/\",\"name\":\"criserb.com\",\"description\":\"Nimic ce merita citit :)\",\"publisher\":{\"@id\":\"https:\/\/www.criserb.com\/blog\/#\/schema\/person\/8df5199bda4e628c32a10f318d8602b5\"},\"potentialAction\":[{\"@type\":\"SearchAction\",\"target\":{\"@type\":\"EntryPoint\",\"urlTemplate\":\"https:\/\/www.criserb.com\/blog\/?s={search_term_string}\"},\"query-input\":{\"@type\":\"PropertyValueSpecification\",\"valueRequired\":true,\"valueName\":\"search_term_string\"}}],\"inLanguage\":\"en-US\"},{\"@type\":[\"Person\",\"Organization\"],\"@id\":\"https:\/\/www.criserb.com\/blog\/#\/schema\/person\/8df5199bda4e628c32a10f318d8602b5\",\"name\":\"criserb\",\"image\":{\"@type\":\"ImageObject\",\"inLanguage\":\"en-US\",\"@id\":\"https:\/\/www.criserb.com\/blog\/#\/schema\/person\/image\/\",\"url\":\"http:\/\/0.gravatar.com\/avatar\/fdb6cca710f39545f0c4b5b936c390b4?s=96&d=monsterid&r=pg\",\"contentUrl\":\"http:\/\/0.gravatar.com\/avatar\/fdb6cca710f39545f0c4b5b936c390b4?s=96&d=monsterid&r=pg\",\"caption\":\"criserb\"},\"logo\":{\"@id\":\"https:\/\/www.criserb.com\/blog\/#\/schema\/person\/image\/\"},\"sameAs\":[\"http:\/\/www.criserb.com\"],\"url\":\"https:\/\/www.criserb.com\/blog\/author\/criserb\/\"}]}<\/script>\n<!-- \/ Yoast SEO plugin. -->","yoast_head_json":{"title":"Cu piciorul pe fr\u00e2n\u0103 la semafor","robots":{"index":"index","follow":"follow","max-snippet":"max-snippet:-1","max-image-preview":"max-image-preview:large","max-video-preview":"max-video-preview:-1"},"canonical":"https:\/\/www.criserb.com\/blog\/cu-piciorul-pe-frana-la-semafor\/","twitter_misc":{"Written by":"criserb","Est. reading time":"4 minutes"},"schema":{"@context":"https:\/\/schema.org","@graph":[{"@type":"Article","@id":"https:\/\/www.criserb.com\/blog\/cu-piciorul-pe-frana-la-semafor\/#article","isPartOf":{"@id":"https:\/\/www.criserb.com\/blog\/cu-piciorul-pe-frana-la-semafor\/"},"author":{"name":"criserb","@id":"https:\/\/www.criserb.com\/blog\/#\/schema\/person\/8df5199bda4e628c32a10f318d8602b5"},"headline":"Cu piciorul pe fr\u00e2n\u0103 la semafor","datePublished":"2014-03-25T10:20:19+00:00","dateModified":"2014-03-26T14:54:24+00:00","mainEntityOfPage":{"@id":"https:\/\/www.criserb.com\/blog\/cu-piciorul-pe-frana-la-semafor\/"},"wordCount":755,"commentCount":56,"publisher":{"@id":"https:\/\/www.criserb.com\/blog\/#\/schema\/person\/8df5199bda4e628c32a10f318d8602b5"},"image":{"@id":"https:\/\/www.criserb.com\/blog\/cu-piciorul-pe-frana-la-semafor\/#primaryimage"},"thumbnailUrl":"https:\/\/www.criserb.com\/blog\/poze\/2014\/03\/stopuri-pe-frana.jpg","keywords":["Cu piciorul pe fr\u00e2n\u0103 la semafor","Fr\u00e2na la semafor","Stat cu piciorul pe fr\u00e2n\u0103"],"articleSection":["trafic"],"inLanguage":"en-US","potentialAction":[{"@type":"CommentAction","name":"Comment","target":["https:\/\/www.criserb.com\/blog\/cu-piciorul-pe-frana-la-semafor\/#respond"]}]},{"@type":"WebPage","@id":"https:\/\/www.criserb.com\/blog\/cu-piciorul-pe-frana-la-semafor\/","url":"https:\/\/www.criserb.com\/blog\/cu-piciorul-pe-frana-la-semafor\/","name":"Cu piciorul pe fr\u00e2n\u0103 la semafor","isPartOf":{"@id":"https:\/\/www.criserb.com\/blog\/#website"},"primaryImageOfPage":{"@id":"https:\/\/www.criserb.com\/blog\/cu-piciorul-pe-frana-la-semafor\/#primaryimage"},"image":{"@id":"https:\/\/www.criserb.com\/blog\/cu-piciorul-pe-frana-la-semafor\/#primaryimage"},"thumbnailUrl":"https:\/\/www.criserb.com\/blog\/poze\/2014\/03\/stopuri-pe-frana.jpg","datePublished":"2014-03-25T10:20:19+00:00","dateModified":"2014-03-26T14:54:24+00:00","breadcrumb":{"@id":"https:\/\/www.criserb.com\/blog\/cu-piciorul-pe-frana-la-semafor\/#breadcrumb"},"inLanguage":"en-US","potentialAction":[{"@type":"ReadAction","target":["https:\/\/www.criserb.com\/blog\/cu-piciorul-pe-frana-la-semafor\/"]}]},{"@type":"ImageObject","inLanguage":"en-US","@id":"https:\/\/www.criserb.com\/blog\/cu-piciorul-pe-frana-la-semafor\/#primaryimage","url":"https:\/\/www.criserb.com\/blog\/poze\/2014\/03\/stopuri-pe-frana.jpg","contentUrl":"https:\/\/www.criserb.com\/blog\/poze\/2014\/03\/stopuri-pe-frana.jpg","width":761,"height":445},{"@type":"BreadcrumbList","@id":"https:\/\/www.criserb.com\/blog\/cu-piciorul-pe-frana-la-semafor\/#breadcrumb","itemListElement":[{"@type":"ListItem","position":1,"name":"Home","item":"https:\/\/www.criserb.com\/blog\/"},{"@type":"ListItem","position":2,"name":"Cu piciorul pe fr\u00e2n\u0103 la semafor"}]},{"@type":"WebSite","@id":"https:\/\/www.criserb.com\/blog\/#website","url":"https:\/\/www.criserb.com\/blog\/","name":"criserb.com","description":"Nimic ce merita citit :)","publisher":{"@id":"https:\/\/www.criserb.com\/blog\/#\/schema\/person\/8df5199bda4e628c32a10f318d8602b5"},"potentialAction":[{"@type":"SearchAction","target":{"@type":"EntryPoint","urlTemplate":"https:\/\/www.criserb.com\/blog\/?s={search_term_string}"},"query-input":{"@type":"PropertyValueSpecification","valueRequired":true,"valueName":"search_term_string"}}],"inLanguage":"en-US"},{"@type":["Person","Organization"],"@id":"https:\/\/www.criserb.com\/blog\/#\/schema\/person\/8df5199bda4e628c32a10f318d8602b5","name":"criserb","image":{"@type":"ImageObject","inLanguage":"en-US","@id":"https:\/\/www.criserb.com\/blog\/#\/schema\/person\/image\/","url":"http:\/\/0.gravatar.com\/avatar\/fdb6cca710f39545f0c4b5b936c390b4?s=96&d=monsterid&r=pg","contentUrl":"http:\/\/0.gravatar.com\/avatar\/fdb6cca710f39545f0c4b5b936c390b4?s=96&d=monsterid&r=pg","caption":"criserb"},"logo":{"@id":"https:\/\/www.criserb.com\/blog\/#\/schema\/person\/image\/"},"sameAs":["http:\/\/www.criserb.com"],"url":"https:\/\/www.criserb.com\/blog\/author\/criserb\/"}]}},"_links":{"self":[{"href":"https:\/\/www.criserb.com\/blog\/wp-json\/wp\/v2\/posts\/28192"}],"collection":[{"href":"https:\/\/www.criserb.com\/blog\/wp-json\/wp\/v2\/posts"}],"about":[{"href":"https:\/\/www.criserb.com\/blog\/wp-json\/wp\/v2\/types\/post"}],"author":[{"embeddable":true,"href":"https:\/\/www.criserb.com\/blog\/wp-json\/wp\/v2\/users\/3"}],"replies":[{"embeddable":true,"href":"https:\/\/www.criserb.com\/blog\/wp-json\/wp\/v2\/comments?post=28192"}],"version-history":[{"count":0,"href":"https:\/\/www.criserb.com\/blog\/wp-json\/wp\/v2\/posts\/28192\/revisions"}],"wp:featuredmedia":[{"embeddable":true,"href":"https:\/\/www.criserb.com\/blog\/wp-json\/wp\/v2\/media\/28198"}],"wp:attachment":[{"href":"https:\/\/www.criserb.com\/blog\/wp-json\/wp\/v2\/media?parent=28192"}],"wp:term":[{"taxonomy":"category","embeddable":true,"href":"https:\/\/www.criserb.com\/blog\/wp-json\/wp\/v2\/categories?post=28192"},{"taxonomy":"post_tag","embeddable":true,"href":"https:\/\/www.criserb.com\/blog\/wp-json\/wp\/v2\/tags?post=28192"}],"curies":[{"name":"wp","href":"https:\/\/api.w.org\/{rel}","templated":true}]}}