{"id":28296,"date":"2014-04-01T14:26:32","date_gmt":"2014-04-01T11:26:32","guid":{"rendered":"http:\/\/www.criserb.com\/blog\/?p=28296"},"modified":"2014-04-01T14:32:39","modified_gmt":"2014-04-01T11:32:39","slug":"zi-libera-pentru-parinti-la-inceputul-fiecarui-an-scolar","status":"publish","type":"post","link":"https:\/\/www.criserb.com\/blog\/zi-libera-pentru-parinti-la-inceputul-fiecarui-an-scolar\/","title":{"rendered":"Zi liber\u0103 pentru p\u0103rin\u021bi la \u00eenceputul fiec\u0103rui an \u0219colar"},"content":{"rendered":"<p><img loading=\"lazy\" decoding=\"async\" src=\"http:\/\/www.criserb.com\/blog\/poze\/2014\/04\/DSC_0639.jpg\" alt=\"DSC_0639\" width=\"1024\" height=\"681\" class=\"aligncenter size-full wp-image-28297\" srcset=\"https:\/\/www.criserb.com\/blog\/poze\/2014\/04\/DSC_0639.jpg 1024w, https:\/\/www.criserb.com\/blog\/poze\/2014\/04\/DSC_0639-300x199.jpg 300w\" sizes=\"(max-width: 1024px) 100vw, 1024px\" \/><\/p>\n<blockquote><p>P\u0103rintii care au copii \u00een \u00eenv\u0103\u021b\u0103m\u00e2ntul preuniversitar ar putea s\u0103 beneficieze de <strong>o zi liber\u0103 \u00een prima zi a anului \u0219colar<\/strong>, potrivit unei propuneri legislative adoptate tacit de Senat.<\/p><\/blockquote>\n<p>Chestia asta chiar ar fi bun\u0103. Pe bune acum, la \u00eenceputul fiec\u0103rui an copiii sunt \u00eenso\u021bi\u021bi de p\u0103rin\u021bi la festivitatea de deschidere a anului \u0219colar. P\u0103rin\u021bii \u0103ia m\u0103 g\u00e2ndesc c\u0103 trebuie s\u0103 se \u00eenvoiasc\u0103 de la munc\u0103, s\u0103-\u0219i ia o zi liber\u0103 sau mai \u0219tiu eu&#8230; s\u0103 \u00eent\u00e2rzie la munc\u0103.<\/p>\n<p>P\u00e2n\u0103 la urm\u0103 este normal c\u0103 p\u0103rintele s\u0103-\u0219i \u00eenso\u021beasc\u0103 copilul \u00een acea zi important\u0103 din via\u021ba pu\u0219tiului \u0219i atunci este normal s\u0103 se dea \u0219i o lege \u00een acest sens.<\/p>\n<p>Dac\u0103 o s\u0103 treac\u0103 de Camera Deputa\u021bilor o s\u0103 vedem, de Senat a trecut deja.<\/p>\n<p><a href=\"http:\/\/www.gandul.info\/stiri\/zile-libere-2014-propunerea-ca-parintii-sa-aiba-zi-libera-la-inceperea-anului-scolar-adoptata-tacit-de-senat-12372852\" target=\"_blank\">Sursa<\/a><\/p>\n","protected":false},"excerpt":{"rendered":"<p>P\u0103rintii care au copii \u00een \u00eenv\u0103\u021b\u0103m\u00e2ntul preuniversitar ar putea s\u0103 beneficieze de o zi liber\u0103 \u00een prima zi a anului \u0219colar, potrivit unei propuneri legislative adoptate tacit de Senat. Chestia asta chiar ar fi bun\u0103. Pe bune acum, la \u00eenceputul fiec\u0103rui an copiii sunt \u00eenso\u021bi\u021bi de p\u0103rin\u021bi la festivitatea de deschidere a anului \u0219colar. P\u0103rin\u021bii&hellip;<\/p>\n","protected":false},"author":3,"featured_media":28297,"comment_status":"open","ping_status":"open","sticky":false,"template":"","format":"standard","meta":{"footnotes":""},"categories":[74],"tags":[5911,3074,5912],"yoast_head":"<!-- This site is optimized with the Yoast SEO plugin v24.5 - https:\/\/yoast.com\/wordpress\/plugins\/seo\/ -->\n<title>Zi liber\u0103 pentru p\u0103rin\u021bi la \u00eenceputul fiec\u0103rui an \u0219colar<\/title>\n<meta name=\"robots\" content=\"index, follow, max-snippet:-1, max-image-preview:large, max-video-preview:-1\" \/>\n<link rel=\"canonical\" href=\"https:\/\/www.criserb.com\/blog\/zi-libera-pentru-parinti-la-inceputul-fiecarui-an-scolar\/\" \/>\n<meta name=\"twitter:label1\" content=\"Written by\" \/>\n\t<meta name=\"twitter:data1\" content=\"criserb\" \/>\n\t<meta name=\"twitter:label2\" content=\"Est. reading time\" \/>\n\t<meta name=\"twitter:data2\" content=\"1 minute\" \/>\n<script type=\"application\/ld+json\" class=\"yoast-schema-graph\">{\"@context\":\"https:\/\/schema.org\",\"@graph\":[{\"@type\":\"Article\",\"@id\":\"https:\/\/www.criserb.com\/blog\/zi-libera-pentru-parinti-la-inceputul-fiecarui-an-scolar\/#article\",\"isPartOf\":{\"@id\":\"https:\/\/www.criserb.com\/blog\/zi-libera-pentru-parinti-la-inceputul-fiecarui-an-scolar\/\"},\"author\":{\"name\":\"criserb\",\"@id\":\"https:\/\/www.criserb.com\/blog\/#\/schema\/person\/8df5199bda4e628c32a10f318d8602b5\"},\"headline\":\"Zi liber\u0103 pentru p\u0103rin\u021bi la \u00eenceputul fiec\u0103rui an \u0219colar\",\"datePublished\":\"2014-04-01T11:26:32+00:00\",\"dateModified\":\"2014-04-01T11:32:39+00:00\",\"mainEntityOfPage\":{\"@id\":\"https:\/\/www.criserb.com\/blog\/zi-libera-pentru-parinti-la-inceputul-fiecarui-an-scolar\/\"},\"wordCount\":159,\"commentCount\":7,\"publisher\":{\"@id\":\"https:\/\/www.criserb.com\/blog\/#\/schema\/person\/8df5199bda4e628c32a10f318d8602b5\"},\"image\":{\"@id\":\"https:\/\/www.criserb.com\/blog\/zi-libera-pentru-parinti-la-inceputul-fiecarui-an-scolar\/#primaryimage\"},\"thumbnailUrl\":\"https:\/\/www.criserb.com\/blog\/poze\/2014\/04\/DSC_0639.jpg\",\"keywords\":[\"\u00cenceput de an \u0219colar\",\"Zi libera\",\"Zi liber\u0103 la \u00eenceput de an \u0219colar\"],\"articleSection\":[\"Lege\"],\"inLanguage\":\"en-US\",\"potentialAction\":[{\"@type\":\"CommentAction\",\"name\":\"Comment\",\"target\":[\"https:\/\/www.criserb.com\/blog\/zi-libera-pentru-parinti-la-inceputul-fiecarui-an-scolar\/#respond\"]}]},{\"@type\":\"WebPage\",\"@id\":\"https:\/\/www.criserb.com\/blog\/zi-libera-pentru-parinti-la-inceputul-fiecarui-an-scolar\/\",\"url\":\"https:\/\/www.criserb.com\/blog\/zi-libera-pentru-parinti-la-inceputul-fiecarui-an-scolar\/\",\"name\":\"Zi liber\u0103 pentru p\u0103rin\u021bi la \u00eenceputul fiec\u0103rui an \u0219colar\",\"isPartOf\":{\"@id\":\"https:\/\/www.criserb.com\/blog\/#website\"},\"primaryImageOfPage\":{\"@id\":\"https:\/\/www.criserb.com\/blog\/zi-libera-pentru-parinti-la-inceputul-fiecarui-an-scolar\/#primaryimage\"},\"image\":{\"@id\":\"https:\/\/www.criserb.com\/blog\/zi-libera-pentru-parinti-la-inceputul-fiecarui-an-scolar\/#primaryimage\"},\"thumbnailUrl\":\"https:\/\/www.criserb.com\/blog\/poze\/2014\/04\/DSC_0639.jpg\",\"datePublished\":\"2014-04-01T11:26:32+00:00\",\"dateModified\":\"2014-04-01T11:32:39+00:00\",\"breadcrumb\":{\"@id\":\"https:\/\/www.criserb.com\/blog\/zi-libera-pentru-parinti-la-inceputul-fiecarui-an-scolar\/#breadcrumb\"},\"inLanguage\":\"en-US\",\"potentialAction\":[{\"@type\":\"ReadAction\",\"target\":[\"https:\/\/www.criserb.com\/blog\/zi-libera-pentru-parinti-la-inceputul-fiecarui-an-scolar\/\"]}]},{\"@type\":\"ImageObject\",\"inLanguage\":\"en-US\",\"@id\":\"https:\/\/www.criserb.com\/blog\/zi-libera-pentru-parinti-la-inceputul-fiecarui-an-scolar\/#primaryimage\",\"url\":\"https:\/\/www.criserb.com\/blog\/poze\/2014\/04\/DSC_0639.jpg\",\"contentUrl\":\"https:\/\/www.criserb.com\/blog\/poze\/2014\/04\/DSC_0639.jpg\",\"width\":1024,\"height\":681},{\"@type\":\"BreadcrumbList\",\"@id\":\"https:\/\/www.criserb.com\/blog\/zi-libera-pentru-parinti-la-inceputul-fiecarui-an-scolar\/#breadcrumb\",\"itemListElement\":[{\"@type\":\"ListItem\",\"position\":1,\"name\":\"Home\",\"item\":\"https:\/\/www.criserb.com\/blog\/\"},{\"@type\":\"ListItem\",\"position\":2,\"name\":\"Zi liber\u0103 pentru p\u0103rin\u021bi la \u00eenceputul fiec\u0103rui an \u0219colar\"}]},{\"@type\":\"WebSite\",\"@id\":\"https:\/\/www.criserb.com\/blog\/#website\",\"url\":\"https:\/\/www.criserb.com\/blog\/\",\"name\":\"criserb.com\",\"description\":\"Nimic ce merita citit :)\",\"publisher\":{\"@id\":\"https:\/\/www.criserb.com\/blog\/#\/schema\/person\/8df5199bda4e628c32a10f318d8602b5\"},\"potentialAction\":[{\"@type\":\"SearchAction\",\"target\":{\"@type\":\"EntryPoint\",\"urlTemplate\":\"https:\/\/www.criserb.com\/blog\/?s={search_term_string}\"},\"query-input\":{\"@type\":\"PropertyValueSpecification\",\"valueRequired\":true,\"valueName\":\"search_term_string\"}}],\"inLanguage\":\"en-US\"},{\"@type\":[\"Person\",\"Organization\"],\"@id\":\"https:\/\/www.criserb.com\/blog\/#\/schema\/person\/8df5199bda4e628c32a10f318d8602b5\",\"name\":\"criserb\",\"image\":{\"@type\":\"ImageObject\",\"inLanguage\":\"en-US\",\"@id\":\"https:\/\/www.criserb.com\/blog\/#\/schema\/person\/image\/\",\"url\":\"http:\/\/0.gravatar.com\/avatar\/fdb6cca710f39545f0c4b5b936c390b4?s=96&d=monsterid&r=pg\",\"contentUrl\":\"http:\/\/0.gravatar.com\/avatar\/fdb6cca710f39545f0c4b5b936c390b4?s=96&d=monsterid&r=pg\",\"caption\":\"criserb\"},\"logo\":{\"@id\":\"https:\/\/www.criserb.com\/blog\/#\/schema\/person\/image\/\"},\"sameAs\":[\"http:\/\/www.criserb.com\"],\"url\":\"https:\/\/www.criserb.com\/blog\/author\/criserb\/\"}]}<\/script>\n<!-- \/ Yoast SEO plugin. -->","yoast_head_json":{"title":"Zi liber\u0103 pentru p\u0103rin\u021bi la \u00eenceputul fiec\u0103rui an \u0219colar","robots":{"index":"index","follow":"follow","max-snippet":"max-snippet:-1","max-image-preview":"max-image-preview:large","max-video-preview":"max-video-preview:-1"},"canonical":"https:\/\/www.criserb.com\/blog\/zi-libera-pentru-parinti-la-inceputul-fiecarui-an-scolar\/","twitter_misc":{"Written by":"criserb","Est. reading time":"1 minute"},"schema":{"@context":"https:\/\/schema.org","@graph":[{"@type":"Article","@id":"https:\/\/www.criserb.com\/blog\/zi-libera-pentru-parinti-la-inceputul-fiecarui-an-scolar\/#article","isPartOf":{"@id":"https:\/\/www.criserb.com\/blog\/zi-libera-pentru-parinti-la-inceputul-fiecarui-an-scolar\/"},"author":{"name":"criserb","@id":"https:\/\/www.criserb.com\/blog\/#\/schema\/person\/8df5199bda4e628c32a10f318d8602b5"},"headline":"Zi liber\u0103 pentru p\u0103rin\u021bi la \u00eenceputul fiec\u0103rui an \u0219colar","datePublished":"2014-04-01T11:26:32+00:00","dateModified":"2014-04-01T11:32:39+00:00","mainEntityOfPage":{"@id":"https:\/\/www.criserb.com\/blog\/zi-libera-pentru-parinti-la-inceputul-fiecarui-an-scolar\/"},"wordCount":159,"commentCount":7,"publisher":{"@id":"https:\/\/www.criserb.com\/blog\/#\/schema\/person\/8df5199bda4e628c32a10f318d8602b5"},"image":{"@id":"https:\/\/www.criserb.com\/blog\/zi-libera-pentru-parinti-la-inceputul-fiecarui-an-scolar\/#primaryimage"},"thumbnailUrl":"https:\/\/www.criserb.com\/blog\/poze\/2014\/04\/DSC_0639.jpg","keywords":["\u00cenceput de an \u0219colar","Zi libera","Zi liber\u0103 la \u00eenceput de an \u0219colar"],"articleSection":["Lege"],"inLanguage":"en-US","potentialAction":[{"@type":"CommentAction","name":"Comment","target":["https:\/\/www.criserb.com\/blog\/zi-libera-pentru-parinti-la-inceputul-fiecarui-an-scolar\/#respond"]}]},{"@type":"WebPage","@id":"https:\/\/www.criserb.com\/blog\/zi-libera-pentru-parinti-la-inceputul-fiecarui-an-scolar\/","url":"https:\/\/www.criserb.com\/blog\/zi-libera-pentru-parinti-la-inceputul-fiecarui-an-scolar\/","name":"Zi liber\u0103 pentru p\u0103rin\u021bi la \u00eenceputul fiec\u0103rui an \u0219colar","isPartOf":{"@id":"https:\/\/www.criserb.com\/blog\/#website"},"primaryImageOfPage":{"@id":"https:\/\/www.criserb.com\/blog\/zi-libera-pentru-parinti-la-inceputul-fiecarui-an-scolar\/#primaryimage"},"image":{"@id":"https:\/\/www.criserb.com\/blog\/zi-libera-pentru-parinti-la-inceputul-fiecarui-an-scolar\/#primaryimage"},"thumbnailUrl":"https:\/\/www.criserb.com\/blog\/poze\/2014\/04\/DSC_0639.jpg","datePublished":"2014-04-01T11:26:32+00:00","dateModified":"2014-04-01T11:32:39+00:00","breadcrumb":{"@id":"https:\/\/www.criserb.com\/blog\/zi-libera-pentru-parinti-la-inceputul-fiecarui-an-scolar\/#breadcrumb"},"inLanguage":"en-US","potentialAction":[{"@type":"ReadAction","target":["https:\/\/www.criserb.com\/blog\/zi-libera-pentru-parinti-la-inceputul-fiecarui-an-scolar\/"]}]},{"@type":"ImageObject","inLanguage":"en-US","@id":"https:\/\/www.criserb.com\/blog\/zi-libera-pentru-parinti-la-inceputul-fiecarui-an-scolar\/#primaryimage","url":"https:\/\/www.criserb.com\/blog\/poze\/2014\/04\/DSC_0639.jpg","contentUrl":"https:\/\/www.criserb.com\/blog\/poze\/2014\/04\/DSC_0639.jpg","width":1024,"height":681},{"@type":"BreadcrumbList","@id":"https:\/\/www.criserb.com\/blog\/zi-libera-pentru-parinti-la-inceputul-fiecarui-an-scolar\/#breadcrumb","itemListElement":[{"@type":"ListItem","position":1,"name":"Home","item":"https:\/\/www.criserb.com\/blog\/"},{"@type":"ListItem","position":2,"name":"Zi liber\u0103 pentru p\u0103rin\u021bi la \u00eenceputul fiec\u0103rui an \u0219colar"}]},{"@type":"WebSite","@id":"https:\/\/www.criserb.com\/blog\/#website","url":"https:\/\/www.criserb.com\/blog\/","name":"criserb.com","description":"Nimic ce merita citit :)","publisher":{"@id":"https:\/\/www.criserb.com\/blog\/#\/schema\/person\/8df5199bda4e628c32a10f318d8602b5"},"potentialAction":[{"@type":"SearchAction","target":{"@type":"EntryPoint","urlTemplate":"https:\/\/www.criserb.com\/blog\/?s={search_term_string}"},"query-input":{"@type":"PropertyValueSpecification","valueRequired":true,"valueName":"search_term_string"}}],"inLanguage":"en-US"},{"@type":["Person","Organization"],"@id":"https:\/\/www.criserb.com\/blog\/#\/schema\/person\/8df5199bda4e628c32a10f318d8602b5","name":"criserb","image":{"@type":"ImageObject","inLanguage":"en-US","@id":"https:\/\/www.criserb.com\/blog\/#\/schema\/person\/image\/","url":"http:\/\/0.gravatar.com\/avatar\/fdb6cca710f39545f0c4b5b936c390b4?s=96&d=monsterid&r=pg","contentUrl":"http:\/\/0.gravatar.com\/avatar\/fdb6cca710f39545f0c4b5b936c390b4?s=96&d=monsterid&r=pg","caption":"criserb"},"logo":{"@id":"https:\/\/www.criserb.com\/blog\/#\/schema\/person\/image\/"},"sameAs":["http:\/\/www.criserb.com"],"url":"https:\/\/www.criserb.com\/blog\/author\/criserb\/"}]}},"_links":{"self":[{"href":"https:\/\/www.criserb.com\/blog\/wp-json\/wp\/v2\/posts\/28296"}],"collection":[{"href":"https:\/\/www.criserb.com\/blog\/wp-json\/wp\/v2\/posts"}],"about":[{"href":"https:\/\/www.criserb.com\/blog\/wp-json\/wp\/v2\/types\/post"}],"author":[{"embeddable":true,"href":"https:\/\/www.criserb.com\/blog\/wp-json\/wp\/v2\/users\/3"}],"replies":[{"embeddable":true,"href":"https:\/\/www.criserb.com\/blog\/wp-json\/wp\/v2\/comments?post=28296"}],"version-history":[{"count":0,"href":"https:\/\/www.criserb.com\/blog\/wp-json\/wp\/v2\/posts\/28296\/revisions"}],"wp:featuredmedia":[{"embeddable":true,"href":"https:\/\/www.criserb.com\/blog\/wp-json\/wp\/v2\/media\/28297"}],"wp:attachment":[{"href":"https:\/\/www.criserb.com\/blog\/wp-json\/wp\/v2\/media?parent=28296"}],"wp:term":[{"taxonomy":"category","embeddable":true,"href":"https:\/\/www.criserb.com\/blog\/wp-json\/wp\/v2\/categories?post=28296"},{"taxonomy":"post_tag","embeddable":true,"href":"https:\/\/www.criserb.com\/blog\/wp-json\/wp\/v2\/tags?post=28296"}],"curies":[{"name":"wp","href":"https:\/\/api.w.org\/{rel}","templated":true}]}}