{"id":29059,"date":"2014-06-26T17:48:22","date_gmt":"2014-06-26T14:48:22","guid":{"rendered":"http:\/\/www.criserb.com\/blog\/?p=29059"},"modified":"2014-06-26T17:48:22","modified_gmt":"2014-06-26T14:48:22","slug":"mesajul-unei-profesoare-de-limba-romana-pentru-noi-toti","status":"publish","type":"post","link":"https:\/\/www.criserb.com\/blog\/mesajul-unei-profesoare-de-limba-romana-pentru-noi-toti\/","title":{"rendered":"Mesajul unei profesoare de limba rom\u00e2n\u0103 pentru noi to\u021bi"},"content":{"rendered":"<p><em>Cei de la\u00a0<a href=\"http:\/\/www.contributors.ro\/editorial\/cine-le-cere-iertare-copiilor-scrisoarea-unei-profesoare-de-limba-romana\/\" target=\"_blank\">contributors.ro<\/a> au primit o scrisoare de la o profesoar\u0103 de limba rom\u00e2n\u0103 \u00een care explic\u0103 cum a fost examenul de sf\u00e2r\u0219it de clasa a 8-a, scrisoare pe care am preluat-o \u0219i eu cu inten\u021bia de a o face c\u00e2t mai vizibil\u0103 cu putin\u021b\u0103. Citi\u021bi, merit\u0103 fiecare r\u00e2nd.<\/em><\/p>\n<p>Dragii mei prieteni,<\/p>\n<p>Nu \u0219tiu dac\u0103 intereseaz\u0103 pe mul\u021bi dintre voi examenul de la sf\u00e2r\u0219itul clasei a opta, dar pentru c\u0103 n-am vreun blog, ziar sau emisiune TV, v\u0103 scriu vou\u0103, poate transmite\u021bi mai departe\u2026 Ar trebui s\u0103 schimb\u0103m ceva, c\u00e2t \u00eenc\u0103 se mai poate.<\/p>\n<p>Aud mereu discursuri despre c\u00e2t de bine \u0219i de mult \u00eenv\u0103\u021bam noi sau al\u021bii mai \u00een v\u00e2rst\u0103 dec\u00e2t noi pe vremea comunismului \u0219i despre cum nu \u00eenva\u021b\u0103 genera\u021biile actuale, care nu au moral \u0219i prin\u021bip\u2026 De fapt, genera\u021biile actuale sunt mult mai inteligente dec\u00e2t noi \u0219i e vina noastr\u0103, p\u0103rin\u021bi \u0219i profesori, c\u0103 nu le oferim ce le trebuie. Privi\u021bi-v\u0103 copiii, s\u0103 nu-mi spune\u021bi c\u0103 nu \u0219tiu mult mai multe dec\u00e2t \u0219tia\u021bi voi la v\u00e2rsta lor\u2026<\/p>\n<p>S\u0103 m\u0103 \u00eentorc \u00eens\u0103 la proba de rom\u00e2n\u0103 de la examenul de luni. Sunt profund dezam\u0103git\u0103 de subiecte \u0219i de barem. M\u0103 g\u00e2ndesc de dou\u0103 zile la copiii mei care au muncit foarte mult anul acesta \u0219i la c\u00e2t o s\u0103 fie de dezam\u0103gi\u021bi. La Gloria, Tudor, Lidia, Laura, Oana, Antonela, Cristina sau Andrei \u0219i la mul\u021bi al\u021bii, care, probabil, vor lua note sub a\u0219tept\u0103rile lor \u0219i mai mici dec\u00e2t nivelul lor real. De ce? Din vina celor care au conceput subiectul, baremul, din cauza viziunii celor care conduc \u00eenv\u0103\u021b\u0103m\u00e2ntul sau, mai bine zis, a lipsei lor de viziune. Concluzia va fi, sunt sigur\u0103, c\u0103 suntem mai pro\u0219ti dec\u00e2t cei din Occident \u0219i c\u0103 profesorii sunt slab preg\u0103ti\u021bi, c\u0103 nu \u0219tiu s\u0103-i \u00eenve\u021be, dar nu-mi spune\u021bi c\u0103 nu \u0219ti\u021bi copii care, \u00een orice parte a Europei s-ar fi dus, nu s-au \u00eenscris \u00eentr-o clas\u0103 superioar\u0103 celei din Rom\u00e2nia. Avem, de fapt, probleme cu marea cantitate de informa\u021bii, cu subfinan\u021barea \u00eenv\u0103\u021b\u0103m\u00e2ntului, nu cu de\u0219tept\u0103ciunea copiilor no\u0219tri. Eu cred c\u0103 guvernan\u021bii no\u0219tri ne spun \u201epro\u0219ti\u201d pentru c\u0103 a\u0219a suntem mai u\u0219or manipulabili.<\/p>\n<p>A\u0219adar, copiilor li s-a dat s\u0103-\u0219i spun\u0103 p\u0103rerea despre mesajul unui text liric, la prima vedere \u2013 R\u00e2nduri pentru Anul Nou, de Minulescu. Textul era mult peste nivelul de v\u00e2rst\u0103 \u0219i capacitatea de \u00een\u021belegere a unui copil de 14 ani, iar eu am \u00een program\u0103 o singur\u0103 or\u0103 pe an \u00een care \u00eei \u00eenv\u0103\u021b s\u0103-\u0219i exprime opinia \u00een leg\u0103tur\u0103 cu o tem\u0103 oarecare. Cei care fac asemenea subiecte nu \u0219tiu asta? Textul nu avea prea multe figuri de stil, ca s\u0103 le poat\u0103 comenta, lucru pe care copiii l-au \u00eenv\u0103\u021bat. A\u0219adar, via\u021ba mea depinde de \u00een\u021belegerea unui text al unui poet simbolist. De-a\u0219 fi avut un pastel, m\u0103car o poezie de dragoste, ceva ce pot \u201evedea\u201d, \u00een\u021belege\u2026<\/p>\n<p>Apoi, li s-au dat sinonime\u2026 pentru \u201efiindc\u0103\u201d, copilul a scris \u201edeoarece\u201d, dar \u0219i \u201epentru c\u0103\u201d. Numai c\u0103 aceast\u0103 expresie nu ap\u0103rea \u00een barem \u0219i multe profesoare nu au luat r\u0103spunsul \u00een considerare, \u201epentru c\u0103 e locu\u021biune\u201d. Baremul ar trebui s\u0103 epuizeze toate variantele de r\u0103spuns, nu s\u0103 lase profesorul s\u0103 aleag\u0103. Eu le-am dat punctele, al\u021bii nu. La fel, pentru \u201ecer\u201d: \u00een barem ap\u0103reau \u201esolicit\u201d, \u201epretind\u201d, dar, judec\u00e2nd contextual \u2013 \u201eAi auzit ce-\u021bi cer?\u201d \u2013, copilul a scris \u201evreau\u201d, \u201ete rog\u201d, cum mi se pare \u0219i firesc. \u00cen fond, nu solici\u021bi de la Anul Nou s\u0103 fie neprih\u0103nit\u2026 A r\u0103mas, din nou, ca profesorul s\u0103 aleag\u0103. Eu am dat punctele, al\u021bii nu.<\/p>\n<p>Urm\u0103torul exerci\u021biu le cerea s\u0103 prezinte rolul virgulei, iar explica\u021bia era c\u0103 ap\u0103rea \u201eo construc\u021bie \u00een cazul vocativ\u201d. Dar mul\u021bi copii au scris \u201econstruc\u021bie incident\u0103\u201d. N-au luat cele 6 puncte, de\u0219i, conform Gramaticii Academiei, pe care cei care fac subiectele n-o consult\u0103, construc\u021bia incident\u0103 cuprinde vocative! Se scrie asta, negru pe alb, la pagina 741, vol. 2.<br \/>\nAl treilea item se referea la m\u0103sura versurilor. Dac\u0103 n-ai num\u0103rat corect silabele o dat\u0103 \u00een via\u021ba ta, ai pierdut 6 puncte, mai mult dec\u00e2t valoreaz\u0103 singurul exerci\u021biu de morfologie, pe care o studiem 8 ani, \u00een sute de ore\u2026<\/p>\n<p>\u0218i, dac\u0103 tot veni vorba, dac\u0103 n-ai scris un adjectiv propriu-zis, nu iei nimic, pentru c\u0103 nu \u0219tii s\u0103 le diferen\u021biezi pe acestea de cele provenite din participiu. Dar, \u00een aceea\u0219i Gramatic\u0103 mi se spune, la pagina 141, vol. 1, c\u0103 adjectivele propriu-zise includ \u0219i participiile \u0219i gerunziile adjectivizate. Ce facem!? Mie mi se pare important ca un copil \u0219tie s\u0103 recunoasc\u0103 adjectivul, prepozi\u021bia, dar eu nu pot s\u0103-i dau nimic, nici m\u0103car am\u0103r\u00e2tul \u0103la de punct, dac\u0103 n-a scris \u201eprepozi\u021bie simpl\u0103\u201d!<br \/>\nLa subiectul al doilea apare un text nonliterar scris de Corina Zorzor. I-or fi cerut acordul ca s\u0103-i foloseasc\u0103 textul? Cerin\u021bele nu privesc \u00een\u021belegerea textului, a\u0219a cum ne l\u0103ud\u0103m c\u0103 o facem, av\u00e2nd ca model testele PISA, ci, poate, aten\u021bia. Foarte mul\u021bi copii n-au formulat enun\u021buri corecte, pentru c\u0103 au fost indu\u0219i \u00een eroare de \u00eentrebare. Ei, ne mai \u00eencurc\u0103m cu chestii de-astea\u2026<\/p>\n<p>La al cincilea item erau dou\u0103 subordonate care puteau fi interpretate diferit. Prima, temporal\u0103 sau condi\u021bional\u0103, dar \u0219i ultima, indirect\u0103 sau de scop. \u00cemi amintesc scandalul de acum doi ani, c\u00e2nd propozi\u021bia a fost clar subiectiv\u0103, dar s-a corectat, p\u00e2n\u0103 la urm\u0103, \u00een dou\u0103 feluri. De ce nu \u0219i acum? Merge, la fel de bine, \u201e\u00eel \u00eencurajeaz\u0103 pe cititor la\u2026\u201d ca \u0219i \u201e\u00eel \u00eencurajeaz\u0103 pentru a \u00een\u021belege\u201d.<\/p>\n<p>Tema compunerii libere a fost nemaipomenit\u0103. C\u00e2t or fi stat s\u0103 se g\u00e2ndeasc\u0103 la asta? Copilul s\u0103 prezinte o \u00eent\u00e2mplare petrecut\u0103 \u00een timpul particip\u0103rii la o \u00eent\u00e2lnire cu un scriitor contemporan! Cei mai mul\u021bi copii n-au scris cele 10-15 r\u00e2nduri necesare. S-au \u00eent\u00e2lnit cu scriitorul contemporan f\u0103r\u0103 nume, celebru, Dan Puric, idolul mamei, Andrei Ple\u0219u\/Ple\u0219a, Mircea Dinescul cu fular alb, Andreea Esca, Mircea C\u0103rt\u0103rescu, Nichita St\u0103nescu \u2013 o ea!! \u2013, dar \u0219i cu Mihai Eminescu, Creang\u0103, \u0219i i-au pus \u00eentreb\u0103ri \u0219i au fost emo\u021biona\u021bi. Ce-ar fi putut spune mai mult? Am g\u0103sit o singur\u0103 lucrare \u00een care ap\u0103rea un \u0219oricel la prezentarea c\u0103r\u021bii marelui scriitor, sedus de mirosul de ca\u0219caval al unei c\u0103r\u021bi culinare. Vina nu e a lor c\u0103 nu \u0219tiu niciun nume de scriitor \u2013 unii mai \u0219tiu \u2013, pentru c\u0103 cei care apar frecvent la televizor nu sunt scriitorii, oamenii de cultur\u0103 etc., ci oameni de un cu totul alt gen.<\/p>\n<p>E, a\u0219adar, vina noastr\u0103, a celor mari, c\u0103 toler\u0103m un astfel de sistem \u0219i suntem parte a lui, \u0219i eu \u00eemi cer iertare fa\u021b\u0103 de Cristi, Alberto \u0219i to\u021bi ceilal\u021bi copii \u201eai mei\u201d c\u0103 nu i-am \u00eenv\u0103\u021bat altceva, nu \u0219tiu nici eu ce, care s\u0103 le fi adus o not\u0103 mai mare la un examen at\u00e2t de important pentru ei. \u00cemi cer iertare \u00een fa\u021ba inteligen\u021bei lor, a z\u00e2mbetului lor, a ochilor \u00eenl\u0103crima\u021bi cu care vor privi notele. O s\u0103-i privim \u0219i pe ace\u0219tia plec\u00e2nd \u00een alte \u021b\u0103ri, care nu-i vor considera pro\u0219ti, ci buni de munc\u0103. Vor fi \u0219i doctori, \u0219i ingineri\u2026<\/p>\n<p>\u0218i astea n-ar fi dec\u00e2t c\u00e2teva probleme legate de acest examen. Sper c\u0103 nu v-am plictisit. Nu-mi spune\u021bi c\u0103 nu v\u0103 intereseaz\u0103, pentru c\u0103 \u0219i copiii vo\u0219tri o s\u0103 creasc\u0103.<br \/>\nCarmen Stoica, profesoar\u0103 la \u0218coala 99, Bucure\u0219ti<\/p>\n","protected":false},"excerpt":{"rendered":"<p>Cei de la\u00a0contributors.ro au primit o scrisoare de la o profesoar\u0103 de limba rom\u00e2n\u0103 \u00een care explic\u0103 cum a fost examenul de sf\u00e2r\u0219it de clasa a 8-a, scrisoare pe care am preluat-o \u0219i eu cu inten\u021bia de a o face c\u00e2t mai vizibil\u0103 cu putin\u021b\u0103. Citi\u021bi, merit\u0103 fiecare r\u00e2nd. Dragii mei prieteni, Nu \u0219tiu dac\u0103&hellip;<\/p>\n","protected":false},"author":3,"featured_media":29060,"comment_status":"open","ping_status":"open","sticky":false,"template":"","format":"standard","meta":{"footnotes":""},"categories":[4870],"tags":[6247,6249,6246,6248,514],"yoast_head":"<!-- This site is optimized with the Yoast SEO plugin v24.5 - https:\/\/yoast.com\/wordpress\/plugins\/seo\/ -->\n<title>Mesajul unei profesoare de limba rom\u00e2n\u0103 pentru noi to\u021bi<\/title>\n<meta name=\"robots\" content=\"index, follow, max-snippet:-1, max-image-preview:large, max-video-preview:-1\" \/>\n<link rel=\"canonical\" href=\"https:\/\/www.criserb.com\/blog\/mesajul-unei-profesoare-de-limba-romana-pentru-noi-toti\/\" \/>\n<meta name=\"twitter:label1\" content=\"Written by\" \/>\n\t<meta name=\"twitter:data1\" content=\"criserb\" \/>\n\t<meta name=\"twitter:label2\" content=\"Est. reading time\" \/>\n\t<meta name=\"twitter:data2\" content=\"7 minutes\" \/>\n<script type=\"application\/ld+json\" class=\"yoast-schema-graph\">{\"@context\":\"https:\/\/schema.org\",\"@graph\":[{\"@type\":\"Article\",\"@id\":\"https:\/\/www.criserb.com\/blog\/mesajul-unei-profesoare-de-limba-romana-pentru-noi-toti\/#article\",\"isPartOf\":{\"@id\":\"https:\/\/www.criserb.com\/blog\/mesajul-unei-profesoare-de-limba-romana-pentru-noi-toti\/\"},\"author\":{\"name\":\"criserb\",\"@id\":\"https:\/\/www.criserb.com\/blog\/#\/schema\/person\/8df5199bda4e628c32a10f318d8602b5\"},\"headline\":\"Mesajul unei profesoare de limba rom\u00e2n\u0103 pentru noi to\u021bi\",\"datePublished\":\"2014-06-26T14:48:22+00:00\",\"mainEntityOfPage\":{\"@id\":\"https:\/\/www.criserb.com\/blog\/mesajul-unei-profesoare-de-limba-romana-pentru-noi-toti\/\"},\"wordCount\":1354,\"commentCount\":1,\"publisher\":{\"@id\":\"https:\/\/www.criserb.com\/blog\/#\/schema\/person\/8df5199bda4e628c32a10f318d8602b5\"},\"image\":{\"@id\":\"https:\/\/www.criserb.com\/blog\/mesajul-unei-profesoare-de-limba-romana-pentru-noi-toti\/#primaryimage\"},\"thumbnailUrl\":\"https:\/\/www.criserb.com\/blog\/poze\/2014\/06\/letter.jpg\",\"keywords\":[\"Carmen Stoica\",\"Mesaj pentru noi to\u021bi\",\"Profa de rom\u00e2n\u0103\",\"\u0218coala 99 Bucure\u0219ti\",\"Scrisoare\"],\"articleSection\":[\"Educatie\"],\"inLanguage\":\"en-US\",\"potentialAction\":[{\"@type\":\"CommentAction\",\"name\":\"Comment\",\"target\":[\"https:\/\/www.criserb.com\/blog\/mesajul-unei-profesoare-de-limba-romana-pentru-noi-toti\/#respond\"]}]},{\"@type\":\"WebPage\",\"@id\":\"https:\/\/www.criserb.com\/blog\/mesajul-unei-profesoare-de-limba-romana-pentru-noi-toti\/\",\"url\":\"https:\/\/www.criserb.com\/blog\/mesajul-unei-profesoare-de-limba-romana-pentru-noi-toti\/\",\"name\":\"Mesajul unei profesoare de limba rom\u00e2n\u0103 pentru noi to\u021bi\",\"isPartOf\":{\"@id\":\"https:\/\/www.criserb.com\/blog\/#website\"},\"primaryImageOfPage\":{\"@id\":\"https:\/\/www.criserb.com\/blog\/mesajul-unei-profesoare-de-limba-romana-pentru-noi-toti\/#primaryimage\"},\"image\":{\"@id\":\"https:\/\/www.criserb.com\/blog\/mesajul-unei-profesoare-de-limba-romana-pentru-noi-toti\/#primaryimage\"},\"thumbnailUrl\":\"https:\/\/www.criserb.com\/blog\/poze\/2014\/06\/letter.jpg\",\"datePublished\":\"2014-06-26T14:48:22+00:00\",\"breadcrumb\":{\"@id\":\"https:\/\/www.criserb.com\/blog\/mesajul-unei-profesoare-de-limba-romana-pentru-noi-toti\/#breadcrumb\"},\"inLanguage\":\"en-US\",\"potentialAction\":[{\"@type\":\"ReadAction\",\"target\":[\"https:\/\/www.criserb.com\/blog\/mesajul-unei-profesoare-de-limba-romana-pentru-noi-toti\/\"]}]},{\"@type\":\"ImageObject\",\"inLanguage\":\"en-US\",\"@id\":\"https:\/\/www.criserb.com\/blog\/mesajul-unei-profesoare-de-limba-romana-pentru-noi-toti\/#primaryimage\",\"url\":\"https:\/\/www.criserb.com\/blog\/poze\/2014\/06\/letter.jpg\",\"contentUrl\":\"https:\/\/www.criserb.com\/blog\/poze\/2014\/06\/letter.jpg\",\"width\":1199,\"height\":803},{\"@type\":\"BreadcrumbList\",\"@id\":\"https:\/\/www.criserb.com\/blog\/mesajul-unei-profesoare-de-limba-romana-pentru-noi-toti\/#breadcrumb\",\"itemListElement\":[{\"@type\":\"ListItem\",\"position\":1,\"name\":\"Home\",\"item\":\"https:\/\/www.criserb.com\/blog\/\"},{\"@type\":\"ListItem\",\"position\":2,\"name\":\"Mesajul unei profesoare de limba rom\u00e2n\u0103 pentru noi to\u021bi\"}]},{\"@type\":\"WebSite\",\"@id\":\"https:\/\/www.criserb.com\/blog\/#website\",\"url\":\"https:\/\/www.criserb.com\/blog\/\",\"name\":\"criserb.com\",\"description\":\"Nimic ce merita citit :)\",\"publisher\":{\"@id\":\"https:\/\/www.criserb.com\/blog\/#\/schema\/person\/8df5199bda4e628c32a10f318d8602b5\"},\"potentialAction\":[{\"@type\":\"SearchAction\",\"target\":{\"@type\":\"EntryPoint\",\"urlTemplate\":\"https:\/\/www.criserb.com\/blog\/?s={search_term_string}\"},\"query-input\":{\"@type\":\"PropertyValueSpecification\",\"valueRequired\":true,\"valueName\":\"search_term_string\"}}],\"inLanguage\":\"en-US\"},{\"@type\":[\"Person\",\"Organization\"],\"@id\":\"https:\/\/www.criserb.com\/blog\/#\/schema\/person\/8df5199bda4e628c32a10f318d8602b5\",\"name\":\"criserb\",\"image\":{\"@type\":\"ImageObject\",\"inLanguage\":\"en-US\",\"@id\":\"https:\/\/www.criserb.com\/blog\/#\/schema\/person\/image\/\",\"url\":\"http:\/\/0.gravatar.com\/avatar\/fdb6cca710f39545f0c4b5b936c390b4?s=96&d=monsterid&r=pg\",\"contentUrl\":\"http:\/\/0.gravatar.com\/avatar\/fdb6cca710f39545f0c4b5b936c390b4?s=96&d=monsterid&r=pg\",\"caption\":\"criserb\"},\"logo\":{\"@id\":\"https:\/\/www.criserb.com\/blog\/#\/schema\/person\/image\/\"},\"sameAs\":[\"http:\/\/www.criserb.com\"],\"url\":\"https:\/\/www.criserb.com\/blog\/author\/criserb\/\"}]}<\/script>\n<!-- \/ Yoast SEO plugin. -->","yoast_head_json":{"title":"Mesajul unei profesoare de limba rom\u00e2n\u0103 pentru noi to\u021bi","robots":{"index":"index","follow":"follow","max-snippet":"max-snippet:-1","max-image-preview":"max-image-preview:large","max-video-preview":"max-video-preview:-1"},"canonical":"https:\/\/www.criserb.com\/blog\/mesajul-unei-profesoare-de-limba-romana-pentru-noi-toti\/","twitter_misc":{"Written by":"criserb","Est. reading time":"7 minutes"},"schema":{"@context":"https:\/\/schema.org","@graph":[{"@type":"Article","@id":"https:\/\/www.criserb.com\/blog\/mesajul-unei-profesoare-de-limba-romana-pentru-noi-toti\/#article","isPartOf":{"@id":"https:\/\/www.criserb.com\/blog\/mesajul-unei-profesoare-de-limba-romana-pentru-noi-toti\/"},"author":{"name":"criserb","@id":"https:\/\/www.criserb.com\/blog\/#\/schema\/person\/8df5199bda4e628c32a10f318d8602b5"},"headline":"Mesajul unei profesoare de limba rom\u00e2n\u0103 pentru noi to\u021bi","datePublished":"2014-06-26T14:48:22+00:00","mainEntityOfPage":{"@id":"https:\/\/www.criserb.com\/blog\/mesajul-unei-profesoare-de-limba-romana-pentru-noi-toti\/"},"wordCount":1354,"commentCount":1,"publisher":{"@id":"https:\/\/www.criserb.com\/blog\/#\/schema\/person\/8df5199bda4e628c32a10f318d8602b5"},"image":{"@id":"https:\/\/www.criserb.com\/blog\/mesajul-unei-profesoare-de-limba-romana-pentru-noi-toti\/#primaryimage"},"thumbnailUrl":"https:\/\/www.criserb.com\/blog\/poze\/2014\/06\/letter.jpg","keywords":["Carmen Stoica","Mesaj pentru noi to\u021bi","Profa de rom\u00e2n\u0103","\u0218coala 99 Bucure\u0219ti","Scrisoare"],"articleSection":["Educatie"],"inLanguage":"en-US","potentialAction":[{"@type":"CommentAction","name":"Comment","target":["https:\/\/www.criserb.com\/blog\/mesajul-unei-profesoare-de-limba-romana-pentru-noi-toti\/#respond"]}]},{"@type":"WebPage","@id":"https:\/\/www.criserb.com\/blog\/mesajul-unei-profesoare-de-limba-romana-pentru-noi-toti\/","url":"https:\/\/www.criserb.com\/blog\/mesajul-unei-profesoare-de-limba-romana-pentru-noi-toti\/","name":"Mesajul unei profesoare de limba rom\u00e2n\u0103 pentru noi to\u021bi","isPartOf":{"@id":"https:\/\/www.criserb.com\/blog\/#website"},"primaryImageOfPage":{"@id":"https:\/\/www.criserb.com\/blog\/mesajul-unei-profesoare-de-limba-romana-pentru-noi-toti\/#primaryimage"},"image":{"@id":"https:\/\/www.criserb.com\/blog\/mesajul-unei-profesoare-de-limba-romana-pentru-noi-toti\/#primaryimage"},"thumbnailUrl":"https:\/\/www.criserb.com\/blog\/poze\/2014\/06\/letter.jpg","datePublished":"2014-06-26T14:48:22+00:00","breadcrumb":{"@id":"https:\/\/www.criserb.com\/blog\/mesajul-unei-profesoare-de-limba-romana-pentru-noi-toti\/#breadcrumb"},"inLanguage":"en-US","potentialAction":[{"@type":"ReadAction","target":["https:\/\/www.criserb.com\/blog\/mesajul-unei-profesoare-de-limba-romana-pentru-noi-toti\/"]}]},{"@type":"ImageObject","inLanguage":"en-US","@id":"https:\/\/www.criserb.com\/blog\/mesajul-unei-profesoare-de-limba-romana-pentru-noi-toti\/#primaryimage","url":"https:\/\/www.criserb.com\/blog\/poze\/2014\/06\/letter.jpg","contentUrl":"https:\/\/www.criserb.com\/blog\/poze\/2014\/06\/letter.jpg","width":1199,"height":803},{"@type":"BreadcrumbList","@id":"https:\/\/www.criserb.com\/blog\/mesajul-unei-profesoare-de-limba-romana-pentru-noi-toti\/#breadcrumb","itemListElement":[{"@type":"ListItem","position":1,"name":"Home","item":"https:\/\/www.criserb.com\/blog\/"},{"@type":"ListItem","position":2,"name":"Mesajul unei profesoare de limba rom\u00e2n\u0103 pentru noi to\u021bi"}]},{"@type":"WebSite","@id":"https:\/\/www.criserb.com\/blog\/#website","url":"https:\/\/www.criserb.com\/blog\/","name":"criserb.com","description":"Nimic ce merita citit :)","publisher":{"@id":"https:\/\/www.criserb.com\/blog\/#\/schema\/person\/8df5199bda4e628c32a10f318d8602b5"},"potentialAction":[{"@type":"SearchAction","target":{"@type":"EntryPoint","urlTemplate":"https:\/\/www.criserb.com\/blog\/?s={search_term_string}"},"query-input":{"@type":"PropertyValueSpecification","valueRequired":true,"valueName":"search_term_string"}}],"inLanguage":"en-US"},{"@type":["Person","Organization"],"@id":"https:\/\/www.criserb.com\/blog\/#\/schema\/person\/8df5199bda4e628c32a10f318d8602b5","name":"criserb","image":{"@type":"ImageObject","inLanguage":"en-US","@id":"https:\/\/www.criserb.com\/blog\/#\/schema\/person\/image\/","url":"http:\/\/0.gravatar.com\/avatar\/fdb6cca710f39545f0c4b5b936c390b4?s=96&d=monsterid&r=pg","contentUrl":"http:\/\/0.gravatar.com\/avatar\/fdb6cca710f39545f0c4b5b936c390b4?s=96&d=monsterid&r=pg","caption":"criserb"},"logo":{"@id":"https:\/\/www.criserb.com\/blog\/#\/schema\/person\/image\/"},"sameAs":["http:\/\/www.criserb.com"],"url":"https:\/\/www.criserb.com\/blog\/author\/criserb\/"}]}},"_links":{"self":[{"href":"https:\/\/www.criserb.com\/blog\/wp-json\/wp\/v2\/posts\/29059"}],"collection":[{"href":"https:\/\/www.criserb.com\/blog\/wp-json\/wp\/v2\/posts"}],"about":[{"href":"https:\/\/www.criserb.com\/blog\/wp-json\/wp\/v2\/types\/post"}],"author":[{"embeddable":true,"href":"https:\/\/www.criserb.com\/blog\/wp-json\/wp\/v2\/users\/3"}],"replies":[{"embeddable":true,"href":"https:\/\/www.criserb.com\/blog\/wp-json\/wp\/v2\/comments?post=29059"}],"version-history":[{"count":0,"href":"https:\/\/www.criserb.com\/blog\/wp-json\/wp\/v2\/posts\/29059\/revisions"}],"wp:featuredmedia":[{"embeddable":true,"href":"https:\/\/www.criserb.com\/blog\/wp-json\/wp\/v2\/media\/29060"}],"wp:attachment":[{"href":"https:\/\/www.criserb.com\/blog\/wp-json\/wp\/v2\/media?parent=29059"}],"wp:term":[{"taxonomy":"category","embeddable":true,"href":"https:\/\/www.criserb.com\/blog\/wp-json\/wp\/v2\/categories?post=29059"},{"taxonomy":"post_tag","embeddable":true,"href":"https:\/\/www.criserb.com\/blog\/wp-json\/wp\/v2\/tags?post=29059"}],"curies":[{"name":"wp","href":"https:\/\/api.w.org\/{rel}","templated":true}]}}