{"id":29078,"date":"2014-06-30T12:16:11","date_gmt":"2014-06-30T09:16:11","guid":{"rendered":"http:\/\/www.criserb.com\/blog\/?p=29078"},"modified":"2014-06-30T12:16:33","modified_gmt":"2014-06-30T09:16:33","slug":"romania-prin-ochii-unui-turist-olandez","status":"publish","type":"post","link":"https:\/\/www.criserb.com\/blog\/romania-prin-ochii-unui-turist-olandez\/","title":{"rendered":"Rom\u00e2nia prin ochii unui turist Olandez"},"content":{"rendered":"<p>V\u0103 invit s\u0103 urm\u0103ri\u021bi materialul de mai jos. Este un clip f\u0103cut de un Olandez \u00een urma vizitei sale \u00een Rom\u00e2nia, vizit\u0103 ce a avut loc \u00een 2013. Dup\u0103 p\u0103rerea mea clipul este mult mai reu\u0219it dec\u00e2t cel oficial, cel <a href=\"http:\/\/www.criserb.com\/blog\/prezentare-mamaia-2014.html\" target=\"_blank\">de prezentare a sta\u021biunii Mamaia<\/a>.<\/p>\n<p>http:\/\/vimeo.com\/98627871<\/p>\n","protected":false},"excerpt":{"rendered":"<p>V\u0103 invit s\u0103 urm\u0103ri\u021bi materialul de mai jos. Este un clip f\u0103cut de un Olandez \u00een urma vizitei sale \u00een Rom\u00e2nia, vizit\u0103 ce a avut loc \u00een 2013. Dup\u0103 p\u0103rerea mea clipul este mult mai reu\u0219it dec\u00e2t cel oficial, cel de prezentare a sta\u021biunii Mamaia.<\/p>\n","protected":false},"author":3,"featured_media":29079,"comment_status":"open","ping_status":"open","sticky":false,"template":"","format":"standard","meta":{"footnotes":""},"categories":[46],"tags":[6252,215,6254,6253,350],"yoast_head":"<!-- This site is optimized with the Yoast SEO plugin v24.5 - https:\/\/yoast.com\/wordpress\/plugins\/seo\/ -->\n<title>Rom\u00e2nia prin ochii unui turist Olandez<\/title>\n<meta name=\"robots\" content=\"index, follow, max-snippet:-1, max-image-preview:large, max-video-preview:-1\" \/>\n<link rel=\"canonical\" href=\"https:\/\/www.criserb.com\/blog\/romania-prin-ochii-unui-turist-olandez\/\" \/>\n<meta name=\"twitter:label1\" content=\"Written by\" \/>\n\t<meta name=\"twitter:data1\" content=\"criserb\" \/>\n<script type=\"application\/ld+json\" class=\"yoast-schema-graph\">{\"@context\":\"https:\/\/schema.org\",\"@graph\":[{\"@type\":\"Article\",\"@id\":\"https:\/\/www.criserb.com\/blog\/romania-prin-ochii-unui-turist-olandez\/#article\",\"isPartOf\":{\"@id\":\"https:\/\/www.criserb.com\/blog\/romania-prin-ochii-unui-turist-olandez\/\"},\"author\":{\"name\":\"criserb\",\"@id\":\"https:\/\/www.criserb.com\/blog\/#\/schema\/person\/8df5199bda4e628c32a10f318d8602b5\"},\"headline\":\"Rom\u00e2nia prin ochii unui turist Olandez\",\"datePublished\":\"2014-06-30T09:16:11+00:00\",\"dateModified\":\"2014-06-30T09:16:33+00:00\",\"mainEntityOfPage\":{\"@id\":\"https:\/\/www.criserb.com\/blog\/romania-prin-ochii-unui-turist-olandez\/\"},\"wordCount\":62,\"commentCount\":2,\"publisher\":{\"@id\":\"https:\/\/www.criserb.com\/blog\/#\/schema\/person\/8df5199bda4e628c32a10f318d8602b5\"},\"image\":{\"@id\":\"https:\/\/www.criserb.com\/blog\/romania-prin-ochii-unui-turist-olandez\/#primaryimage\"},\"thumbnailUrl\":\"https:\/\/www.criserb.com\/blog\/poze\/2014\/06\/prezentare-romania-2013.jpg\",\"keywords\":[\"Prezentare Rom\u00e2nia\",\"romania\",\"Str\u0103in \u00een Rom\u00e2nia\",\"Un Olandez \u00een Rom\u00e2nia\",\"Video\"],\"articleSection\":[\"Design\"],\"inLanguage\":\"en-US\",\"potentialAction\":[{\"@type\":\"CommentAction\",\"name\":\"Comment\",\"target\":[\"https:\/\/www.criserb.com\/blog\/romania-prin-ochii-unui-turist-olandez\/#respond\"]}]},{\"@type\":\"WebPage\",\"@id\":\"https:\/\/www.criserb.com\/blog\/romania-prin-ochii-unui-turist-olandez\/\",\"url\":\"https:\/\/www.criserb.com\/blog\/romania-prin-ochii-unui-turist-olandez\/\",\"name\":\"Rom\u00e2nia prin ochii unui turist Olandez\",\"isPartOf\":{\"@id\":\"https:\/\/www.criserb.com\/blog\/#website\"},\"primaryImageOfPage\":{\"@id\":\"https:\/\/www.criserb.com\/blog\/romania-prin-ochii-unui-turist-olandez\/#primaryimage\"},\"image\":{\"@id\":\"https:\/\/www.criserb.com\/blog\/romania-prin-ochii-unui-turist-olandez\/#primaryimage\"},\"thumbnailUrl\":\"https:\/\/www.criserb.com\/blog\/poze\/2014\/06\/prezentare-romania-2013.jpg\",\"datePublished\":\"2014-06-30T09:16:11+00:00\",\"dateModified\":\"2014-06-30T09:16:33+00:00\",\"breadcrumb\":{\"@id\":\"https:\/\/www.criserb.com\/blog\/romania-prin-ochii-unui-turist-olandez\/#breadcrumb\"},\"inLanguage\":\"en-US\",\"potentialAction\":[{\"@type\":\"ReadAction\",\"target\":[\"https:\/\/www.criserb.com\/blog\/romania-prin-ochii-unui-turist-olandez\/\"]}]},{\"@type\":\"ImageObject\",\"inLanguage\":\"en-US\",\"@id\":\"https:\/\/www.criserb.com\/blog\/romania-prin-ochii-unui-turist-olandez\/#primaryimage\",\"url\":\"https:\/\/www.criserb.com\/blog\/poze\/2014\/06\/prezentare-romania-2013.jpg\",\"contentUrl\":\"https:\/\/www.criserb.com\/blog\/poze\/2014\/06\/prezentare-romania-2013.jpg\",\"width\":960,\"height\":540},{\"@type\":\"BreadcrumbList\",\"@id\":\"https:\/\/www.criserb.com\/blog\/romania-prin-ochii-unui-turist-olandez\/#breadcrumb\",\"itemListElement\":[{\"@type\":\"ListItem\",\"position\":1,\"name\":\"Home\",\"item\":\"https:\/\/www.criserb.com\/blog\/\"},{\"@type\":\"ListItem\",\"position\":2,\"name\":\"Rom\u00e2nia prin ochii unui turist Olandez\"}]},{\"@type\":\"WebSite\",\"@id\":\"https:\/\/www.criserb.com\/blog\/#website\",\"url\":\"https:\/\/www.criserb.com\/blog\/\",\"name\":\"criserb.com\",\"description\":\"Nimic ce merita citit :)\",\"publisher\":{\"@id\":\"https:\/\/www.criserb.com\/blog\/#\/schema\/person\/8df5199bda4e628c32a10f318d8602b5\"},\"potentialAction\":[{\"@type\":\"SearchAction\",\"target\":{\"@type\":\"EntryPoint\",\"urlTemplate\":\"https:\/\/www.criserb.com\/blog\/?s={search_term_string}\"},\"query-input\":{\"@type\":\"PropertyValueSpecification\",\"valueRequired\":true,\"valueName\":\"search_term_string\"}}],\"inLanguage\":\"en-US\"},{\"@type\":[\"Person\",\"Organization\"],\"@id\":\"https:\/\/www.criserb.com\/blog\/#\/schema\/person\/8df5199bda4e628c32a10f318d8602b5\",\"name\":\"criserb\",\"image\":{\"@type\":\"ImageObject\",\"inLanguage\":\"en-US\",\"@id\":\"https:\/\/www.criserb.com\/blog\/#\/schema\/person\/image\/\",\"url\":\"http:\/\/0.gravatar.com\/avatar\/fdb6cca710f39545f0c4b5b936c390b4?s=96&d=monsterid&r=pg\",\"contentUrl\":\"http:\/\/0.gravatar.com\/avatar\/fdb6cca710f39545f0c4b5b936c390b4?s=96&d=monsterid&r=pg\",\"caption\":\"criserb\"},\"logo\":{\"@id\":\"https:\/\/www.criserb.com\/blog\/#\/schema\/person\/image\/\"},\"sameAs\":[\"http:\/\/www.criserb.com\"],\"url\":\"https:\/\/www.criserb.com\/blog\/author\/criserb\/\"}]}<\/script>\n<!-- \/ Yoast SEO plugin. -->","yoast_head_json":{"title":"Rom\u00e2nia prin ochii unui turist Olandez","robots":{"index":"index","follow":"follow","max-snippet":"max-snippet:-1","max-image-preview":"max-image-preview:large","max-video-preview":"max-video-preview:-1"},"canonical":"https:\/\/www.criserb.com\/blog\/romania-prin-ochii-unui-turist-olandez\/","twitter_misc":{"Written by":"criserb"},"schema":{"@context":"https:\/\/schema.org","@graph":[{"@type":"Article","@id":"https:\/\/www.criserb.com\/blog\/romania-prin-ochii-unui-turist-olandez\/#article","isPartOf":{"@id":"https:\/\/www.criserb.com\/blog\/romania-prin-ochii-unui-turist-olandez\/"},"author":{"name":"criserb","@id":"https:\/\/www.criserb.com\/blog\/#\/schema\/person\/8df5199bda4e628c32a10f318d8602b5"},"headline":"Rom\u00e2nia prin ochii unui turist Olandez","datePublished":"2014-06-30T09:16:11+00:00","dateModified":"2014-06-30T09:16:33+00:00","mainEntityOfPage":{"@id":"https:\/\/www.criserb.com\/blog\/romania-prin-ochii-unui-turist-olandez\/"},"wordCount":62,"commentCount":2,"publisher":{"@id":"https:\/\/www.criserb.com\/blog\/#\/schema\/person\/8df5199bda4e628c32a10f318d8602b5"},"image":{"@id":"https:\/\/www.criserb.com\/blog\/romania-prin-ochii-unui-turist-olandez\/#primaryimage"},"thumbnailUrl":"https:\/\/www.criserb.com\/blog\/poze\/2014\/06\/prezentare-romania-2013.jpg","keywords":["Prezentare Rom\u00e2nia","romania","Str\u0103in \u00een Rom\u00e2nia","Un Olandez \u00een Rom\u00e2nia","Video"],"articleSection":["Design"],"inLanguage":"en-US","potentialAction":[{"@type":"CommentAction","name":"Comment","target":["https:\/\/www.criserb.com\/blog\/romania-prin-ochii-unui-turist-olandez\/#respond"]}]},{"@type":"WebPage","@id":"https:\/\/www.criserb.com\/blog\/romania-prin-ochii-unui-turist-olandez\/","url":"https:\/\/www.criserb.com\/blog\/romania-prin-ochii-unui-turist-olandez\/","name":"Rom\u00e2nia prin ochii unui turist Olandez","isPartOf":{"@id":"https:\/\/www.criserb.com\/blog\/#website"},"primaryImageOfPage":{"@id":"https:\/\/www.criserb.com\/blog\/romania-prin-ochii-unui-turist-olandez\/#primaryimage"},"image":{"@id":"https:\/\/www.criserb.com\/blog\/romania-prin-ochii-unui-turist-olandez\/#primaryimage"},"thumbnailUrl":"https:\/\/www.criserb.com\/blog\/poze\/2014\/06\/prezentare-romania-2013.jpg","datePublished":"2014-06-30T09:16:11+00:00","dateModified":"2014-06-30T09:16:33+00:00","breadcrumb":{"@id":"https:\/\/www.criserb.com\/blog\/romania-prin-ochii-unui-turist-olandez\/#breadcrumb"},"inLanguage":"en-US","potentialAction":[{"@type":"ReadAction","target":["https:\/\/www.criserb.com\/blog\/romania-prin-ochii-unui-turist-olandez\/"]}]},{"@type":"ImageObject","inLanguage":"en-US","@id":"https:\/\/www.criserb.com\/blog\/romania-prin-ochii-unui-turist-olandez\/#primaryimage","url":"https:\/\/www.criserb.com\/blog\/poze\/2014\/06\/prezentare-romania-2013.jpg","contentUrl":"https:\/\/www.criserb.com\/blog\/poze\/2014\/06\/prezentare-romania-2013.jpg","width":960,"height":540},{"@type":"BreadcrumbList","@id":"https:\/\/www.criserb.com\/blog\/romania-prin-ochii-unui-turist-olandez\/#breadcrumb","itemListElement":[{"@type":"ListItem","position":1,"name":"Home","item":"https:\/\/www.criserb.com\/blog\/"},{"@type":"ListItem","position":2,"name":"Rom\u00e2nia prin ochii unui turist Olandez"}]},{"@type":"WebSite","@id":"https:\/\/www.criserb.com\/blog\/#website","url":"https:\/\/www.criserb.com\/blog\/","name":"criserb.com","description":"Nimic ce merita citit :)","publisher":{"@id":"https:\/\/www.criserb.com\/blog\/#\/schema\/person\/8df5199bda4e628c32a10f318d8602b5"},"potentialAction":[{"@type":"SearchAction","target":{"@type":"EntryPoint","urlTemplate":"https:\/\/www.criserb.com\/blog\/?s={search_term_string}"},"query-input":{"@type":"PropertyValueSpecification","valueRequired":true,"valueName":"search_term_string"}}],"inLanguage":"en-US"},{"@type":["Person","Organization"],"@id":"https:\/\/www.criserb.com\/blog\/#\/schema\/person\/8df5199bda4e628c32a10f318d8602b5","name":"criserb","image":{"@type":"ImageObject","inLanguage":"en-US","@id":"https:\/\/www.criserb.com\/blog\/#\/schema\/person\/image\/","url":"http:\/\/0.gravatar.com\/avatar\/fdb6cca710f39545f0c4b5b936c390b4?s=96&d=monsterid&r=pg","contentUrl":"http:\/\/0.gravatar.com\/avatar\/fdb6cca710f39545f0c4b5b936c390b4?s=96&d=monsterid&r=pg","caption":"criserb"},"logo":{"@id":"https:\/\/www.criserb.com\/blog\/#\/schema\/person\/image\/"},"sameAs":["http:\/\/www.criserb.com"],"url":"https:\/\/www.criserb.com\/blog\/author\/criserb\/"}]}},"_links":{"self":[{"href":"https:\/\/www.criserb.com\/blog\/wp-json\/wp\/v2\/posts\/29078"}],"collection":[{"href":"https:\/\/www.criserb.com\/blog\/wp-json\/wp\/v2\/posts"}],"about":[{"href":"https:\/\/www.criserb.com\/blog\/wp-json\/wp\/v2\/types\/post"}],"author":[{"embeddable":true,"href":"https:\/\/www.criserb.com\/blog\/wp-json\/wp\/v2\/users\/3"}],"replies":[{"embeddable":true,"href":"https:\/\/www.criserb.com\/blog\/wp-json\/wp\/v2\/comments?post=29078"}],"version-history":[{"count":0,"href":"https:\/\/www.criserb.com\/blog\/wp-json\/wp\/v2\/posts\/29078\/revisions"}],"wp:featuredmedia":[{"embeddable":true,"href":"https:\/\/www.criserb.com\/blog\/wp-json\/wp\/v2\/media\/29079"}],"wp:attachment":[{"href":"https:\/\/www.criserb.com\/blog\/wp-json\/wp\/v2\/media?parent=29078"}],"wp:term":[{"taxonomy":"category","embeddable":true,"href":"https:\/\/www.criserb.com\/blog\/wp-json\/wp\/v2\/categories?post=29078"},{"taxonomy":"post_tag","embeddable":true,"href":"https:\/\/www.criserb.com\/blog\/wp-json\/wp\/v2\/tags?post=29078"}],"curies":[{"name":"wp","href":"https:\/\/api.w.org\/{rel}","templated":true}]}}