{"id":29091,"date":"2014-07-02T15:20:24","date_gmt":"2014-07-02T12:20:24","guid":{"rendered":"http:\/\/www.criserb.com\/blog\/?p=29091"},"modified":"2014-07-02T15:20:25","modified_gmt":"2014-07-02T12:20:25","slug":"noul-juriu-de-la-masterchef-este","status":"publish","type":"post","link":"https:\/\/www.criserb.com\/blog\/noul-juriu-de-la-masterchef-este\/","title":{"rendered":"Noul juriu de la MasterChef este&#8230;"},"content":{"rendered":"<p>Conform informa\u021biilor ap\u0103rute\u00a0pe site-ul ProTV-ului nou juriu o s\u0103 fie format din\u00a0<strong>Patrizia Paglieri<\/strong>, <strong>Adrian H\u0103dean<\/strong> \u0219i <strong>Florin Scripca.<\/strong><\/p>\n<p><img loading=\"lazy\" decoding=\"async\" class=\"aligncenter size-full wp-image-29092\" src=\"http:\/\/www.criserb.com\/blog\/poze\/2014\/07\/masterchef-are-din-toamna-un-nou-juriu-de-exceptie-patrizia-paglieri-adrian-hadean-si-florin-scripca.jpg\" alt=\"masterchef-are-din-toamna-un-nou-juriu-de-exceptie-patrizia-paglieri-adrian-hadean-si-florin-scripca\" width=\"1365\" height=\"1330\" srcset=\"https:\/\/www.criserb.com\/blog\/poze\/2014\/07\/masterchef-are-din-toamna-un-nou-juriu-de-exceptie-patrizia-paglieri-adrian-hadean-si-florin-scripca.jpg 1365w, https:\/\/www.criserb.com\/blog\/poze\/2014\/07\/masterchef-are-din-toamna-un-nou-juriu-de-exceptie-patrizia-paglieri-adrian-hadean-si-florin-scripca-300x292.jpg 300w, https:\/\/www.criserb.com\/blog\/poze\/2014\/07\/masterchef-are-din-toamna-un-nou-juriu-de-exceptie-patrizia-paglieri-adrian-hadean-si-florin-scripca-1200x1169.jpg 1200w\" sizes=\"(max-width: 1365px) 100vw, 1365px\" \/><\/p>\n<p>Cine sunt ace\u0219tia o s\u0103 vedem. De <a href=\"http:\/\/www.adihadean.ro\/\" target=\"_blank\">Adi H\u0103dean<\/a>\u00a0am auzit. \u00cel \u0219tiu din online, pare un om foarte ok. Pe restul nu-i cunosc, dar adev\u0103rul este c\u0103 nu i-am cunoscut nici pe cei care au fost p\u00e2n\u0103 acum \u0219i totu\u0219i am \u00eenceput s\u0103-i \u00eendr\u0103gesc.<\/p>\n<p>Trebuie s\u0103 fim deschi\u0219i \u0219i s\u0103 oferim o \u0219ans\u0103 \u0219i noului juriu, cu toate c\u0103 mul\u021bi dintre voi o s\u0103 zic\u0103 c\u0103 \u00eei preferau pe cei vechi.<\/p>\n<p>Ne uit\u0103m \u0219i la urm\u0103torul sezon \u0219i la final puteam s\u0103 spunem dac\u0103 este mai bine a\u0219a sau nu&#8230; s\u0103 nu ne pripim ;)<\/p>\n<p>Mai multe detalii g\u0103si\u021bi aici, <a href=\"http:\/\/masterchef.protv.ro\/stiri\/masterchef-are-din-toamna-un-nou-juriu-de-exceptie-patrizia-paglieri-adrian-hadean-si-florin-scripca.html\" target=\"_blank\">masterchef.protv.ro<\/a><\/p>\n","protected":false},"excerpt":{"rendered":"<p>Conform informa\u021biilor ap\u0103rute\u00a0pe site-ul ProTV-ului nou juriu o s\u0103 fie format din\u00a0Patrizia Paglieri, Adrian H\u0103dean \u0219i Florin Scripca. Cine sunt ace\u0219tia o s\u0103 vedem. De Adi H\u0103dean\u00a0am auzit. \u00cel \u0219tiu din online, pare un om foarte ok. Pe restul nu-i cunosc, dar adev\u0103rul este c\u0103 nu i-am cunoscut nici pe cei care au fost p\u00e2n\u0103&hellip;<\/p>\n","protected":false},"author":3,"featured_media":29092,"comment_status":"open","ping_status":"open","sticky":false,"template":"","format":"standard","meta":{"footnotes":""},"categories":[2],"tags":[6260,6262,3332,6259,6261],"yoast_head":"<!-- This site is optimized with the Yoast SEO plugin v24.5 - https:\/\/yoast.com\/wordpress\/plugins\/seo\/ -->\n<title>Noul juriu de la MasterChef este...<\/title>\n<meta name=\"robots\" content=\"index, follow, max-snippet:-1, max-image-preview:large, max-video-preview:-1\" \/>\n<link rel=\"canonical\" href=\"https:\/\/www.criserb.com\/blog\/noul-juriu-de-la-masterchef-este\/\" \/>\n<meta name=\"twitter:label1\" content=\"Written by\" \/>\n\t<meta name=\"twitter:data1\" content=\"criserb\" \/>\n\t<meta name=\"twitter:label2\" content=\"Est. reading time\" \/>\n\t<meta name=\"twitter:data2\" content=\"1 minute\" \/>\n<script type=\"application\/ld+json\" class=\"yoast-schema-graph\">{\"@context\":\"https:\/\/schema.org\",\"@graph\":[{\"@type\":\"Article\",\"@id\":\"https:\/\/www.criserb.com\/blog\/noul-juriu-de-la-masterchef-este\/#article\",\"isPartOf\":{\"@id\":\"https:\/\/www.criserb.com\/blog\/noul-juriu-de-la-masterchef-este\/\"},\"author\":{\"name\":\"criserb\",\"@id\":\"https:\/\/www.criserb.com\/blog\/#\/schema\/person\/8df5199bda4e628c32a10f318d8602b5\"},\"headline\":\"Noul juriu de la MasterChef este&#8230;\",\"datePublished\":\"2014-07-02T12:20:24+00:00\",\"dateModified\":\"2014-07-02T12:20:25+00:00\",\"mainEntityOfPage\":{\"@id\":\"https:\/\/www.criserb.com\/blog\/noul-juriu-de-la-masterchef-este\/\"},\"wordCount\":146,\"commentCount\":1,\"publisher\":{\"@id\":\"https:\/\/www.criserb.com\/blog\/#\/schema\/person\/8df5199bda4e628c32a10f318d8602b5\"},\"image\":{\"@id\":\"https:\/\/www.criserb.com\/blog\/noul-juriu-de-la-masterchef-este\/#primaryimage\"},\"thumbnailUrl\":\"https:\/\/www.criserb.com\/blog\/poze\/2014\/07\/masterchef-are-din-toamna-un-nou-juriu-de-exceptie-patrizia-paglieri-adrian-hadean-si-florin-scripca.jpg\",\"keywords\":[\"Adi H\u0103dean\",\"Florin Scripca\",\"Masterchef\",\"Noul juriu de la MasterChef\",\"Patrizia Paglieri\"],\"articleSection\":[\"Aberatii\"],\"inLanguage\":\"en-US\",\"potentialAction\":[{\"@type\":\"CommentAction\",\"name\":\"Comment\",\"target\":[\"https:\/\/www.criserb.com\/blog\/noul-juriu-de-la-masterchef-este\/#respond\"]}]},{\"@type\":\"WebPage\",\"@id\":\"https:\/\/www.criserb.com\/blog\/noul-juriu-de-la-masterchef-este\/\",\"url\":\"https:\/\/www.criserb.com\/blog\/noul-juriu-de-la-masterchef-este\/\",\"name\":\"Noul juriu de la MasterChef este...\",\"isPartOf\":{\"@id\":\"https:\/\/www.criserb.com\/blog\/#website\"},\"primaryImageOfPage\":{\"@id\":\"https:\/\/www.criserb.com\/blog\/noul-juriu-de-la-masterchef-este\/#primaryimage\"},\"image\":{\"@id\":\"https:\/\/www.criserb.com\/blog\/noul-juriu-de-la-masterchef-este\/#primaryimage\"},\"thumbnailUrl\":\"https:\/\/www.criserb.com\/blog\/poze\/2014\/07\/masterchef-are-din-toamna-un-nou-juriu-de-exceptie-patrizia-paglieri-adrian-hadean-si-florin-scripca.jpg\",\"datePublished\":\"2014-07-02T12:20:24+00:00\",\"dateModified\":\"2014-07-02T12:20:25+00:00\",\"breadcrumb\":{\"@id\":\"https:\/\/www.criserb.com\/blog\/noul-juriu-de-la-masterchef-este\/#breadcrumb\"},\"inLanguage\":\"en-US\",\"potentialAction\":[{\"@type\":\"ReadAction\",\"target\":[\"https:\/\/www.criserb.com\/blog\/noul-juriu-de-la-masterchef-este\/\"]}]},{\"@type\":\"ImageObject\",\"inLanguage\":\"en-US\",\"@id\":\"https:\/\/www.criserb.com\/blog\/noul-juriu-de-la-masterchef-este\/#primaryimage\",\"url\":\"https:\/\/www.criserb.com\/blog\/poze\/2014\/07\/masterchef-are-din-toamna-un-nou-juriu-de-exceptie-patrizia-paglieri-adrian-hadean-si-florin-scripca.jpg\",\"contentUrl\":\"https:\/\/www.criserb.com\/blog\/poze\/2014\/07\/masterchef-are-din-toamna-un-nou-juriu-de-exceptie-patrizia-paglieri-adrian-hadean-si-florin-scripca.jpg\",\"width\":1365,\"height\":1330},{\"@type\":\"BreadcrumbList\",\"@id\":\"https:\/\/www.criserb.com\/blog\/noul-juriu-de-la-masterchef-este\/#breadcrumb\",\"itemListElement\":[{\"@type\":\"ListItem\",\"position\":1,\"name\":\"Home\",\"item\":\"https:\/\/www.criserb.com\/blog\/\"},{\"@type\":\"ListItem\",\"position\":2,\"name\":\"Noul juriu de la MasterChef este&#8230;\"}]},{\"@type\":\"WebSite\",\"@id\":\"https:\/\/www.criserb.com\/blog\/#website\",\"url\":\"https:\/\/www.criserb.com\/blog\/\",\"name\":\"criserb.com\",\"description\":\"Nimic ce merita citit :)\",\"publisher\":{\"@id\":\"https:\/\/www.criserb.com\/blog\/#\/schema\/person\/8df5199bda4e628c32a10f318d8602b5\"},\"potentialAction\":[{\"@type\":\"SearchAction\",\"target\":{\"@type\":\"EntryPoint\",\"urlTemplate\":\"https:\/\/www.criserb.com\/blog\/?s={search_term_string}\"},\"query-input\":{\"@type\":\"PropertyValueSpecification\",\"valueRequired\":true,\"valueName\":\"search_term_string\"}}],\"inLanguage\":\"en-US\"},{\"@type\":[\"Person\",\"Organization\"],\"@id\":\"https:\/\/www.criserb.com\/blog\/#\/schema\/person\/8df5199bda4e628c32a10f318d8602b5\",\"name\":\"criserb\",\"image\":{\"@type\":\"ImageObject\",\"inLanguage\":\"en-US\",\"@id\":\"https:\/\/www.criserb.com\/blog\/#\/schema\/person\/image\/\",\"url\":\"http:\/\/0.gravatar.com\/avatar\/fdb6cca710f39545f0c4b5b936c390b4?s=96&d=monsterid&r=pg\",\"contentUrl\":\"http:\/\/0.gravatar.com\/avatar\/fdb6cca710f39545f0c4b5b936c390b4?s=96&d=monsterid&r=pg\",\"caption\":\"criserb\"},\"logo\":{\"@id\":\"https:\/\/www.criserb.com\/blog\/#\/schema\/person\/image\/\"},\"sameAs\":[\"http:\/\/www.criserb.com\"],\"url\":\"https:\/\/www.criserb.com\/blog\/author\/criserb\/\"}]}<\/script>\n<!-- \/ Yoast SEO plugin. -->","yoast_head_json":{"title":"Noul juriu de la MasterChef este...","robots":{"index":"index","follow":"follow","max-snippet":"max-snippet:-1","max-image-preview":"max-image-preview:large","max-video-preview":"max-video-preview:-1"},"canonical":"https:\/\/www.criserb.com\/blog\/noul-juriu-de-la-masterchef-este\/","twitter_misc":{"Written by":"criserb","Est. reading time":"1 minute"},"schema":{"@context":"https:\/\/schema.org","@graph":[{"@type":"Article","@id":"https:\/\/www.criserb.com\/blog\/noul-juriu-de-la-masterchef-este\/#article","isPartOf":{"@id":"https:\/\/www.criserb.com\/blog\/noul-juriu-de-la-masterchef-este\/"},"author":{"name":"criserb","@id":"https:\/\/www.criserb.com\/blog\/#\/schema\/person\/8df5199bda4e628c32a10f318d8602b5"},"headline":"Noul juriu de la MasterChef este&#8230;","datePublished":"2014-07-02T12:20:24+00:00","dateModified":"2014-07-02T12:20:25+00:00","mainEntityOfPage":{"@id":"https:\/\/www.criserb.com\/blog\/noul-juriu-de-la-masterchef-este\/"},"wordCount":146,"commentCount":1,"publisher":{"@id":"https:\/\/www.criserb.com\/blog\/#\/schema\/person\/8df5199bda4e628c32a10f318d8602b5"},"image":{"@id":"https:\/\/www.criserb.com\/blog\/noul-juriu-de-la-masterchef-este\/#primaryimage"},"thumbnailUrl":"https:\/\/www.criserb.com\/blog\/poze\/2014\/07\/masterchef-are-din-toamna-un-nou-juriu-de-exceptie-patrizia-paglieri-adrian-hadean-si-florin-scripca.jpg","keywords":["Adi H\u0103dean","Florin Scripca","Masterchef","Noul juriu de la MasterChef","Patrizia Paglieri"],"articleSection":["Aberatii"],"inLanguage":"en-US","potentialAction":[{"@type":"CommentAction","name":"Comment","target":["https:\/\/www.criserb.com\/blog\/noul-juriu-de-la-masterchef-este\/#respond"]}]},{"@type":"WebPage","@id":"https:\/\/www.criserb.com\/blog\/noul-juriu-de-la-masterchef-este\/","url":"https:\/\/www.criserb.com\/blog\/noul-juriu-de-la-masterchef-este\/","name":"Noul juriu de la MasterChef este...","isPartOf":{"@id":"https:\/\/www.criserb.com\/blog\/#website"},"primaryImageOfPage":{"@id":"https:\/\/www.criserb.com\/blog\/noul-juriu-de-la-masterchef-este\/#primaryimage"},"image":{"@id":"https:\/\/www.criserb.com\/blog\/noul-juriu-de-la-masterchef-este\/#primaryimage"},"thumbnailUrl":"https:\/\/www.criserb.com\/blog\/poze\/2014\/07\/masterchef-are-din-toamna-un-nou-juriu-de-exceptie-patrizia-paglieri-adrian-hadean-si-florin-scripca.jpg","datePublished":"2014-07-02T12:20:24+00:00","dateModified":"2014-07-02T12:20:25+00:00","breadcrumb":{"@id":"https:\/\/www.criserb.com\/blog\/noul-juriu-de-la-masterchef-este\/#breadcrumb"},"inLanguage":"en-US","potentialAction":[{"@type":"ReadAction","target":["https:\/\/www.criserb.com\/blog\/noul-juriu-de-la-masterchef-este\/"]}]},{"@type":"ImageObject","inLanguage":"en-US","@id":"https:\/\/www.criserb.com\/blog\/noul-juriu-de-la-masterchef-este\/#primaryimage","url":"https:\/\/www.criserb.com\/blog\/poze\/2014\/07\/masterchef-are-din-toamna-un-nou-juriu-de-exceptie-patrizia-paglieri-adrian-hadean-si-florin-scripca.jpg","contentUrl":"https:\/\/www.criserb.com\/blog\/poze\/2014\/07\/masterchef-are-din-toamna-un-nou-juriu-de-exceptie-patrizia-paglieri-adrian-hadean-si-florin-scripca.jpg","width":1365,"height":1330},{"@type":"BreadcrumbList","@id":"https:\/\/www.criserb.com\/blog\/noul-juriu-de-la-masterchef-este\/#breadcrumb","itemListElement":[{"@type":"ListItem","position":1,"name":"Home","item":"https:\/\/www.criserb.com\/blog\/"},{"@type":"ListItem","position":2,"name":"Noul juriu de la MasterChef este&#8230;"}]},{"@type":"WebSite","@id":"https:\/\/www.criserb.com\/blog\/#website","url":"https:\/\/www.criserb.com\/blog\/","name":"criserb.com","description":"Nimic ce merita citit :)","publisher":{"@id":"https:\/\/www.criserb.com\/blog\/#\/schema\/person\/8df5199bda4e628c32a10f318d8602b5"},"potentialAction":[{"@type":"SearchAction","target":{"@type":"EntryPoint","urlTemplate":"https:\/\/www.criserb.com\/blog\/?s={search_term_string}"},"query-input":{"@type":"PropertyValueSpecification","valueRequired":true,"valueName":"search_term_string"}}],"inLanguage":"en-US"},{"@type":["Person","Organization"],"@id":"https:\/\/www.criserb.com\/blog\/#\/schema\/person\/8df5199bda4e628c32a10f318d8602b5","name":"criserb","image":{"@type":"ImageObject","inLanguage":"en-US","@id":"https:\/\/www.criserb.com\/blog\/#\/schema\/person\/image\/","url":"http:\/\/0.gravatar.com\/avatar\/fdb6cca710f39545f0c4b5b936c390b4?s=96&d=monsterid&r=pg","contentUrl":"http:\/\/0.gravatar.com\/avatar\/fdb6cca710f39545f0c4b5b936c390b4?s=96&d=monsterid&r=pg","caption":"criserb"},"logo":{"@id":"https:\/\/www.criserb.com\/blog\/#\/schema\/person\/image\/"},"sameAs":["http:\/\/www.criserb.com"],"url":"https:\/\/www.criserb.com\/blog\/author\/criserb\/"}]}},"_links":{"self":[{"href":"https:\/\/www.criserb.com\/blog\/wp-json\/wp\/v2\/posts\/29091"}],"collection":[{"href":"https:\/\/www.criserb.com\/blog\/wp-json\/wp\/v2\/posts"}],"about":[{"href":"https:\/\/www.criserb.com\/blog\/wp-json\/wp\/v2\/types\/post"}],"author":[{"embeddable":true,"href":"https:\/\/www.criserb.com\/blog\/wp-json\/wp\/v2\/users\/3"}],"replies":[{"embeddable":true,"href":"https:\/\/www.criserb.com\/blog\/wp-json\/wp\/v2\/comments?post=29091"}],"version-history":[{"count":0,"href":"https:\/\/www.criserb.com\/blog\/wp-json\/wp\/v2\/posts\/29091\/revisions"}],"wp:featuredmedia":[{"embeddable":true,"href":"https:\/\/www.criserb.com\/blog\/wp-json\/wp\/v2\/media\/29092"}],"wp:attachment":[{"href":"https:\/\/www.criserb.com\/blog\/wp-json\/wp\/v2\/media?parent=29091"}],"wp:term":[{"taxonomy":"category","embeddable":true,"href":"https:\/\/www.criserb.com\/blog\/wp-json\/wp\/v2\/categories?post=29091"},{"taxonomy":"post_tag","embeddable":true,"href":"https:\/\/www.criserb.com\/blog\/wp-json\/wp\/v2\/tags?post=29091"}],"curies":[{"name":"wp","href":"https:\/\/api.w.org\/{rel}","templated":true}]}}