{"id":29307,"date":"2014-08-07T12:23:16","date_gmt":"2014-08-07T09:23:16","guid":{"rendered":"http:\/\/www.criserb.com\/blog\/?p=29307"},"modified":"2014-08-08T13:18:04","modified_gmt":"2014-08-08T10:18:04","slug":"pentru-a-da-o-mana-de-ajutor-eu-imi-gasesc-timp-tu-iti-gasesti","status":"publish","type":"post","link":"https:\/\/www.criserb.com\/blog\/pentru-a-da-o-mana-de-ajutor-eu-imi-gasesc-timp-tu-iti-gasesti\/","title":{"rendered":"Pentru a da o m\u00e2n\u0103 de ajutor eu \u00eemi g\u0103sesc timp. Tu \u00ee\u021bi g\u0103se\u0219ti?"},"content":{"rendered":"<p>Dup\u0103 cum a\u021bi putut observa \u00een ultima vreme nu prea am fost pe aici, sau am fost foarte pu\u021bin. Am tot felul de chestii pe cap (nu probleme, sta\u021bi lini\u0219ti\u021bi) \u0219i mai pu\u021bin cu netul \u00een perioada asta.<\/p>\n<p><img loading=\"lazy\" decoding=\"async\" class=\"aligncenter size-full wp-image-29308\" src=\"http:\/\/www.criserb.com\/blog\/poze\/2014\/08\/sos-satele-copiilor.jpg\" alt=\"sos-satele-copiilor\" width=\"630\" height=\"419\" srcset=\"https:\/\/www.criserb.com\/blog\/poze\/2014\/08\/sos-satele-copiilor.jpg 630w, https:\/\/www.criserb.com\/blog\/poze\/2014\/08\/sos-satele-copiilor-300x199.jpg 300w\" sizes=\"(max-width: 630px) 100vw, 630px\" \/><\/p>\n<p>\u00cen scurtele escapade pe net am dat despre un articol scris de Petreanu \u00een care poveste\u0219te cu lux de am\u0103nunte despre Bucure\u0219tiul de alt\u0103 dat\u0103, mai exact despre zona din <a href=\"http:\/\/www.petreanu.ro\/2014\/07\/17\/niste-copii-au-nevoie-de-o-mana-de-ajutor-cine-mi-se-alatura\/\">cap\u0103tul C\u0103ii Floreasca<\/a>. O zon\u0103 care acum este o zon\u0103 cunoscut\u0103 din Bucure\u0219ti, o zon\u0103 bun\u0103 dup\u0103 cum vorbe\u0219te lumea.<\/p>\n<p>Ei bine, \u00een urma articolului men\u021bionat mai sus am aflat pu\u021bin din istoria locului \u0219i cel mai important am este c\u0103 am aflat despre <strong>SOS Satele Copiilor<\/strong>.<\/p>\n<p>Am trecut de nenum\u0103rate ori <a href=\"https:\/\/www.google.ro\/maps\/@44.475335,26.10388,3a,75y,239.33h,71.75t\/data=%213m4%211e1%213m2%211s_NaH_nuMRFM1gfXGMrVbeA%212e0\">pe acolo<\/a> \u0219i am v\u0103zut casele alea \u0219i niciodat\u0103 nu mi-am imaginat c\u0103 acolo locuiesc 80 de copii. Casele \u00een care locuiesc ace\u0219ti copii, 12 la num\u0103r, \u00eentre timp s-au degradat \u0219i au nevoie de lucr\u0103ri de reabilitare.<\/p>\n<p>Am primit invita\u021bia de a lua parte pentru o zi la lucr\u0103rile de reabilitare ale caselor din SOS Satele Copiilor Bucuresti. Astfel pe data de 9 august, s\u00e2mb\u0103t\u0103, \u00eempreun\u0103 cu <a href=\"http:\/\/andreeapatrascu.ro\/energie-pentru-fapte-bune\/\" target=\"_blank\">Andreea<\/a> \u0219i cu <a href=\"http:\/\/www.cabral.ro\/pentru-copii\/poti-sa-ajungi-supererou-trebuie-doar-sa-vrei\" target=\"_blank\">Cabral<\/a> vom merge acolo s\u0103 dam o m\u00e2n\u0103 de ajutor. Nu \u0219tiu exact care o s\u0103 fie rolul meu, nu \u0219tiu ce o s\u0103 mi se dea s\u0103 fac, cert este c\u0103 am s\u0103 fiu acolo \u0219i am s\u0103 pun um\u0103rul, a\u0219a cum pot eu, pentru a-i ajuta pe oameni. Nu fac mofturi, am s\u0103 fac ceea ce mi se d\u0103 de lucru \u0219i sunt convins c\u0103 mai sunt oameni ca \u0219i mine care doresc s\u0103 participe.<\/p>\n<p>A\u0219 vrea s\u0103 iau cu mine un blogger\/bloggeri\u021b\u0103 pentru c\u0103 \u00eentotdeauna mai multe m\u00e2ini sunt bine-venite. \u00cen caz c\u0103 vre\u021bi s\u0103 veni\u021bi l\u0103sa\u021bi un comentariu \u0219i am s\u0103 v\u0103 dau mai multe detalii despre or\u0103 la care trebuie s\u0103 mergem.<\/p>\n<p>\u00cen principiu o s\u0103 ne \u00eent\u00e2lnim \u00een fa\u021b\u0103 la Promenada Mall, pentru c\u0103 este foarte aproape de acest loc. Nu a\u021bi fi crezut nu? Ei bine nici eu. Nu am \u0219tiut, recunosc, c\u0103 \u00een zona aia de fi\u021be \u0219i mul\u021bi bani sunt ni\u0219te oameni care au nevoie de ajutor, ni\u0219te copii care nu au avut parte de ni\u0219te p\u0103rin\u021bi, a\u0219a ca noi.<\/p>\n<p>Nu trebuie s\u0103 v\u0103 face\u021bi probleme c\u0103 nu v\u0103 pricepe\u021bi sau mai \u0219tiu eu ce. Lucr\u0103rile nu o s\u0103 le \u00eencepem noi, ele au fost \u00eencepute de ceva timp. Nu o s\u0103 fim pu\u0219i s\u0103 facem lucruri la care nu ne pricepem, o s\u0103 ni se dea fiec\u0103ruia ceva pe m\u0103sura for\u021bei \u0219i priceperii noastre. Mai batem un cui, mai ducem o g\u0103leat\u0103 de colo-colo, ideea este c\u0103 de lucru este. Oameni s\u0103 fie s\u0103 poat\u0103 ajuta.<\/p>\n<p>Parteneri \u00een acest proiect sunt Habitat for Humanity Rom\u00e2nia, GDF SUEZ Energy Rom\u00e2nia, Funda\u021bia GDF SUEZ \u015fi SOS Satele Copiilor Rom\u00e2nia. Numele proiectului este \u201c<a href=\"http:\/\/www.energiepentrufaptebune.ro\/sos-village-conditii-de-viata-si-studiu-mai-bune-pentru-80-de-copii\/\"><em>Totul \u00eencepe acas\u0103!<\/em><\/a>\u201d iar banii, cei 300.000 de euro, vin de la GDF SUEZ Energy Rom\u00e2nia \u015fi Funda\u021bia GDF SUEZ. Proiectul este derulat prin platforma de responsabilitate sociala <a href=\"https:\/\/www.facebook.com\/energiepentrufaptebune\">Energie pentru Fapte Bune<\/a>.<\/p>\n<p>A\u0219adar avem parteneri, de noi mai este nevoie, treab\u0103 mai este&#8230;<\/p>\n<p><strong>Cine vrea s\u0103 vin\u0103 cu mine, s\u00e2mb\u0103t\u0103 9 august de diminea\u021b\u0103 (ora 9:30), s\u0103 ajut\u0103m ni\u0219te copii pe care nu i-a ajutat soarta? Ne \u00eent\u00e2lnim \u00een fa\u021b\u0103 la Promenada Mall, nu-i departe de locul unde trebuie s\u0103 ajungem. Sau poate ne vedem \u00een alt\u0103 parte, eu mai am loc \u00een ma\u0219in\u0103 \u00een cazul \u00een care pot s\u0103 v\u0103 iau de pe traseu.<\/strong><\/p>\n","protected":false},"excerpt":{"rendered":"<p>Dup\u0103 cum a\u021bi putut observa \u00een ultima vreme nu prea am fost pe aici, sau am fost foarte pu\u021bin. Am tot felul de chestii pe cap (nu probleme, sta\u021bi lini\u0219ti\u021bi) \u0219i mai pu\u021bin cu netul \u00een perioada asta. \u00cen scurtele escapade pe net am dat despre un articol scris de Petreanu \u00een care poveste\u0219te cu&hellip;<\/p>\n","protected":false},"author":3,"featured_media":29308,"comment_status":"open","ping_status":"open","sticky":false,"template":"","format":"standard","meta":{"footnotes":""},"categories":[40],"tags":[817,6335,6334,6333,7085],"yoast_head":"<!-- This site is optimized with the Yoast SEO plugin v24.5 - https:\/\/yoast.com\/wordpress\/plugins\/seo\/ -->\n<title>Pentru a da o m\u00e2n\u0103 de ajutor eu \u00eemi g\u0103sesc timp. Tu \u00ee\u021bi g\u0103se\u0219ti?<\/title>\n<meta name=\"robots\" content=\"index, follow, max-snippet:-1, max-image-preview:large, max-video-preview:-1\" \/>\n<link rel=\"canonical\" href=\"https:\/\/www.criserb.com\/blog\/pentru-a-da-o-mana-de-ajutor-eu-imi-gasesc-timp-tu-iti-gasesti\/\" \/>\n<meta name=\"twitter:label1\" content=\"Written by\" \/>\n\t<meta name=\"twitter:data1\" content=\"criserb\" \/>\n\t<meta name=\"twitter:label2\" content=\"Est. reading time\" \/>\n\t<meta name=\"twitter:data2\" content=\"3 minutes\" \/>\n<script type=\"application\/ld+json\" class=\"yoast-schema-graph\">{\"@context\":\"https:\/\/schema.org\",\"@graph\":[{\"@type\":\"Article\",\"@id\":\"https:\/\/www.criserb.com\/blog\/pentru-a-da-o-mana-de-ajutor-eu-imi-gasesc-timp-tu-iti-gasesti\/#article\",\"isPartOf\":{\"@id\":\"https:\/\/www.criserb.com\/blog\/pentru-a-da-o-mana-de-ajutor-eu-imi-gasesc-timp-tu-iti-gasesti\/\"},\"author\":{\"name\":\"criserb\",\"@id\":\"https:\/\/www.criserb.com\/blog\/#\/schema\/person\/8df5199bda4e628c32a10f318d8602b5\"},\"headline\":\"Pentru a da o m\u00e2n\u0103 de ajutor eu \u00eemi g\u0103sesc timp. Tu \u00ee\u021bi g\u0103se\u0219ti?\",\"datePublished\":\"2014-08-07T09:23:16+00:00\",\"dateModified\":\"2014-08-08T10:18:04+00:00\",\"mainEntityOfPage\":{\"@id\":\"https:\/\/www.criserb.com\/blog\/pentru-a-da-o-mana-de-ajutor-eu-imi-gasesc-timp-tu-iti-gasesti\/\"},\"wordCount\":652,\"commentCount\":4,\"publisher\":{\"@id\":\"https:\/\/www.criserb.com\/blog\/#\/schema\/person\/8df5199bda4e628c32a10f318d8602b5\"},\"image\":{\"@id\":\"https:\/\/www.criserb.com\/blog\/pentru-a-da-o-mana-de-ajutor-eu-imi-gasesc-timp-tu-iti-gasesti\/#primaryimage\"},\"thumbnailUrl\":\"https:\/\/www.criserb.com\/blog\/poze\/2014\/08\/sos-satele-copiilor.jpg\",\"keywords\":[\"Ajutor\",\"S\u0103 d\u0103m o m\u00e2n\u0103 de ajutor\",\"S\u0103 facem o fapt\u0103 bun\u0103\",\"SOS Satele Copiilor\",\"umanitar\"],\"articleSection\":[\"umanitar\"],\"inLanguage\":\"en-US\",\"potentialAction\":[{\"@type\":\"CommentAction\",\"name\":\"Comment\",\"target\":[\"https:\/\/www.criserb.com\/blog\/pentru-a-da-o-mana-de-ajutor-eu-imi-gasesc-timp-tu-iti-gasesti\/#respond\"]}]},{\"@type\":\"WebPage\",\"@id\":\"https:\/\/www.criserb.com\/blog\/pentru-a-da-o-mana-de-ajutor-eu-imi-gasesc-timp-tu-iti-gasesti\/\",\"url\":\"https:\/\/www.criserb.com\/blog\/pentru-a-da-o-mana-de-ajutor-eu-imi-gasesc-timp-tu-iti-gasesti\/\",\"name\":\"Pentru a da o m\u00e2n\u0103 de ajutor eu \u00eemi g\u0103sesc timp. Tu \u00ee\u021bi g\u0103se\u0219ti?\",\"isPartOf\":{\"@id\":\"https:\/\/www.criserb.com\/blog\/#website\"},\"primaryImageOfPage\":{\"@id\":\"https:\/\/www.criserb.com\/blog\/pentru-a-da-o-mana-de-ajutor-eu-imi-gasesc-timp-tu-iti-gasesti\/#primaryimage\"},\"image\":{\"@id\":\"https:\/\/www.criserb.com\/blog\/pentru-a-da-o-mana-de-ajutor-eu-imi-gasesc-timp-tu-iti-gasesti\/#primaryimage\"},\"thumbnailUrl\":\"https:\/\/www.criserb.com\/blog\/poze\/2014\/08\/sos-satele-copiilor.jpg\",\"datePublished\":\"2014-08-07T09:23:16+00:00\",\"dateModified\":\"2014-08-08T10:18:04+00:00\",\"breadcrumb\":{\"@id\":\"https:\/\/www.criserb.com\/blog\/pentru-a-da-o-mana-de-ajutor-eu-imi-gasesc-timp-tu-iti-gasesti\/#breadcrumb\"},\"inLanguage\":\"en-US\",\"potentialAction\":[{\"@type\":\"ReadAction\",\"target\":[\"https:\/\/www.criserb.com\/blog\/pentru-a-da-o-mana-de-ajutor-eu-imi-gasesc-timp-tu-iti-gasesti\/\"]}]},{\"@type\":\"ImageObject\",\"inLanguage\":\"en-US\",\"@id\":\"https:\/\/www.criserb.com\/blog\/pentru-a-da-o-mana-de-ajutor-eu-imi-gasesc-timp-tu-iti-gasesti\/#primaryimage\",\"url\":\"https:\/\/www.criserb.com\/blog\/poze\/2014\/08\/sos-satele-copiilor.jpg\",\"contentUrl\":\"https:\/\/www.criserb.com\/blog\/poze\/2014\/08\/sos-satele-copiilor.jpg\",\"width\":630,\"height\":419},{\"@type\":\"BreadcrumbList\",\"@id\":\"https:\/\/www.criserb.com\/blog\/pentru-a-da-o-mana-de-ajutor-eu-imi-gasesc-timp-tu-iti-gasesti\/#breadcrumb\",\"itemListElement\":[{\"@type\":\"ListItem\",\"position\":1,\"name\":\"Home\",\"item\":\"https:\/\/www.criserb.com\/blog\/\"},{\"@type\":\"ListItem\",\"position\":2,\"name\":\"Pentru a da o m\u00e2n\u0103 de ajutor eu \u00eemi g\u0103sesc timp. Tu \u00ee\u021bi g\u0103se\u0219ti?\"}]},{\"@type\":\"WebSite\",\"@id\":\"https:\/\/www.criserb.com\/blog\/#website\",\"url\":\"https:\/\/www.criserb.com\/blog\/\",\"name\":\"criserb.com\",\"description\":\"Nimic ce merita citit :)\",\"publisher\":{\"@id\":\"https:\/\/www.criserb.com\/blog\/#\/schema\/person\/8df5199bda4e628c32a10f318d8602b5\"},\"potentialAction\":[{\"@type\":\"SearchAction\",\"target\":{\"@type\":\"EntryPoint\",\"urlTemplate\":\"https:\/\/www.criserb.com\/blog\/?s={search_term_string}\"},\"query-input\":{\"@type\":\"PropertyValueSpecification\",\"valueRequired\":true,\"valueName\":\"search_term_string\"}}],\"inLanguage\":\"en-US\"},{\"@type\":[\"Person\",\"Organization\"],\"@id\":\"https:\/\/www.criserb.com\/blog\/#\/schema\/person\/8df5199bda4e628c32a10f318d8602b5\",\"name\":\"criserb\",\"image\":{\"@type\":\"ImageObject\",\"inLanguage\":\"en-US\",\"@id\":\"https:\/\/www.criserb.com\/blog\/#\/schema\/person\/image\/\",\"url\":\"http:\/\/0.gravatar.com\/avatar\/fdb6cca710f39545f0c4b5b936c390b4?s=96&d=monsterid&r=pg\",\"contentUrl\":\"http:\/\/0.gravatar.com\/avatar\/fdb6cca710f39545f0c4b5b936c390b4?s=96&d=monsterid&r=pg\",\"caption\":\"criserb\"},\"logo\":{\"@id\":\"https:\/\/www.criserb.com\/blog\/#\/schema\/person\/image\/\"},\"sameAs\":[\"http:\/\/www.criserb.com\"],\"url\":\"https:\/\/www.criserb.com\/blog\/author\/criserb\/\"}]}<\/script>\n<!-- \/ Yoast SEO plugin. -->","yoast_head_json":{"title":"Pentru a da o m\u00e2n\u0103 de ajutor eu \u00eemi g\u0103sesc timp. Tu \u00ee\u021bi g\u0103se\u0219ti?","robots":{"index":"index","follow":"follow","max-snippet":"max-snippet:-1","max-image-preview":"max-image-preview:large","max-video-preview":"max-video-preview:-1"},"canonical":"https:\/\/www.criserb.com\/blog\/pentru-a-da-o-mana-de-ajutor-eu-imi-gasesc-timp-tu-iti-gasesti\/","twitter_misc":{"Written by":"criserb","Est. reading time":"3 minutes"},"schema":{"@context":"https:\/\/schema.org","@graph":[{"@type":"Article","@id":"https:\/\/www.criserb.com\/blog\/pentru-a-da-o-mana-de-ajutor-eu-imi-gasesc-timp-tu-iti-gasesti\/#article","isPartOf":{"@id":"https:\/\/www.criserb.com\/blog\/pentru-a-da-o-mana-de-ajutor-eu-imi-gasesc-timp-tu-iti-gasesti\/"},"author":{"name":"criserb","@id":"https:\/\/www.criserb.com\/blog\/#\/schema\/person\/8df5199bda4e628c32a10f318d8602b5"},"headline":"Pentru a da o m\u00e2n\u0103 de ajutor eu \u00eemi g\u0103sesc timp. Tu \u00ee\u021bi g\u0103se\u0219ti?","datePublished":"2014-08-07T09:23:16+00:00","dateModified":"2014-08-08T10:18:04+00:00","mainEntityOfPage":{"@id":"https:\/\/www.criserb.com\/blog\/pentru-a-da-o-mana-de-ajutor-eu-imi-gasesc-timp-tu-iti-gasesti\/"},"wordCount":652,"commentCount":4,"publisher":{"@id":"https:\/\/www.criserb.com\/blog\/#\/schema\/person\/8df5199bda4e628c32a10f318d8602b5"},"image":{"@id":"https:\/\/www.criserb.com\/blog\/pentru-a-da-o-mana-de-ajutor-eu-imi-gasesc-timp-tu-iti-gasesti\/#primaryimage"},"thumbnailUrl":"https:\/\/www.criserb.com\/blog\/poze\/2014\/08\/sos-satele-copiilor.jpg","keywords":["Ajutor","S\u0103 d\u0103m o m\u00e2n\u0103 de ajutor","S\u0103 facem o fapt\u0103 bun\u0103","SOS Satele Copiilor","umanitar"],"articleSection":["umanitar"],"inLanguage":"en-US","potentialAction":[{"@type":"CommentAction","name":"Comment","target":["https:\/\/www.criserb.com\/blog\/pentru-a-da-o-mana-de-ajutor-eu-imi-gasesc-timp-tu-iti-gasesti\/#respond"]}]},{"@type":"WebPage","@id":"https:\/\/www.criserb.com\/blog\/pentru-a-da-o-mana-de-ajutor-eu-imi-gasesc-timp-tu-iti-gasesti\/","url":"https:\/\/www.criserb.com\/blog\/pentru-a-da-o-mana-de-ajutor-eu-imi-gasesc-timp-tu-iti-gasesti\/","name":"Pentru a da o m\u00e2n\u0103 de ajutor eu \u00eemi g\u0103sesc timp. Tu \u00ee\u021bi g\u0103se\u0219ti?","isPartOf":{"@id":"https:\/\/www.criserb.com\/blog\/#website"},"primaryImageOfPage":{"@id":"https:\/\/www.criserb.com\/blog\/pentru-a-da-o-mana-de-ajutor-eu-imi-gasesc-timp-tu-iti-gasesti\/#primaryimage"},"image":{"@id":"https:\/\/www.criserb.com\/blog\/pentru-a-da-o-mana-de-ajutor-eu-imi-gasesc-timp-tu-iti-gasesti\/#primaryimage"},"thumbnailUrl":"https:\/\/www.criserb.com\/blog\/poze\/2014\/08\/sos-satele-copiilor.jpg","datePublished":"2014-08-07T09:23:16+00:00","dateModified":"2014-08-08T10:18:04+00:00","breadcrumb":{"@id":"https:\/\/www.criserb.com\/blog\/pentru-a-da-o-mana-de-ajutor-eu-imi-gasesc-timp-tu-iti-gasesti\/#breadcrumb"},"inLanguage":"en-US","potentialAction":[{"@type":"ReadAction","target":["https:\/\/www.criserb.com\/blog\/pentru-a-da-o-mana-de-ajutor-eu-imi-gasesc-timp-tu-iti-gasesti\/"]}]},{"@type":"ImageObject","inLanguage":"en-US","@id":"https:\/\/www.criserb.com\/blog\/pentru-a-da-o-mana-de-ajutor-eu-imi-gasesc-timp-tu-iti-gasesti\/#primaryimage","url":"https:\/\/www.criserb.com\/blog\/poze\/2014\/08\/sos-satele-copiilor.jpg","contentUrl":"https:\/\/www.criserb.com\/blog\/poze\/2014\/08\/sos-satele-copiilor.jpg","width":630,"height":419},{"@type":"BreadcrumbList","@id":"https:\/\/www.criserb.com\/blog\/pentru-a-da-o-mana-de-ajutor-eu-imi-gasesc-timp-tu-iti-gasesti\/#breadcrumb","itemListElement":[{"@type":"ListItem","position":1,"name":"Home","item":"https:\/\/www.criserb.com\/blog\/"},{"@type":"ListItem","position":2,"name":"Pentru a da o m\u00e2n\u0103 de ajutor eu \u00eemi g\u0103sesc timp. Tu \u00ee\u021bi g\u0103se\u0219ti?"}]},{"@type":"WebSite","@id":"https:\/\/www.criserb.com\/blog\/#website","url":"https:\/\/www.criserb.com\/blog\/","name":"criserb.com","description":"Nimic ce merita citit :)","publisher":{"@id":"https:\/\/www.criserb.com\/blog\/#\/schema\/person\/8df5199bda4e628c32a10f318d8602b5"},"potentialAction":[{"@type":"SearchAction","target":{"@type":"EntryPoint","urlTemplate":"https:\/\/www.criserb.com\/blog\/?s={search_term_string}"},"query-input":{"@type":"PropertyValueSpecification","valueRequired":true,"valueName":"search_term_string"}}],"inLanguage":"en-US"},{"@type":["Person","Organization"],"@id":"https:\/\/www.criserb.com\/blog\/#\/schema\/person\/8df5199bda4e628c32a10f318d8602b5","name":"criserb","image":{"@type":"ImageObject","inLanguage":"en-US","@id":"https:\/\/www.criserb.com\/blog\/#\/schema\/person\/image\/","url":"http:\/\/0.gravatar.com\/avatar\/fdb6cca710f39545f0c4b5b936c390b4?s=96&d=monsterid&r=pg","contentUrl":"http:\/\/0.gravatar.com\/avatar\/fdb6cca710f39545f0c4b5b936c390b4?s=96&d=monsterid&r=pg","caption":"criserb"},"logo":{"@id":"https:\/\/www.criserb.com\/blog\/#\/schema\/person\/image\/"},"sameAs":["http:\/\/www.criserb.com"],"url":"https:\/\/www.criserb.com\/blog\/author\/criserb\/"}]}},"_links":{"self":[{"href":"https:\/\/www.criserb.com\/blog\/wp-json\/wp\/v2\/posts\/29307"}],"collection":[{"href":"https:\/\/www.criserb.com\/blog\/wp-json\/wp\/v2\/posts"}],"about":[{"href":"https:\/\/www.criserb.com\/blog\/wp-json\/wp\/v2\/types\/post"}],"author":[{"embeddable":true,"href":"https:\/\/www.criserb.com\/blog\/wp-json\/wp\/v2\/users\/3"}],"replies":[{"embeddable":true,"href":"https:\/\/www.criserb.com\/blog\/wp-json\/wp\/v2\/comments?post=29307"}],"version-history":[{"count":0,"href":"https:\/\/www.criserb.com\/blog\/wp-json\/wp\/v2\/posts\/29307\/revisions"}],"wp:featuredmedia":[{"embeddable":true,"href":"https:\/\/www.criserb.com\/blog\/wp-json\/wp\/v2\/media\/29308"}],"wp:attachment":[{"href":"https:\/\/www.criserb.com\/blog\/wp-json\/wp\/v2\/media?parent=29307"}],"wp:term":[{"taxonomy":"category","embeddable":true,"href":"https:\/\/www.criserb.com\/blog\/wp-json\/wp\/v2\/categories?post=29307"},{"taxonomy":"post_tag","embeddable":true,"href":"https:\/\/www.criserb.com\/blog\/wp-json\/wp\/v2\/tags?post=29307"}],"curies":[{"name":"wp","href":"https:\/\/api.w.org\/{rel}","templated":true}]}}