{"id":29317,"date":"2014-08-08T16:06:19","date_gmt":"2014-08-08T13:06:19","guid":{"rendered":"http:\/\/www.criserb.com\/blog\/?p=29317"},"modified":"2014-08-08T16:08:00","modified_gmt":"2014-08-08T13:08:00","slug":"noua-pista-pentru-biciclete-de-pe-calea-victoriei","status":"publish","type":"post","link":"https:\/\/www.criserb.com\/blog\/noua-pista-pentru-biciclete-de-pe-calea-victoriei\/","title":{"rendered":"Noua pist\u0103 pentru biciclete de pe Calea Victoriei"},"content":{"rendered":"<p>Sunt din ce \u00een ce mai convins c\u0103 prim\u0103ria a f\u0103cut o treab\u0103 bun\u0103 (sunt ironic, sper c\u0103 v-a\u021bi prins) cu Calea Victoriei, v-<a href=\"http:\/\/www.criserb.com\/blog\/de-ce-modernizarea-caii-victoriei-este-o-prostie.html\" target=\"_blank\">am mai zis<\/a>. Acum c\u0103 proiectul este aproape finalizat, \u00een afar\u0103 de faptul c\u0103 arat\u0103 diferit fa\u021b\u0103 de proiectul ini\u021bial, totu\u0219i v\u0103d c\u0103 este mai bine. Au f\u0103cut o band\u0103 pentru bicicli\u0219ti care serve\u0219te ca parcare pentru cei care se gr\u0103besc \u0219i astfel siguran\u021ba bicicli\u0219tilor este mai pu\u021bin important\u0103.<\/p>\n<p>V\u0103 rog s\u0103 urm\u0103ri\u021bi filmule\u021bul de mai jos \u0219i \u00een\u021belege\u021bi ce vreau s\u0103 zic.<\/p>\n<p>https:\/\/www.youtube.com\/watch?v=QifGZ6vNMw4<\/p>\n<p>Ah, \u0219i asta este acum, la cald, s\u0103 vede\u021bi ce o s\u0103 fie peste c\u00e2teva luni. Banda aia nu o s\u0103 fie niciodat\u0103 liber\u0103 pentru bicicli\u0219ti, o s\u0103 fie \u00een permanen\u021b\u0103 un loc pentru cei care vor s\u0103 parcheze, pentru c\u0103 la noi a\u0219a este normal. De ce s\u0103 respect\u0103m legea, c\u00e2nd putem s\u0103 ne vedem doar interesul nostru?<\/p>\n<p>Ah, \u0219i o curiozitate. Ai de ajuns undeva pe Calea Victoriei cu taxiul. Acolo mai sunt vreo 2 benzi. Sunt curios unde o s\u0103 opreasc\u0103 taximetristul s\u0103 v\u0103 lase, pe cele dou\u0103 benzi, sau pe cea destinat\u0103 bicicli\u0219tilor. \u00cen niciuna din aceste situa\u021bii nu este ok, \u0219i totu\u0219i, la asta nu s-a g\u00e2ndit nimeni?<\/p>\n<p>Nu s-a g\u00e2ndit nimeni c\u0103 o ma\u0219in\u0103 se mai \u0219i stric\u0103 \u0219i o s\u0103 r\u0103m\u00e2n\u0103 acolo pe avarii c\u00e2teva minute \u0219i c\u0103 \u00een acest timp o s\u0103 fie un haos total? \u00cenainte erau 3-4 benzi, mai treceai cu vederea pe unul oprit, dar acum c\u00e2nd acolo sunt doar dou\u0103 benzi, \u0219i alea \u00eenguste, cum o s\u0103 fie?<\/p>\n<p>Este mai bine pentru cineva \u00een momentul de fa\u021b\u0103, se simt oare bicicli\u0219tii mai \u00een siguran\u021ba? Sunt mai mul\u021bi pietoni pe acolo?<\/p>\n<p style=\"text-align: right;\"><a href=\"http:\/\/alexandrunegrea.ro\/2014\/08\/08\/pista-de-biciclete-calea-victoriei.html\" target=\"_blank\">video<\/a><\/p>\n","protected":false},"excerpt":{"rendered":"<p>Sunt din ce \u00een ce mai convins c\u0103 prim\u0103ria a f\u0103cut o treab\u0103 bun\u0103 (sunt ironic, sper c\u0103 v-a\u021bi prins) cu Calea Victoriei, v-am mai zis. Acum c\u0103 proiectul este aproape finalizat, \u00een afar\u0103 de faptul c\u0103 arat\u0103 diferit fa\u021b\u0103 de proiectul ini\u021bial, totu\u0219i v\u0103d c\u0103 este mai bine. Au f\u0103cut o band\u0103 pentru bicicli\u0219ti&hellip;<\/p>\n","protected":false},"author":3,"featured_media":29318,"comment_status":"open","ping_status":"open","sticky":false,"template":"","format":"standard","meta":{"footnotes":""},"categories":[34],"tags":[227,5719,5510,7090,7134],"yoast_head":"<!-- This site is optimized with the Yoast SEO plugin v24.5 - https:\/\/yoast.com\/wordpress\/plugins\/seo\/ -->\n<title>Noua pist\u0103 pentru biciclete de pe Calea Victoriei<\/title>\n<meta name=\"robots\" content=\"index, follow, max-snippet:-1, max-image-preview:large, max-video-preview:-1\" \/>\n<link rel=\"canonical\" href=\"https:\/\/www.criserb.com\/blog\/noua-pista-pentru-biciclete-de-pe-calea-victoriei\/\" \/>\n<meta name=\"twitter:label1\" content=\"Written by\" \/>\n\t<meta name=\"twitter:data1\" content=\"criserb\" \/>\n\t<meta name=\"twitter:label2\" content=\"Est. reading time\" \/>\n\t<meta name=\"twitter:data2\" content=\"2 minutes\" \/>\n<script type=\"application\/ld+json\" class=\"yoast-schema-graph\">{\"@context\":\"https:\/\/schema.org\",\"@graph\":[{\"@type\":\"Article\",\"@id\":\"https:\/\/www.criserb.com\/blog\/noua-pista-pentru-biciclete-de-pe-calea-victoriei\/#article\",\"isPartOf\":{\"@id\":\"https:\/\/www.criserb.com\/blog\/noua-pista-pentru-biciclete-de-pe-calea-victoriei\/\"},\"author\":{\"name\":\"criserb\",\"@id\":\"https:\/\/www.criserb.com\/blog\/#\/schema\/person\/8df5199bda4e628c32a10f318d8602b5\"},\"headline\":\"Noua pist\u0103 pentru biciclete de pe Calea Victoriei\",\"datePublished\":\"2014-08-08T13:06:19+00:00\",\"dateModified\":\"2014-08-08T13:08:00+00:00\",\"mainEntityOfPage\":{\"@id\":\"https:\/\/www.criserb.com\/blog\/noua-pista-pentru-biciclete-de-pe-calea-victoriei\/\"},\"wordCount\":331,\"commentCount\":4,\"publisher\":{\"@id\":\"https:\/\/www.criserb.com\/blog\/#\/schema\/person\/8df5199bda4e628c32a10f318d8602b5\"},\"image\":{\"@id\":\"https:\/\/www.criserb.com\/blog\/noua-pista-pentru-biciclete-de-pe-calea-victoriei\/#primaryimage\"},\"thumbnailUrl\":\"https:\/\/www.criserb.com\/blog\/poze\/2014\/08\/uti-pe-pista-de-biciclete.jpg\",\"keywords\":[\"bucuresti\",\"Calea Victoriei\",\"Pista Biciclete\",\"Probleme\",\"trafic\"],\"articleSection\":[\"Romanisme\"],\"inLanguage\":\"en-US\",\"potentialAction\":[{\"@type\":\"CommentAction\",\"name\":\"Comment\",\"target\":[\"https:\/\/www.criserb.com\/blog\/noua-pista-pentru-biciclete-de-pe-calea-victoriei\/#respond\"]}]},{\"@type\":\"WebPage\",\"@id\":\"https:\/\/www.criserb.com\/blog\/noua-pista-pentru-biciclete-de-pe-calea-victoriei\/\",\"url\":\"https:\/\/www.criserb.com\/blog\/noua-pista-pentru-biciclete-de-pe-calea-victoriei\/\",\"name\":\"Noua pist\u0103 pentru biciclete de pe Calea Victoriei\",\"isPartOf\":{\"@id\":\"https:\/\/www.criserb.com\/blog\/#website\"},\"primaryImageOfPage\":{\"@id\":\"https:\/\/www.criserb.com\/blog\/noua-pista-pentru-biciclete-de-pe-calea-victoriei\/#primaryimage\"},\"image\":{\"@id\":\"https:\/\/www.criserb.com\/blog\/noua-pista-pentru-biciclete-de-pe-calea-victoriei\/#primaryimage\"},\"thumbnailUrl\":\"https:\/\/www.criserb.com\/blog\/poze\/2014\/08\/uti-pe-pista-de-biciclete.jpg\",\"datePublished\":\"2014-08-08T13:06:19+00:00\",\"dateModified\":\"2014-08-08T13:08:00+00:00\",\"breadcrumb\":{\"@id\":\"https:\/\/www.criserb.com\/blog\/noua-pista-pentru-biciclete-de-pe-calea-victoriei\/#breadcrumb\"},\"inLanguage\":\"en-US\",\"potentialAction\":[{\"@type\":\"ReadAction\",\"target\":[\"https:\/\/www.criserb.com\/blog\/noua-pista-pentru-biciclete-de-pe-calea-victoriei\/\"]}]},{\"@type\":\"ImageObject\",\"inLanguage\":\"en-US\",\"@id\":\"https:\/\/www.criserb.com\/blog\/noua-pista-pentru-biciclete-de-pe-calea-victoriei\/#primaryimage\",\"url\":\"https:\/\/www.criserb.com\/blog\/poze\/2014\/08\/uti-pe-pista-de-biciclete.jpg\",\"contentUrl\":\"https:\/\/www.criserb.com\/blog\/poze\/2014\/08\/uti-pe-pista-de-biciclete.jpg\",\"width\":1677,\"height\":941},{\"@type\":\"BreadcrumbList\",\"@id\":\"https:\/\/www.criserb.com\/blog\/noua-pista-pentru-biciclete-de-pe-calea-victoriei\/#breadcrumb\",\"itemListElement\":[{\"@type\":\"ListItem\",\"position\":1,\"name\":\"Home\",\"item\":\"https:\/\/www.criserb.com\/blog\/\"},{\"@type\":\"ListItem\",\"position\":2,\"name\":\"Noua pist\u0103 pentru biciclete de pe Calea Victoriei\"}]},{\"@type\":\"WebSite\",\"@id\":\"https:\/\/www.criserb.com\/blog\/#website\",\"url\":\"https:\/\/www.criserb.com\/blog\/\",\"name\":\"criserb.com\",\"description\":\"Nimic ce merita citit :)\",\"publisher\":{\"@id\":\"https:\/\/www.criserb.com\/blog\/#\/schema\/person\/8df5199bda4e628c32a10f318d8602b5\"},\"potentialAction\":[{\"@type\":\"SearchAction\",\"target\":{\"@type\":\"EntryPoint\",\"urlTemplate\":\"https:\/\/www.criserb.com\/blog\/?s={search_term_string}\"},\"query-input\":{\"@type\":\"PropertyValueSpecification\",\"valueRequired\":true,\"valueName\":\"search_term_string\"}}],\"inLanguage\":\"en-US\"},{\"@type\":[\"Person\",\"Organization\"],\"@id\":\"https:\/\/www.criserb.com\/blog\/#\/schema\/person\/8df5199bda4e628c32a10f318d8602b5\",\"name\":\"criserb\",\"image\":{\"@type\":\"ImageObject\",\"inLanguage\":\"en-US\",\"@id\":\"https:\/\/www.criserb.com\/blog\/#\/schema\/person\/image\/\",\"url\":\"http:\/\/0.gravatar.com\/avatar\/fdb6cca710f39545f0c4b5b936c390b4?s=96&d=monsterid&r=pg\",\"contentUrl\":\"http:\/\/0.gravatar.com\/avatar\/fdb6cca710f39545f0c4b5b936c390b4?s=96&d=monsterid&r=pg\",\"caption\":\"criserb\"},\"logo\":{\"@id\":\"https:\/\/www.criserb.com\/blog\/#\/schema\/person\/image\/\"},\"sameAs\":[\"http:\/\/www.criserb.com\"],\"url\":\"https:\/\/www.criserb.com\/blog\/author\/criserb\/\"}]}<\/script>\n<!-- \/ Yoast SEO plugin. -->","yoast_head_json":{"title":"Noua pist\u0103 pentru biciclete de pe Calea Victoriei","robots":{"index":"index","follow":"follow","max-snippet":"max-snippet:-1","max-image-preview":"max-image-preview:large","max-video-preview":"max-video-preview:-1"},"canonical":"https:\/\/www.criserb.com\/blog\/noua-pista-pentru-biciclete-de-pe-calea-victoriei\/","twitter_misc":{"Written by":"criserb","Est. reading time":"2 minutes"},"schema":{"@context":"https:\/\/schema.org","@graph":[{"@type":"Article","@id":"https:\/\/www.criserb.com\/blog\/noua-pista-pentru-biciclete-de-pe-calea-victoriei\/#article","isPartOf":{"@id":"https:\/\/www.criserb.com\/blog\/noua-pista-pentru-biciclete-de-pe-calea-victoriei\/"},"author":{"name":"criserb","@id":"https:\/\/www.criserb.com\/blog\/#\/schema\/person\/8df5199bda4e628c32a10f318d8602b5"},"headline":"Noua pist\u0103 pentru biciclete de pe Calea Victoriei","datePublished":"2014-08-08T13:06:19+00:00","dateModified":"2014-08-08T13:08:00+00:00","mainEntityOfPage":{"@id":"https:\/\/www.criserb.com\/blog\/noua-pista-pentru-biciclete-de-pe-calea-victoriei\/"},"wordCount":331,"commentCount":4,"publisher":{"@id":"https:\/\/www.criserb.com\/blog\/#\/schema\/person\/8df5199bda4e628c32a10f318d8602b5"},"image":{"@id":"https:\/\/www.criserb.com\/blog\/noua-pista-pentru-biciclete-de-pe-calea-victoriei\/#primaryimage"},"thumbnailUrl":"https:\/\/www.criserb.com\/blog\/poze\/2014\/08\/uti-pe-pista-de-biciclete.jpg","keywords":["bucuresti","Calea Victoriei","Pista Biciclete","Probleme","trafic"],"articleSection":["Romanisme"],"inLanguage":"en-US","potentialAction":[{"@type":"CommentAction","name":"Comment","target":["https:\/\/www.criserb.com\/blog\/noua-pista-pentru-biciclete-de-pe-calea-victoriei\/#respond"]}]},{"@type":"WebPage","@id":"https:\/\/www.criserb.com\/blog\/noua-pista-pentru-biciclete-de-pe-calea-victoriei\/","url":"https:\/\/www.criserb.com\/blog\/noua-pista-pentru-biciclete-de-pe-calea-victoriei\/","name":"Noua pist\u0103 pentru biciclete de pe Calea Victoriei","isPartOf":{"@id":"https:\/\/www.criserb.com\/blog\/#website"},"primaryImageOfPage":{"@id":"https:\/\/www.criserb.com\/blog\/noua-pista-pentru-biciclete-de-pe-calea-victoriei\/#primaryimage"},"image":{"@id":"https:\/\/www.criserb.com\/blog\/noua-pista-pentru-biciclete-de-pe-calea-victoriei\/#primaryimage"},"thumbnailUrl":"https:\/\/www.criserb.com\/blog\/poze\/2014\/08\/uti-pe-pista-de-biciclete.jpg","datePublished":"2014-08-08T13:06:19+00:00","dateModified":"2014-08-08T13:08:00+00:00","breadcrumb":{"@id":"https:\/\/www.criserb.com\/blog\/noua-pista-pentru-biciclete-de-pe-calea-victoriei\/#breadcrumb"},"inLanguage":"en-US","potentialAction":[{"@type":"ReadAction","target":["https:\/\/www.criserb.com\/blog\/noua-pista-pentru-biciclete-de-pe-calea-victoriei\/"]}]},{"@type":"ImageObject","inLanguage":"en-US","@id":"https:\/\/www.criserb.com\/blog\/noua-pista-pentru-biciclete-de-pe-calea-victoriei\/#primaryimage","url":"https:\/\/www.criserb.com\/blog\/poze\/2014\/08\/uti-pe-pista-de-biciclete.jpg","contentUrl":"https:\/\/www.criserb.com\/blog\/poze\/2014\/08\/uti-pe-pista-de-biciclete.jpg","width":1677,"height":941},{"@type":"BreadcrumbList","@id":"https:\/\/www.criserb.com\/blog\/noua-pista-pentru-biciclete-de-pe-calea-victoriei\/#breadcrumb","itemListElement":[{"@type":"ListItem","position":1,"name":"Home","item":"https:\/\/www.criserb.com\/blog\/"},{"@type":"ListItem","position":2,"name":"Noua pist\u0103 pentru biciclete de pe Calea Victoriei"}]},{"@type":"WebSite","@id":"https:\/\/www.criserb.com\/blog\/#website","url":"https:\/\/www.criserb.com\/blog\/","name":"criserb.com","description":"Nimic ce merita citit :)","publisher":{"@id":"https:\/\/www.criserb.com\/blog\/#\/schema\/person\/8df5199bda4e628c32a10f318d8602b5"},"potentialAction":[{"@type":"SearchAction","target":{"@type":"EntryPoint","urlTemplate":"https:\/\/www.criserb.com\/blog\/?s={search_term_string}"},"query-input":{"@type":"PropertyValueSpecification","valueRequired":true,"valueName":"search_term_string"}}],"inLanguage":"en-US"},{"@type":["Person","Organization"],"@id":"https:\/\/www.criserb.com\/blog\/#\/schema\/person\/8df5199bda4e628c32a10f318d8602b5","name":"criserb","image":{"@type":"ImageObject","inLanguage":"en-US","@id":"https:\/\/www.criserb.com\/blog\/#\/schema\/person\/image\/","url":"http:\/\/0.gravatar.com\/avatar\/fdb6cca710f39545f0c4b5b936c390b4?s=96&d=monsterid&r=pg","contentUrl":"http:\/\/0.gravatar.com\/avatar\/fdb6cca710f39545f0c4b5b936c390b4?s=96&d=monsterid&r=pg","caption":"criserb"},"logo":{"@id":"https:\/\/www.criserb.com\/blog\/#\/schema\/person\/image\/"},"sameAs":["http:\/\/www.criserb.com"],"url":"https:\/\/www.criserb.com\/blog\/author\/criserb\/"}]}},"_links":{"self":[{"href":"https:\/\/www.criserb.com\/blog\/wp-json\/wp\/v2\/posts\/29317"}],"collection":[{"href":"https:\/\/www.criserb.com\/blog\/wp-json\/wp\/v2\/posts"}],"about":[{"href":"https:\/\/www.criserb.com\/blog\/wp-json\/wp\/v2\/types\/post"}],"author":[{"embeddable":true,"href":"https:\/\/www.criserb.com\/blog\/wp-json\/wp\/v2\/users\/3"}],"replies":[{"embeddable":true,"href":"https:\/\/www.criserb.com\/blog\/wp-json\/wp\/v2\/comments?post=29317"}],"version-history":[{"count":0,"href":"https:\/\/www.criserb.com\/blog\/wp-json\/wp\/v2\/posts\/29317\/revisions"}],"wp:featuredmedia":[{"embeddable":true,"href":"https:\/\/www.criserb.com\/blog\/wp-json\/wp\/v2\/media\/29318"}],"wp:attachment":[{"href":"https:\/\/www.criserb.com\/blog\/wp-json\/wp\/v2\/media?parent=29317"}],"wp:term":[{"taxonomy":"category","embeddable":true,"href":"https:\/\/www.criserb.com\/blog\/wp-json\/wp\/v2\/categories?post=29317"},{"taxonomy":"post_tag","embeddable":true,"href":"https:\/\/www.criserb.com\/blog\/wp-json\/wp\/v2\/tags?post=29317"}],"curies":[{"name":"wp","href":"https:\/\/api.w.org\/{rel}","templated":true}]}}