{"id":29445,"date":"2014-08-26T18:00:18","date_gmt":"2014-08-26T15:00:18","guid":{"rendered":"http:\/\/www.criserb.com\/blog\/?p=29445"},"modified":"2014-08-26T18:00:18","modified_gmt":"2014-08-26T15:00:18","slug":"un-biciclist-ii-ia-pe-politistii-de-la-rutiera-la-intrebari","status":"publish","type":"post","link":"https:\/\/www.criserb.com\/blog\/un-biciclist-ii-ia-pe-politistii-de-la-rutiera-la-intrebari\/","title":{"rendered":"Un biciclist \u00eei ia pe poli\u021bi\u0219tii de la rutier\u0103 la \u00eentreb\u0103ri"},"content":{"rendered":"<p>Urm\u0103resc de mult timp <a href=\"https:\/\/www.youtube.com\/channel\/UC6hbi0c_5t4_L2pFNMymqvw\" target=\"_blank\">canalul de youtube<\/a> al unui biciclist care \u00eencearc\u0103 at\u00e2t c\u00e2t poate s\u0103 schimbe ceva. El \u00eencearc\u0103, vorbe\u0219te frumos, \u0219i arat\u0103 lumii problemele de care se love\u0219te \u00een fiecare zi.<\/p>\n<p>Ieri a prins ni\u0219te poli\u021bi\u0219ti care \u00eenc\u0103lcau legea \u0219i i-a \u00eentrebat ni\u0219te lucruri. Cum au reac\u021bionat poli\u021bi\u0219tii o s\u0103 vede\u021bi mai jos.<\/p>\n<p>https:\/\/www.youtube.com\/watch?v=1kUnslSTxHI<\/p>\n","protected":false},"excerpt":{"rendered":"<p>Urm\u0103resc de mult timp canalul de youtube al unui biciclist care \u00eencearc\u0103 at\u00e2t c\u00e2t poate s\u0103 schimbe ceva. El \u00eencearc\u0103, vorbe\u0219te frumos, \u0219i arat\u0103 lumii problemele de care se love\u0219te \u00een fiecare zi. Ieri a prins ni\u0219te poli\u021bi\u0219ti care \u00eenc\u0103lcau legea \u0219i i-a \u00eentrebat ni\u0219te lucruri. Cum au reac\u021bionat poli\u021bi\u0219tii o s\u0103 vede\u021bi mai jos.&hellip;<\/p>\n","protected":false},"author":3,"featured_media":29446,"comment_status":"open","ping_status":"open","sticky":false,"template":"","format":"standard","meta":{"footnotes":""},"categories":[260],"tags":[6397,6398,227,7119,6396],"yoast_head":"<!-- This site is optimized with the Yoast SEO plugin v24.5 - https:\/\/yoast.com\/wordpress\/plugins\/seo\/ -->\n<title>Un biciclist \u00eei ia pe poli\u021bi\u0219tii de la rutier\u0103 la \u00eentreb\u0103ri<\/title>\n<meta name=\"robots\" content=\"index, follow, max-snippet:-1, max-image-preview:large, max-video-preview:-1\" \/>\n<link rel=\"canonical\" href=\"https:\/\/www.criserb.com\/blog\/un-biciclist-ii-ia-pe-politistii-de-la-rutiera-la-intrebari\/\" \/>\n<meta name=\"twitter:label1\" content=\"Written by\" \/>\n\t<meta name=\"twitter:data1\" content=\"criserb\" \/>\n<script type=\"application\/ld+json\" class=\"yoast-schema-graph\">{\"@context\":\"https:\/\/schema.org\",\"@graph\":[{\"@type\":\"Article\",\"@id\":\"https:\/\/www.criserb.com\/blog\/un-biciclist-ii-ia-pe-politistii-de-la-rutiera-la-intrebari\/#article\",\"isPartOf\":{\"@id\":\"https:\/\/www.criserb.com\/blog\/un-biciclist-ii-ia-pe-politistii-de-la-rutiera-la-intrebari\/\"},\"author\":{\"name\":\"criserb\",\"@id\":\"https:\/\/www.criserb.com\/blog\/#\/schema\/person\/8df5199bda4e628c32a10f318d8602b5\"},\"headline\":\"Un biciclist \u00eei ia pe poli\u021bi\u0219tii de la rutier\u0103 la \u00eentreb\u0103ri\",\"datePublished\":\"2014-08-26T15:00:18+00:00\",\"mainEntityOfPage\":{\"@id\":\"https:\/\/www.criserb.com\/blog\/un-biciclist-ii-ia-pe-politistii-de-la-rutiera-la-intrebari\/\"},\"wordCount\":90,\"commentCount\":9,\"publisher\":{\"@id\":\"https:\/\/www.criserb.com\/blog\/#\/schema\/person\/8df5199bda4e628c32a10f318d8602b5\"},\"image\":{\"@id\":\"https:\/\/www.criserb.com\/blog\/un-biciclist-ii-ia-pe-politistii-de-la-rutiera-la-intrebari\/#primaryimage\"},\"thumbnailUrl\":\"https:\/\/www.criserb.com\/blog\/poze\/2014\/08\/biciclisti.jpg\",\"keywords\":[\"Biciclist\",\"BIKE traffic\",\"bucuresti\",\"Lege\",\"Poli\u021bist parcat ilegal\"],\"articleSection\":[\"trafic\"],\"inLanguage\":\"en-US\",\"potentialAction\":[{\"@type\":\"CommentAction\",\"name\":\"Comment\",\"target\":[\"https:\/\/www.criserb.com\/blog\/un-biciclist-ii-ia-pe-politistii-de-la-rutiera-la-intrebari\/#respond\"]}]},{\"@type\":\"WebPage\",\"@id\":\"https:\/\/www.criserb.com\/blog\/un-biciclist-ii-ia-pe-politistii-de-la-rutiera-la-intrebari\/\",\"url\":\"https:\/\/www.criserb.com\/blog\/un-biciclist-ii-ia-pe-politistii-de-la-rutiera-la-intrebari\/\",\"name\":\"Un biciclist \u00eei ia pe poli\u021bi\u0219tii de la rutier\u0103 la \u00eentreb\u0103ri\",\"isPartOf\":{\"@id\":\"https:\/\/www.criserb.com\/blog\/#website\"},\"primaryImageOfPage\":{\"@id\":\"https:\/\/www.criserb.com\/blog\/un-biciclist-ii-ia-pe-politistii-de-la-rutiera-la-intrebari\/#primaryimage\"},\"image\":{\"@id\":\"https:\/\/www.criserb.com\/blog\/un-biciclist-ii-ia-pe-politistii-de-la-rutiera-la-intrebari\/#primaryimage\"},\"thumbnailUrl\":\"https:\/\/www.criserb.com\/blog\/poze\/2014\/08\/biciclisti.jpg\",\"datePublished\":\"2014-08-26T15:00:18+00:00\",\"breadcrumb\":{\"@id\":\"https:\/\/www.criserb.com\/blog\/un-biciclist-ii-ia-pe-politistii-de-la-rutiera-la-intrebari\/#breadcrumb\"},\"inLanguage\":\"en-US\",\"potentialAction\":[{\"@type\":\"ReadAction\",\"target\":[\"https:\/\/www.criserb.com\/blog\/un-biciclist-ii-ia-pe-politistii-de-la-rutiera-la-intrebari\/\"]}]},{\"@type\":\"ImageObject\",\"inLanguage\":\"en-US\",\"@id\":\"https:\/\/www.criserb.com\/blog\/un-biciclist-ii-ia-pe-politistii-de-la-rutiera-la-intrebari\/#primaryimage\",\"url\":\"https:\/\/www.criserb.com\/blog\/poze\/2014\/08\/biciclisti.jpg\",\"contentUrl\":\"https:\/\/www.criserb.com\/blog\/poze\/2014\/08\/biciclisti.jpg\",\"width\":630,\"height\":349},{\"@type\":\"BreadcrumbList\",\"@id\":\"https:\/\/www.criserb.com\/blog\/un-biciclist-ii-ia-pe-politistii-de-la-rutiera-la-intrebari\/#breadcrumb\",\"itemListElement\":[{\"@type\":\"ListItem\",\"position\":1,\"name\":\"Home\",\"item\":\"https:\/\/www.criserb.com\/blog\/\"},{\"@type\":\"ListItem\",\"position\":2,\"name\":\"Un biciclist \u00eei ia pe poli\u021bi\u0219tii de la rutier\u0103 la \u00eentreb\u0103ri\"}]},{\"@type\":\"WebSite\",\"@id\":\"https:\/\/www.criserb.com\/blog\/#website\",\"url\":\"https:\/\/www.criserb.com\/blog\/\",\"name\":\"criserb.com\",\"description\":\"Nimic ce merita citit :)\",\"publisher\":{\"@id\":\"https:\/\/www.criserb.com\/blog\/#\/schema\/person\/8df5199bda4e628c32a10f318d8602b5\"},\"potentialAction\":[{\"@type\":\"SearchAction\",\"target\":{\"@type\":\"EntryPoint\",\"urlTemplate\":\"https:\/\/www.criserb.com\/blog\/?s={search_term_string}\"},\"query-input\":{\"@type\":\"PropertyValueSpecification\",\"valueRequired\":true,\"valueName\":\"search_term_string\"}}],\"inLanguage\":\"en-US\"},{\"@type\":[\"Person\",\"Organization\"],\"@id\":\"https:\/\/www.criserb.com\/blog\/#\/schema\/person\/8df5199bda4e628c32a10f318d8602b5\",\"name\":\"criserb\",\"image\":{\"@type\":\"ImageObject\",\"inLanguage\":\"en-US\",\"@id\":\"https:\/\/www.criserb.com\/blog\/#\/schema\/person\/image\/\",\"url\":\"http:\/\/0.gravatar.com\/avatar\/fdb6cca710f39545f0c4b5b936c390b4?s=96&d=monsterid&r=pg\",\"contentUrl\":\"http:\/\/0.gravatar.com\/avatar\/fdb6cca710f39545f0c4b5b936c390b4?s=96&d=monsterid&r=pg\",\"caption\":\"criserb\"},\"logo\":{\"@id\":\"https:\/\/www.criserb.com\/blog\/#\/schema\/person\/image\/\"},\"sameAs\":[\"http:\/\/www.criserb.com\"],\"url\":\"https:\/\/www.criserb.com\/blog\/author\/criserb\/\"}]}<\/script>\n<!-- \/ Yoast SEO plugin. -->","yoast_head_json":{"title":"Un biciclist \u00eei ia pe poli\u021bi\u0219tii de la rutier\u0103 la \u00eentreb\u0103ri","robots":{"index":"index","follow":"follow","max-snippet":"max-snippet:-1","max-image-preview":"max-image-preview:large","max-video-preview":"max-video-preview:-1"},"canonical":"https:\/\/www.criserb.com\/blog\/un-biciclist-ii-ia-pe-politistii-de-la-rutiera-la-intrebari\/","twitter_misc":{"Written by":"criserb"},"schema":{"@context":"https:\/\/schema.org","@graph":[{"@type":"Article","@id":"https:\/\/www.criserb.com\/blog\/un-biciclist-ii-ia-pe-politistii-de-la-rutiera-la-intrebari\/#article","isPartOf":{"@id":"https:\/\/www.criserb.com\/blog\/un-biciclist-ii-ia-pe-politistii-de-la-rutiera-la-intrebari\/"},"author":{"name":"criserb","@id":"https:\/\/www.criserb.com\/blog\/#\/schema\/person\/8df5199bda4e628c32a10f318d8602b5"},"headline":"Un biciclist \u00eei ia pe poli\u021bi\u0219tii de la rutier\u0103 la \u00eentreb\u0103ri","datePublished":"2014-08-26T15:00:18+00:00","mainEntityOfPage":{"@id":"https:\/\/www.criserb.com\/blog\/un-biciclist-ii-ia-pe-politistii-de-la-rutiera-la-intrebari\/"},"wordCount":90,"commentCount":9,"publisher":{"@id":"https:\/\/www.criserb.com\/blog\/#\/schema\/person\/8df5199bda4e628c32a10f318d8602b5"},"image":{"@id":"https:\/\/www.criserb.com\/blog\/un-biciclist-ii-ia-pe-politistii-de-la-rutiera-la-intrebari\/#primaryimage"},"thumbnailUrl":"https:\/\/www.criserb.com\/blog\/poze\/2014\/08\/biciclisti.jpg","keywords":["Biciclist","BIKE traffic","bucuresti","Lege","Poli\u021bist parcat ilegal"],"articleSection":["trafic"],"inLanguage":"en-US","potentialAction":[{"@type":"CommentAction","name":"Comment","target":["https:\/\/www.criserb.com\/blog\/un-biciclist-ii-ia-pe-politistii-de-la-rutiera-la-intrebari\/#respond"]}]},{"@type":"WebPage","@id":"https:\/\/www.criserb.com\/blog\/un-biciclist-ii-ia-pe-politistii-de-la-rutiera-la-intrebari\/","url":"https:\/\/www.criserb.com\/blog\/un-biciclist-ii-ia-pe-politistii-de-la-rutiera-la-intrebari\/","name":"Un biciclist \u00eei ia pe poli\u021bi\u0219tii de la rutier\u0103 la \u00eentreb\u0103ri","isPartOf":{"@id":"https:\/\/www.criserb.com\/blog\/#website"},"primaryImageOfPage":{"@id":"https:\/\/www.criserb.com\/blog\/un-biciclist-ii-ia-pe-politistii-de-la-rutiera-la-intrebari\/#primaryimage"},"image":{"@id":"https:\/\/www.criserb.com\/blog\/un-biciclist-ii-ia-pe-politistii-de-la-rutiera-la-intrebari\/#primaryimage"},"thumbnailUrl":"https:\/\/www.criserb.com\/blog\/poze\/2014\/08\/biciclisti.jpg","datePublished":"2014-08-26T15:00:18+00:00","breadcrumb":{"@id":"https:\/\/www.criserb.com\/blog\/un-biciclist-ii-ia-pe-politistii-de-la-rutiera-la-intrebari\/#breadcrumb"},"inLanguage":"en-US","potentialAction":[{"@type":"ReadAction","target":["https:\/\/www.criserb.com\/blog\/un-biciclist-ii-ia-pe-politistii-de-la-rutiera-la-intrebari\/"]}]},{"@type":"ImageObject","inLanguage":"en-US","@id":"https:\/\/www.criserb.com\/blog\/un-biciclist-ii-ia-pe-politistii-de-la-rutiera-la-intrebari\/#primaryimage","url":"https:\/\/www.criserb.com\/blog\/poze\/2014\/08\/biciclisti.jpg","contentUrl":"https:\/\/www.criserb.com\/blog\/poze\/2014\/08\/biciclisti.jpg","width":630,"height":349},{"@type":"BreadcrumbList","@id":"https:\/\/www.criserb.com\/blog\/un-biciclist-ii-ia-pe-politistii-de-la-rutiera-la-intrebari\/#breadcrumb","itemListElement":[{"@type":"ListItem","position":1,"name":"Home","item":"https:\/\/www.criserb.com\/blog\/"},{"@type":"ListItem","position":2,"name":"Un biciclist \u00eei ia pe poli\u021bi\u0219tii de la rutier\u0103 la \u00eentreb\u0103ri"}]},{"@type":"WebSite","@id":"https:\/\/www.criserb.com\/blog\/#website","url":"https:\/\/www.criserb.com\/blog\/","name":"criserb.com","description":"Nimic ce merita citit :)","publisher":{"@id":"https:\/\/www.criserb.com\/blog\/#\/schema\/person\/8df5199bda4e628c32a10f318d8602b5"},"potentialAction":[{"@type":"SearchAction","target":{"@type":"EntryPoint","urlTemplate":"https:\/\/www.criserb.com\/blog\/?s={search_term_string}"},"query-input":{"@type":"PropertyValueSpecification","valueRequired":true,"valueName":"search_term_string"}}],"inLanguage":"en-US"},{"@type":["Person","Organization"],"@id":"https:\/\/www.criserb.com\/blog\/#\/schema\/person\/8df5199bda4e628c32a10f318d8602b5","name":"criserb","image":{"@type":"ImageObject","inLanguage":"en-US","@id":"https:\/\/www.criserb.com\/blog\/#\/schema\/person\/image\/","url":"http:\/\/0.gravatar.com\/avatar\/fdb6cca710f39545f0c4b5b936c390b4?s=96&d=monsterid&r=pg","contentUrl":"http:\/\/0.gravatar.com\/avatar\/fdb6cca710f39545f0c4b5b936c390b4?s=96&d=monsterid&r=pg","caption":"criserb"},"logo":{"@id":"https:\/\/www.criserb.com\/blog\/#\/schema\/person\/image\/"},"sameAs":["http:\/\/www.criserb.com"],"url":"https:\/\/www.criserb.com\/blog\/author\/criserb\/"}]}},"_links":{"self":[{"href":"https:\/\/www.criserb.com\/blog\/wp-json\/wp\/v2\/posts\/29445"}],"collection":[{"href":"https:\/\/www.criserb.com\/blog\/wp-json\/wp\/v2\/posts"}],"about":[{"href":"https:\/\/www.criserb.com\/blog\/wp-json\/wp\/v2\/types\/post"}],"author":[{"embeddable":true,"href":"https:\/\/www.criserb.com\/blog\/wp-json\/wp\/v2\/users\/3"}],"replies":[{"embeddable":true,"href":"https:\/\/www.criserb.com\/blog\/wp-json\/wp\/v2\/comments?post=29445"}],"version-history":[{"count":0,"href":"https:\/\/www.criserb.com\/blog\/wp-json\/wp\/v2\/posts\/29445\/revisions"}],"wp:featuredmedia":[{"embeddable":true,"href":"https:\/\/www.criserb.com\/blog\/wp-json\/wp\/v2\/media\/29446"}],"wp:attachment":[{"href":"https:\/\/www.criserb.com\/blog\/wp-json\/wp\/v2\/media?parent=29445"}],"wp:term":[{"taxonomy":"category","embeddable":true,"href":"https:\/\/www.criserb.com\/blog\/wp-json\/wp\/v2\/categories?post=29445"},{"taxonomy":"post_tag","embeddable":true,"href":"https:\/\/www.criserb.com\/blog\/wp-json\/wp\/v2\/tags?post=29445"}],"curies":[{"name":"wp","href":"https:\/\/api.w.org\/{rel}","templated":true}]}}