{"id":29640,"date":"2014-09-18T00:43:57","date_gmt":"2014-09-17T21:43:57","guid":{"rendered":"http:\/\/www.criserb.com\/blog\/?p=29640"},"modified":"2014-09-18T00:43:57","modified_gmt":"2014-09-17T21:43:57","slug":"vocea-romaniei-sezonul-4","status":"publish","type":"post","link":"https:\/\/www.criserb.com\/blog\/vocea-romaniei-sezonul-4\/","title":{"rendered":"Vocea Rom\u00e2niei &#8211; sezonul 4"},"content":{"rendered":"<p><a href=\"http:\/\/www.criserb.com\/blog\/poze\/2014\/09\/61293337.jpg\"><img loading=\"lazy\" decoding=\"async\" class=\"aligncenter size-full wp-image-29641\" src=\"http:\/\/www.criserb.com\/blog\/poze\/2014\/09\/61293337.jpg\" alt=\"61293337\" width=\"988\" height=\"420\" srcset=\"https:\/\/www.criserb.com\/blog\/poze\/2014\/09\/61293337.jpg 988w, https:\/\/www.criserb.com\/blog\/poze\/2014\/09\/61293337-300x127.jpg 300w\" sizes=\"(max-width: 988px) 100vw, 988px\" \/><\/a><\/p>\n<p>Ast\u0103zi am apucat \u0219i eu s\u0103 v\u0103d <a href=\"http:\/\/vocearomaniei.protv.ro\/\" target=\"_blank\">Vocea Rom\u00e2niei<\/a>, ultimul sezon. M-am uitat pe <a href=\"http:\/\/voyo.ro\/\" target=\"_blank\">voyo.ro<\/a>. Apropo, se mai uit\u0103 cineva pe voyo sau doar eu dau banii pe abonament?<\/p>\n<p>Mi-a pl\u0103cut. Eram curios cum o s\u0103 fie emisiunea dup\u0103 plecarea lui Brenciu \u0219i ceea ce am v\u0103zut a fost pe gustul meu. Mi-a pl\u0103cut de Chiril\u0103, nu at\u00e2t de mult \u00eenc\u00e2t s\u0103 v\u0103 spun c\u0103-l iubesc, asta v-a zis deja o concurent\u0103, dar l-am perceput mai ok ca pe Brenciu, care se cam d\u0103dea \u00een spectacol \u00een ultimul timp.<\/p>\n<p>S-a dat \u0219i Chiril\u0103, probabil o s\u0103 se dea \u0219i mai mult, dar parc\u0103 mi-a pl\u0103cut mai mult de el.<\/p>\n<p>\u0218i totu\u0219i, dac\u0103 tot vorbim de Chiril\u0103, nu este ceva ciudat cu el? Arat\u0103 de parc\u0103 ar fi mort, ceva nu este ok cu el. Fumeaz\u0103 ceva sau bea excesiv?<\/p>\n<p>Nush, dar parc\u0103 pe vremuri ar\u0103ta mai bine, erau moarte gagicile dup\u0103 el, acum \u00eens\u0103&#8230; e cam tras la fa\u021b\u0103.<\/p>\n<p>Totu\u0219i nu despre asta era vorba, era vorba despre show, iar show-ul a fost unul care m-a \u021binut \u00een fa\u021ba televizorului. Este posibil s\u0103 fie \u0219i din cauza participan\u021bilor, participan\u021bi care au fost foarte mi\u0219to \u00een aceast\u0103 prim\u0103 edi\u021bie, dar cert este c\u0103 mi-a pl\u0103cut.<\/p>\n<p>Ah, \u0219i dac\u0103 vorbeam de voyo, partea mi\u0219to este c\u0103 po\u021bi s\u0103 vezi o emisiune lini\u0219tit, de la un cap\u0103t la altul, f\u0103r\u0103 s\u0103 mai vezi zeci de reclame.<\/p>\n<p>Totu\u0219i au \u0219i ei o problem\u0103, chiar dac\u0103 nu au reclame, bag\u0103 jingle-urile alea cu Vocea Rom\u00e2niei de dou\u0103 ori. Oare nu ar ajunge s\u0103 le bage doar o dat\u0103? \u00cen\u021beleg c\u0103 ele delimitau show-ul de reclame, dar dac\u0103 tot au scos reclamele s\u0103 scoat\u0103 \u0219i jingle-urile c\u0103 sunt enervante. Sau cel pu\u021bin s\u0103 scoat\u0103 unul din ele, dou\u0103 sunt prea multe, mai ales unul dup\u0103 altul&#8230;<\/p>\n","protected":false},"excerpt":{"rendered":"<p>Ast\u0103zi am apucat \u0219i eu s\u0103 v\u0103d Vocea Rom\u00e2niei, ultimul sezon. M-am uitat pe voyo.ro. Apropo, se mai uit\u0103 cineva pe voyo sau doar eu dau banii pe abonament? Mi-a pl\u0103cut. Eram curios cum o s\u0103 fie emisiunea dup\u0103 plecarea lui Brenciu \u0219i ceea ce am v\u0103zut a fost pe gustul meu. Mi-a pl\u0103cut de&hellip;<\/p>\n","protected":false},"author":3,"featured_media":29641,"comment_status":"open","ping_status":"open","sticky":false,"template":"","format":"standard","meta":{"footnotes":""},"categories":[356],"tags":[6473,2580,6474],"yoast_head":"<!-- This site is optimized with the Yoast SEO plugin v24.5 - https:\/\/yoast.com\/wordpress\/plugins\/seo\/ -->\n<title>Vocea Rom\u00e2niei - sezonul 4<\/title>\n<meta name=\"robots\" content=\"index, follow, max-snippet:-1, max-image-preview:large, max-video-preview:-1\" \/>\n<link rel=\"canonical\" href=\"https:\/\/www.criserb.com\/blog\/vocea-romaniei-sezonul-4\/\" \/>\n<meta name=\"twitter:label1\" content=\"Written by\" \/>\n\t<meta name=\"twitter:data1\" content=\"criserb\" \/>\n\t<meta name=\"twitter:label2\" content=\"Est. reading time\" \/>\n\t<meta name=\"twitter:data2\" content=\"2 minutes\" \/>\n<script type=\"application\/ld+json\" class=\"yoast-schema-graph\">{\"@context\":\"https:\/\/schema.org\",\"@graph\":[{\"@type\":\"Article\",\"@id\":\"https:\/\/www.criserb.com\/blog\/vocea-romaniei-sezonul-4\/#article\",\"isPartOf\":{\"@id\":\"https:\/\/www.criserb.com\/blog\/vocea-romaniei-sezonul-4\/\"},\"author\":{\"name\":\"criserb\",\"@id\":\"https:\/\/www.criserb.com\/blog\/#\/schema\/person\/8df5199bda4e628c32a10f318d8602b5\"},\"headline\":\"Vocea Rom\u00e2niei &#8211; sezonul 4\",\"datePublished\":\"2014-09-17T21:43:57+00:00\",\"mainEntityOfPage\":{\"@id\":\"https:\/\/www.criserb.com\/blog\/vocea-romaniei-sezonul-4\/\"},\"wordCount\":335,\"commentCount\":4,\"publisher\":{\"@id\":\"https:\/\/www.criserb.com\/blog\/#\/schema\/person\/8df5199bda4e628c32a10f318d8602b5\"},\"image\":{\"@id\":\"https:\/\/www.criserb.com\/blog\/vocea-romaniei-sezonul-4\/#primaryimage\"},\"thumbnailUrl\":\"https:\/\/www.criserb.com\/blog\/poze\/2014\/09\/61293337.jpg\",\"keywords\":[\"TV Show\",\"Vocea Romaniei\",\"Vocea Rom\u00e2niei 2014\"],\"articleSection\":[\"tv\"],\"inLanguage\":\"en-US\",\"potentialAction\":[{\"@type\":\"CommentAction\",\"name\":\"Comment\",\"target\":[\"https:\/\/www.criserb.com\/blog\/vocea-romaniei-sezonul-4\/#respond\"]}]},{\"@type\":\"WebPage\",\"@id\":\"https:\/\/www.criserb.com\/blog\/vocea-romaniei-sezonul-4\/\",\"url\":\"https:\/\/www.criserb.com\/blog\/vocea-romaniei-sezonul-4\/\",\"name\":\"Vocea Rom\u00e2niei - sezonul 4\",\"isPartOf\":{\"@id\":\"https:\/\/www.criserb.com\/blog\/#website\"},\"primaryImageOfPage\":{\"@id\":\"https:\/\/www.criserb.com\/blog\/vocea-romaniei-sezonul-4\/#primaryimage\"},\"image\":{\"@id\":\"https:\/\/www.criserb.com\/blog\/vocea-romaniei-sezonul-4\/#primaryimage\"},\"thumbnailUrl\":\"https:\/\/www.criserb.com\/blog\/poze\/2014\/09\/61293337.jpg\",\"datePublished\":\"2014-09-17T21:43:57+00:00\",\"breadcrumb\":{\"@id\":\"https:\/\/www.criserb.com\/blog\/vocea-romaniei-sezonul-4\/#breadcrumb\"},\"inLanguage\":\"en-US\",\"potentialAction\":[{\"@type\":\"ReadAction\",\"target\":[\"https:\/\/www.criserb.com\/blog\/vocea-romaniei-sezonul-4\/\"]}]},{\"@type\":\"ImageObject\",\"inLanguage\":\"en-US\",\"@id\":\"https:\/\/www.criserb.com\/blog\/vocea-romaniei-sezonul-4\/#primaryimage\",\"url\":\"https:\/\/www.criserb.com\/blog\/poze\/2014\/09\/61293337.jpg\",\"contentUrl\":\"https:\/\/www.criserb.com\/blog\/poze\/2014\/09\/61293337.jpg\",\"width\":988,\"height\":420},{\"@type\":\"BreadcrumbList\",\"@id\":\"https:\/\/www.criserb.com\/blog\/vocea-romaniei-sezonul-4\/#breadcrumb\",\"itemListElement\":[{\"@type\":\"ListItem\",\"position\":1,\"name\":\"Home\",\"item\":\"https:\/\/www.criserb.com\/blog\/\"},{\"@type\":\"ListItem\",\"position\":2,\"name\":\"Vocea Rom\u00e2niei &#8211; sezonul 4\"}]},{\"@type\":\"WebSite\",\"@id\":\"https:\/\/www.criserb.com\/blog\/#website\",\"url\":\"https:\/\/www.criserb.com\/blog\/\",\"name\":\"criserb.com\",\"description\":\"Nimic ce merita citit :)\",\"publisher\":{\"@id\":\"https:\/\/www.criserb.com\/blog\/#\/schema\/person\/8df5199bda4e628c32a10f318d8602b5\"},\"potentialAction\":[{\"@type\":\"SearchAction\",\"target\":{\"@type\":\"EntryPoint\",\"urlTemplate\":\"https:\/\/www.criserb.com\/blog\/?s={search_term_string}\"},\"query-input\":{\"@type\":\"PropertyValueSpecification\",\"valueRequired\":true,\"valueName\":\"search_term_string\"}}],\"inLanguage\":\"en-US\"},{\"@type\":[\"Person\",\"Organization\"],\"@id\":\"https:\/\/www.criserb.com\/blog\/#\/schema\/person\/8df5199bda4e628c32a10f318d8602b5\",\"name\":\"criserb\",\"image\":{\"@type\":\"ImageObject\",\"inLanguage\":\"en-US\",\"@id\":\"https:\/\/www.criserb.com\/blog\/#\/schema\/person\/image\/\",\"url\":\"http:\/\/0.gravatar.com\/avatar\/fdb6cca710f39545f0c4b5b936c390b4?s=96&d=monsterid&r=pg\",\"contentUrl\":\"http:\/\/0.gravatar.com\/avatar\/fdb6cca710f39545f0c4b5b936c390b4?s=96&d=monsterid&r=pg\",\"caption\":\"criserb\"},\"logo\":{\"@id\":\"https:\/\/www.criserb.com\/blog\/#\/schema\/person\/image\/\"},\"sameAs\":[\"http:\/\/www.criserb.com\"],\"url\":\"https:\/\/www.criserb.com\/blog\/author\/criserb\/\"}]}<\/script>\n<!-- \/ Yoast SEO plugin. -->","yoast_head_json":{"title":"Vocea Rom\u00e2niei - sezonul 4","robots":{"index":"index","follow":"follow","max-snippet":"max-snippet:-1","max-image-preview":"max-image-preview:large","max-video-preview":"max-video-preview:-1"},"canonical":"https:\/\/www.criserb.com\/blog\/vocea-romaniei-sezonul-4\/","twitter_misc":{"Written by":"criserb","Est. reading time":"2 minutes"},"schema":{"@context":"https:\/\/schema.org","@graph":[{"@type":"Article","@id":"https:\/\/www.criserb.com\/blog\/vocea-romaniei-sezonul-4\/#article","isPartOf":{"@id":"https:\/\/www.criserb.com\/blog\/vocea-romaniei-sezonul-4\/"},"author":{"name":"criserb","@id":"https:\/\/www.criserb.com\/blog\/#\/schema\/person\/8df5199bda4e628c32a10f318d8602b5"},"headline":"Vocea Rom\u00e2niei &#8211; sezonul 4","datePublished":"2014-09-17T21:43:57+00:00","mainEntityOfPage":{"@id":"https:\/\/www.criserb.com\/blog\/vocea-romaniei-sezonul-4\/"},"wordCount":335,"commentCount":4,"publisher":{"@id":"https:\/\/www.criserb.com\/blog\/#\/schema\/person\/8df5199bda4e628c32a10f318d8602b5"},"image":{"@id":"https:\/\/www.criserb.com\/blog\/vocea-romaniei-sezonul-4\/#primaryimage"},"thumbnailUrl":"https:\/\/www.criserb.com\/blog\/poze\/2014\/09\/61293337.jpg","keywords":["TV Show","Vocea Romaniei","Vocea Rom\u00e2niei 2014"],"articleSection":["tv"],"inLanguage":"en-US","potentialAction":[{"@type":"CommentAction","name":"Comment","target":["https:\/\/www.criserb.com\/blog\/vocea-romaniei-sezonul-4\/#respond"]}]},{"@type":"WebPage","@id":"https:\/\/www.criserb.com\/blog\/vocea-romaniei-sezonul-4\/","url":"https:\/\/www.criserb.com\/blog\/vocea-romaniei-sezonul-4\/","name":"Vocea Rom\u00e2niei - sezonul 4","isPartOf":{"@id":"https:\/\/www.criserb.com\/blog\/#website"},"primaryImageOfPage":{"@id":"https:\/\/www.criserb.com\/blog\/vocea-romaniei-sezonul-4\/#primaryimage"},"image":{"@id":"https:\/\/www.criserb.com\/blog\/vocea-romaniei-sezonul-4\/#primaryimage"},"thumbnailUrl":"https:\/\/www.criserb.com\/blog\/poze\/2014\/09\/61293337.jpg","datePublished":"2014-09-17T21:43:57+00:00","breadcrumb":{"@id":"https:\/\/www.criserb.com\/blog\/vocea-romaniei-sezonul-4\/#breadcrumb"},"inLanguage":"en-US","potentialAction":[{"@type":"ReadAction","target":["https:\/\/www.criserb.com\/blog\/vocea-romaniei-sezonul-4\/"]}]},{"@type":"ImageObject","inLanguage":"en-US","@id":"https:\/\/www.criserb.com\/blog\/vocea-romaniei-sezonul-4\/#primaryimage","url":"https:\/\/www.criserb.com\/blog\/poze\/2014\/09\/61293337.jpg","contentUrl":"https:\/\/www.criserb.com\/blog\/poze\/2014\/09\/61293337.jpg","width":988,"height":420},{"@type":"BreadcrumbList","@id":"https:\/\/www.criserb.com\/blog\/vocea-romaniei-sezonul-4\/#breadcrumb","itemListElement":[{"@type":"ListItem","position":1,"name":"Home","item":"https:\/\/www.criserb.com\/blog\/"},{"@type":"ListItem","position":2,"name":"Vocea Rom\u00e2niei &#8211; sezonul 4"}]},{"@type":"WebSite","@id":"https:\/\/www.criserb.com\/blog\/#website","url":"https:\/\/www.criserb.com\/blog\/","name":"criserb.com","description":"Nimic ce merita citit :)","publisher":{"@id":"https:\/\/www.criserb.com\/blog\/#\/schema\/person\/8df5199bda4e628c32a10f318d8602b5"},"potentialAction":[{"@type":"SearchAction","target":{"@type":"EntryPoint","urlTemplate":"https:\/\/www.criserb.com\/blog\/?s={search_term_string}"},"query-input":{"@type":"PropertyValueSpecification","valueRequired":true,"valueName":"search_term_string"}}],"inLanguage":"en-US"},{"@type":["Person","Organization"],"@id":"https:\/\/www.criserb.com\/blog\/#\/schema\/person\/8df5199bda4e628c32a10f318d8602b5","name":"criserb","image":{"@type":"ImageObject","inLanguage":"en-US","@id":"https:\/\/www.criserb.com\/blog\/#\/schema\/person\/image\/","url":"http:\/\/0.gravatar.com\/avatar\/fdb6cca710f39545f0c4b5b936c390b4?s=96&d=monsterid&r=pg","contentUrl":"http:\/\/0.gravatar.com\/avatar\/fdb6cca710f39545f0c4b5b936c390b4?s=96&d=monsterid&r=pg","caption":"criserb"},"logo":{"@id":"https:\/\/www.criserb.com\/blog\/#\/schema\/person\/image\/"},"sameAs":["http:\/\/www.criserb.com"],"url":"https:\/\/www.criserb.com\/blog\/author\/criserb\/"}]}},"_links":{"self":[{"href":"https:\/\/www.criserb.com\/blog\/wp-json\/wp\/v2\/posts\/29640"}],"collection":[{"href":"https:\/\/www.criserb.com\/blog\/wp-json\/wp\/v2\/posts"}],"about":[{"href":"https:\/\/www.criserb.com\/blog\/wp-json\/wp\/v2\/types\/post"}],"author":[{"embeddable":true,"href":"https:\/\/www.criserb.com\/blog\/wp-json\/wp\/v2\/users\/3"}],"replies":[{"embeddable":true,"href":"https:\/\/www.criserb.com\/blog\/wp-json\/wp\/v2\/comments?post=29640"}],"version-history":[{"count":0,"href":"https:\/\/www.criserb.com\/blog\/wp-json\/wp\/v2\/posts\/29640\/revisions"}],"wp:featuredmedia":[{"embeddable":true,"href":"https:\/\/www.criserb.com\/blog\/wp-json\/wp\/v2\/media\/29641"}],"wp:attachment":[{"href":"https:\/\/www.criserb.com\/blog\/wp-json\/wp\/v2\/media?parent=29640"}],"wp:term":[{"taxonomy":"category","embeddable":true,"href":"https:\/\/www.criserb.com\/blog\/wp-json\/wp\/v2\/categories?post=29640"},{"taxonomy":"post_tag","embeddable":true,"href":"https:\/\/www.criserb.com\/blog\/wp-json\/wp\/v2\/tags?post=29640"}],"curies":[{"name":"wp","href":"https:\/\/api.w.org\/{rel}","templated":true}]}}