{"id":29724,"date":"2014-09-24T12:19:44","date_gmt":"2014-09-24T09:19:44","guid":{"rendered":"http:\/\/www.criserb.com\/blog\/?p=29724"},"modified":"2014-09-24T12:21:11","modified_gmt":"2014-09-24T09:21:11","slug":"sa-i-zicem-costel","status":"publish","type":"post","link":"https:\/\/www.criserb.com\/blog\/sa-i-zicem-costel\/","title":{"rendered":"S\u0103-i zicem Costel :)"},"content":{"rendered":"<p><a href=\"http:\/\/www.criserb.com\/blog\/poze\/2014\/09\/DSC_2544.jpg\"><img loading=\"lazy\" decoding=\"async\" class=\"alignleft wp-image-29725 size-medium\" src=\"http:\/\/www.criserb.com\/blog\/poze\/2014\/09\/DSC_2544-300x451.jpg\" alt=\"DSC_2544\" width=\"300\" height=\"451\" srcset=\"https:\/\/www.criserb.com\/blog\/poze\/2014\/09\/DSC_2544-300x451.jpg 300w, https:\/\/www.criserb.com\/blog\/poze\/2014\/09\/DSC_2544.jpg 797w\" sizes=\"(max-width: 300px) 100vw, 300px\" \/><\/a> Acum ceva vreme am zis c\u0103 poate este cazul s\u0103 facem \u0219i noi un copil. Am zis s\u0103 \u00eencerc\u0103m, cu toate c\u0103 nu eram prea convin\u0219i c\u0103 este un moment potrivit. \u0218ti\u021bi cum este aia, probabil niciodat\u0103 nu este un moment potrivit.<\/p>\n<p>Am \u00eencercat \u0219i ne-a ie\u0219it.<\/p>\n<p>Atunci c\u00e2nd am aflat am vrut s\u0103 v\u0103 povestesc, dar articolul a stat \u00een draft p\u00e2n\u0103 acum. \u00cel ave\u021bi mai jos, exact cum l-am scris pe 21 mai.<\/p>\n<hr \/>\n<p><em>Dragilor, nici nu \u0219tiu cum s\u0103 \u00eencep acest post. M-am tot g\u00e2ndit dac\u0103 s\u0103 v\u0103 spun sau nu, dac\u0103 este bine s\u0103 scriu pe blog despre asta \u0219i p\u00e2n\u0103 la urm\u0103 am zis c\u0103 face parte din via\u021b\u0103 noastr\u0103 \u0219i cum am vorbit despre at\u00e2tea alte lucruri pot s\u0103 v\u0103 spun \u0219i asta.<\/em><\/p>\n<p><em>Mul\u021bi ne-au pus tot felul de \u00eentreb\u0103ri, mul\u021bi ne-au spus c\u0103 vine un moment \u00een via\u021b\u0103 c\u00e2nd trebuie s\u0103 mergem mai departe, c\u00e2nd trebuie s\u0103 ne g\u00e2ndim \u0219i la ceea ce l\u0103s\u0103m \u00een urma noastr\u0103. Au fost ani la r\u00e2nd \u00een care am tot fost \u00eentreba\u021bi, au fost multe r\u0103spunsuri &#8220;atunci c\u00e2nd o s\u0103 vin\u0103 momentul&#8221; sau &#8220;atunci c\u00e2nd o s\u0103 fim preg\u0103ti\u021bi&#8221;.<\/em><\/p>\n<p><em>Ei uite c\u0103 ieri, mar\u021bi 20 mai, dup\u0103 ce acum dou\u0103 zile\u00a0testul a ie\u0219it negativ, Dana mi-a spus cu lacrimi \u00een ochi c\u0103 este \u00eens\u0103rcinat\u0103. \u00cen acel moment am sim\u021bit c\u0103 nu mai am replic\u0103, pur \u0219i simplu nu \u0219tiam ce s\u0103-i zic. Aveam impresia c\u0103 mi-a sc\u0103zut glicemia sau poate c\u0103 am o c\u0103dere te calciu.<\/em><\/p>\n<p><em>Eram la birou \u0219i vestea mi-a venit prin telefon. Dana era speriat\u0103 de \u00eent\u00e2rziere \u0219i eu i-am sugerat s\u0103-\u0219i mai fac\u0103 un test chiar dac\u0103 \u0219i ea era la birou.<\/em><\/p>\n<p><em>Ziceam c\u0103 nu are cum s\u0103 r\u0103m\u00e2n\u0103 \u00eens\u0103rcinat\u0103\u00a0pentru c\u0103 nu ne-am hot\u0103r\u00e2t de foarte mult timp s\u0103 ne apuc\u0103m de treab\u0103. Ne-am hot\u0103r\u00e2t doar cu dou\u0103 s\u0103pt\u0103m\u00e2ni \u00een urm\u0103 \u0219i am l\u0103sat protec\u021bia la o parte o singur\u0103 dat\u0103. Doar o dat\u0103. \u00cen plus nici nu era \u00een perioada de maxim\u0103 fertilitate, a\u0219a c\u0103 am g\u00e2ndit c\u0103 nu se poate. Ei uite c\u0103 s-a putut.<\/em><\/p>\n<p><em>Vorba aia, punct ochit, punct lovit :)<\/em><\/p>\n<p><em>Cum ne sim\u021bim? Este greu de spus. In prima faz\u0103 ne-am speriat, apoi am realizat c\u0103 suntem ni\u0219te mari noroco\u0219i. Sunt at\u00e2\u021bia care au \u00eencercat perioade lungi de timp \u0219i nu au reu\u0219it, sunt care au avut nevoie de tot felul de ajutoare medicale\u00a0\u0219i noi am reu\u0219it din prima. Nu avem cum s\u0103 nu ne consider\u0103m noroco\u0219i.<\/em><\/p>\n<p><em>\u00cen acela\u0219i timp nu pot s\u0103 zic c\u0103 nu ne este fric\u0103. Ne este. Ne este pentru c\u0103 nu \u0219tim la ce s\u0103 ne a\u0219tept\u0103m, ne este pentru c\u0103 \u0219tim c\u0103 Dana o s\u0103 se schimbe (ea \u00een primul r\u00e2nd) iar aceste lucruri ne sperie. Cu timpul o s\u0103 ne obi\u0219nuim cu ele, dar acum, zilele astea suntem ferici\u021bi \u0219i speria\u021bi \u00een acela\u0219i timp.<\/em><\/p>\n<p><em>Mai mult ferici\u021bi, acum de ce s\u0103 nu recunosc, dar totu\u0219i teama de necunoscut \u0219i \u00eentreb\u0103rile ce ne trec prin cap ne macin\u0103 \u0219i ne dau un sentiment de team\u0103.<\/em><\/p>\n<p><em>Cam asta este vestea bun\u0103 pe care voiam s\u0103 o notez aici, s\u0103 r\u0103m\u00e2n\u0103 si peste un timp s\u0103 citesc acest post cu nostalgie.<\/em><\/p>\n<p><em>B\u0103nuiesc c\u0103 nu suntem singurii care au trecut prin a\u0219a ceva, sunt sigur c\u0103 au fost\u00a0mul\u021bi din cei care trec pragul acestui blog \u00een aceea\u0219i situa\u021bie. Poate ne mai \u00eemp\u0103rt\u0103\u0219i\u021bi \u0219i nou\u0103 din experien\u021b\u0103 voastr\u0103, sunt sigur c\u0103 ave\u021bi ce povesti.<\/em><\/p>\n<p><em>Partea bun\u0103 este c\u0103 prietenii apropia\u021bi sunt cam \u00een aceea\u0219i situa\u021bie, doar c\u0103 ei au c\u00e2teva luni, p\u00e2n\u0103 la un an, avans. Nu mai trebuie s\u0103 cump\u0103r\u0103m tot felul de lucruri pentru c\u0103 deja le avem promise de la ei :) Am \u00een\u021beles c\u0103 a\u0219a merge treaba. Totul se transmite mai departe pentru c\u0103 la ce pre\u021buri au lucrurile pentru pu\u0219ti&#8230; dar hai mai bine s\u0103 nu vorbim acum. Sunt convins c\u0103 vom mai avea destule ocazii.<\/em><\/p>\n<p><em>Marea problem\u0103 pe care o avem, cel pu\u021bin la asta ne g\u00e2ndim acum, este cum s\u0103 facem c\u0103 din dou\u0103 camere, m\u0103 rog, una \u0219i un open space s\u0103 facem un spa\u021biu potrivit unui nou venit pe lume. Facem un perete \u0219i ajungem s\u0103 avem un clasic apartament de dou\u0103 camere. Dar care camer\u0103 o dedic\u0103m pu\u0219tiului, dormitorul actual sau sufrageria. Avem c\u00e2teva variante \u00een cap, dar parc\u0103 niciuna nu este potrivit\u0103. Poate c\u0103 \u00eenc\u0103 chiar nu \u0219tim ce vrem \u0219i ne punem prea multe probleme. Sunt convins c\u0103 un copil nu trebuie neaparat s\u0103 aib\u0103 camera lui, nici noi nu am avut la r\u00e2ndul nostru, dar&#8230; totu\u0219i ne g\u00e2ndim.<\/em><\/p>\n<p><em>Eh \u0219i mai avem probleme (poate imaginare), dar \u00een mintea unor proasp\u0103t p\u0103rin\u021bi acestea par destul de mari :)<\/em><\/p>\n<p><em>Cu alte cuvinte voiam doar s\u0103 v\u0103 spun c\u0103 a\u0219tept\u0103m un copil, nu \u0219tiu ce m-am \u00eentins a\u0219a mult, poate c\u0103 nu intereseaz\u0103 pe nimeni.<\/em><\/p>\n<hr \/>\n<p>Acesta a fost postul pe care l-am scris atunci, acum \u00eens\u0103 lucrurile s-au mai schimbat.<\/p>\n<p>S-au schimbat \u00een sensul c\u0103 acum suntem doar ferici\u021bi \u0219i abia a\u0219tept\u0103m s\u0103 vin\u0103 Costel pe lume. Na\u0219ul i-a zis Costel pentru aceast\u0103 perioad\u0103, c\u00e2nd o s\u0103 apar\u0103 pe lume o s\u0103 aib\u0103 un alt nume.<\/p>\n<p>Nu mai suntem stresa\u021bi, suntem ferici\u021bi c\u0103 o s\u0103 avem un copil \u0219i o s\u0103 vedem noi cum o s\u0103 fie. B\u0103nuiesc c\u0103 o s\u0103 fie o perioad\u0103 mult mai frumoas\u0103 a vie\u021bii chiar dac\u0103 pentru moment este o perioad\u0103 plin\u0103 de necunoscut.<\/p>\n<p>Am rezolvat \u0219i problema camerelor, nu o s\u0103 mai facem nimic \u00een apartamentul pe care \u00eel avem, o s\u0103 ne apuc\u0103m <a href=\"http:\/\/www.criserb.com\/blog\/constructia-casei\/\" target=\"_blank\">s\u0103 facem o cas\u0103<\/a>. Vede\u021bi cum se rezolv\u0103 lucrurile, toate se rezolv\u0103 de la sine c\u00e2nd ai un motiv \u00eentemeiat.<\/p>\n<p>Ce s\u0103 v\u0103 mai zic, suntem ni\u0219te viitori p\u0103rin\u021bi bucuro\u0219i \u0219i ner\u0103bd\u0103tori s\u0103-l avem pe cel mic \u00een cas\u0103.<\/p>\n<p>Acum poate c\u0103 v-a\u021bi prins de ce am mai scris despre chestii pentru copii, deh, m-am uitat \u0219i eu pe tot felul de siteuri. \u0218i s\u0103 nu v\u0103 surprind\u0103\u00a0dac\u0103 am s\u0103 mai scriu, cu siguran\u021b\u0103 o s\u0103 mai am astfel de subiecte.<\/p>\n<p>O s\u0103 am \u00eentreb\u0103ri, o s\u0103 am nel\u0103muriri, am s\u0103 le scriu aici pe vreme ce apar. Am s\u0103 v\u0103 \u00eentreb de h\u0103inu\u021be, de juc\u0103rii, de tot felul de chestii pentru copii, chestii de care p\u00e2n\u0103 acum nu ne-am mai lovit \u0219i de la care sunt convins c\u0103 am s\u0103 primesc multe sfaturi ok. \u0218tiu c\u0103 m\u0103 citesc multe m\u0103mici \u0219i eu am fost \u00eentotdeauna pentru schimbul de experien\u021b\u0103.<\/p>\n<p>Nu \u0219tiu ce s\u0103 v\u0103 mai zic acum, a venit momentul s\u0103 v\u0103 dau aceast\u0103 veste \u0219i sper s\u0103 v\u0103 bucura\u021bi al\u0103turi de noi \u0219i s\u0103 m\u0103 \u00een\u021belege\u021bi atunci c\u00e2nd o s\u0103 vedeti c\u0103 posturile o s\u0103 fie mai rare, am \u00een\u021beles c\u0103 timpul o s\u0103 fie mult mai scurt \u00een trei :P<\/p>\n<p><em>P.S. \u00cen poza de mai sus o vede\u021bi pe Dana \u00een s\u0103pt\u0103m\u00e2na 23 ;)<\/em><\/p>\n","protected":false},"excerpt":{"rendered":"<p>Acum ceva vreme am zis c\u0103 poate este cazul s\u0103 facem \u0219i noi un copil. Am zis s\u0103 \u00eencerc\u0103m, cu toate c\u0103 nu eram prea convin\u0219i c\u0103 este un moment potrivit. \u0218ti\u021bi cum este aia, probabil niciodat\u0103 nu este un moment potrivit. Am \u00eencercat \u0219i ne-a ie\u0219it. Atunci c\u00e2nd am aflat am vrut s\u0103 v\u0103&hellip;<\/p>\n","protected":false},"author":3,"featured_media":29725,"comment_status":"open","ping_status":"open","sticky":false,"template":"","format":"standard","meta":{"footnotes":""},"categories":[1898],"tags":[7160,6501,106],"yoast_head":"<!-- This site is optimized with the Yoast SEO plugin v24.5 - https:\/\/yoast.com\/wordpress\/plugins\/seo\/ -->\n<title>S\u0103-i zicem Costel :)<\/title>\n<meta name=\"robots\" content=\"index, follow, max-snippet:-1, max-image-preview:large, max-video-preview:-1\" \/>\n<link rel=\"canonical\" href=\"https:\/\/www.criserb.com\/blog\/sa-i-zicem-costel\/\" \/>\n<meta name=\"twitter:label1\" content=\"Written by\" \/>\n\t<meta name=\"twitter:data1\" content=\"criserb\" \/>\n\t<meta name=\"twitter:label2\" content=\"Est. reading time\" \/>\n\t<meta name=\"twitter:data2\" content=\"6 minutes\" \/>\n<script type=\"application\/ld+json\" class=\"yoast-schema-graph\">{\"@context\":\"https:\/\/schema.org\",\"@graph\":[{\"@type\":\"Article\",\"@id\":\"https:\/\/www.criserb.com\/blog\/sa-i-zicem-costel\/#article\",\"isPartOf\":{\"@id\":\"https:\/\/www.criserb.com\/blog\/sa-i-zicem-costel\/\"},\"author\":{\"name\":\"criserb\",\"@id\":\"https:\/\/www.criserb.com\/blog\/#\/schema\/person\/8df5199bda4e628c32a10f318d8602b5\"},\"headline\":\"S\u0103-i zicem Costel :)\",\"datePublished\":\"2014-09-24T09:19:44+00:00\",\"dateModified\":\"2014-09-24T09:21:11+00:00\",\"mainEntityOfPage\":{\"@id\":\"https:\/\/www.criserb.com\/blog\/sa-i-zicem-costel\/\"},\"wordCount\":1275,\"commentCount\":28,\"publisher\":{\"@id\":\"https:\/\/www.criserb.com\/blog\/#\/schema\/person\/8df5199bda4e628c32a10f318d8602b5\"},\"image\":{\"@id\":\"https:\/\/www.criserb.com\/blog\/sa-i-zicem-costel\/#primaryimage\"},\"thumbnailUrl\":\"https:\/\/www.criserb.com\/blog\/poze\/2014\/09\/DSC_2544.jpg\",\"keywords\":[\"Copil\",\"Costel\",\"personal\"],\"articleSection\":[\"Copil\"],\"inLanguage\":\"en-US\",\"potentialAction\":[{\"@type\":\"CommentAction\",\"name\":\"Comment\",\"target\":[\"https:\/\/www.criserb.com\/blog\/sa-i-zicem-costel\/#respond\"]}]},{\"@type\":\"WebPage\",\"@id\":\"https:\/\/www.criserb.com\/blog\/sa-i-zicem-costel\/\",\"url\":\"https:\/\/www.criserb.com\/blog\/sa-i-zicem-costel\/\",\"name\":\"S\u0103-i zicem Costel :)\",\"isPartOf\":{\"@id\":\"https:\/\/www.criserb.com\/blog\/#website\"},\"primaryImageOfPage\":{\"@id\":\"https:\/\/www.criserb.com\/blog\/sa-i-zicem-costel\/#primaryimage\"},\"image\":{\"@id\":\"https:\/\/www.criserb.com\/blog\/sa-i-zicem-costel\/#primaryimage\"},\"thumbnailUrl\":\"https:\/\/www.criserb.com\/blog\/poze\/2014\/09\/DSC_2544.jpg\",\"datePublished\":\"2014-09-24T09:19:44+00:00\",\"dateModified\":\"2014-09-24T09:21:11+00:00\",\"breadcrumb\":{\"@id\":\"https:\/\/www.criserb.com\/blog\/sa-i-zicem-costel\/#breadcrumb\"},\"inLanguage\":\"en-US\",\"potentialAction\":[{\"@type\":\"ReadAction\",\"target\":[\"https:\/\/www.criserb.com\/blog\/sa-i-zicem-costel\/\"]}]},{\"@type\":\"ImageObject\",\"inLanguage\":\"en-US\",\"@id\":\"https:\/\/www.criserb.com\/blog\/sa-i-zicem-costel\/#primaryimage\",\"url\":\"https:\/\/www.criserb.com\/blog\/poze\/2014\/09\/DSC_2544.jpg\",\"contentUrl\":\"https:\/\/www.criserb.com\/blog\/poze\/2014\/09\/DSC_2544.jpg\",\"width\":797,\"height\":1200},{\"@type\":\"BreadcrumbList\",\"@id\":\"https:\/\/www.criserb.com\/blog\/sa-i-zicem-costel\/#breadcrumb\",\"itemListElement\":[{\"@type\":\"ListItem\",\"position\":1,\"name\":\"Home\",\"item\":\"https:\/\/www.criserb.com\/blog\/\"},{\"@type\":\"ListItem\",\"position\":2,\"name\":\"S\u0103-i zicem Costel :)\"}]},{\"@type\":\"WebSite\",\"@id\":\"https:\/\/www.criserb.com\/blog\/#website\",\"url\":\"https:\/\/www.criserb.com\/blog\/\",\"name\":\"criserb.com\",\"description\":\"Nimic ce merita citit :)\",\"publisher\":{\"@id\":\"https:\/\/www.criserb.com\/blog\/#\/schema\/person\/8df5199bda4e628c32a10f318d8602b5\"},\"potentialAction\":[{\"@type\":\"SearchAction\",\"target\":{\"@type\":\"EntryPoint\",\"urlTemplate\":\"https:\/\/www.criserb.com\/blog\/?s={search_term_string}\"},\"query-input\":{\"@type\":\"PropertyValueSpecification\",\"valueRequired\":true,\"valueName\":\"search_term_string\"}}],\"inLanguage\":\"en-US\"},{\"@type\":[\"Person\",\"Organization\"],\"@id\":\"https:\/\/www.criserb.com\/blog\/#\/schema\/person\/8df5199bda4e628c32a10f318d8602b5\",\"name\":\"criserb\",\"image\":{\"@type\":\"ImageObject\",\"inLanguage\":\"en-US\",\"@id\":\"https:\/\/www.criserb.com\/blog\/#\/schema\/person\/image\/\",\"url\":\"http:\/\/0.gravatar.com\/avatar\/fdb6cca710f39545f0c4b5b936c390b4?s=96&d=monsterid&r=pg\",\"contentUrl\":\"http:\/\/0.gravatar.com\/avatar\/fdb6cca710f39545f0c4b5b936c390b4?s=96&d=monsterid&r=pg\",\"caption\":\"criserb\"},\"logo\":{\"@id\":\"https:\/\/www.criserb.com\/blog\/#\/schema\/person\/image\/\"},\"sameAs\":[\"http:\/\/www.criserb.com\"],\"url\":\"https:\/\/www.criserb.com\/blog\/author\/criserb\/\"}]}<\/script>\n<!-- \/ Yoast SEO plugin. -->","yoast_head_json":{"title":"S\u0103-i zicem Costel :)","robots":{"index":"index","follow":"follow","max-snippet":"max-snippet:-1","max-image-preview":"max-image-preview:large","max-video-preview":"max-video-preview:-1"},"canonical":"https:\/\/www.criserb.com\/blog\/sa-i-zicem-costel\/","twitter_misc":{"Written by":"criserb","Est. reading time":"6 minutes"},"schema":{"@context":"https:\/\/schema.org","@graph":[{"@type":"Article","@id":"https:\/\/www.criserb.com\/blog\/sa-i-zicem-costel\/#article","isPartOf":{"@id":"https:\/\/www.criserb.com\/blog\/sa-i-zicem-costel\/"},"author":{"name":"criserb","@id":"https:\/\/www.criserb.com\/blog\/#\/schema\/person\/8df5199bda4e628c32a10f318d8602b5"},"headline":"S\u0103-i zicem Costel :)","datePublished":"2014-09-24T09:19:44+00:00","dateModified":"2014-09-24T09:21:11+00:00","mainEntityOfPage":{"@id":"https:\/\/www.criserb.com\/blog\/sa-i-zicem-costel\/"},"wordCount":1275,"commentCount":28,"publisher":{"@id":"https:\/\/www.criserb.com\/blog\/#\/schema\/person\/8df5199bda4e628c32a10f318d8602b5"},"image":{"@id":"https:\/\/www.criserb.com\/blog\/sa-i-zicem-costel\/#primaryimage"},"thumbnailUrl":"https:\/\/www.criserb.com\/blog\/poze\/2014\/09\/DSC_2544.jpg","keywords":["Copil","Costel","personal"],"articleSection":["Copil"],"inLanguage":"en-US","potentialAction":[{"@type":"CommentAction","name":"Comment","target":["https:\/\/www.criserb.com\/blog\/sa-i-zicem-costel\/#respond"]}]},{"@type":"WebPage","@id":"https:\/\/www.criserb.com\/blog\/sa-i-zicem-costel\/","url":"https:\/\/www.criserb.com\/blog\/sa-i-zicem-costel\/","name":"S\u0103-i zicem Costel :)","isPartOf":{"@id":"https:\/\/www.criserb.com\/blog\/#website"},"primaryImageOfPage":{"@id":"https:\/\/www.criserb.com\/blog\/sa-i-zicem-costel\/#primaryimage"},"image":{"@id":"https:\/\/www.criserb.com\/blog\/sa-i-zicem-costel\/#primaryimage"},"thumbnailUrl":"https:\/\/www.criserb.com\/blog\/poze\/2014\/09\/DSC_2544.jpg","datePublished":"2014-09-24T09:19:44+00:00","dateModified":"2014-09-24T09:21:11+00:00","breadcrumb":{"@id":"https:\/\/www.criserb.com\/blog\/sa-i-zicem-costel\/#breadcrumb"},"inLanguage":"en-US","potentialAction":[{"@type":"ReadAction","target":["https:\/\/www.criserb.com\/blog\/sa-i-zicem-costel\/"]}]},{"@type":"ImageObject","inLanguage":"en-US","@id":"https:\/\/www.criserb.com\/blog\/sa-i-zicem-costel\/#primaryimage","url":"https:\/\/www.criserb.com\/blog\/poze\/2014\/09\/DSC_2544.jpg","contentUrl":"https:\/\/www.criserb.com\/blog\/poze\/2014\/09\/DSC_2544.jpg","width":797,"height":1200},{"@type":"BreadcrumbList","@id":"https:\/\/www.criserb.com\/blog\/sa-i-zicem-costel\/#breadcrumb","itemListElement":[{"@type":"ListItem","position":1,"name":"Home","item":"https:\/\/www.criserb.com\/blog\/"},{"@type":"ListItem","position":2,"name":"S\u0103-i zicem Costel :)"}]},{"@type":"WebSite","@id":"https:\/\/www.criserb.com\/blog\/#website","url":"https:\/\/www.criserb.com\/blog\/","name":"criserb.com","description":"Nimic ce merita citit :)","publisher":{"@id":"https:\/\/www.criserb.com\/blog\/#\/schema\/person\/8df5199bda4e628c32a10f318d8602b5"},"potentialAction":[{"@type":"SearchAction","target":{"@type":"EntryPoint","urlTemplate":"https:\/\/www.criserb.com\/blog\/?s={search_term_string}"},"query-input":{"@type":"PropertyValueSpecification","valueRequired":true,"valueName":"search_term_string"}}],"inLanguage":"en-US"},{"@type":["Person","Organization"],"@id":"https:\/\/www.criserb.com\/blog\/#\/schema\/person\/8df5199bda4e628c32a10f318d8602b5","name":"criserb","image":{"@type":"ImageObject","inLanguage":"en-US","@id":"https:\/\/www.criserb.com\/blog\/#\/schema\/person\/image\/","url":"http:\/\/0.gravatar.com\/avatar\/fdb6cca710f39545f0c4b5b936c390b4?s=96&d=monsterid&r=pg","contentUrl":"http:\/\/0.gravatar.com\/avatar\/fdb6cca710f39545f0c4b5b936c390b4?s=96&d=monsterid&r=pg","caption":"criserb"},"logo":{"@id":"https:\/\/www.criserb.com\/blog\/#\/schema\/person\/image\/"},"sameAs":["http:\/\/www.criserb.com"],"url":"https:\/\/www.criserb.com\/blog\/author\/criserb\/"}]}},"_links":{"self":[{"href":"https:\/\/www.criserb.com\/blog\/wp-json\/wp\/v2\/posts\/29724"}],"collection":[{"href":"https:\/\/www.criserb.com\/blog\/wp-json\/wp\/v2\/posts"}],"about":[{"href":"https:\/\/www.criserb.com\/blog\/wp-json\/wp\/v2\/types\/post"}],"author":[{"embeddable":true,"href":"https:\/\/www.criserb.com\/blog\/wp-json\/wp\/v2\/users\/3"}],"replies":[{"embeddable":true,"href":"https:\/\/www.criserb.com\/blog\/wp-json\/wp\/v2\/comments?post=29724"}],"version-history":[{"count":0,"href":"https:\/\/www.criserb.com\/blog\/wp-json\/wp\/v2\/posts\/29724\/revisions"}],"wp:featuredmedia":[{"embeddable":true,"href":"https:\/\/www.criserb.com\/blog\/wp-json\/wp\/v2\/media\/29725"}],"wp:attachment":[{"href":"https:\/\/www.criserb.com\/blog\/wp-json\/wp\/v2\/media?parent=29724"}],"wp:term":[{"taxonomy":"category","embeddable":true,"href":"https:\/\/www.criserb.com\/blog\/wp-json\/wp\/v2\/categories?post=29724"},{"taxonomy":"post_tag","embeddable":true,"href":"https:\/\/www.criserb.com\/blog\/wp-json\/wp\/v2\/tags?post=29724"}],"curies":[{"name":"wp","href":"https:\/\/api.w.org\/{rel}","templated":true}]}}