{"id":29777,"date":"2014-09-30T23:31:12","date_gmt":"2014-09-30T20:31:12","guid":{"rendered":"http:\/\/www.criserb.com\/blog\/?p=29777"},"modified":"2014-09-30T23:31:12","modified_gmt":"2014-09-30T20:31:12","slug":"niste-romi-au-fost-evacuati-din-case-in-centrul-bucurestiului","status":"publish","type":"post","link":"https:\/\/www.criserb.com\/blog\/niste-romi-au-fost-evacuati-din-case-in-centrul-bucurestiului\/","title":{"rendered":"Ni\u0219te romi au fost evacua\u021bi din case \u00een centrul Bucure\u0219tiului"},"content":{"rendered":"<p>\u0218i dup\u0103 ce au fost evacua\u021bi din ni\u0219te case ce\u00a0nu le apar\u021bineau (pentru c\u0103 altfel m\u0103 g\u00e2ndesc c\u0103 nu erau evacua\u021bi), \u0219i-au montat corturile \u00een plin\u0103 strad\u0103. Undeva \u00een spatele blocurilor ceau\u0219iste de pe Bulevardul Unirii, mai exact <a href=\"https:\/\/www.google.ro\/maps\/place\/44%C2%B025'43.7%22N+26%C2%B007'15.9%22E\/@44.428812,26.121092,19z\/data=!3m1!4b1!4m2!3m1!1s0x0:0x0?hl=en\" target=\"_blank\">aici<\/a>.<\/p>\n<p>O zon\u0103 plin\u0103 de romi \u0219i de mizerie. O \u0219tiu de ani de zile, trec destul de des pe acolo, doar c\u0103 acum romii nu mai m\u0103n\u00e2nc\u0103 semin\u021be pe trotuar, acum s-au mutat cu totul.<\/p>\n<p>Au \u0219i lozinci, cea mai simpatic\u0103 mi se pare aia cu Catedrala Neamului. \u0218i pe bun\u0103 dreptate. Nu mai bine le-ar face lor case? C\u0103 deh, cu munca este mai greu&#8230;<\/p>\n<p><a href=\"http:\/\/www.criserb.com\/blog\/poze\/2014\/09\/romi_evacuati_din_case_01.jpg\"><img loading=\"lazy\" decoding=\"async\" class=\"aligncenter size-full wp-image-29778\" src=\"http:\/\/www.criserb.com\/blog\/poze\/2014\/09\/romi_evacuati_din_case_01.jpg\" alt=\"romi_evacuati_din_case_01\" width=\"1200\" height=\"671\" srcset=\"https:\/\/www.criserb.com\/blog\/poze\/2014\/09\/romi_evacuati_din_case_01.jpg 1200w, https:\/\/www.criserb.com\/blog\/poze\/2014\/09\/romi_evacuati_din_case_01-300x167.jpg 300w\" sizes=\"(max-width: 1200px) 100vw, 1200px\" \/><\/a><\/p>\n<p><a href=\"http:\/\/www.criserb.com\/blog\/poze\/2014\/09\/romi_evacuati_din_case_02.jpg\"><img loading=\"lazy\" decoding=\"async\" class=\"aligncenter size-full wp-image-29779\" src=\"http:\/\/www.criserb.com\/blog\/poze\/2014\/09\/romi_evacuati_din_case_02.jpg\" alt=\"romi_evacuati_din_case_02\" width=\"1200\" height=\"671\" srcset=\"https:\/\/www.criserb.com\/blog\/poze\/2014\/09\/romi_evacuati_din_case_02.jpg 1200w, https:\/\/www.criserb.com\/blog\/poze\/2014\/09\/romi_evacuati_din_case_02-300x167.jpg 300w\" sizes=\"(max-width: 1200px) 100vw, 1200px\" \/><\/a><\/p>\n<p><a href=\"http:\/\/www.criserb.com\/blog\/poze\/2014\/09\/romi_evacuati_din_case_03.jpg\"><img loading=\"lazy\" decoding=\"async\" class=\"aligncenter size-full wp-image-29780\" src=\"http:\/\/www.criserb.com\/blog\/poze\/2014\/09\/romi_evacuati_din_case_03.jpg\" alt=\"romi_evacuati_din_case_03\" width=\"1200\" height=\"671\" srcset=\"https:\/\/www.criserb.com\/blog\/poze\/2014\/09\/romi_evacuati_din_case_03.jpg 1200w, https:\/\/www.criserb.com\/blog\/poze\/2014\/09\/romi_evacuati_din_case_03-300x167.jpg 300w\" sizes=\"(max-width: 1200px) 100vw, 1200px\" \/><\/a><\/p>\n<p><a href=\"http:\/\/www.criserb.com\/blog\/poze\/2014\/09\/romi_evacuati_din_case_04.jpg\"><img loading=\"lazy\" decoding=\"async\" class=\"aligncenter size-full wp-image-29781\" src=\"http:\/\/www.criserb.com\/blog\/poze\/2014\/09\/romi_evacuati_din_case_04.jpg\" alt=\"romi_evacuati_din_case_04\" width=\"1200\" height=\"671\" srcset=\"https:\/\/www.criserb.com\/blog\/poze\/2014\/09\/romi_evacuati_din_case_04.jpg 1200w, https:\/\/www.criserb.com\/blog\/poze\/2014\/09\/romi_evacuati_din_case_04-300x167.jpg 300w\" sizes=\"(max-width: 1200px) 100vw, 1200px\" \/><\/a><\/p>\n<p><a href=\"http:\/\/www.criserb.com\/blog\/poze\/2014\/09\/romi_evacuati_din_case_05.jpg\"><img loading=\"lazy\" decoding=\"async\" class=\"aligncenter size-full wp-image-29782\" src=\"http:\/\/www.criserb.com\/blog\/poze\/2014\/09\/romi_evacuati_din_case_05.jpg\" alt=\"romi_evacuati_din_case_05\" width=\"1200\" height=\"671\" srcset=\"https:\/\/www.criserb.com\/blog\/poze\/2014\/09\/romi_evacuati_din_case_05.jpg 1200w, https:\/\/www.criserb.com\/blog\/poze\/2014\/09\/romi_evacuati_din_case_05-300x167.jpg 300w\" sizes=\"(max-width: 1200px) 100vw, 1200px\" \/><\/a><\/p>\n<p>\u0218i totu\u0219i, chiar o s\u0103 \u00eei vedem \u00een fiecare zi \u00een strad\u0103?<\/p>\n<p>E periculos, au o mul\u021bime de copii \u0219i nu le pas\u0103 de nicio culoare c\u0103 pot fi c\u0103lca\u021bi de vreo ma\u0219in\u0103. Oare cine ar trebuie s\u0103 fac\u0103 ceva \u00een acest sens \u0219i care ar fi procedura corect\u0103 dup\u0103 ce au fost evacua\u021bi din casele pe care le ocupau p\u00e2n\u0103 acum?<\/p>\n","protected":false},"excerpt":{"rendered":"<p>\u0218i dup\u0103 ce au fost evacua\u021bi din ni\u0219te case ce\u00a0nu le apar\u021bineau (pentru c\u0103 altfel m\u0103 g\u00e2ndesc c\u0103 nu erau evacua\u021bi), \u0219i-au montat corturile \u00een plin\u0103 strad\u0103. Undeva \u00een spatele blocurilor ceau\u0219iste de pe Bulevardul Unirii, mai exact aici. O zon\u0103 plin\u0103 de romi \u0219i de mizerie. O \u0219tiu de ani de zile, trec destul&hellip;<\/p>\n","protected":false},"author":3,"featured_media":29780,"comment_status":"open","ping_status":"open","sticky":false,"template":"","format":"standard","meta":{"footnotes":""},"categories":[34],"tags":[227,6522,6523],"yoast_head":"<!-- This site is optimized with the Yoast SEO plugin v24.5 - https:\/\/yoast.com\/wordpress\/plugins\/seo\/ -->\n<title>Ni\u0219te romi au fost evacua\u021bi din case \u00een centrul Bucure\u0219tiului<\/title>\n<meta name=\"robots\" content=\"index, follow, max-snippet:-1, max-image-preview:large, max-video-preview:-1\" \/>\n<link rel=\"canonical\" href=\"https:\/\/www.criserb.com\/blog\/niste-romi-au-fost-evacuati-din-case-in-centrul-bucurestiului\/\" \/>\n<meta name=\"twitter:label1\" content=\"Written by\" \/>\n\t<meta name=\"twitter:data1\" content=\"criserb\" \/>\n\t<meta name=\"twitter:label2\" content=\"Est. reading time\" \/>\n\t<meta name=\"twitter:data2\" content=\"1 minute\" \/>\n<script type=\"application\/ld+json\" class=\"yoast-schema-graph\">{\"@context\":\"https:\/\/schema.org\",\"@graph\":[{\"@type\":\"Article\",\"@id\":\"https:\/\/www.criserb.com\/blog\/niste-romi-au-fost-evacuati-din-case-in-centrul-bucurestiului\/#article\",\"isPartOf\":{\"@id\":\"https:\/\/www.criserb.com\/blog\/niste-romi-au-fost-evacuati-din-case-in-centrul-bucurestiului\/\"},\"author\":{\"name\":\"criserb\",\"@id\":\"https:\/\/www.criserb.com\/blog\/#\/schema\/person\/8df5199bda4e628c32a10f318d8602b5\"},\"headline\":\"Ni\u0219te romi au fost evacua\u021bi din case \u00een centrul Bucure\u0219tiului\",\"datePublished\":\"2014-09-30T20:31:12+00:00\",\"mainEntityOfPage\":{\"@id\":\"https:\/\/www.criserb.com\/blog\/niste-romi-au-fost-evacuati-din-case-in-centrul-bucurestiului\/\"},\"wordCount\":197,\"commentCount\":5,\"publisher\":{\"@id\":\"https:\/\/www.criserb.com\/blog\/#\/schema\/person\/8df5199bda4e628c32a10f318d8602b5\"},\"image\":{\"@id\":\"https:\/\/www.criserb.com\/blog\/niste-romi-au-fost-evacuati-din-case-in-centrul-bucurestiului\/#primaryimage\"},\"thumbnailUrl\":\"https:\/\/www.criserb.com\/blog\/poze\/2014\/09\/romi_evacuati_din_case_03.jpg\",\"keywords\":[\"bucuresti\",\"Romi\",\"Strada Vulturilor\"],\"articleSection\":[\"Romanisme\"],\"inLanguage\":\"en-US\",\"potentialAction\":[{\"@type\":\"CommentAction\",\"name\":\"Comment\",\"target\":[\"https:\/\/www.criserb.com\/blog\/niste-romi-au-fost-evacuati-din-case-in-centrul-bucurestiului\/#respond\"]}]},{\"@type\":\"WebPage\",\"@id\":\"https:\/\/www.criserb.com\/blog\/niste-romi-au-fost-evacuati-din-case-in-centrul-bucurestiului\/\",\"url\":\"https:\/\/www.criserb.com\/blog\/niste-romi-au-fost-evacuati-din-case-in-centrul-bucurestiului\/\",\"name\":\"Ni\u0219te romi au fost evacua\u021bi din case \u00een centrul Bucure\u0219tiului\",\"isPartOf\":{\"@id\":\"https:\/\/www.criserb.com\/blog\/#website\"},\"primaryImageOfPage\":{\"@id\":\"https:\/\/www.criserb.com\/blog\/niste-romi-au-fost-evacuati-din-case-in-centrul-bucurestiului\/#primaryimage\"},\"image\":{\"@id\":\"https:\/\/www.criserb.com\/blog\/niste-romi-au-fost-evacuati-din-case-in-centrul-bucurestiului\/#primaryimage\"},\"thumbnailUrl\":\"https:\/\/www.criserb.com\/blog\/poze\/2014\/09\/romi_evacuati_din_case_03.jpg\",\"datePublished\":\"2014-09-30T20:31:12+00:00\",\"breadcrumb\":{\"@id\":\"https:\/\/www.criserb.com\/blog\/niste-romi-au-fost-evacuati-din-case-in-centrul-bucurestiului\/#breadcrumb\"},\"inLanguage\":\"en-US\",\"potentialAction\":[{\"@type\":\"ReadAction\",\"target\":[\"https:\/\/www.criserb.com\/blog\/niste-romi-au-fost-evacuati-din-case-in-centrul-bucurestiului\/\"]}]},{\"@type\":\"ImageObject\",\"inLanguage\":\"en-US\",\"@id\":\"https:\/\/www.criserb.com\/blog\/niste-romi-au-fost-evacuati-din-case-in-centrul-bucurestiului\/#primaryimage\",\"url\":\"https:\/\/www.criserb.com\/blog\/poze\/2014\/09\/romi_evacuati_din_case_03.jpg\",\"contentUrl\":\"https:\/\/www.criserb.com\/blog\/poze\/2014\/09\/romi_evacuati_din_case_03.jpg\",\"width\":1200,\"height\":671},{\"@type\":\"BreadcrumbList\",\"@id\":\"https:\/\/www.criserb.com\/blog\/niste-romi-au-fost-evacuati-din-case-in-centrul-bucurestiului\/#breadcrumb\",\"itemListElement\":[{\"@type\":\"ListItem\",\"position\":1,\"name\":\"Home\",\"item\":\"https:\/\/www.criserb.com\/blog\/\"},{\"@type\":\"ListItem\",\"position\":2,\"name\":\"Ni\u0219te romi au fost evacua\u021bi din case \u00een centrul Bucure\u0219tiului\"}]},{\"@type\":\"WebSite\",\"@id\":\"https:\/\/www.criserb.com\/blog\/#website\",\"url\":\"https:\/\/www.criserb.com\/blog\/\",\"name\":\"criserb.com\",\"description\":\"Nimic ce merita citit :)\",\"publisher\":{\"@id\":\"https:\/\/www.criserb.com\/blog\/#\/schema\/person\/8df5199bda4e628c32a10f318d8602b5\"},\"potentialAction\":[{\"@type\":\"SearchAction\",\"target\":{\"@type\":\"EntryPoint\",\"urlTemplate\":\"https:\/\/www.criserb.com\/blog\/?s={search_term_string}\"},\"query-input\":{\"@type\":\"PropertyValueSpecification\",\"valueRequired\":true,\"valueName\":\"search_term_string\"}}],\"inLanguage\":\"en-US\"},{\"@type\":[\"Person\",\"Organization\"],\"@id\":\"https:\/\/www.criserb.com\/blog\/#\/schema\/person\/8df5199bda4e628c32a10f318d8602b5\",\"name\":\"criserb\",\"image\":{\"@type\":\"ImageObject\",\"inLanguage\":\"en-US\",\"@id\":\"https:\/\/www.criserb.com\/blog\/#\/schema\/person\/image\/\",\"url\":\"http:\/\/0.gravatar.com\/avatar\/fdb6cca710f39545f0c4b5b936c390b4?s=96&d=monsterid&r=pg\",\"contentUrl\":\"http:\/\/0.gravatar.com\/avatar\/fdb6cca710f39545f0c4b5b936c390b4?s=96&d=monsterid&r=pg\",\"caption\":\"criserb\"},\"logo\":{\"@id\":\"https:\/\/www.criserb.com\/blog\/#\/schema\/person\/image\/\"},\"sameAs\":[\"http:\/\/www.criserb.com\"],\"url\":\"https:\/\/www.criserb.com\/blog\/author\/criserb\/\"}]}<\/script>\n<!-- \/ Yoast SEO plugin. -->","yoast_head_json":{"title":"Ni\u0219te romi au fost evacua\u021bi din case \u00een centrul Bucure\u0219tiului","robots":{"index":"index","follow":"follow","max-snippet":"max-snippet:-1","max-image-preview":"max-image-preview:large","max-video-preview":"max-video-preview:-1"},"canonical":"https:\/\/www.criserb.com\/blog\/niste-romi-au-fost-evacuati-din-case-in-centrul-bucurestiului\/","twitter_misc":{"Written by":"criserb","Est. reading time":"1 minute"},"schema":{"@context":"https:\/\/schema.org","@graph":[{"@type":"Article","@id":"https:\/\/www.criserb.com\/blog\/niste-romi-au-fost-evacuati-din-case-in-centrul-bucurestiului\/#article","isPartOf":{"@id":"https:\/\/www.criserb.com\/blog\/niste-romi-au-fost-evacuati-din-case-in-centrul-bucurestiului\/"},"author":{"name":"criserb","@id":"https:\/\/www.criserb.com\/blog\/#\/schema\/person\/8df5199bda4e628c32a10f318d8602b5"},"headline":"Ni\u0219te romi au fost evacua\u021bi din case \u00een centrul Bucure\u0219tiului","datePublished":"2014-09-30T20:31:12+00:00","mainEntityOfPage":{"@id":"https:\/\/www.criserb.com\/blog\/niste-romi-au-fost-evacuati-din-case-in-centrul-bucurestiului\/"},"wordCount":197,"commentCount":5,"publisher":{"@id":"https:\/\/www.criserb.com\/blog\/#\/schema\/person\/8df5199bda4e628c32a10f318d8602b5"},"image":{"@id":"https:\/\/www.criserb.com\/blog\/niste-romi-au-fost-evacuati-din-case-in-centrul-bucurestiului\/#primaryimage"},"thumbnailUrl":"https:\/\/www.criserb.com\/blog\/poze\/2014\/09\/romi_evacuati_din_case_03.jpg","keywords":["bucuresti","Romi","Strada Vulturilor"],"articleSection":["Romanisme"],"inLanguage":"en-US","potentialAction":[{"@type":"CommentAction","name":"Comment","target":["https:\/\/www.criserb.com\/blog\/niste-romi-au-fost-evacuati-din-case-in-centrul-bucurestiului\/#respond"]}]},{"@type":"WebPage","@id":"https:\/\/www.criserb.com\/blog\/niste-romi-au-fost-evacuati-din-case-in-centrul-bucurestiului\/","url":"https:\/\/www.criserb.com\/blog\/niste-romi-au-fost-evacuati-din-case-in-centrul-bucurestiului\/","name":"Ni\u0219te romi au fost evacua\u021bi din case \u00een centrul Bucure\u0219tiului","isPartOf":{"@id":"https:\/\/www.criserb.com\/blog\/#website"},"primaryImageOfPage":{"@id":"https:\/\/www.criserb.com\/blog\/niste-romi-au-fost-evacuati-din-case-in-centrul-bucurestiului\/#primaryimage"},"image":{"@id":"https:\/\/www.criserb.com\/blog\/niste-romi-au-fost-evacuati-din-case-in-centrul-bucurestiului\/#primaryimage"},"thumbnailUrl":"https:\/\/www.criserb.com\/blog\/poze\/2014\/09\/romi_evacuati_din_case_03.jpg","datePublished":"2014-09-30T20:31:12+00:00","breadcrumb":{"@id":"https:\/\/www.criserb.com\/blog\/niste-romi-au-fost-evacuati-din-case-in-centrul-bucurestiului\/#breadcrumb"},"inLanguage":"en-US","potentialAction":[{"@type":"ReadAction","target":["https:\/\/www.criserb.com\/blog\/niste-romi-au-fost-evacuati-din-case-in-centrul-bucurestiului\/"]}]},{"@type":"ImageObject","inLanguage":"en-US","@id":"https:\/\/www.criserb.com\/blog\/niste-romi-au-fost-evacuati-din-case-in-centrul-bucurestiului\/#primaryimage","url":"https:\/\/www.criserb.com\/blog\/poze\/2014\/09\/romi_evacuati_din_case_03.jpg","contentUrl":"https:\/\/www.criserb.com\/blog\/poze\/2014\/09\/romi_evacuati_din_case_03.jpg","width":1200,"height":671},{"@type":"BreadcrumbList","@id":"https:\/\/www.criserb.com\/blog\/niste-romi-au-fost-evacuati-din-case-in-centrul-bucurestiului\/#breadcrumb","itemListElement":[{"@type":"ListItem","position":1,"name":"Home","item":"https:\/\/www.criserb.com\/blog\/"},{"@type":"ListItem","position":2,"name":"Ni\u0219te romi au fost evacua\u021bi din case \u00een centrul Bucure\u0219tiului"}]},{"@type":"WebSite","@id":"https:\/\/www.criserb.com\/blog\/#website","url":"https:\/\/www.criserb.com\/blog\/","name":"criserb.com","description":"Nimic ce merita citit :)","publisher":{"@id":"https:\/\/www.criserb.com\/blog\/#\/schema\/person\/8df5199bda4e628c32a10f318d8602b5"},"potentialAction":[{"@type":"SearchAction","target":{"@type":"EntryPoint","urlTemplate":"https:\/\/www.criserb.com\/blog\/?s={search_term_string}"},"query-input":{"@type":"PropertyValueSpecification","valueRequired":true,"valueName":"search_term_string"}}],"inLanguage":"en-US"},{"@type":["Person","Organization"],"@id":"https:\/\/www.criserb.com\/blog\/#\/schema\/person\/8df5199bda4e628c32a10f318d8602b5","name":"criserb","image":{"@type":"ImageObject","inLanguage":"en-US","@id":"https:\/\/www.criserb.com\/blog\/#\/schema\/person\/image\/","url":"http:\/\/0.gravatar.com\/avatar\/fdb6cca710f39545f0c4b5b936c390b4?s=96&d=monsterid&r=pg","contentUrl":"http:\/\/0.gravatar.com\/avatar\/fdb6cca710f39545f0c4b5b936c390b4?s=96&d=monsterid&r=pg","caption":"criserb"},"logo":{"@id":"https:\/\/www.criserb.com\/blog\/#\/schema\/person\/image\/"},"sameAs":["http:\/\/www.criserb.com"],"url":"https:\/\/www.criserb.com\/blog\/author\/criserb\/"}]}},"_links":{"self":[{"href":"https:\/\/www.criserb.com\/blog\/wp-json\/wp\/v2\/posts\/29777"}],"collection":[{"href":"https:\/\/www.criserb.com\/blog\/wp-json\/wp\/v2\/posts"}],"about":[{"href":"https:\/\/www.criserb.com\/blog\/wp-json\/wp\/v2\/types\/post"}],"author":[{"embeddable":true,"href":"https:\/\/www.criserb.com\/blog\/wp-json\/wp\/v2\/users\/3"}],"replies":[{"embeddable":true,"href":"https:\/\/www.criserb.com\/blog\/wp-json\/wp\/v2\/comments?post=29777"}],"version-history":[{"count":0,"href":"https:\/\/www.criserb.com\/blog\/wp-json\/wp\/v2\/posts\/29777\/revisions"}],"wp:featuredmedia":[{"embeddable":true,"href":"https:\/\/www.criserb.com\/blog\/wp-json\/wp\/v2\/media\/29780"}],"wp:attachment":[{"href":"https:\/\/www.criserb.com\/blog\/wp-json\/wp\/v2\/media?parent=29777"}],"wp:term":[{"taxonomy":"category","embeddable":true,"href":"https:\/\/www.criserb.com\/blog\/wp-json\/wp\/v2\/categories?post=29777"},{"taxonomy":"post_tag","embeddable":true,"href":"https:\/\/www.criserb.com\/blog\/wp-json\/wp\/v2\/tags?post=29777"}],"curies":[{"name":"wp","href":"https:\/\/api.w.org\/{rel}","templated":true}]}}