{"id":29796,"date":"2014-10-02T13:16:50","date_gmt":"2014-10-02T10:16:50","guid":{"rendered":"http:\/\/www.criserb.com\/blog\/?p=29796"},"modified":"2014-10-02T15:11:58","modified_gmt":"2014-10-02T12:11:58","slug":"cititorii-acestui-blog-pe-cine-ar-alege-presedinte","status":"publish","type":"post","link":"https:\/\/www.criserb.com\/blog\/cititorii-acestui-blog-pe-cine-ar-alege-presedinte\/","title":{"rendered":"Cititorii acestui blog pe cine ar alege pre\u0219edinte?"},"content":{"rendered":"<p>Pentru c\u0103 ast\u0103zi \u00eencepe campania electoral\u0103, m\u0103 g\u00e2ndeam s\u0103 fac un sondaj s\u0103 vedem pe cine ar alege cititorii acestui blog \u00een func\u021bia de pre\u0219edinte al \u021b\u0103rii. Sunt convins c\u0103 cititorii mei, fiind oameni cu cap, vor alege un alt pre\u0219edinte dec\u00e2t o s\u0103 aleag\u0103 poporul.<\/p>\n<p>Deci, s\u0103 vedem, \u00eei ave\u021bi mai jos pe candida\u021bi, exact \u00een ordinea \u00een care vor ap\u0103rea pe buletinul de vot.<\/p>\n<div id=\"polls-40\" class=\"wp-polls\">\n\t<form id=\"polls_form_40\" class=\"wp-polls-form\" action=\"\/blog\/index.php\" method=\"post\">\n\t\t<p style=\"display: none;\"><input type=\"hidden\" id=\"poll_40_nonce\" name=\"wp-polls-nonce\" value=\"30d1b3bc14\" \/><\/p>\n\t\t<p style=\"display: none;\"><input type=\"hidden\" name=\"poll_id\" value=\"40\" \/><\/p>\n\t\t<p style=\"text-align: center;\"><strong>Pe care candidat \u00eel votezi la preziden\u021bia Rom\u0103niei?<\/strong><\/p><div id=\"polls-40-ans\" class=\"wp-polls-ans\"><ul class=\"wp-polls-ul\">\n\t\t<li><input type=\"radio\" id=\"poll-answer-274\" name=\"poll_40\" value=\"274\" \/> <label for=\"poll-answer-274\">Kelemen Hunor<\/label><\/li>\n\t\t<li><input type=\"radio\" id=\"poll-answer-275\" name=\"poll_40\" value=\"275\" \/> <label for=\"poll-answer-275\">Klaus Iohannis<\/label><\/li>\n\t\t<li><input type=\"radio\" id=\"poll-answer-276\" name=\"poll_40\" value=\"276\" \/> <label for=\"poll-answer-276\">Dan Diaconescu<\/label><\/li>\n\t\t<li><input type=\"radio\" id=\"poll-answer-277\" name=\"poll_40\" value=\"277\" \/> <label for=\"poll-answer-277\">Victor Ponta<\/label><\/li>\n\t\t<li><input type=\"radio\" id=\"poll-answer-278\" name=\"poll_40\" value=\"278\" \/> <label for=\"poll-answer-278\">William Branza<\/label><\/li>\n\t\t<li><input type=\"radio\" id=\"poll-answer-279\" name=\"poll_40\" value=\"279\" \/> <label for=\"poll-answer-279\">Elena Udrea<\/label><\/li>\n\t\t<li><input type=\"radio\" id=\"poll-answer-280\" name=\"poll_40\" value=\"280\" \/> <label for=\"poll-answer-280\">Mirel Mircea Amaritei<\/label><\/li>\n\t\t<li><input type=\"radio\" id=\"poll-answer-281\" name=\"poll_40\" value=\"281\" \/> <label for=\"poll-answer-281\">Teodor Melescanu<\/label><\/li>\n\t\t<li><input type=\"radio\" id=\"poll-answer-282\" name=\"poll_40\" value=\"282\" \/> <label for=\"poll-answer-282\">Gheorghe Funar<\/label><\/li>\n\t\t<li><input type=\"radio\" id=\"poll-answer-283\" name=\"poll_40\" value=\"283\" \/> <label for=\"poll-answer-283\">Zsolt Szilagy<\/label><\/li>\n\t\t<li><input type=\"radio\" id=\"poll-answer-284\" name=\"poll_40\" value=\"284\" \/> <label for=\"poll-answer-284\">Monica Macovei<\/label><\/li>\n\t\t<li><input type=\"radio\" id=\"poll-answer-285\" name=\"poll_40\" value=\"285\" \/> <label for=\"poll-answer-285\">Constantin Rotaru<\/label><\/li>\n\t\t<li><input type=\"radio\" id=\"poll-answer-286\" name=\"poll_40\" value=\"286\" \/> <label for=\"poll-answer-286\">Calin Popescu Tariceanu<\/label><\/li>\n\t\t<li><input type=\"radio\" id=\"poll-answer-287\" name=\"poll_40\" value=\"287\" \/> <label for=\"poll-answer-287\">Corneliu Vadim Tudor<\/label><\/li>\n\t\t<li><input type=\"radio\" id=\"poll-answer-288\" name=\"poll_40\" value=\"288\" \/> <label for=\"poll-answer-288\">Nu m\u0103 prezint la vot<\/label><\/li>\n\t\t<\/ul><p style=\"text-align: center;\"><input type=\"button\" name=\"vote\" value=\"   Vote   \" class=\"Buttons\" onclick=\"poll_vote(40);\" onkeypress=\"poll_result(40);\" \/><\/p><p style=\"text-align: center;\"><a href=\"#ViewPollResults\" onclick=\"poll_result(40); return false;\" onkeypress=\"poll_result(40); return false;\" title=\"View Results Of This Poll\">View Results<\/a><\/p><\/div>\n\t<\/form>\n<\/div>\n<div id=\"polls-40-loading\" class=\"wp-polls-loading\"><img loading=\"lazy\" decoding=\"async\" src=\"http:\/\/www.criserb.com\/blog\/wp-content\/plugins\/wp-polls\/images\/loading.gif\" width=\"16\" height=\"16\" alt=\"Loading ...\" title=\"Loading ...\" class=\"wp-polls-image\" \/>&nbsp;Loading ...<\/div>\n\n<p><em>P.S. Dac\u0103 v\u0103 uita\u021bi pe lista candida\u021bilor o s\u0103 vede\u021bi o ironie, pe primul loc avem un ungur, pe ultimul loc un rom\u00e2n. Cei doi s-au iubit foarte mult de-a lungul timpului, doar c\u0103 acum ungurul este pe locul 1 :)<\/em><\/p>\n<p><em>P.P.S. Oare c\u00e2t a costat site-ul bec2014.ro de este a\u0219a de <a href=\"http:\/\/www.criserb.com\/blog\/poze\/2014\/10\/bec2014.jpg\" class=\"cboxElement\">plin de informa\u021bii pe prima pagin\u0103<\/a>? Vreo 100.000\u20ac tot a fost, nu?<\/em><\/p>\n","protected":false},"excerpt":{"rendered":"<p>Pentru c\u0103 ast\u0103zi \u00eencepe campania electoral\u0103, m\u0103 g\u00e2ndeam s\u0103 fac un sondaj s\u0103 vedem pe cine ar alege cititorii acestui blog \u00een func\u021bia de pre\u0219edinte al \u021b\u0103rii. Sunt convins c\u0103 cititorii mei, fiind oameni cu cap, vor alege un alt pre\u0219edinte dec\u00e2t o s\u0103 aleag\u0103 poporul. Deci, s\u0103 vedem, \u00eei ave\u021bi mai jos pe candida\u021bi,&hellip;<\/p>\n","protected":false},"author":3,"featured_media":29798,"comment_status":"open","ping_status":"open","sticky":false,"template":"","format":"standard","meta":{"footnotes":""},"categories":[78],"tags":[6537,6536,638],"yoast_head":"<!-- This site is optimized with the Yoast SEO plugin v24.5 - https:\/\/yoast.com\/wordpress\/plugins\/seo\/ -->\n<title>Cititorii acestui blog pe cine ar alege pre\u0219edinte?<\/title>\n<meta name=\"robots\" content=\"index, follow, max-snippet:-1, max-image-preview:large, max-video-preview:-1\" \/>\n<link rel=\"canonical\" href=\"https:\/\/www.criserb.com\/blog\/cititorii-acestui-blog-pe-cine-ar-alege-presedinte\/\" \/>\n<meta name=\"twitter:label1\" content=\"Written by\" \/>\n\t<meta name=\"twitter:data1\" content=\"criserb\" \/>\n\t<meta name=\"twitter:label2\" content=\"Est. reading time\" \/>\n\t<meta name=\"twitter:data2\" content=\"1 minute\" \/>\n<script type=\"application\/ld+json\" class=\"yoast-schema-graph\">{\"@context\":\"https:\/\/schema.org\",\"@graph\":[{\"@type\":\"Article\",\"@id\":\"https:\/\/www.criserb.com\/blog\/cititorii-acestui-blog-pe-cine-ar-alege-presedinte\/#article\",\"isPartOf\":{\"@id\":\"https:\/\/www.criserb.com\/blog\/cititorii-acestui-blog-pe-cine-ar-alege-presedinte\/\"},\"author\":{\"name\":\"criserb\",\"@id\":\"https:\/\/www.criserb.com\/blog\/#\/schema\/person\/8df5199bda4e628c32a10f318d8602b5\"},\"headline\":\"Cititorii acestui blog pe cine ar alege pre\u0219edinte?\",\"datePublished\":\"2014-10-02T10:16:50+00:00\",\"dateModified\":\"2014-10-02T12:11:58+00:00\",\"mainEntityOfPage\":{\"@id\":\"https:\/\/www.criserb.com\/blog\/cititorii-acestui-blog-pe-cine-ar-alege-presedinte\/\"},\"wordCount\":158,\"commentCount\":14,\"publisher\":{\"@id\":\"https:\/\/www.criserb.com\/blog\/#\/schema\/person\/8df5199bda4e628c32a10f318d8602b5\"},\"image\":{\"@id\":\"https:\/\/www.criserb.com\/blog\/cititorii-acestui-blog-pe-cine-ar-alege-presedinte\/#primaryimage\"},\"thumbnailUrl\":\"https:\/\/www.criserb.com\/blog\/poze\/2014\/10\/urna.jpg\",\"keywords\":[\"Alegeri 2014\",\"Alegeri preziden\u021biale\",\"Vot\"],\"articleSection\":[\"Sondaj\"],\"inLanguage\":\"en-US\",\"potentialAction\":[{\"@type\":\"CommentAction\",\"name\":\"Comment\",\"target\":[\"https:\/\/www.criserb.com\/blog\/cititorii-acestui-blog-pe-cine-ar-alege-presedinte\/#respond\"]}]},{\"@type\":\"WebPage\",\"@id\":\"https:\/\/www.criserb.com\/blog\/cititorii-acestui-blog-pe-cine-ar-alege-presedinte\/\",\"url\":\"https:\/\/www.criserb.com\/blog\/cititorii-acestui-blog-pe-cine-ar-alege-presedinte\/\",\"name\":\"Cititorii acestui blog pe cine ar alege pre\u0219edinte?\",\"isPartOf\":{\"@id\":\"https:\/\/www.criserb.com\/blog\/#website\"},\"primaryImageOfPage\":{\"@id\":\"https:\/\/www.criserb.com\/blog\/cititorii-acestui-blog-pe-cine-ar-alege-presedinte\/#primaryimage\"},\"image\":{\"@id\":\"https:\/\/www.criserb.com\/blog\/cititorii-acestui-blog-pe-cine-ar-alege-presedinte\/#primaryimage\"},\"thumbnailUrl\":\"https:\/\/www.criserb.com\/blog\/poze\/2014\/10\/urna.jpg\",\"datePublished\":\"2014-10-02T10:16:50+00:00\",\"dateModified\":\"2014-10-02T12:11:58+00:00\",\"breadcrumb\":{\"@id\":\"https:\/\/www.criserb.com\/blog\/cititorii-acestui-blog-pe-cine-ar-alege-presedinte\/#breadcrumb\"},\"inLanguage\":\"en-US\",\"potentialAction\":[{\"@type\":\"ReadAction\",\"target\":[\"https:\/\/www.criserb.com\/blog\/cititorii-acestui-blog-pe-cine-ar-alege-presedinte\/\"]}]},{\"@type\":\"ImageObject\",\"inLanguage\":\"en-US\",\"@id\":\"https:\/\/www.criserb.com\/blog\/cititorii-acestui-blog-pe-cine-ar-alege-presedinte\/#primaryimage\",\"url\":\"https:\/\/www.criserb.com\/blog\/poze\/2014\/10\/urna.jpg\",\"contentUrl\":\"https:\/\/www.criserb.com\/blog\/poze\/2014\/10\/urna.jpg\",\"width\":630,\"height\":394},{\"@type\":\"BreadcrumbList\",\"@id\":\"https:\/\/www.criserb.com\/blog\/cititorii-acestui-blog-pe-cine-ar-alege-presedinte\/#breadcrumb\",\"itemListElement\":[{\"@type\":\"ListItem\",\"position\":1,\"name\":\"Home\",\"item\":\"https:\/\/www.criserb.com\/blog\/\"},{\"@type\":\"ListItem\",\"position\":2,\"name\":\"Cititorii acestui blog pe cine ar alege pre\u0219edinte?\"}]},{\"@type\":\"WebSite\",\"@id\":\"https:\/\/www.criserb.com\/blog\/#website\",\"url\":\"https:\/\/www.criserb.com\/blog\/\",\"name\":\"criserb.com\",\"description\":\"Nimic ce merita citit :)\",\"publisher\":{\"@id\":\"https:\/\/www.criserb.com\/blog\/#\/schema\/person\/8df5199bda4e628c32a10f318d8602b5\"},\"potentialAction\":[{\"@type\":\"SearchAction\",\"target\":{\"@type\":\"EntryPoint\",\"urlTemplate\":\"https:\/\/www.criserb.com\/blog\/?s={search_term_string}\"},\"query-input\":{\"@type\":\"PropertyValueSpecification\",\"valueRequired\":true,\"valueName\":\"search_term_string\"}}],\"inLanguage\":\"en-US\"},{\"@type\":[\"Person\",\"Organization\"],\"@id\":\"https:\/\/www.criserb.com\/blog\/#\/schema\/person\/8df5199bda4e628c32a10f318d8602b5\",\"name\":\"criserb\",\"image\":{\"@type\":\"ImageObject\",\"inLanguage\":\"en-US\",\"@id\":\"https:\/\/www.criserb.com\/blog\/#\/schema\/person\/image\/\",\"url\":\"http:\/\/0.gravatar.com\/avatar\/fdb6cca710f39545f0c4b5b936c390b4?s=96&d=monsterid&r=pg\",\"contentUrl\":\"http:\/\/0.gravatar.com\/avatar\/fdb6cca710f39545f0c4b5b936c390b4?s=96&d=monsterid&r=pg\",\"caption\":\"criserb\"},\"logo\":{\"@id\":\"https:\/\/www.criserb.com\/blog\/#\/schema\/person\/image\/\"},\"sameAs\":[\"http:\/\/www.criserb.com\"],\"url\":\"https:\/\/www.criserb.com\/blog\/author\/criserb\/\"}]}<\/script>\n<!-- \/ Yoast SEO plugin. -->","yoast_head_json":{"title":"Cititorii acestui blog pe cine ar alege pre\u0219edinte?","robots":{"index":"index","follow":"follow","max-snippet":"max-snippet:-1","max-image-preview":"max-image-preview:large","max-video-preview":"max-video-preview:-1"},"canonical":"https:\/\/www.criserb.com\/blog\/cititorii-acestui-blog-pe-cine-ar-alege-presedinte\/","twitter_misc":{"Written by":"criserb","Est. reading time":"1 minute"},"schema":{"@context":"https:\/\/schema.org","@graph":[{"@type":"Article","@id":"https:\/\/www.criserb.com\/blog\/cititorii-acestui-blog-pe-cine-ar-alege-presedinte\/#article","isPartOf":{"@id":"https:\/\/www.criserb.com\/blog\/cititorii-acestui-blog-pe-cine-ar-alege-presedinte\/"},"author":{"name":"criserb","@id":"https:\/\/www.criserb.com\/blog\/#\/schema\/person\/8df5199bda4e628c32a10f318d8602b5"},"headline":"Cititorii acestui blog pe cine ar alege pre\u0219edinte?","datePublished":"2014-10-02T10:16:50+00:00","dateModified":"2014-10-02T12:11:58+00:00","mainEntityOfPage":{"@id":"https:\/\/www.criserb.com\/blog\/cititorii-acestui-blog-pe-cine-ar-alege-presedinte\/"},"wordCount":158,"commentCount":14,"publisher":{"@id":"https:\/\/www.criserb.com\/blog\/#\/schema\/person\/8df5199bda4e628c32a10f318d8602b5"},"image":{"@id":"https:\/\/www.criserb.com\/blog\/cititorii-acestui-blog-pe-cine-ar-alege-presedinte\/#primaryimage"},"thumbnailUrl":"https:\/\/www.criserb.com\/blog\/poze\/2014\/10\/urna.jpg","keywords":["Alegeri 2014","Alegeri preziden\u021biale","Vot"],"articleSection":["Sondaj"],"inLanguage":"en-US","potentialAction":[{"@type":"CommentAction","name":"Comment","target":["https:\/\/www.criserb.com\/blog\/cititorii-acestui-blog-pe-cine-ar-alege-presedinte\/#respond"]}]},{"@type":"WebPage","@id":"https:\/\/www.criserb.com\/blog\/cititorii-acestui-blog-pe-cine-ar-alege-presedinte\/","url":"https:\/\/www.criserb.com\/blog\/cititorii-acestui-blog-pe-cine-ar-alege-presedinte\/","name":"Cititorii acestui blog pe cine ar alege pre\u0219edinte?","isPartOf":{"@id":"https:\/\/www.criserb.com\/blog\/#website"},"primaryImageOfPage":{"@id":"https:\/\/www.criserb.com\/blog\/cititorii-acestui-blog-pe-cine-ar-alege-presedinte\/#primaryimage"},"image":{"@id":"https:\/\/www.criserb.com\/blog\/cititorii-acestui-blog-pe-cine-ar-alege-presedinte\/#primaryimage"},"thumbnailUrl":"https:\/\/www.criserb.com\/blog\/poze\/2014\/10\/urna.jpg","datePublished":"2014-10-02T10:16:50+00:00","dateModified":"2014-10-02T12:11:58+00:00","breadcrumb":{"@id":"https:\/\/www.criserb.com\/blog\/cititorii-acestui-blog-pe-cine-ar-alege-presedinte\/#breadcrumb"},"inLanguage":"en-US","potentialAction":[{"@type":"ReadAction","target":["https:\/\/www.criserb.com\/blog\/cititorii-acestui-blog-pe-cine-ar-alege-presedinte\/"]}]},{"@type":"ImageObject","inLanguage":"en-US","@id":"https:\/\/www.criserb.com\/blog\/cititorii-acestui-blog-pe-cine-ar-alege-presedinte\/#primaryimage","url":"https:\/\/www.criserb.com\/blog\/poze\/2014\/10\/urna.jpg","contentUrl":"https:\/\/www.criserb.com\/blog\/poze\/2014\/10\/urna.jpg","width":630,"height":394},{"@type":"BreadcrumbList","@id":"https:\/\/www.criserb.com\/blog\/cititorii-acestui-blog-pe-cine-ar-alege-presedinte\/#breadcrumb","itemListElement":[{"@type":"ListItem","position":1,"name":"Home","item":"https:\/\/www.criserb.com\/blog\/"},{"@type":"ListItem","position":2,"name":"Cititorii acestui blog pe cine ar alege pre\u0219edinte?"}]},{"@type":"WebSite","@id":"https:\/\/www.criserb.com\/blog\/#website","url":"https:\/\/www.criserb.com\/blog\/","name":"criserb.com","description":"Nimic ce merita citit :)","publisher":{"@id":"https:\/\/www.criserb.com\/blog\/#\/schema\/person\/8df5199bda4e628c32a10f318d8602b5"},"potentialAction":[{"@type":"SearchAction","target":{"@type":"EntryPoint","urlTemplate":"https:\/\/www.criserb.com\/blog\/?s={search_term_string}"},"query-input":{"@type":"PropertyValueSpecification","valueRequired":true,"valueName":"search_term_string"}}],"inLanguage":"en-US"},{"@type":["Person","Organization"],"@id":"https:\/\/www.criserb.com\/blog\/#\/schema\/person\/8df5199bda4e628c32a10f318d8602b5","name":"criserb","image":{"@type":"ImageObject","inLanguage":"en-US","@id":"https:\/\/www.criserb.com\/blog\/#\/schema\/person\/image\/","url":"http:\/\/0.gravatar.com\/avatar\/fdb6cca710f39545f0c4b5b936c390b4?s=96&d=monsterid&r=pg","contentUrl":"http:\/\/0.gravatar.com\/avatar\/fdb6cca710f39545f0c4b5b936c390b4?s=96&d=monsterid&r=pg","caption":"criserb"},"logo":{"@id":"https:\/\/www.criserb.com\/blog\/#\/schema\/person\/image\/"},"sameAs":["http:\/\/www.criserb.com"],"url":"https:\/\/www.criserb.com\/blog\/author\/criserb\/"}]}},"_links":{"self":[{"href":"https:\/\/www.criserb.com\/blog\/wp-json\/wp\/v2\/posts\/29796"}],"collection":[{"href":"https:\/\/www.criserb.com\/blog\/wp-json\/wp\/v2\/posts"}],"about":[{"href":"https:\/\/www.criserb.com\/blog\/wp-json\/wp\/v2\/types\/post"}],"author":[{"embeddable":true,"href":"https:\/\/www.criserb.com\/blog\/wp-json\/wp\/v2\/users\/3"}],"replies":[{"embeddable":true,"href":"https:\/\/www.criserb.com\/blog\/wp-json\/wp\/v2\/comments?post=29796"}],"version-history":[{"count":0,"href":"https:\/\/www.criserb.com\/blog\/wp-json\/wp\/v2\/posts\/29796\/revisions"}],"wp:featuredmedia":[{"embeddable":true,"href":"https:\/\/www.criserb.com\/blog\/wp-json\/wp\/v2\/media\/29798"}],"wp:attachment":[{"href":"https:\/\/www.criserb.com\/blog\/wp-json\/wp\/v2\/media?parent=29796"}],"wp:term":[{"taxonomy":"category","embeddable":true,"href":"https:\/\/www.criserb.com\/blog\/wp-json\/wp\/v2\/categories?post=29796"},{"taxonomy":"post_tag","embeddable":true,"href":"https:\/\/www.criserb.com\/blog\/wp-json\/wp\/v2\/tags?post=29796"}],"curies":[{"name":"wp","href":"https:\/\/api.w.org\/{rel}","templated":true}]}}