{"id":29867,"date":"2014-10-10T15:36:11","date_gmt":"2014-10-10T12:36:11","guid":{"rendered":"http:\/\/www.criserb.com\/blog\/?p=29867"},"modified":"2014-10-10T15:36:11","modified_gmt":"2014-10-10T12:36:11","slug":"n-ai-8-clase-sa-nu-ai-nici-permis-de-conducere-propunere-de-lege","status":"publish","type":"post","link":"https:\/\/www.criserb.com\/blog\/n-ai-8-clase-sa-nu-ai-nici-permis-de-conducere-propunere-de-lege\/","title":{"rendered":"N-ai 8 clase s\u0103 nu ai nici permis de conducere &#8211; propunere de lege"},"content":{"rendered":"<blockquote><p>Cine nu are minimum opt clase ar putea s\u0103 nu mai poat\u0103 da examenul pentru a-\u015fi ob\u0163ine permisul de conducere. De asemenea, \u015foferii condamna\u0163i de instan\u0163\u0103 pentru accidente cu victime ar urma s\u0103 aib\u0103 interzis la a conduce pe drumurile publice. Cel pu\u0163in asta propune un deputat PSD, care a depus o ini\u0163iativ\u0103 \u00een acest sens la Parlament.<\/p>\n<p style=\"text-align: right;\"><a href=\"http:\/\/www.gandul.info\/politica\/un-deputat-vrea-sa-modifice-radical-codul-rutier-cine-ar-putea-ramane-fara-permis-de-conducere-13375462\" target=\"_blank\">sursa<\/a><\/p>\n<\/blockquote>\n<p>Sunt 100% de acord cu asta!<\/p>\n","protected":false},"excerpt":{"rendered":"<p>Cine nu are minimum opt clase ar putea s\u0103 nu mai poat\u0103 da examenul pentru a-\u015fi ob\u0163ine permisul de conducere. De asemenea, \u015foferii condamna\u0163i de instan\u0163\u0103 pentru accidente cu victime ar urma s\u0103 aib\u0103 interzis la a conduce pe drumurile publice. Cel pu\u0163in asta propune un deputat PSD, care a depus o ini\u0163iativ\u0103 \u00een acest&hellip;<\/p>\n","protected":false},"author":3,"featured_media":29868,"comment_status":"open","ping_status":"open","sticky":false,"template":"","format":"standard","meta":{"footnotes":""},"categories":[74],"tags":[6571,6570,6572],"yoast_head":"<!-- This site is optimized with the Yoast SEO plugin v24.5 - https:\/\/yoast.com\/wordpress\/plugins\/seo\/ -->\n<title>N-ai 8 clase s\u0103 nu ai nici permis de conducere - propunere de lege<\/title>\n<meta name=\"robots\" content=\"index, follow, max-snippet:-1, max-image-preview:large, max-video-preview:-1\" \/>\n<link rel=\"canonical\" href=\"https:\/\/www.criserb.com\/blog\/n-ai-8-clase-sa-nu-ai-nici-permis-de-conducere-propunere-de-lege\/\" \/>\n<meta name=\"twitter:label1\" content=\"Written by\" \/>\n\t<meta name=\"twitter:data1\" content=\"criserb\" \/>\n<script type=\"application\/ld+json\" class=\"yoast-schema-graph\">{\"@context\":\"https:\/\/schema.org\",\"@graph\":[{\"@type\":\"Article\",\"@id\":\"https:\/\/www.criserb.com\/blog\/n-ai-8-clase-sa-nu-ai-nici-permis-de-conducere-propunere-de-lege\/#article\",\"isPartOf\":{\"@id\":\"https:\/\/www.criserb.com\/blog\/n-ai-8-clase-sa-nu-ai-nici-permis-de-conducere-propunere-de-lege\/\"},\"author\":{\"name\":\"criserb\",\"@id\":\"https:\/\/www.criserb.com\/blog\/#\/schema\/person\/8df5199bda4e628c32a10f318d8602b5\"},\"headline\":\"N-ai 8 clase s\u0103 nu ai nici permis de conducere &#8211; propunere de lege\",\"datePublished\":\"2014-10-10T12:36:11+00:00\",\"mainEntityOfPage\":{\"@id\":\"https:\/\/www.criserb.com\/blog\/n-ai-8-clase-sa-nu-ai-nici-permis-de-conducere-propunere-de-lege\/\"},\"wordCount\":82,\"commentCount\":6,\"publisher\":{\"@id\":\"https:\/\/www.criserb.com\/blog\/#\/schema\/person\/8df5199bda4e628c32a10f318d8602b5\"},\"image\":{\"@id\":\"https:\/\/www.criserb.com\/blog\/n-ai-8-clase-sa-nu-ai-nici-permis-de-conducere-propunere-de-lege\/#primaryimage\"},\"thumbnailUrl\":\"https:\/\/www.criserb.com\/blog\/poze\/2014\/10\/1502091-mediafax-foto-silviu-matei.jpg\",\"keywords\":[\"Opt clase\",\"Permis de conducere\",\"Propunere de lege\"],\"articleSection\":[\"Lege\"],\"inLanguage\":\"en-US\",\"potentialAction\":[{\"@type\":\"CommentAction\",\"name\":\"Comment\",\"target\":[\"https:\/\/www.criserb.com\/blog\/n-ai-8-clase-sa-nu-ai-nici-permis-de-conducere-propunere-de-lege\/#respond\"]}]},{\"@type\":\"WebPage\",\"@id\":\"https:\/\/www.criserb.com\/blog\/n-ai-8-clase-sa-nu-ai-nici-permis-de-conducere-propunere-de-lege\/\",\"url\":\"https:\/\/www.criserb.com\/blog\/n-ai-8-clase-sa-nu-ai-nici-permis-de-conducere-propunere-de-lege\/\",\"name\":\"N-ai 8 clase s\u0103 nu ai nici permis de conducere - propunere de lege\",\"isPartOf\":{\"@id\":\"https:\/\/www.criserb.com\/blog\/#website\"},\"primaryImageOfPage\":{\"@id\":\"https:\/\/www.criserb.com\/blog\/n-ai-8-clase-sa-nu-ai-nici-permis-de-conducere-propunere-de-lege\/#primaryimage\"},\"image\":{\"@id\":\"https:\/\/www.criserb.com\/blog\/n-ai-8-clase-sa-nu-ai-nici-permis-de-conducere-propunere-de-lege\/#primaryimage\"},\"thumbnailUrl\":\"https:\/\/www.criserb.com\/blog\/poze\/2014\/10\/1502091-mediafax-foto-silviu-matei.jpg\",\"datePublished\":\"2014-10-10T12:36:11+00:00\",\"breadcrumb\":{\"@id\":\"https:\/\/www.criserb.com\/blog\/n-ai-8-clase-sa-nu-ai-nici-permis-de-conducere-propunere-de-lege\/#breadcrumb\"},\"inLanguage\":\"en-US\",\"potentialAction\":[{\"@type\":\"ReadAction\",\"target\":[\"https:\/\/www.criserb.com\/blog\/n-ai-8-clase-sa-nu-ai-nici-permis-de-conducere-propunere-de-lege\/\"]}]},{\"@type\":\"ImageObject\",\"inLanguage\":\"en-US\",\"@id\":\"https:\/\/www.criserb.com\/blog\/n-ai-8-clase-sa-nu-ai-nici-permis-de-conducere-propunere-de-lege\/#primaryimage\",\"url\":\"https:\/\/www.criserb.com\/blog\/poze\/2014\/10\/1502091-mediafax-foto-silviu-matei.jpg\",\"contentUrl\":\"https:\/\/www.criserb.com\/blog\/poze\/2014\/10\/1502091-mediafax-foto-silviu-matei.jpg\",\"width\":630,\"height\":419},{\"@type\":\"BreadcrumbList\",\"@id\":\"https:\/\/www.criserb.com\/blog\/n-ai-8-clase-sa-nu-ai-nici-permis-de-conducere-propunere-de-lege\/#breadcrumb\",\"itemListElement\":[{\"@type\":\"ListItem\",\"position\":1,\"name\":\"Home\",\"item\":\"https:\/\/www.criserb.com\/blog\/\"},{\"@type\":\"ListItem\",\"position\":2,\"name\":\"N-ai 8 clase s\u0103 nu ai nici permis de conducere &#8211; propunere de lege\"}]},{\"@type\":\"WebSite\",\"@id\":\"https:\/\/www.criserb.com\/blog\/#website\",\"url\":\"https:\/\/www.criserb.com\/blog\/\",\"name\":\"criserb.com\",\"description\":\"Nimic ce merita citit :)\",\"publisher\":{\"@id\":\"https:\/\/www.criserb.com\/blog\/#\/schema\/person\/8df5199bda4e628c32a10f318d8602b5\"},\"potentialAction\":[{\"@type\":\"SearchAction\",\"target\":{\"@type\":\"EntryPoint\",\"urlTemplate\":\"https:\/\/www.criserb.com\/blog\/?s={search_term_string}\"},\"query-input\":{\"@type\":\"PropertyValueSpecification\",\"valueRequired\":true,\"valueName\":\"search_term_string\"}}],\"inLanguage\":\"en-US\"},{\"@type\":[\"Person\",\"Organization\"],\"@id\":\"https:\/\/www.criserb.com\/blog\/#\/schema\/person\/8df5199bda4e628c32a10f318d8602b5\",\"name\":\"criserb\",\"image\":{\"@type\":\"ImageObject\",\"inLanguage\":\"en-US\",\"@id\":\"https:\/\/www.criserb.com\/blog\/#\/schema\/person\/image\/\",\"url\":\"http:\/\/0.gravatar.com\/avatar\/fdb6cca710f39545f0c4b5b936c390b4?s=96&d=monsterid&r=pg\",\"contentUrl\":\"http:\/\/0.gravatar.com\/avatar\/fdb6cca710f39545f0c4b5b936c390b4?s=96&d=monsterid&r=pg\",\"caption\":\"criserb\"},\"logo\":{\"@id\":\"https:\/\/www.criserb.com\/blog\/#\/schema\/person\/image\/\"},\"sameAs\":[\"http:\/\/www.criserb.com\"],\"url\":\"https:\/\/www.criserb.com\/blog\/author\/criserb\/\"}]}<\/script>\n<!-- \/ Yoast SEO plugin. -->","yoast_head_json":{"title":"N-ai 8 clase s\u0103 nu ai nici permis de conducere - propunere de lege","robots":{"index":"index","follow":"follow","max-snippet":"max-snippet:-1","max-image-preview":"max-image-preview:large","max-video-preview":"max-video-preview:-1"},"canonical":"https:\/\/www.criserb.com\/blog\/n-ai-8-clase-sa-nu-ai-nici-permis-de-conducere-propunere-de-lege\/","twitter_misc":{"Written by":"criserb"},"schema":{"@context":"https:\/\/schema.org","@graph":[{"@type":"Article","@id":"https:\/\/www.criserb.com\/blog\/n-ai-8-clase-sa-nu-ai-nici-permis-de-conducere-propunere-de-lege\/#article","isPartOf":{"@id":"https:\/\/www.criserb.com\/blog\/n-ai-8-clase-sa-nu-ai-nici-permis-de-conducere-propunere-de-lege\/"},"author":{"name":"criserb","@id":"https:\/\/www.criserb.com\/blog\/#\/schema\/person\/8df5199bda4e628c32a10f318d8602b5"},"headline":"N-ai 8 clase s\u0103 nu ai nici permis de conducere &#8211; propunere de lege","datePublished":"2014-10-10T12:36:11+00:00","mainEntityOfPage":{"@id":"https:\/\/www.criserb.com\/blog\/n-ai-8-clase-sa-nu-ai-nici-permis-de-conducere-propunere-de-lege\/"},"wordCount":82,"commentCount":6,"publisher":{"@id":"https:\/\/www.criserb.com\/blog\/#\/schema\/person\/8df5199bda4e628c32a10f318d8602b5"},"image":{"@id":"https:\/\/www.criserb.com\/blog\/n-ai-8-clase-sa-nu-ai-nici-permis-de-conducere-propunere-de-lege\/#primaryimage"},"thumbnailUrl":"https:\/\/www.criserb.com\/blog\/poze\/2014\/10\/1502091-mediafax-foto-silviu-matei.jpg","keywords":["Opt clase","Permis de conducere","Propunere de lege"],"articleSection":["Lege"],"inLanguage":"en-US","potentialAction":[{"@type":"CommentAction","name":"Comment","target":["https:\/\/www.criserb.com\/blog\/n-ai-8-clase-sa-nu-ai-nici-permis-de-conducere-propunere-de-lege\/#respond"]}]},{"@type":"WebPage","@id":"https:\/\/www.criserb.com\/blog\/n-ai-8-clase-sa-nu-ai-nici-permis-de-conducere-propunere-de-lege\/","url":"https:\/\/www.criserb.com\/blog\/n-ai-8-clase-sa-nu-ai-nici-permis-de-conducere-propunere-de-lege\/","name":"N-ai 8 clase s\u0103 nu ai nici permis de conducere - propunere de lege","isPartOf":{"@id":"https:\/\/www.criserb.com\/blog\/#website"},"primaryImageOfPage":{"@id":"https:\/\/www.criserb.com\/blog\/n-ai-8-clase-sa-nu-ai-nici-permis-de-conducere-propunere-de-lege\/#primaryimage"},"image":{"@id":"https:\/\/www.criserb.com\/blog\/n-ai-8-clase-sa-nu-ai-nici-permis-de-conducere-propunere-de-lege\/#primaryimage"},"thumbnailUrl":"https:\/\/www.criserb.com\/blog\/poze\/2014\/10\/1502091-mediafax-foto-silviu-matei.jpg","datePublished":"2014-10-10T12:36:11+00:00","breadcrumb":{"@id":"https:\/\/www.criserb.com\/blog\/n-ai-8-clase-sa-nu-ai-nici-permis-de-conducere-propunere-de-lege\/#breadcrumb"},"inLanguage":"en-US","potentialAction":[{"@type":"ReadAction","target":["https:\/\/www.criserb.com\/blog\/n-ai-8-clase-sa-nu-ai-nici-permis-de-conducere-propunere-de-lege\/"]}]},{"@type":"ImageObject","inLanguage":"en-US","@id":"https:\/\/www.criserb.com\/blog\/n-ai-8-clase-sa-nu-ai-nici-permis-de-conducere-propunere-de-lege\/#primaryimage","url":"https:\/\/www.criserb.com\/blog\/poze\/2014\/10\/1502091-mediafax-foto-silviu-matei.jpg","contentUrl":"https:\/\/www.criserb.com\/blog\/poze\/2014\/10\/1502091-mediafax-foto-silviu-matei.jpg","width":630,"height":419},{"@type":"BreadcrumbList","@id":"https:\/\/www.criserb.com\/blog\/n-ai-8-clase-sa-nu-ai-nici-permis-de-conducere-propunere-de-lege\/#breadcrumb","itemListElement":[{"@type":"ListItem","position":1,"name":"Home","item":"https:\/\/www.criserb.com\/blog\/"},{"@type":"ListItem","position":2,"name":"N-ai 8 clase s\u0103 nu ai nici permis de conducere &#8211; propunere de lege"}]},{"@type":"WebSite","@id":"https:\/\/www.criserb.com\/blog\/#website","url":"https:\/\/www.criserb.com\/blog\/","name":"criserb.com","description":"Nimic ce merita citit :)","publisher":{"@id":"https:\/\/www.criserb.com\/blog\/#\/schema\/person\/8df5199bda4e628c32a10f318d8602b5"},"potentialAction":[{"@type":"SearchAction","target":{"@type":"EntryPoint","urlTemplate":"https:\/\/www.criserb.com\/blog\/?s={search_term_string}"},"query-input":{"@type":"PropertyValueSpecification","valueRequired":true,"valueName":"search_term_string"}}],"inLanguage":"en-US"},{"@type":["Person","Organization"],"@id":"https:\/\/www.criserb.com\/blog\/#\/schema\/person\/8df5199bda4e628c32a10f318d8602b5","name":"criserb","image":{"@type":"ImageObject","inLanguage":"en-US","@id":"https:\/\/www.criserb.com\/blog\/#\/schema\/person\/image\/","url":"http:\/\/0.gravatar.com\/avatar\/fdb6cca710f39545f0c4b5b936c390b4?s=96&d=monsterid&r=pg","contentUrl":"http:\/\/0.gravatar.com\/avatar\/fdb6cca710f39545f0c4b5b936c390b4?s=96&d=monsterid&r=pg","caption":"criserb"},"logo":{"@id":"https:\/\/www.criserb.com\/blog\/#\/schema\/person\/image\/"},"sameAs":["http:\/\/www.criserb.com"],"url":"https:\/\/www.criserb.com\/blog\/author\/criserb\/"}]}},"_links":{"self":[{"href":"https:\/\/www.criserb.com\/blog\/wp-json\/wp\/v2\/posts\/29867"}],"collection":[{"href":"https:\/\/www.criserb.com\/blog\/wp-json\/wp\/v2\/posts"}],"about":[{"href":"https:\/\/www.criserb.com\/blog\/wp-json\/wp\/v2\/types\/post"}],"author":[{"embeddable":true,"href":"https:\/\/www.criserb.com\/blog\/wp-json\/wp\/v2\/users\/3"}],"replies":[{"embeddable":true,"href":"https:\/\/www.criserb.com\/blog\/wp-json\/wp\/v2\/comments?post=29867"}],"version-history":[{"count":0,"href":"https:\/\/www.criserb.com\/blog\/wp-json\/wp\/v2\/posts\/29867\/revisions"}],"wp:featuredmedia":[{"embeddable":true,"href":"https:\/\/www.criserb.com\/blog\/wp-json\/wp\/v2\/media\/29868"}],"wp:attachment":[{"href":"https:\/\/www.criserb.com\/blog\/wp-json\/wp\/v2\/media?parent=29867"}],"wp:term":[{"taxonomy":"category","embeddable":true,"href":"https:\/\/www.criserb.com\/blog\/wp-json\/wp\/v2\/categories?post=29867"},{"taxonomy":"post_tag","embeddable":true,"href":"https:\/\/www.criserb.com\/blog\/wp-json\/wp\/v2\/tags?post=29867"}],"curies":[{"name":"wp","href":"https:\/\/api.w.org\/{rel}","templated":true}]}}