{"id":29905,"date":"2014-10-22T21:29:00","date_gmt":"2014-10-22T18:29:00","guid":{"rendered":"http:\/\/www.criserb.com\/blog\/?p=29905"},"modified":"2014-10-22T21:29:00","modified_gmt":"2014-10-22T18:29:00","slug":"sindromul-filmatului-pe-verticala","status":"publish","type":"post","link":"https:\/\/www.criserb.com\/blog\/sindromul-filmatului-pe-verticala\/","title":{"rendered":"Sindromul filmatului pe vertical\u0103"},"content":{"rendered":"<p>Dragilor, eu am tot \u00eencercat s\u0103 v\u0103 spun s\u0103 nu mai filma\u021bi cu telefonul pe vertical\u0103 pentru c\u0103 nu este normal. V-am mai zis c\u0103 monitoarele sunt f\u0103cute orizontal, televizoarele la fel \u0219i voi tot nu m-a\u021bi crezut.<\/p>\n<p>Poate dac\u0103 o s\u0103 urm\u0103ri\u021bi filmule\u021bul de mai jos o s\u0103 \u00een\u021belege\u021bi mai mult, poate, de\u0219i m\u0103 cam \u00eendoiesc :(<\/p>\n<p>https:\/\/www.youtube.com\/watch?v=Bt9zSfinwFA<\/p>\n<p>\u0218i dac\u0103 totu\u0219i vre\u021bi voi s\u0103 \u021bine\u021bi telefonul pe vertical\u0103, folosi\u021bi aplica\u021bia <a href=\"http:\/\/www.horizon.camera\/\" target=\"_blank\">Horizon<\/a>, o s\u0103 v\u0103 fac\u0103 via\u021ba mai u\u0219oar\u0103. O s\u0103 ne fac\u0103 \u0219i nou\u0103 via\u021ba mai u\u0219oar\u0103 ;)<\/p>\n<p>Vede\u021bi mai jos despre ce este vorba \u0219i cu ce se m\u0103n\u00e2nc\u0103.<\/p>\n<div class=\"embed-responsive embed-responsive-16by9\"><iframe loading=\"lazy\" title=\"Inventing Horizon\" width=\"500\" height=\"281\" src=\"https:\/\/www.youtube.com\/embed\/3TQyxcYS748?feature=oembed\" frameborder=\"0\" allow=\"accelerometer; autoplay; clipboard-write; encrypted-media; gyroscope; picture-in-picture; web-share\" referrerpolicy=\"strict-origin-when-cross-origin\" allowfullscreen><\/iframe><\/div>\n<p>Thanks Cristi, Bogdan &amp;\u00a0Mircea, poate cu <a href=\"https:\/\/www.facebook.com\/criserb\/posts\/10152775156099886\" target=\"_blank\">video-urile astea<\/a> reu\u0219im s\u0103-i aducem pe calea cea bun\u0103 :)<\/p>\n","protected":false},"excerpt":{"rendered":"<p>Dragilor, eu am tot \u00eencercat s\u0103 v\u0103 spun s\u0103 nu mai filma\u021bi cu telefonul pe vertical\u0103 pentru c\u0103 nu este normal. V-am mai zis c\u0103 monitoarele sunt f\u0103cute orizontal, televizoarele la fel \u0219i voi tot nu m-a\u021bi crezut. Poate dac\u0103 o s\u0103 urm\u0103ri\u021bi filmule\u021bul de mai jos o s\u0103 \u00een\u021belege\u021bi mai mult, poate, de\u0219i m\u0103&hellip;<\/p>\n","protected":false},"author":3,"featured_media":29906,"comment_status":"open","ping_status":"open","sticky":false,"template":"","format":"standard","meta":{"footnotes":""},"categories":[44],"tags":[2974,6605,6606,7144,6604],"yoast_head":"<!-- This site is optimized with the Yoast SEO plugin v24.5 - https:\/\/yoast.com\/wordpress\/plugins\/seo\/ -->\n<title>Sindromul filmatului pe vertical\u0103<\/title>\n<meta name=\"robots\" content=\"index, follow, max-snippet:-1, max-image-preview:large, max-video-preview:-1\" \/>\n<link rel=\"canonical\" href=\"https:\/\/www.criserb.com\/blog\/sindromul-filmatului-pe-verticala\/\" \/>\n<meta name=\"twitter:label1\" content=\"Written by\" \/>\n\t<meta name=\"twitter:data1\" content=\"criserb\" \/>\n\t<meta name=\"twitter:label2\" content=\"Est. reading time\" \/>\n\t<meta name=\"twitter:data2\" content=\"1 minute\" \/>\n<script type=\"application\/ld+json\" class=\"yoast-schema-graph\">{\"@context\":\"https:\/\/schema.org\",\"@graph\":[{\"@type\":\"Article\",\"@id\":\"https:\/\/www.criserb.com\/blog\/sindromul-filmatului-pe-verticala\/#article\",\"isPartOf\":{\"@id\":\"https:\/\/www.criserb.com\/blog\/sindromul-filmatului-pe-verticala\/\"},\"author\":{\"name\":\"criserb\",\"@id\":\"https:\/\/www.criserb.com\/blog\/#\/schema\/person\/8df5199bda4e628c32a10f318d8602b5\"},\"headline\":\"Sindromul filmatului pe vertical\u0103\",\"datePublished\":\"2014-10-22T18:29:00+00:00\",\"mainEntityOfPage\":{\"@id\":\"https:\/\/www.criserb.com\/blog\/sindromul-filmatului-pe-verticala\/\"},\"wordCount\":156,\"commentCount\":3,\"publisher\":{\"@id\":\"https:\/\/www.criserb.com\/blog\/#\/schema\/person\/8df5199bda4e628c32a10f318d8602b5\"},\"image\":{\"@id\":\"https:\/\/www.criserb.com\/blog\/sindromul-filmatului-pe-verticala\/#primaryimage\"},\"thumbnailUrl\":\"https:\/\/www.criserb.com\/blog\/poze\/2014\/10\/vertical-video.jpg\",\"keywords\":[\"App\",\"Filmat pe vertical\u0103\",\"Horizon\",\"Sfaturi\",\"Video pe vertical\u0103\"],\"articleSection\":[\"utile\"],\"inLanguage\":\"en-US\",\"potentialAction\":[{\"@type\":\"CommentAction\",\"name\":\"Comment\",\"target\":[\"https:\/\/www.criserb.com\/blog\/sindromul-filmatului-pe-verticala\/#respond\"]}]},{\"@type\":\"WebPage\",\"@id\":\"https:\/\/www.criserb.com\/blog\/sindromul-filmatului-pe-verticala\/\",\"url\":\"https:\/\/www.criserb.com\/blog\/sindromul-filmatului-pe-verticala\/\",\"name\":\"Sindromul filmatului pe vertical\u0103\",\"isPartOf\":{\"@id\":\"https:\/\/www.criserb.com\/blog\/#website\"},\"primaryImageOfPage\":{\"@id\":\"https:\/\/www.criserb.com\/blog\/sindromul-filmatului-pe-verticala\/#primaryimage\"},\"image\":{\"@id\":\"https:\/\/www.criserb.com\/blog\/sindromul-filmatului-pe-verticala\/#primaryimage\"},\"thumbnailUrl\":\"https:\/\/www.criserb.com\/blog\/poze\/2014\/10\/vertical-video.jpg\",\"datePublished\":\"2014-10-22T18:29:00+00:00\",\"breadcrumb\":{\"@id\":\"https:\/\/www.criserb.com\/blog\/sindromul-filmatului-pe-verticala\/#breadcrumb\"},\"inLanguage\":\"en-US\",\"potentialAction\":[{\"@type\":\"ReadAction\",\"target\":[\"https:\/\/www.criserb.com\/blog\/sindromul-filmatului-pe-verticala\/\"]}]},{\"@type\":\"ImageObject\",\"inLanguage\":\"en-US\",\"@id\":\"https:\/\/www.criserb.com\/blog\/sindromul-filmatului-pe-verticala\/#primaryimage\",\"url\":\"https:\/\/www.criserb.com\/blog\/poze\/2014\/10\/vertical-video.jpg\",\"contentUrl\":\"https:\/\/www.criserb.com\/blog\/poze\/2014\/10\/vertical-video.jpg\",\"width\":630,\"height\":353},{\"@type\":\"BreadcrumbList\",\"@id\":\"https:\/\/www.criserb.com\/blog\/sindromul-filmatului-pe-verticala\/#breadcrumb\",\"itemListElement\":[{\"@type\":\"ListItem\",\"position\":1,\"name\":\"Home\",\"item\":\"https:\/\/www.criserb.com\/blog\/\"},{\"@type\":\"ListItem\",\"position\":2,\"name\":\"Sindromul filmatului pe vertical\u0103\"}]},{\"@type\":\"WebSite\",\"@id\":\"https:\/\/www.criserb.com\/blog\/#website\",\"url\":\"https:\/\/www.criserb.com\/blog\/\",\"name\":\"criserb.com\",\"description\":\"Nimic ce merita citit :)\",\"publisher\":{\"@id\":\"https:\/\/www.criserb.com\/blog\/#\/schema\/person\/8df5199bda4e628c32a10f318d8602b5\"},\"potentialAction\":[{\"@type\":\"SearchAction\",\"target\":{\"@type\":\"EntryPoint\",\"urlTemplate\":\"https:\/\/www.criserb.com\/blog\/?s={search_term_string}\"},\"query-input\":{\"@type\":\"PropertyValueSpecification\",\"valueRequired\":true,\"valueName\":\"search_term_string\"}}],\"inLanguage\":\"en-US\"},{\"@type\":[\"Person\",\"Organization\"],\"@id\":\"https:\/\/www.criserb.com\/blog\/#\/schema\/person\/8df5199bda4e628c32a10f318d8602b5\",\"name\":\"criserb\",\"image\":{\"@type\":\"ImageObject\",\"inLanguage\":\"en-US\",\"@id\":\"https:\/\/www.criserb.com\/blog\/#\/schema\/person\/image\/\",\"url\":\"http:\/\/0.gravatar.com\/avatar\/fdb6cca710f39545f0c4b5b936c390b4?s=96&d=monsterid&r=pg\",\"contentUrl\":\"http:\/\/0.gravatar.com\/avatar\/fdb6cca710f39545f0c4b5b936c390b4?s=96&d=monsterid&r=pg\",\"caption\":\"criserb\"},\"logo\":{\"@id\":\"https:\/\/www.criserb.com\/blog\/#\/schema\/person\/image\/\"},\"sameAs\":[\"http:\/\/www.criserb.com\"],\"url\":\"https:\/\/www.criserb.com\/blog\/author\/criserb\/\"}]}<\/script>\n<!-- \/ Yoast SEO plugin. -->","yoast_head_json":{"title":"Sindromul filmatului pe vertical\u0103","robots":{"index":"index","follow":"follow","max-snippet":"max-snippet:-1","max-image-preview":"max-image-preview:large","max-video-preview":"max-video-preview:-1"},"canonical":"https:\/\/www.criserb.com\/blog\/sindromul-filmatului-pe-verticala\/","twitter_misc":{"Written by":"criserb","Est. reading time":"1 minute"},"schema":{"@context":"https:\/\/schema.org","@graph":[{"@type":"Article","@id":"https:\/\/www.criserb.com\/blog\/sindromul-filmatului-pe-verticala\/#article","isPartOf":{"@id":"https:\/\/www.criserb.com\/blog\/sindromul-filmatului-pe-verticala\/"},"author":{"name":"criserb","@id":"https:\/\/www.criserb.com\/blog\/#\/schema\/person\/8df5199bda4e628c32a10f318d8602b5"},"headline":"Sindromul filmatului pe vertical\u0103","datePublished":"2014-10-22T18:29:00+00:00","mainEntityOfPage":{"@id":"https:\/\/www.criserb.com\/blog\/sindromul-filmatului-pe-verticala\/"},"wordCount":156,"commentCount":3,"publisher":{"@id":"https:\/\/www.criserb.com\/blog\/#\/schema\/person\/8df5199bda4e628c32a10f318d8602b5"},"image":{"@id":"https:\/\/www.criserb.com\/blog\/sindromul-filmatului-pe-verticala\/#primaryimage"},"thumbnailUrl":"https:\/\/www.criserb.com\/blog\/poze\/2014\/10\/vertical-video.jpg","keywords":["App","Filmat pe vertical\u0103","Horizon","Sfaturi","Video pe vertical\u0103"],"articleSection":["utile"],"inLanguage":"en-US","potentialAction":[{"@type":"CommentAction","name":"Comment","target":["https:\/\/www.criserb.com\/blog\/sindromul-filmatului-pe-verticala\/#respond"]}]},{"@type":"WebPage","@id":"https:\/\/www.criserb.com\/blog\/sindromul-filmatului-pe-verticala\/","url":"https:\/\/www.criserb.com\/blog\/sindromul-filmatului-pe-verticala\/","name":"Sindromul filmatului pe vertical\u0103","isPartOf":{"@id":"https:\/\/www.criserb.com\/blog\/#website"},"primaryImageOfPage":{"@id":"https:\/\/www.criserb.com\/blog\/sindromul-filmatului-pe-verticala\/#primaryimage"},"image":{"@id":"https:\/\/www.criserb.com\/blog\/sindromul-filmatului-pe-verticala\/#primaryimage"},"thumbnailUrl":"https:\/\/www.criserb.com\/blog\/poze\/2014\/10\/vertical-video.jpg","datePublished":"2014-10-22T18:29:00+00:00","breadcrumb":{"@id":"https:\/\/www.criserb.com\/blog\/sindromul-filmatului-pe-verticala\/#breadcrumb"},"inLanguage":"en-US","potentialAction":[{"@type":"ReadAction","target":["https:\/\/www.criserb.com\/blog\/sindromul-filmatului-pe-verticala\/"]}]},{"@type":"ImageObject","inLanguage":"en-US","@id":"https:\/\/www.criserb.com\/blog\/sindromul-filmatului-pe-verticala\/#primaryimage","url":"https:\/\/www.criserb.com\/blog\/poze\/2014\/10\/vertical-video.jpg","contentUrl":"https:\/\/www.criserb.com\/blog\/poze\/2014\/10\/vertical-video.jpg","width":630,"height":353},{"@type":"BreadcrumbList","@id":"https:\/\/www.criserb.com\/blog\/sindromul-filmatului-pe-verticala\/#breadcrumb","itemListElement":[{"@type":"ListItem","position":1,"name":"Home","item":"https:\/\/www.criserb.com\/blog\/"},{"@type":"ListItem","position":2,"name":"Sindromul filmatului pe vertical\u0103"}]},{"@type":"WebSite","@id":"https:\/\/www.criserb.com\/blog\/#website","url":"https:\/\/www.criserb.com\/blog\/","name":"criserb.com","description":"Nimic ce merita citit :)","publisher":{"@id":"https:\/\/www.criserb.com\/blog\/#\/schema\/person\/8df5199bda4e628c32a10f318d8602b5"},"potentialAction":[{"@type":"SearchAction","target":{"@type":"EntryPoint","urlTemplate":"https:\/\/www.criserb.com\/blog\/?s={search_term_string}"},"query-input":{"@type":"PropertyValueSpecification","valueRequired":true,"valueName":"search_term_string"}}],"inLanguage":"en-US"},{"@type":["Person","Organization"],"@id":"https:\/\/www.criserb.com\/blog\/#\/schema\/person\/8df5199bda4e628c32a10f318d8602b5","name":"criserb","image":{"@type":"ImageObject","inLanguage":"en-US","@id":"https:\/\/www.criserb.com\/blog\/#\/schema\/person\/image\/","url":"http:\/\/0.gravatar.com\/avatar\/fdb6cca710f39545f0c4b5b936c390b4?s=96&d=monsterid&r=pg","contentUrl":"http:\/\/0.gravatar.com\/avatar\/fdb6cca710f39545f0c4b5b936c390b4?s=96&d=monsterid&r=pg","caption":"criserb"},"logo":{"@id":"https:\/\/www.criserb.com\/blog\/#\/schema\/person\/image\/"},"sameAs":["http:\/\/www.criserb.com"],"url":"https:\/\/www.criserb.com\/blog\/author\/criserb\/"}]}},"_links":{"self":[{"href":"https:\/\/www.criserb.com\/blog\/wp-json\/wp\/v2\/posts\/29905"}],"collection":[{"href":"https:\/\/www.criserb.com\/blog\/wp-json\/wp\/v2\/posts"}],"about":[{"href":"https:\/\/www.criserb.com\/blog\/wp-json\/wp\/v2\/types\/post"}],"author":[{"embeddable":true,"href":"https:\/\/www.criserb.com\/blog\/wp-json\/wp\/v2\/users\/3"}],"replies":[{"embeddable":true,"href":"https:\/\/www.criserb.com\/blog\/wp-json\/wp\/v2\/comments?post=29905"}],"version-history":[{"count":0,"href":"https:\/\/www.criserb.com\/blog\/wp-json\/wp\/v2\/posts\/29905\/revisions"}],"wp:featuredmedia":[{"embeddable":true,"href":"https:\/\/www.criserb.com\/blog\/wp-json\/wp\/v2\/media\/29906"}],"wp:attachment":[{"href":"https:\/\/www.criserb.com\/blog\/wp-json\/wp\/v2\/media?parent=29905"}],"wp:term":[{"taxonomy":"category","embeddable":true,"href":"https:\/\/www.criserb.com\/blog\/wp-json\/wp\/v2\/categories?post=29905"},{"taxonomy":"post_tag","embeddable":true,"href":"https:\/\/www.criserb.com\/blog\/wp-json\/wp\/v2\/tags?post=29905"}],"curies":[{"name":"wp","href":"https:\/\/api.w.org\/{rel}","templated":true}]}}