{"id":30005,"date":"2014-11-12T00:45:54","date_gmt":"2014-11-11T22:45:54","guid":{"rendered":"http:\/\/www.criserb.com\/blog\/?p=30005"},"modified":"2014-11-12T01:03:23","modified_gmt":"2014-11-11T23:03:23","slug":"tot-ceea-ce-am-facut-ca-prim-ministru","status":"publish","type":"post","link":"https:\/\/www.criserb.com\/blog\/tot-ceea-ce-am-facut-ca-prim-ministru\/","title":{"rendered":"Tot ceea ce am f\u0103cut ca prim ministru&#8230;"},"content":{"rendered":"<p><img loading=\"lazy\" decoding=\"async\" class=\"aligncenter size-full wp-image-30006\" src=\"http:\/\/www.criserb.com\/blog\/poze\/2014\/11\/ponta_iohannis_h7ftxbo69g_63238400_08613300.jpg\" alt=\"ponta_iohannis_h7ftxbo69g_63238400_08613300\" width=\"728\" height=\"410\" srcset=\"https:\/\/www.criserb.com\/blog\/poze\/2014\/11\/ponta_iohannis_h7ftxbo69g_63238400_08613300.jpg 728w, https:\/\/www.criserb.com\/blog\/poze\/2014\/11\/ponta_iohannis_h7ftxbo69g_63238400_08613300-300x168.jpg 300w\" sizes=\"(max-width: 728px) 100vw, 728px\" \/><\/p>\n<blockquote><p>Tot ceea ce am f\u0103cut p\u00e2n\u0103 acum ca prim ministru voi face \u0219i ca pre\u0219edinte.<\/p>\n<p style=\"text-align: right;\">Victor Ponta<\/p>\n<\/blockquote>\n<blockquote><p>Iohannis &#8211; Fiecare cet\u0103\u021bean are dreptul la vot<br \/>\nPonta &#8211; E o lozinc\u0103.<\/p><\/blockquote>\n<p>Cam asta urmeaz\u0103, nu prea avem ce face&#8230;<\/p>\n<p>Solu\u021bii, s\u0103 plec\u0103m din \u021bar\u0103 sau poate ave\u021bi voi altele.<\/p>\n<p>Despre dezbatere, aveam mai multe a\u0219tept\u0103ri, a\u0219teptam ceva mai civilizat. Dar, n-ai cum, moderator de cacao, un Ponta pus pe atacuri \u0219i un Iohannis prea &#8220;neam\u021b&#8221; ca s\u0103 se bage \u00een rahaturile\u00a0astea.<\/p>\n<p>P\u0103cat.<\/p>\n","protected":false},"excerpt":{"rendered":"<p>Tot ceea ce am f\u0103cut p\u00e2n\u0103 acum ca prim ministru voi face \u0219i ca pre\u0219edinte. Victor Ponta Iohannis &#8211; Fiecare cet\u0103\u021bean are dreptul la vot Ponta &#8211; E o lozinc\u0103. Cam asta urmeaz\u0103, nu prea avem ce face&#8230; Solu\u021bii, s\u0103 plec\u0103m din \u021bar\u0103 sau poate ave\u021bi voi altele. Despre dezbatere, aveam mai multe a\u0219tept\u0103ri, a\u0219teptam&hellip;<\/p>\n","protected":false},"author":3,"featured_media":30006,"comment_status":"open","ping_status":"open","sticky":false,"template":"","format":"standard","meta":{"footnotes":""},"categories":[32],"tags":[6683,6405,2656],"yoast_head":"<!-- This site is optimized with the Yoast SEO plugin v24.5 - https:\/\/yoast.com\/wordpress\/plugins\/seo\/ -->\n<title>Tot ceea ce am f\u0103cut ca prim ministru...<\/title>\n<meta name=\"robots\" content=\"index, follow, max-snippet:-1, max-image-preview:large, max-video-preview:-1\" \/>\n<link rel=\"canonical\" href=\"https:\/\/www.criserb.com\/blog\/tot-ceea-ce-am-facut-ca-prim-ministru\/\" \/>\n<meta name=\"twitter:label1\" content=\"Written by\" \/>\n\t<meta name=\"twitter:data1\" content=\"criserb\" \/>\n<script type=\"application\/ld+json\" class=\"yoast-schema-graph\">{\"@context\":\"https:\/\/schema.org\",\"@graph\":[{\"@type\":\"Article\",\"@id\":\"https:\/\/www.criserb.com\/blog\/tot-ceea-ce-am-facut-ca-prim-ministru\/#article\",\"isPartOf\":{\"@id\":\"https:\/\/www.criserb.com\/blog\/tot-ceea-ce-am-facut-ca-prim-ministru\/\"},\"author\":{\"name\":\"criserb\",\"@id\":\"https:\/\/www.criserb.com\/blog\/#\/schema\/person\/8df5199bda4e628c32a10f318d8602b5\"},\"headline\":\"Tot ceea ce am f\u0103cut ca prim ministru&#8230;\",\"datePublished\":\"2014-11-11T22:45:54+00:00\",\"dateModified\":\"2014-11-11T23:03:23+00:00\",\"mainEntityOfPage\":{\"@id\":\"https:\/\/www.criserb.com\/blog\/tot-ceea-ce-am-facut-ca-prim-ministru\/\"},\"wordCount\":102,\"commentCount\":11,\"publisher\":{\"@id\":\"https:\/\/www.criserb.com\/blog\/#\/schema\/person\/8df5199bda4e628c32a10f318d8602b5\"},\"image\":{\"@id\":\"https:\/\/www.criserb.com\/blog\/tot-ceea-ce-am-facut-ca-prim-ministru\/#primaryimage\"},\"thumbnailUrl\":\"https:\/\/www.criserb.com\/blog\/poze\/2014\/11\/ponta_iohannis_h7ftxbo69g_63238400_08613300.jpg\",\"keywords\":[\"Dezbatere\",\"Iohannis\",\"Ponta\"],\"articleSection\":[\"Politica\"],\"inLanguage\":\"en-US\",\"potentialAction\":[{\"@type\":\"CommentAction\",\"name\":\"Comment\",\"target\":[\"https:\/\/www.criserb.com\/blog\/tot-ceea-ce-am-facut-ca-prim-ministru\/#respond\"]}]},{\"@type\":\"WebPage\",\"@id\":\"https:\/\/www.criserb.com\/blog\/tot-ceea-ce-am-facut-ca-prim-ministru\/\",\"url\":\"https:\/\/www.criserb.com\/blog\/tot-ceea-ce-am-facut-ca-prim-ministru\/\",\"name\":\"Tot ceea ce am f\u0103cut ca prim ministru...\",\"isPartOf\":{\"@id\":\"https:\/\/www.criserb.com\/blog\/#website\"},\"primaryImageOfPage\":{\"@id\":\"https:\/\/www.criserb.com\/blog\/tot-ceea-ce-am-facut-ca-prim-ministru\/#primaryimage\"},\"image\":{\"@id\":\"https:\/\/www.criserb.com\/blog\/tot-ceea-ce-am-facut-ca-prim-ministru\/#primaryimage\"},\"thumbnailUrl\":\"https:\/\/www.criserb.com\/blog\/poze\/2014\/11\/ponta_iohannis_h7ftxbo69g_63238400_08613300.jpg\",\"datePublished\":\"2014-11-11T22:45:54+00:00\",\"dateModified\":\"2014-11-11T23:03:23+00:00\",\"breadcrumb\":{\"@id\":\"https:\/\/www.criserb.com\/blog\/tot-ceea-ce-am-facut-ca-prim-ministru\/#breadcrumb\"},\"inLanguage\":\"en-US\",\"potentialAction\":[{\"@type\":\"ReadAction\",\"target\":[\"https:\/\/www.criserb.com\/blog\/tot-ceea-ce-am-facut-ca-prim-ministru\/\"]}]},{\"@type\":\"ImageObject\",\"inLanguage\":\"en-US\",\"@id\":\"https:\/\/www.criserb.com\/blog\/tot-ceea-ce-am-facut-ca-prim-ministru\/#primaryimage\",\"url\":\"https:\/\/www.criserb.com\/blog\/poze\/2014\/11\/ponta_iohannis_h7ftxbo69g_63238400_08613300.jpg\",\"contentUrl\":\"https:\/\/www.criserb.com\/blog\/poze\/2014\/11\/ponta_iohannis_h7ftxbo69g_63238400_08613300.jpg\",\"width\":728,\"height\":410},{\"@type\":\"BreadcrumbList\",\"@id\":\"https:\/\/www.criserb.com\/blog\/tot-ceea-ce-am-facut-ca-prim-ministru\/#breadcrumb\",\"itemListElement\":[{\"@type\":\"ListItem\",\"position\":1,\"name\":\"Home\",\"item\":\"https:\/\/www.criserb.com\/blog\/\"},{\"@type\":\"ListItem\",\"position\":2,\"name\":\"Tot ceea ce am f\u0103cut ca prim ministru&#8230;\"}]},{\"@type\":\"WebSite\",\"@id\":\"https:\/\/www.criserb.com\/blog\/#website\",\"url\":\"https:\/\/www.criserb.com\/blog\/\",\"name\":\"criserb.com\",\"description\":\"Nimic ce merita citit :)\",\"publisher\":{\"@id\":\"https:\/\/www.criserb.com\/blog\/#\/schema\/person\/8df5199bda4e628c32a10f318d8602b5\"},\"potentialAction\":[{\"@type\":\"SearchAction\",\"target\":{\"@type\":\"EntryPoint\",\"urlTemplate\":\"https:\/\/www.criserb.com\/blog\/?s={search_term_string}\"},\"query-input\":{\"@type\":\"PropertyValueSpecification\",\"valueRequired\":true,\"valueName\":\"search_term_string\"}}],\"inLanguage\":\"en-US\"},{\"@type\":[\"Person\",\"Organization\"],\"@id\":\"https:\/\/www.criserb.com\/blog\/#\/schema\/person\/8df5199bda4e628c32a10f318d8602b5\",\"name\":\"criserb\",\"image\":{\"@type\":\"ImageObject\",\"inLanguage\":\"en-US\",\"@id\":\"https:\/\/www.criserb.com\/blog\/#\/schema\/person\/image\/\",\"url\":\"http:\/\/0.gravatar.com\/avatar\/fdb6cca710f39545f0c4b5b936c390b4?s=96&d=monsterid&r=pg\",\"contentUrl\":\"http:\/\/0.gravatar.com\/avatar\/fdb6cca710f39545f0c4b5b936c390b4?s=96&d=monsterid&r=pg\",\"caption\":\"criserb\"},\"logo\":{\"@id\":\"https:\/\/www.criserb.com\/blog\/#\/schema\/person\/image\/\"},\"sameAs\":[\"http:\/\/www.criserb.com\"],\"url\":\"https:\/\/www.criserb.com\/blog\/author\/criserb\/\"}]}<\/script>\n<!-- \/ Yoast SEO plugin. -->","yoast_head_json":{"title":"Tot ceea ce am f\u0103cut ca prim ministru...","robots":{"index":"index","follow":"follow","max-snippet":"max-snippet:-1","max-image-preview":"max-image-preview:large","max-video-preview":"max-video-preview:-1"},"canonical":"https:\/\/www.criserb.com\/blog\/tot-ceea-ce-am-facut-ca-prim-ministru\/","twitter_misc":{"Written by":"criserb"},"schema":{"@context":"https:\/\/schema.org","@graph":[{"@type":"Article","@id":"https:\/\/www.criserb.com\/blog\/tot-ceea-ce-am-facut-ca-prim-ministru\/#article","isPartOf":{"@id":"https:\/\/www.criserb.com\/blog\/tot-ceea-ce-am-facut-ca-prim-ministru\/"},"author":{"name":"criserb","@id":"https:\/\/www.criserb.com\/blog\/#\/schema\/person\/8df5199bda4e628c32a10f318d8602b5"},"headline":"Tot ceea ce am f\u0103cut ca prim ministru&#8230;","datePublished":"2014-11-11T22:45:54+00:00","dateModified":"2014-11-11T23:03:23+00:00","mainEntityOfPage":{"@id":"https:\/\/www.criserb.com\/blog\/tot-ceea-ce-am-facut-ca-prim-ministru\/"},"wordCount":102,"commentCount":11,"publisher":{"@id":"https:\/\/www.criserb.com\/blog\/#\/schema\/person\/8df5199bda4e628c32a10f318d8602b5"},"image":{"@id":"https:\/\/www.criserb.com\/blog\/tot-ceea-ce-am-facut-ca-prim-ministru\/#primaryimage"},"thumbnailUrl":"https:\/\/www.criserb.com\/blog\/poze\/2014\/11\/ponta_iohannis_h7ftxbo69g_63238400_08613300.jpg","keywords":["Dezbatere","Iohannis","Ponta"],"articleSection":["Politica"],"inLanguage":"en-US","potentialAction":[{"@type":"CommentAction","name":"Comment","target":["https:\/\/www.criserb.com\/blog\/tot-ceea-ce-am-facut-ca-prim-ministru\/#respond"]}]},{"@type":"WebPage","@id":"https:\/\/www.criserb.com\/blog\/tot-ceea-ce-am-facut-ca-prim-ministru\/","url":"https:\/\/www.criserb.com\/blog\/tot-ceea-ce-am-facut-ca-prim-ministru\/","name":"Tot ceea ce am f\u0103cut ca prim ministru...","isPartOf":{"@id":"https:\/\/www.criserb.com\/blog\/#website"},"primaryImageOfPage":{"@id":"https:\/\/www.criserb.com\/blog\/tot-ceea-ce-am-facut-ca-prim-ministru\/#primaryimage"},"image":{"@id":"https:\/\/www.criserb.com\/blog\/tot-ceea-ce-am-facut-ca-prim-ministru\/#primaryimage"},"thumbnailUrl":"https:\/\/www.criserb.com\/blog\/poze\/2014\/11\/ponta_iohannis_h7ftxbo69g_63238400_08613300.jpg","datePublished":"2014-11-11T22:45:54+00:00","dateModified":"2014-11-11T23:03:23+00:00","breadcrumb":{"@id":"https:\/\/www.criserb.com\/blog\/tot-ceea-ce-am-facut-ca-prim-ministru\/#breadcrumb"},"inLanguage":"en-US","potentialAction":[{"@type":"ReadAction","target":["https:\/\/www.criserb.com\/blog\/tot-ceea-ce-am-facut-ca-prim-ministru\/"]}]},{"@type":"ImageObject","inLanguage":"en-US","@id":"https:\/\/www.criserb.com\/blog\/tot-ceea-ce-am-facut-ca-prim-ministru\/#primaryimage","url":"https:\/\/www.criserb.com\/blog\/poze\/2014\/11\/ponta_iohannis_h7ftxbo69g_63238400_08613300.jpg","contentUrl":"https:\/\/www.criserb.com\/blog\/poze\/2014\/11\/ponta_iohannis_h7ftxbo69g_63238400_08613300.jpg","width":728,"height":410},{"@type":"BreadcrumbList","@id":"https:\/\/www.criserb.com\/blog\/tot-ceea-ce-am-facut-ca-prim-ministru\/#breadcrumb","itemListElement":[{"@type":"ListItem","position":1,"name":"Home","item":"https:\/\/www.criserb.com\/blog\/"},{"@type":"ListItem","position":2,"name":"Tot ceea ce am f\u0103cut ca prim ministru&#8230;"}]},{"@type":"WebSite","@id":"https:\/\/www.criserb.com\/blog\/#website","url":"https:\/\/www.criserb.com\/blog\/","name":"criserb.com","description":"Nimic ce merita citit :)","publisher":{"@id":"https:\/\/www.criserb.com\/blog\/#\/schema\/person\/8df5199bda4e628c32a10f318d8602b5"},"potentialAction":[{"@type":"SearchAction","target":{"@type":"EntryPoint","urlTemplate":"https:\/\/www.criserb.com\/blog\/?s={search_term_string}"},"query-input":{"@type":"PropertyValueSpecification","valueRequired":true,"valueName":"search_term_string"}}],"inLanguage":"en-US"},{"@type":["Person","Organization"],"@id":"https:\/\/www.criserb.com\/blog\/#\/schema\/person\/8df5199bda4e628c32a10f318d8602b5","name":"criserb","image":{"@type":"ImageObject","inLanguage":"en-US","@id":"https:\/\/www.criserb.com\/blog\/#\/schema\/person\/image\/","url":"http:\/\/0.gravatar.com\/avatar\/fdb6cca710f39545f0c4b5b936c390b4?s=96&d=monsterid&r=pg","contentUrl":"http:\/\/0.gravatar.com\/avatar\/fdb6cca710f39545f0c4b5b936c390b4?s=96&d=monsterid&r=pg","caption":"criserb"},"logo":{"@id":"https:\/\/www.criserb.com\/blog\/#\/schema\/person\/image\/"},"sameAs":["http:\/\/www.criserb.com"],"url":"https:\/\/www.criserb.com\/blog\/author\/criserb\/"}]}},"_links":{"self":[{"href":"https:\/\/www.criserb.com\/blog\/wp-json\/wp\/v2\/posts\/30005"}],"collection":[{"href":"https:\/\/www.criserb.com\/blog\/wp-json\/wp\/v2\/posts"}],"about":[{"href":"https:\/\/www.criserb.com\/blog\/wp-json\/wp\/v2\/types\/post"}],"author":[{"embeddable":true,"href":"https:\/\/www.criserb.com\/blog\/wp-json\/wp\/v2\/users\/3"}],"replies":[{"embeddable":true,"href":"https:\/\/www.criserb.com\/blog\/wp-json\/wp\/v2\/comments?post=30005"}],"version-history":[{"count":0,"href":"https:\/\/www.criserb.com\/blog\/wp-json\/wp\/v2\/posts\/30005\/revisions"}],"wp:featuredmedia":[{"embeddable":true,"href":"https:\/\/www.criserb.com\/blog\/wp-json\/wp\/v2\/media\/30006"}],"wp:attachment":[{"href":"https:\/\/www.criserb.com\/blog\/wp-json\/wp\/v2\/media?parent=30005"}],"wp:term":[{"taxonomy":"category","embeddable":true,"href":"https:\/\/www.criserb.com\/blog\/wp-json\/wp\/v2\/categories?post=30005"},{"taxonomy":"post_tag","embeddable":true,"href":"https:\/\/www.criserb.com\/blog\/wp-json\/wp\/v2\/tags?post=30005"}],"curies":[{"name":"wp","href":"https:\/\/api.w.org\/{rel}","templated":true}]}}