{"id":30016,"date":"2014-11-17T17:06:46","date_gmt":"2014-11-17T15:06:46","guid":{"rendered":"http:\/\/www.criserb.com\/blog\/?p=30016"},"modified":"2014-11-17T17:06:46","modified_gmt":"2014-11-17T15:06:46","slug":"klaus-iohannis-monica-luisa-macovei-si-victor-ponta-se-deplasau-cu-avionul","status":"publish","type":"post","link":"https:\/\/www.criserb.com\/blog\/klaus-iohannis-monica-luisa-macovei-si-victor-ponta-se-deplasau-cu-avionul\/","title":{"rendered":"Klaus Iohannis, Monica Luisa Macovei \u0219i Victor Ponta se deplasau cu avionul"},"content":{"rendered":"<p>Klaus Iohannis, Monica Luisa Macovei \u0219i Victor Ponta se deplasau cu avionul \u00een str\u0103in\u0103tate, pentru a sus\u021bine o conferin\u021b\u0103 de pres\u0103. \u00cen timpul zborului, li se defecteaz\u0103 motoarele \u0219i pierd o aripa. Trebuie s\u0103 se para\u0219uteze ca s\u0103 poat\u0103 sc\u0103pa. Aveau \u00eens\u0103 o mare problema: ei erau trei, \u00eens\u0103 aveau doar dou\u0103 para\u0219ute. Victor Ponta, lu\u00e2nd o para\u0219uta \u00een spate, sare \u0219i strig\u0103:<\/p>\n<p>&#8211; Eu sunt un geniu! Sunt DOTTORE! Eu trebuie s\u0103 tr\u0103iesc, c\u0103\u00a0s\u0103 fiu pre\u0219edintele Rom\u00e2niei!<\/p>\n<p>Iohannis se uita la Macovei&#8230; Macovei se uita la Iohannis. La un moment dat Iohannis \u00eei spune:<\/p>\n<p>&#8211; Poftim, ia para\u0219uta!<br \/>\n&#8211; Nu pot sa cred, un domn des\u0103v\u00e2r\u0219it, un gentleman. Mul\u021bumesc mult, dar nu pot accepta! E prea mult.<br \/>\n&#8211; Stai lini\u0219tit\u0103, c\u0103 nu-i nimic. Geniul a s\u0103rit cu sacul meu de dormit!<\/p>\n<p><img loading=\"lazy\" decoding=\"async\" class=\"aligncenter size-full wp-image-30017\" src=\"http:\/\/www.criserb.com\/blog\/poze\/2014\/11\/shutterstock_93296761.jpg\" alt=\"shutterstock_93296761\" width=\"1000\" height=\"912\" srcset=\"https:\/\/www.criserb.com\/blog\/poze\/2014\/11\/shutterstock_93296761.jpg 1000w, https:\/\/www.criserb.com\/blog\/poze\/2014\/11\/shutterstock_93296761-300x273.jpg 300w\" sizes=\"(max-width: 1000px) 100vw, 1000px\" \/><\/p>\n<p style=\"text-align: right;\"><a href=\"http:\/\/www.shutterstock.com\/pic-93296761\/stock-photo-portrait-of-a-young-man-with-his-finger-in-his-nose-against-a-wooden-wall.html?src=H942Ahh-xMJiR-j-NxrI-A-1-3\" target=\"_blank\">Foto idiot<\/a> de pe\u00a0shutterstock.com<br \/>\nBanc via <a href=\"https:\/\/www.facebook.com\/maximamspus\/posts\/813167848719715\" target=\"_blank\">maximamspus<\/a><\/p>\n","protected":false},"excerpt":{"rendered":"<p>Klaus Iohannis, Monica Luisa Macovei \u0219i Victor Ponta se deplasau cu avionul \u00een str\u0103in\u0103tate, pentru a sus\u021bine o conferin\u021b\u0103 de pres\u0103. \u00cen timpul zborului, li se defecteaz\u0103 motoarele \u0219i pierd o aripa. Trebuie s\u0103 se para\u0219uteze ca s\u0103 poat\u0103 sc\u0103pa. Aveau \u00eens\u0103 o mare problema: ei erau trei, \u00eens\u0103 aveau doar dou\u0103 para\u0219ute. Victor Ponta,&hellip;<\/p>\n","protected":false},"author":3,"featured_media":30017,"comment_status":"open","ping_status":"open","sticky":false,"template":"","format":"standard","meta":{"footnotes":""},"categories":[64],"tags":[6691,6405,2656],"yoast_head":"<!-- This site is optimized with the Yoast SEO plugin v24.5 - https:\/\/yoast.com\/wordpress\/plugins\/seo\/ -->\n<title>Klaus Iohannis, Monica Luisa Macovei \u0219i Victor Ponta se deplasau cu avionul<\/title>\n<meta name=\"robots\" content=\"index, follow, max-snippet:-1, max-image-preview:large, max-video-preview:-1\" \/>\n<link rel=\"canonical\" href=\"https:\/\/www.criserb.com\/blog\/klaus-iohannis-monica-luisa-macovei-si-victor-ponta-se-deplasau-cu-avionul\/\" \/>\n<meta name=\"twitter:label1\" content=\"Written by\" \/>\n\t<meta name=\"twitter:data1\" content=\"criserb\" \/>\n\t<meta name=\"twitter:label2\" content=\"Est. reading time\" \/>\n\t<meta name=\"twitter:data2\" content=\"1 minute\" \/>\n<script type=\"application\/ld+json\" class=\"yoast-schema-graph\">{\"@context\":\"https:\/\/schema.org\",\"@graph\":[{\"@type\":\"Article\",\"@id\":\"https:\/\/www.criserb.com\/blog\/klaus-iohannis-monica-luisa-macovei-si-victor-ponta-se-deplasau-cu-avionul\/#article\",\"isPartOf\":{\"@id\":\"https:\/\/www.criserb.com\/blog\/klaus-iohannis-monica-luisa-macovei-si-victor-ponta-se-deplasau-cu-avionul\/\"},\"author\":{\"name\":\"criserb\",\"@id\":\"https:\/\/www.criserb.com\/blog\/#\/schema\/person\/8df5199bda4e628c32a10f318d8602b5\"},\"headline\":\"Klaus Iohannis, Monica Luisa Macovei \u0219i Victor Ponta se deplasau cu avionul\",\"datePublished\":\"2014-11-17T15:06:46+00:00\",\"mainEntityOfPage\":{\"@id\":\"https:\/\/www.criserb.com\/blog\/klaus-iohannis-monica-luisa-macovei-si-victor-ponta-se-deplasau-cu-avionul\/\"},\"wordCount\":172,\"commentCount\":0,\"publisher\":{\"@id\":\"https:\/\/www.criserb.com\/blog\/#\/schema\/person\/8df5199bda4e628c32a10f318d8602b5\"},\"image\":{\"@id\":\"https:\/\/www.criserb.com\/blog\/klaus-iohannis-monica-luisa-macovei-si-victor-ponta-se-deplasau-cu-avionul\/#primaryimage\"},\"thumbnailUrl\":\"https:\/\/www.criserb.com\/blog\/poze\/2014\/11\/shutterstock_93296761.jpg\",\"keywords\":[\"Bancuri\",\"Iohannis\",\"Ponta\"],\"articleSection\":[\"Banc\"],\"inLanguage\":\"en-US\",\"potentialAction\":[{\"@type\":\"CommentAction\",\"name\":\"Comment\",\"target\":[\"https:\/\/www.criserb.com\/blog\/klaus-iohannis-monica-luisa-macovei-si-victor-ponta-se-deplasau-cu-avionul\/#respond\"]}]},{\"@type\":\"WebPage\",\"@id\":\"https:\/\/www.criserb.com\/blog\/klaus-iohannis-monica-luisa-macovei-si-victor-ponta-se-deplasau-cu-avionul\/\",\"url\":\"https:\/\/www.criserb.com\/blog\/klaus-iohannis-monica-luisa-macovei-si-victor-ponta-se-deplasau-cu-avionul\/\",\"name\":\"Klaus Iohannis, Monica Luisa Macovei \u0219i Victor Ponta se deplasau cu avionul\",\"isPartOf\":{\"@id\":\"https:\/\/www.criserb.com\/blog\/#website\"},\"primaryImageOfPage\":{\"@id\":\"https:\/\/www.criserb.com\/blog\/klaus-iohannis-monica-luisa-macovei-si-victor-ponta-se-deplasau-cu-avionul\/#primaryimage\"},\"image\":{\"@id\":\"https:\/\/www.criserb.com\/blog\/klaus-iohannis-monica-luisa-macovei-si-victor-ponta-se-deplasau-cu-avionul\/#primaryimage\"},\"thumbnailUrl\":\"https:\/\/www.criserb.com\/blog\/poze\/2014\/11\/shutterstock_93296761.jpg\",\"datePublished\":\"2014-11-17T15:06:46+00:00\",\"breadcrumb\":{\"@id\":\"https:\/\/www.criserb.com\/blog\/klaus-iohannis-monica-luisa-macovei-si-victor-ponta-se-deplasau-cu-avionul\/#breadcrumb\"},\"inLanguage\":\"en-US\",\"potentialAction\":[{\"@type\":\"ReadAction\",\"target\":[\"https:\/\/www.criserb.com\/blog\/klaus-iohannis-monica-luisa-macovei-si-victor-ponta-se-deplasau-cu-avionul\/\"]}]},{\"@type\":\"ImageObject\",\"inLanguage\":\"en-US\",\"@id\":\"https:\/\/www.criserb.com\/blog\/klaus-iohannis-monica-luisa-macovei-si-victor-ponta-se-deplasau-cu-avionul\/#primaryimage\",\"url\":\"https:\/\/www.criserb.com\/blog\/poze\/2014\/11\/shutterstock_93296761.jpg\",\"contentUrl\":\"https:\/\/www.criserb.com\/blog\/poze\/2014\/11\/shutterstock_93296761.jpg\",\"width\":1000,\"height\":912},{\"@type\":\"BreadcrumbList\",\"@id\":\"https:\/\/www.criserb.com\/blog\/klaus-iohannis-monica-luisa-macovei-si-victor-ponta-se-deplasau-cu-avionul\/#breadcrumb\",\"itemListElement\":[{\"@type\":\"ListItem\",\"position\":1,\"name\":\"Home\",\"item\":\"https:\/\/www.criserb.com\/blog\/\"},{\"@type\":\"ListItem\",\"position\":2,\"name\":\"Klaus Iohannis, Monica Luisa Macovei \u0219i Victor Ponta se deplasau cu avionul\"}]},{\"@type\":\"WebSite\",\"@id\":\"https:\/\/www.criserb.com\/blog\/#website\",\"url\":\"https:\/\/www.criserb.com\/blog\/\",\"name\":\"criserb.com\",\"description\":\"Nimic ce merita citit :)\",\"publisher\":{\"@id\":\"https:\/\/www.criserb.com\/blog\/#\/schema\/person\/8df5199bda4e628c32a10f318d8602b5\"},\"potentialAction\":[{\"@type\":\"SearchAction\",\"target\":{\"@type\":\"EntryPoint\",\"urlTemplate\":\"https:\/\/www.criserb.com\/blog\/?s={search_term_string}\"},\"query-input\":{\"@type\":\"PropertyValueSpecification\",\"valueRequired\":true,\"valueName\":\"search_term_string\"}}],\"inLanguage\":\"en-US\"},{\"@type\":[\"Person\",\"Organization\"],\"@id\":\"https:\/\/www.criserb.com\/blog\/#\/schema\/person\/8df5199bda4e628c32a10f318d8602b5\",\"name\":\"criserb\",\"image\":{\"@type\":\"ImageObject\",\"inLanguage\":\"en-US\",\"@id\":\"https:\/\/www.criserb.com\/blog\/#\/schema\/person\/image\/\",\"url\":\"http:\/\/0.gravatar.com\/avatar\/fdb6cca710f39545f0c4b5b936c390b4?s=96&d=monsterid&r=pg\",\"contentUrl\":\"http:\/\/0.gravatar.com\/avatar\/fdb6cca710f39545f0c4b5b936c390b4?s=96&d=monsterid&r=pg\",\"caption\":\"criserb\"},\"logo\":{\"@id\":\"https:\/\/www.criserb.com\/blog\/#\/schema\/person\/image\/\"},\"sameAs\":[\"http:\/\/www.criserb.com\"],\"url\":\"https:\/\/www.criserb.com\/blog\/author\/criserb\/\"}]}<\/script>\n<!-- \/ Yoast SEO plugin. -->","yoast_head_json":{"title":"Klaus Iohannis, Monica Luisa Macovei \u0219i Victor Ponta se deplasau cu avionul","robots":{"index":"index","follow":"follow","max-snippet":"max-snippet:-1","max-image-preview":"max-image-preview:large","max-video-preview":"max-video-preview:-1"},"canonical":"https:\/\/www.criserb.com\/blog\/klaus-iohannis-monica-luisa-macovei-si-victor-ponta-se-deplasau-cu-avionul\/","twitter_misc":{"Written by":"criserb","Est. reading time":"1 minute"},"schema":{"@context":"https:\/\/schema.org","@graph":[{"@type":"Article","@id":"https:\/\/www.criserb.com\/blog\/klaus-iohannis-monica-luisa-macovei-si-victor-ponta-se-deplasau-cu-avionul\/#article","isPartOf":{"@id":"https:\/\/www.criserb.com\/blog\/klaus-iohannis-monica-luisa-macovei-si-victor-ponta-se-deplasau-cu-avionul\/"},"author":{"name":"criserb","@id":"https:\/\/www.criserb.com\/blog\/#\/schema\/person\/8df5199bda4e628c32a10f318d8602b5"},"headline":"Klaus Iohannis, Monica Luisa Macovei \u0219i Victor Ponta se deplasau cu avionul","datePublished":"2014-11-17T15:06:46+00:00","mainEntityOfPage":{"@id":"https:\/\/www.criserb.com\/blog\/klaus-iohannis-monica-luisa-macovei-si-victor-ponta-se-deplasau-cu-avionul\/"},"wordCount":172,"commentCount":0,"publisher":{"@id":"https:\/\/www.criserb.com\/blog\/#\/schema\/person\/8df5199bda4e628c32a10f318d8602b5"},"image":{"@id":"https:\/\/www.criserb.com\/blog\/klaus-iohannis-monica-luisa-macovei-si-victor-ponta-se-deplasau-cu-avionul\/#primaryimage"},"thumbnailUrl":"https:\/\/www.criserb.com\/blog\/poze\/2014\/11\/shutterstock_93296761.jpg","keywords":["Bancuri","Iohannis","Ponta"],"articleSection":["Banc"],"inLanguage":"en-US","potentialAction":[{"@type":"CommentAction","name":"Comment","target":["https:\/\/www.criserb.com\/blog\/klaus-iohannis-monica-luisa-macovei-si-victor-ponta-se-deplasau-cu-avionul\/#respond"]}]},{"@type":"WebPage","@id":"https:\/\/www.criserb.com\/blog\/klaus-iohannis-monica-luisa-macovei-si-victor-ponta-se-deplasau-cu-avionul\/","url":"https:\/\/www.criserb.com\/blog\/klaus-iohannis-monica-luisa-macovei-si-victor-ponta-se-deplasau-cu-avionul\/","name":"Klaus Iohannis, Monica Luisa Macovei \u0219i Victor Ponta se deplasau cu avionul","isPartOf":{"@id":"https:\/\/www.criserb.com\/blog\/#website"},"primaryImageOfPage":{"@id":"https:\/\/www.criserb.com\/blog\/klaus-iohannis-monica-luisa-macovei-si-victor-ponta-se-deplasau-cu-avionul\/#primaryimage"},"image":{"@id":"https:\/\/www.criserb.com\/blog\/klaus-iohannis-monica-luisa-macovei-si-victor-ponta-se-deplasau-cu-avionul\/#primaryimage"},"thumbnailUrl":"https:\/\/www.criserb.com\/blog\/poze\/2014\/11\/shutterstock_93296761.jpg","datePublished":"2014-11-17T15:06:46+00:00","breadcrumb":{"@id":"https:\/\/www.criserb.com\/blog\/klaus-iohannis-monica-luisa-macovei-si-victor-ponta-se-deplasau-cu-avionul\/#breadcrumb"},"inLanguage":"en-US","potentialAction":[{"@type":"ReadAction","target":["https:\/\/www.criserb.com\/blog\/klaus-iohannis-monica-luisa-macovei-si-victor-ponta-se-deplasau-cu-avionul\/"]}]},{"@type":"ImageObject","inLanguage":"en-US","@id":"https:\/\/www.criserb.com\/blog\/klaus-iohannis-monica-luisa-macovei-si-victor-ponta-se-deplasau-cu-avionul\/#primaryimage","url":"https:\/\/www.criserb.com\/blog\/poze\/2014\/11\/shutterstock_93296761.jpg","contentUrl":"https:\/\/www.criserb.com\/blog\/poze\/2014\/11\/shutterstock_93296761.jpg","width":1000,"height":912},{"@type":"BreadcrumbList","@id":"https:\/\/www.criserb.com\/blog\/klaus-iohannis-monica-luisa-macovei-si-victor-ponta-se-deplasau-cu-avionul\/#breadcrumb","itemListElement":[{"@type":"ListItem","position":1,"name":"Home","item":"https:\/\/www.criserb.com\/blog\/"},{"@type":"ListItem","position":2,"name":"Klaus Iohannis, Monica Luisa Macovei \u0219i Victor Ponta se deplasau cu avionul"}]},{"@type":"WebSite","@id":"https:\/\/www.criserb.com\/blog\/#website","url":"https:\/\/www.criserb.com\/blog\/","name":"criserb.com","description":"Nimic ce merita citit :)","publisher":{"@id":"https:\/\/www.criserb.com\/blog\/#\/schema\/person\/8df5199bda4e628c32a10f318d8602b5"},"potentialAction":[{"@type":"SearchAction","target":{"@type":"EntryPoint","urlTemplate":"https:\/\/www.criserb.com\/blog\/?s={search_term_string}"},"query-input":{"@type":"PropertyValueSpecification","valueRequired":true,"valueName":"search_term_string"}}],"inLanguage":"en-US"},{"@type":["Person","Organization"],"@id":"https:\/\/www.criserb.com\/blog\/#\/schema\/person\/8df5199bda4e628c32a10f318d8602b5","name":"criserb","image":{"@type":"ImageObject","inLanguage":"en-US","@id":"https:\/\/www.criserb.com\/blog\/#\/schema\/person\/image\/","url":"http:\/\/0.gravatar.com\/avatar\/fdb6cca710f39545f0c4b5b936c390b4?s=96&d=monsterid&r=pg","contentUrl":"http:\/\/0.gravatar.com\/avatar\/fdb6cca710f39545f0c4b5b936c390b4?s=96&d=monsterid&r=pg","caption":"criserb"},"logo":{"@id":"https:\/\/www.criserb.com\/blog\/#\/schema\/person\/image\/"},"sameAs":["http:\/\/www.criserb.com"],"url":"https:\/\/www.criserb.com\/blog\/author\/criserb\/"}]}},"_links":{"self":[{"href":"https:\/\/www.criserb.com\/blog\/wp-json\/wp\/v2\/posts\/30016"}],"collection":[{"href":"https:\/\/www.criserb.com\/blog\/wp-json\/wp\/v2\/posts"}],"about":[{"href":"https:\/\/www.criserb.com\/blog\/wp-json\/wp\/v2\/types\/post"}],"author":[{"embeddable":true,"href":"https:\/\/www.criserb.com\/blog\/wp-json\/wp\/v2\/users\/3"}],"replies":[{"embeddable":true,"href":"https:\/\/www.criserb.com\/blog\/wp-json\/wp\/v2\/comments?post=30016"}],"version-history":[{"count":0,"href":"https:\/\/www.criserb.com\/blog\/wp-json\/wp\/v2\/posts\/30016\/revisions"}],"wp:featuredmedia":[{"embeddable":true,"href":"https:\/\/www.criserb.com\/blog\/wp-json\/wp\/v2\/media\/30017"}],"wp:attachment":[{"href":"https:\/\/www.criserb.com\/blog\/wp-json\/wp\/v2\/media?parent=30016"}],"wp:term":[{"taxonomy":"category","embeddable":true,"href":"https:\/\/www.criserb.com\/blog\/wp-json\/wp\/v2\/categories?post=30016"},{"taxonomy":"post_tag","embeddable":true,"href":"https:\/\/www.criserb.com\/blog\/wp-json\/wp\/v2\/tags?post=30016"}],"curies":[{"name":"wp","href":"https:\/\/api.w.org\/{rel}","templated":true}]}}