{"id":30043,"date":"2014-11-20T18:08:41","date_gmt":"2014-11-20T16:08:41","guid":{"rendered":"http:\/\/www.criserb.com\/blog\/?p=30043"},"modified":"2014-11-21T02:31:06","modified_gmt":"2014-11-21T00:31:06","slug":"produsele-prezente-in-oferta-black-friday-de-la-emag","status":"publish","type":"post","link":"https:\/\/www.criserb.com\/blog\/produsele-prezente-in-oferta-black-friday-de-la-emag\/","title":{"rendered":"Produsele prezente \u00een oferta Black Friday de la eMAG"},"content":{"rendered":"<p><strong>Update 02:31:\u00a0<\/strong> Catalogul cu promo\u021biile eMAG \u00eel g\u0103si\u021bi complet <a href=\"http:\/\/www.criserb.com\/blog\/ce-am-remarcat-eu-in-ofertele-de-black-friday.html\" target=\"_blank\">aici<\/a>.<\/p>\n<p>Dup\u0103 cum \u0219ti\u021bi la eMAG vor fi reduceri m\u00e2ine diminea\u021b\u0103, de la prima or\u0103. Nu s-a anun\u021bat \u00eenc\u0103 ora, dar eu a\u0219 spune c\u0103 este vorba de ora 6, sau undeva pe acolo.<\/p>\n<p><a href=\"http:\/\/profitshare.ro\/l\/1080695\"><img loading=\"lazy\" decoding=\"async\" class=\"aligncenter size-full wp-image-30044\" src=\"http:\/\/www.criserb.com\/blog\/poze\/2014\/11\/emag_produse_bf.jpg\" alt=\"emag_produse_bf\" width=\"630\" height=\"224\" srcset=\"https:\/\/www.criserb.com\/blog\/poze\/2014\/11\/emag_produse_bf.jpg 630w, https:\/\/www.criserb.com\/blog\/poze\/2014\/11\/emag_produse_bf-300x106.jpg 300w\" sizes=\"(max-width: 630px) 100vw, 630px\" \/><\/a><\/p>\n<p>Mai jos ave\u021bi o list\u0103 cu produse, produse ce vor face parte din ofert\u0103. Cu siguran\u021b\u0103 vor fi multe altele la pre\u021buri bune, dar eu le-am g\u0103sit pentru moment doar pe cele de mai jos.<\/p>\n<ul>\n<li>Consol\u0103 PS4 la <a href=\"http:\/\/profitshare.ro\/l\/1080453\" target=\"_blank\">999 lei<\/a><\/li>\n<li>eBook Kindle la <a href=\"http:\/\/profitshare.ro\/l\/1080472\" target=\"_blank\">399 lei<\/a><\/li>\n<li>Laptop cu ecran de 15,6 inci \u015fi procesor Intel Celeron Dual Core, la <a href=\"http:\/\/profitshare.ro\/l\/1080484\" target=\"_blank\">499 lei<\/a><\/li>\n<li>Hard Disk extern de 500 GB la <a href=\"http:\/\/profitshare.ro\/l\/1080496\" target=\"_blank\">99 lei<\/a><\/li>\n<li>iPad la <a href=\"http:\/\/profitshare.ro\/l\/1080525\" target=\"_blank\">699 lei<\/a><\/li>\n<li>iPhone 5S la <a href=\"http:\/\/profitshare.ro\/l\/1080534\" target=\"_blank\">1499 lei<\/a><\/li>\n<li>TV Led 80 cm la <a href=\"http:\/\/profitshare.ro\/l\/1080542\" target=\"_blank\">499 lei<\/a><\/li>\n<li>Router Wireless la <a href=\"http:\/\/profitshare.ro\/l\/1080554\" target=\"_blank\">49 lei<\/a><\/li>\n<li>SSD Intel 120 GB la <a href=\"http:\/\/profitshare.ro\/l\/1080572\" target=\"_blank\">99 lei<\/a><\/li>\n<li>Monitor LED de 18.5 la <a href=\"http:\/\/profitshare.ro\/l\/1080582\" target=\"_blank\">199 lei<\/a><\/li>\n<li>Espressor la <a href=\"http:\/\/profitshare.ro\/l\/1080598\" target=\"_blank\">49 lei<\/a><\/li>\n<li>Televizor 4K cu ecran cu diagonal\u0103 de 101 cm la <a href=\"http:\/\/profitshare.ro\/l\/1080610\" target=\"_blank\">1.999 lei<\/a><\/li>\n<li>Central\u0103 termic\u0103 la <a href=\"http:\/\/profitshare.ro\/l\/1080619\" target=\"_blank\">1.499 de lei<\/a><\/li>\n<li>Aspirator de 1.500 W la <a href=\"http:\/\/profitshare.ro\/l\/1080634\" target=\"_blank\">69 lei<\/a><\/li>\n<li>Tablet\u0103 de 7 inci la <a href=\"http:\/\/profitshare.ro\/l\/1080644\" target=\"_blank\">99 de lei<\/a><\/li>\n<li>Lopat\u0103 z\u0103pad\u0103 Fiskars la <a href=\"http:\/\/profitshare.ro\/l\/1080663\" target=\"_blank\">89 lei<\/a><\/li>\n<\/ul>\n<p>Linkurile nu sunt chiar exacte, nu am de unde s\u0103 le \u0219tiu, dar c\u00e2nd promo\u021biile vor fi active probabil o s\u0103 v\u0103 duc\u0103 foarte aproape de respectivele produse, ca s\u0103 nu cauta\u021bi prea mult.<\/p>\n<p style=\"text-align: right;\"><a href=\"http:\/\/www.gandul.info\/black-friday-2014-emag-ofertele-celui-mai-mare-magazin-online-din-romania-primele-liste-cu-reduceri-exclusiv-pe-gandul-11661803.html\" target=\"_blank\">sursa<\/a><\/p>\n","protected":false},"excerpt":{"rendered":"<p>Update 02:31:\u00a0 Catalogul cu promo\u021biile eMAG \u00eel g\u0103si\u021bi complet aici. Dup\u0103 cum \u0219ti\u021bi la eMAG vor fi reduceri m\u00e2ine diminea\u021b\u0103, de la prima or\u0103. Nu s-a anun\u021bat \u00eenc\u0103 ora, dar eu a\u0219 spune c\u0103 este vorba de ora 6, sau undeva pe acolo. Mai jos ave\u021bi o list\u0103 cu produse, produse ce vor face parte&hellip;<\/p>\n","protected":false},"author":3,"featured_media":30045,"comment_status":"open","ping_status":"open","sticky":false,"template":"","format":"standard","meta":{"footnotes":""},"categories":[1825],"tags":[2707,2502,1531],"yoast_head":"<!-- This site is optimized with the Yoast SEO plugin v24.5 - https:\/\/yoast.com\/wordpress\/plugins\/seo\/ -->\n<title>Produsele prezente \u00een oferta Black Friday de la eMAG<\/title>\n<meta name=\"robots\" content=\"index, follow, max-snippet:-1, max-image-preview:large, max-video-preview:-1\" \/>\n<link rel=\"canonical\" href=\"https:\/\/www.criserb.com\/blog\/produsele-prezente-in-oferta-black-friday-de-la-emag\/\" \/>\n<meta name=\"twitter:label1\" content=\"Written by\" \/>\n\t<meta name=\"twitter:data1\" content=\"criserb\" \/>\n\t<meta name=\"twitter:label2\" content=\"Est. reading time\" \/>\n\t<meta name=\"twitter:data2\" content=\"1 minute\" \/>\n<script type=\"application\/ld+json\" class=\"yoast-schema-graph\">{\"@context\":\"https:\/\/schema.org\",\"@graph\":[{\"@type\":\"Article\",\"@id\":\"https:\/\/www.criserb.com\/blog\/produsele-prezente-in-oferta-black-friday-de-la-emag\/#article\",\"isPartOf\":{\"@id\":\"https:\/\/www.criserb.com\/blog\/produsele-prezente-in-oferta-black-friday-de-la-emag\/\"},\"author\":{\"name\":\"criserb\",\"@id\":\"https:\/\/www.criserb.com\/blog\/#\/schema\/person\/8df5199bda4e628c32a10f318d8602b5\"},\"headline\":\"Produsele prezente \u00een oferta Black Friday de la eMAG\",\"datePublished\":\"2014-11-20T16:08:41+00:00\",\"dateModified\":\"2014-11-21T00:31:06+00:00\",\"mainEntityOfPage\":{\"@id\":\"https:\/\/www.criserb.com\/blog\/produsele-prezente-in-oferta-black-friday-de-la-emag\/\"},\"wordCount\":221,\"commentCount\":5,\"publisher\":{\"@id\":\"https:\/\/www.criserb.com\/blog\/#\/schema\/person\/8df5199bda4e628c32a10f318d8602b5\"},\"image\":{\"@id\":\"https:\/\/www.criserb.com\/blog\/produsele-prezente-in-oferta-black-friday-de-la-emag\/#primaryimage\"},\"thumbnailUrl\":\"https:\/\/www.criserb.com\/blog\/poze\/2014\/11\/emag_produse_bf2.jpg\",\"keywords\":[\"Black Friday\",\"Emag\",\"Oferte\"],\"articleSection\":[\"Promotii\"],\"inLanguage\":\"en-US\",\"potentialAction\":[{\"@type\":\"CommentAction\",\"name\":\"Comment\",\"target\":[\"https:\/\/www.criserb.com\/blog\/produsele-prezente-in-oferta-black-friday-de-la-emag\/#respond\"]}]},{\"@type\":\"WebPage\",\"@id\":\"https:\/\/www.criserb.com\/blog\/produsele-prezente-in-oferta-black-friday-de-la-emag\/\",\"url\":\"https:\/\/www.criserb.com\/blog\/produsele-prezente-in-oferta-black-friday-de-la-emag\/\",\"name\":\"Produsele prezente \u00een oferta Black Friday de la eMAG\",\"isPartOf\":{\"@id\":\"https:\/\/www.criserb.com\/blog\/#website\"},\"primaryImageOfPage\":{\"@id\":\"https:\/\/www.criserb.com\/blog\/produsele-prezente-in-oferta-black-friday-de-la-emag\/#primaryimage\"},\"image\":{\"@id\":\"https:\/\/www.criserb.com\/blog\/produsele-prezente-in-oferta-black-friday-de-la-emag\/#primaryimage\"},\"thumbnailUrl\":\"https:\/\/www.criserb.com\/blog\/poze\/2014\/11\/emag_produse_bf2.jpg\",\"datePublished\":\"2014-11-20T16:08:41+00:00\",\"dateModified\":\"2014-11-21T00:31:06+00:00\",\"breadcrumb\":{\"@id\":\"https:\/\/www.criserb.com\/blog\/produsele-prezente-in-oferta-black-friday-de-la-emag\/#breadcrumb\"},\"inLanguage\":\"en-US\",\"potentialAction\":[{\"@type\":\"ReadAction\",\"target\":[\"https:\/\/www.criserb.com\/blog\/produsele-prezente-in-oferta-black-friday-de-la-emag\/\"]}]},{\"@type\":\"ImageObject\",\"inLanguage\":\"en-US\",\"@id\":\"https:\/\/www.criserb.com\/blog\/produsele-prezente-in-oferta-black-friday-de-la-emag\/#primaryimage\",\"url\":\"https:\/\/www.criserb.com\/blog\/poze\/2014\/11\/emag_produse_bf2.jpg\",\"contentUrl\":\"https:\/\/www.criserb.com\/blog\/poze\/2014\/11\/emag_produse_bf2.jpg\",\"width\":1089,\"height\":387},{\"@type\":\"BreadcrumbList\",\"@id\":\"https:\/\/www.criserb.com\/blog\/produsele-prezente-in-oferta-black-friday-de-la-emag\/#breadcrumb\",\"itemListElement\":[{\"@type\":\"ListItem\",\"position\":1,\"name\":\"Home\",\"item\":\"https:\/\/www.criserb.com\/blog\/\"},{\"@type\":\"ListItem\",\"position\":2,\"name\":\"Produsele prezente \u00een oferta Black Friday de la eMAG\"}]},{\"@type\":\"WebSite\",\"@id\":\"https:\/\/www.criserb.com\/blog\/#website\",\"url\":\"https:\/\/www.criserb.com\/blog\/\",\"name\":\"criserb.com\",\"description\":\"Nimic ce merita citit :)\",\"publisher\":{\"@id\":\"https:\/\/www.criserb.com\/blog\/#\/schema\/person\/8df5199bda4e628c32a10f318d8602b5\"},\"potentialAction\":[{\"@type\":\"SearchAction\",\"target\":{\"@type\":\"EntryPoint\",\"urlTemplate\":\"https:\/\/www.criserb.com\/blog\/?s={search_term_string}\"},\"query-input\":{\"@type\":\"PropertyValueSpecification\",\"valueRequired\":true,\"valueName\":\"search_term_string\"}}],\"inLanguage\":\"en-US\"},{\"@type\":[\"Person\",\"Organization\"],\"@id\":\"https:\/\/www.criserb.com\/blog\/#\/schema\/person\/8df5199bda4e628c32a10f318d8602b5\",\"name\":\"criserb\",\"image\":{\"@type\":\"ImageObject\",\"inLanguage\":\"en-US\",\"@id\":\"https:\/\/www.criserb.com\/blog\/#\/schema\/person\/image\/\",\"url\":\"http:\/\/0.gravatar.com\/avatar\/fdb6cca710f39545f0c4b5b936c390b4?s=96&d=monsterid&r=pg\",\"contentUrl\":\"http:\/\/0.gravatar.com\/avatar\/fdb6cca710f39545f0c4b5b936c390b4?s=96&d=monsterid&r=pg\",\"caption\":\"criserb\"},\"logo\":{\"@id\":\"https:\/\/www.criserb.com\/blog\/#\/schema\/person\/image\/\"},\"sameAs\":[\"http:\/\/www.criserb.com\"],\"url\":\"https:\/\/www.criserb.com\/blog\/author\/criserb\/\"}]}<\/script>\n<!-- \/ Yoast SEO plugin. -->","yoast_head_json":{"title":"Produsele prezente \u00een oferta Black Friday de la eMAG","robots":{"index":"index","follow":"follow","max-snippet":"max-snippet:-1","max-image-preview":"max-image-preview:large","max-video-preview":"max-video-preview:-1"},"canonical":"https:\/\/www.criserb.com\/blog\/produsele-prezente-in-oferta-black-friday-de-la-emag\/","twitter_misc":{"Written by":"criserb","Est. reading time":"1 minute"},"schema":{"@context":"https:\/\/schema.org","@graph":[{"@type":"Article","@id":"https:\/\/www.criserb.com\/blog\/produsele-prezente-in-oferta-black-friday-de-la-emag\/#article","isPartOf":{"@id":"https:\/\/www.criserb.com\/blog\/produsele-prezente-in-oferta-black-friday-de-la-emag\/"},"author":{"name":"criserb","@id":"https:\/\/www.criserb.com\/blog\/#\/schema\/person\/8df5199bda4e628c32a10f318d8602b5"},"headline":"Produsele prezente \u00een oferta Black Friday de la eMAG","datePublished":"2014-11-20T16:08:41+00:00","dateModified":"2014-11-21T00:31:06+00:00","mainEntityOfPage":{"@id":"https:\/\/www.criserb.com\/blog\/produsele-prezente-in-oferta-black-friday-de-la-emag\/"},"wordCount":221,"commentCount":5,"publisher":{"@id":"https:\/\/www.criserb.com\/blog\/#\/schema\/person\/8df5199bda4e628c32a10f318d8602b5"},"image":{"@id":"https:\/\/www.criserb.com\/blog\/produsele-prezente-in-oferta-black-friday-de-la-emag\/#primaryimage"},"thumbnailUrl":"https:\/\/www.criserb.com\/blog\/poze\/2014\/11\/emag_produse_bf2.jpg","keywords":["Black Friday","Emag","Oferte"],"articleSection":["Promotii"],"inLanguage":"en-US","potentialAction":[{"@type":"CommentAction","name":"Comment","target":["https:\/\/www.criserb.com\/blog\/produsele-prezente-in-oferta-black-friday-de-la-emag\/#respond"]}]},{"@type":"WebPage","@id":"https:\/\/www.criserb.com\/blog\/produsele-prezente-in-oferta-black-friday-de-la-emag\/","url":"https:\/\/www.criserb.com\/blog\/produsele-prezente-in-oferta-black-friday-de-la-emag\/","name":"Produsele prezente \u00een oferta Black Friday de la eMAG","isPartOf":{"@id":"https:\/\/www.criserb.com\/blog\/#website"},"primaryImageOfPage":{"@id":"https:\/\/www.criserb.com\/blog\/produsele-prezente-in-oferta-black-friday-de-la-emag\/#primaryimage"},"image":{"@id":"https:\/\/www.criserb.com\/blog\/produsele-prezente-in-oferta-black-friday-de-la-emag\/#primaryimage"},"thumbnailUrl":"https:\/\/www.criserb.com\/blog\/poze\/2014\/11\/emag_produse_bf2.jpg","datePublished":"2014-11-20T16:08:41+00:00","dateModified":"2014-11-21T00:31:06+00:00","breadcrumb":{"@id":"https:\/\/www.criserb.com\/blog\/produsele-prezente-in-oferta-black-friday-de-la-emag\/#breadcrumb"},"inLanguage":"en-US","potentialAction":[{"@type":"ReadAction","target":["https:\/\/www.criserb.com\/blog\/produsele-prezente-in-oferta-black-friday-de-la-emag\/"]}]},{"@type":"ImageObject","inLanguage":"en-US","@id":"https:\/\/www.criserb.com\/blog\/produsele-prezente-in-oferta-black-friday-de-la-emag\/#primaryimage","url":"https:\/\/www.criserb.com\/blog\/poze\/2014\/11\/emag_produse_bf2.jpg","contentUrl":"https:\/\/www.criserb.com\/blog\/poze\/2014\/11\/emag_produse_bf2.jpg","width":1089,"height":387},{"@type":"BreadcrumbList","@id":"https:\/\/www.criserb.com\/blog\/produsele-prezente-in-oferta-black-friday-de-la-emag\/#breadcrumb","itemListElement":[{"@type":"ListItem","position":1,"name":"Home","item":"https:\/\/www.criserb.com\/blog\/"},{"@type":"ListItem","position":2,"name":"Produsele prezente \u00een oferta Black Friday de la eMAG"}]},{"@type":"WebSite","@id":"https:\/\/www.criserb.com\/blog\/#website","url":"https:\/\/www.criserb.com\/blog\/","name":"criserb.com","description":"Nimic ce merita citit :)","publisher":{"@id":"https:\/\/www.criserb.com\/blog\/#\/schema\/person\/8df5199bda4e628c32a10f318d8602b5"},"potentialAction":[{"@type":"SearchAction","target":{"@type":"EntryPoint","urlTemplate":"https:\/\/www.criserb.com\/blog\/?s={search_term_string}"},"query-input":{"@type":"PropertyValueSpecification","valueRequired":true,"valueName":"search_term_string"}}],"inLanguage":"en-US"},{"@type":["Person","Organization"],"@id":"https:\/\/www.criserb.com\/blog\/#\/schema\/person\/8df5199bda4e628c32a10f318d8602b5","name":"criserb","image":{"@type":"ImageObject","inLanguage":"en-US","@id":"https:\/\/www.criserb.com\/blog\/#\/schema\/person\/image\/","url":"http:\/\/0.gravatar.com\/avatar\/fdb6cca710f39545f0c4b5b936c390b4?s=96&d=monsterid&r=pg","contentUrl":"http:\/\/0.gravatar.com\/avatar\/fdb6cca710f39545f0c4b5b936c390b4?s=96&d=monsterid&r=pg","caption":"criserb"},"logo":{"@id":"https:\/\/www.criserb.com\/blog\/#\/schema\/person\/image\/"},"sameAs":["http:\/\/www.criserb.com"],"url":"https:\/\/www.criserb.com\/blog\/author\/criserb\/"}]}},"_links":{"self":[{"href":"https:\/\/www.criserb.com\/blog\/wp-json\/wp\/v2\/posts\/30043"}],"collection":[{"href":"https:\/\/www.criserb.com\/blog\/wp-json\/wp\/v2\/posts"}],"about":[{"href":"https:\/\/www.criserb.com\/blog\/wp-json\/wp\/v2\/types\/post"}],"author":[{"embeddable":true,"href":"https:\/\/www.criserb.com\/blog\/wp-json\/wp\/v2\/users\/3"}],"replies":[{"embeddable":true,"href":"https:\/\/www.criserb.com\/blog\/wp-json\/wp\/v2\/comments?post=30043"}],"version-history":[{"count":0,"href":"https:\/\/www.criserb.com\/blog\/wp-json\/wp\/v2\/posts\/30043\/revisions"}],"wp:featuredmedia":[{"embeddable":true,"href":"https:\/\/www.criserb.com\/blog\/wp-json\/wp\/v2\/media\/30045"}],"wp:attachment":[{"href":"https:\/\/www.criserb.com\/blog\/wp-json\/wp\/v2\/media?parent=30043"}],"wp:term":[{"taxonomy":"category","embeddable":true,"href":"https:\/\/www.criserb.com\/blog\/wp-json\/wp\/v2\/categories?post=30043"},{"taxonomy":"post_tag","embeddable":true,"href":"https:\/\/www.criserb.com\/blog\/wp-json\/wp\/v2\/tags?post=30043"}],"curies":[{"name":"wp","href":"https:\/\/api.w.org\/{rel}","templated":true}]}}