{"id":30102,"date":"2014-11-25T14:48:25","date_gmt":"2014-11-25T12:48:25","guid":{"rendered":"http:\/\/www.criserb.com\/blog\/?p=30102"},"modified":"2014-12-09T15:48:48","modified_gmt":"2014-12-09T13:48:48","slug":"aviz-de-amplasament-de-la-gaz-gdf-suez","status":"publish","type":"post","link":"https:\/\/www.criserb.com\/blog\/aviz-de-amplasament-de-la-gaz-gdf-suez\/","title":{"rendered":"Aviz de amplasament de la gaz (GDF SUEZ)"},"content":{"rendered":"<p>Azi c\u0103 am fost s\u0103-mi ridic <a href=\"http:\/\/www.criserb.com\/blog\/aviz-de-amplasament-de-la-enel.html\" target=\"_blank\">avizul de la Enel<\/a>\u00a0(vede\u021bi jos, update 25.11.2014) mi-am adus aminte c\u0103 nu am scris nimic despre depunerea actelor pentru ob\u021binerea avizului de amplasament de la gaze.<\/p>\n<p>Am fost deci s\u0103 depun actele pe 05.11.2014 \u0219i toate au fost ok. Vede\u021bi \u00een poz\u0103 unde trebuie s\u0103 ajunge\u021bi (pentru cei care merg \u00een punctul de pe Bulevardul M\u0103r\u0103\u0219e\u0219ti 4-6. Nu este chiar intrarea din fa\u021b\u0103, a\u0219a cum ar p\u0103rea.<\/p>\n<p><a href=\"http:\/\/www.criserb.com\/blog\/poze\/2014\/11\/harta.jpg\"><img loading=\"lazy\" decoding=\"async\" class=\"aligncenter size-full wp-image-30103\" src=\"http:\/\/www.criserb.com\/blog\/poze\/2014\/11\/harta.jpg\" alt=\"harta\" width=\"1517\" height=\"717\" srcset=\"https:\/\/www.criserb.com\/blog\/poze\/2014\/11\/harta.jpg 1517w, https:\/\/www.criserb.com\/blog\/poze\/2014\/11\/harta-300x141.jpg 300w, https:\/\/www.criserb.com\/blog\/poze\/2014\/11\/harta-1200x567.jpg 1200w\" sizes=\"(max-width: 1517px) 100vw, 1517px\" \/><\/a><\/p>\n<p>Actele necesare au fost:<\/p>\n<ul>\n<li>Act de proprietate<\/li>\n<li>Copie certificat urbanism<\/li>\n<li>Plan de \u00eencadrare 1:2000 (2 exemplare)\u00a0cu \u0219tampila prim\u0103rie (anex\u0103 la CU)<\/li>\n<li>Plan de situa\u021bie 1:500 (2 exemplare) cu \u0219tampila prim\u0103rie (anex\u0103 la CU)<\/li>\n<li>Cerere tip<\/li>\n<li>Memoriu tehnic<\/li>\n<\/ul>\n<p>Din toate actele de mai sus nu am avut planul de \u00eencadrare cu \u0219tampila prim\u0103riei. La certificatul meu de urbanism nu era ata\u0219at a\u0219a ceva, doar planul de situa\u021bie era ata\u0219at \u0219i avea \u0219tampila prim\u0103riei.<\/p>\n<p>Pe l\u00e2ng\u0103 asta nu am avut nici memoriul tehnic, dar nu a fost problem\u0103. Mi-a ar\u0103tat doamna de acolo cam cum trebuie s\u0103 arate unul \u0219i mi-a zis c\u0103 \u00eemi ia actele pe care le am iar cu memoriul s\u0103 vin mai \u00eencolo sau s\u0103-l scriu pe loc pe o foaie alb\u0103.<\/p>\n<p>Am zis c\u0103 mai bine vorbesc cu arhitectul s\u0103-l fac\u0103 \u0219i am preferat s\u0103 vin seara cu el. Este deschis p\u00e2n\u0103 la ora 19, deci timp aveam.<\/p>\n<p>So, am vorbit cu arhitectul, mi-a f\u0103cut el memoriul tehnic iar eu am fost doar s\u0103-l duc.<\/p>\n<p>Cu toate actele depuse mi s-a comunicat c\u0103 o s\u0103 fie gata \u00een 30 zile.<\/p>\n<p>30 de zile se fac \u00een 05.12.2014 deci mai am ceva de a\u0219teptat p\u00e2n\u0103 s\u0103 m\u0103 duc s\u0103-l ridic.<\/p>\n<p><strong>Taxa<\/strong> pe care a trebuit s\u0103 o pl\u0103tesc a fost de <strong>140 lei<\/strong>. Nu se poate pl\u0103ti acolo, trebuie mers la o banc\u0103, f\u0103cut\u0103 plata la ghi\u0219eu \u0219i \u00eentors la GDF cu dovada pl\u0103\u021bii. Eu am f\u0103cut-o dup\u0103 ce am plecat de acolo \u0219i am depus-o seara c\u00e2nd m-am dus s\u0103 duc \u0219i memoriul tehnic.<\/p>\n<div id=\"update\"><\/div>\n<p>\u00cen principiu totul a mers repede, a fost vina mea c\u0103 nu am avut toate actele, dar&#8230; p\u00e2n\u0103 la urm\u0103 le-am depus pe toate \u00eentr-o singur\u0103 zi.<\/p>\n<p><strong>Update 09.12.2014<\/strong><\/p>\n<p>Ieri, pentru c\u0103 au trecut cele 30 de zile am zis s\u0103 sun la Distrigaz \u0219i s\u0103 v\u0103d \u00een ce stadiu este avizul meu. Am avut o mare surpriz\u0103 :)<\/p>\n<p>La telefon, dup\u0103 ce s-au chinui 10 minute s\u0103-\u0219i dea seama de ce nu g\u0103sesc nimic care s\u0103 corespund\u0103 num\u0103rului meu de \u00eenregistrare, m-am apucat s\u0103 le dau nume, data \u00een care am depus cererea, etc. La un moment dat mi-au gasit-o. Avea alt num\u0103r de \u00eenregistrare fa\u021b\u0103 de cel primit de mine.<\/p>\n<p>Bun, dac\u0103 tot au g\u0103sit dosarul i-am \u00eentrebat cum e cu solicitarea mea, este gata, nu este gata? Mi-au zis c\u0103 este gata \u0219i c\u0103 deja a fost ridicat\u0103 \u00een data de 24.11.<\/p>\n<p>V\u0103 da\u021bi seama c\u0103 am r\u0103mas mut. Adic\u0103 cum a fost ridicat\u0103? Cui au putut da avizul meu \u00een condi\u021biile \u00een care mie nu?<\/p>\n<p>Nu se \u0219tia, doamna de la cap\u0103tul firului vedea doar c\u0103 este ridicat\u0103 \u0219i mai mult nu.<\/p>\n<p>M-a sf\u0103tuit s\u0103 m\u0103 duc la sediu \u0219i s\u0103 v\u0103d acolo despre ce este vorba.<\/p>\n<p>Seara am fost la sediu \u0219i aceea\u0219i poveste. Num\u0103rul pe care \u00eel aveam eu de \u00eenregistrare nu corespundea cu nimic din ce aveau ei. Le-am zis c\u0103 deja \u0219tiu povestea, le-am dat num\u0103rul care se pare c\u0103-l aveau ei (erau dou\u0103 cifre inversate) \u0219i m-au g\u0103sit.<\/p>\n<p>Dar la fel&#8230; avizul dvs. a fost ridicat.<\/p>\n<p>\u00centreb iar, de cine \u0219i&#8230; nu \u0219tia ce s\u0103 zic\u0103, s-a apucat s\u0103 caute.<\/p>\n<p>\u00centr-un final se pare c\u0103 avizul meu nu era ridicat de nimeni, era \u00een sertar al\u0103turi de alte avize care nu au fost ridicate.<\/p>\n<p>Mi-au dat avizul, am semnat de primire \u0219i am plecat.<\/p>\n<p>Mult timp nu am pierdut, cred c\u0103 maxim 10 minute cu toat\u0103 distrac\u021bia de mai sus.<\/p>\n","protected":false},"excerpt":{"rendered":"<p>Azi c\u0103 am fost s\u0103-mi ridic avizul de la Enel\u00a0(vede\u021bi jos, update 25.11.2014) mi-am adus aminte c\u0103 nu am scris nimic despre depunerea actelor pentru ob\u021binerea avizului de amplasament de la gaze. Am fost deci s\u0103 depun actele pe 05.11.2014 \u0219i toate au fost ok. Vede\u021bi \u00een poz\u0103 unde trebuie s\u0103 ajunge\u021bi (pentru cei care&hellip;<\/p>\n","protected":false},"author":3,"featured_media":30103,"comment_status":"open","ping_status":"open","sticky":false,"template":"","format":"standard","meta":{"footnotes":""},"categories":[6379],"tags":[6713,6712,6714],"yoast_head":"<!-- This site is optimized with the Yoast SEO plugin v24.5 - https:\/\/yoast.com\/wordpress\/plugins\/seo\/ -->\n<title>Aviz de amplasament de la gaz (GDF SUEZ)<\/title>\n<meta name=\"robots\" content=\"index, follow, max-snippet:-1, max-image-preview:large, max-video-preview:-1\" \/>\n<link rel=\"canonical\" href=\"https:\/\/www.criserb.com\/blog\/aviz-de-amplasament-de-la-gaz-gdf-suez\/\" \/>\n<meta name=\"twitter:label1\" content=\"Written by\" \/>\n\t<meta name=\"twitter:data1\" content=\"criserb\" \/>\n\t<meta name=\"twitter:label2\" content=\"Est. reading time\" \/>\n\t<meta name=\"twitter:data2\" content=\"3 minutes\" \/>\n<script type=\"application\/ld+json\" class=\"yoast-schema-graph\">{\"@context\":\"https:\/\/schema.org\",\"@graph\":[{\"@type\":\"Article\",\"@id\":\"https:\/\/www.criserb.com\/blog\/aviz-de-amplasament-de-la-gaz-gdf-suez\/#article\",\"isPartOf\":{\"@id\":\"https:\/\/www.criserb.com\/blog\/aviz-de-amplasament-de-la-gaz-gdf-suez\/\"},\"author\":{\"name\":\"criserb\",\"@id\":\"https:\/\/www.criserb.com\/blog\/#\/schema\/person\/8df5199bda4e628c32a10f318d8602b5\"},\"headline\":\"Aviz de amplasament de la gaz (GDF SUEZ)\",\"datePublished\":\"2014-11-25T12:48:25+00:00\",\"dateModified\":\"2014-12-09T13:48:48+00:00\",\"mainEntityOfPage\":{\"@id\":\"https:\/\/www.criserb.com\/blog\/aviz-de-amplasament-de-la-gaz-gdf-suez\/\"},\"wordCount\":699,\"commentCount\":1,\"publisher\":{\"@id\":\"https:\/\/www.criserb.com\/blog\/#\/schema\/person\/8df5199bda4e628c32a10f318d8602b5\"},\"image\":{\"@id\":\"https:\/\/www.criserb.com\/blog\/aviz-de-amplasament-de-la-gaz-gdf-suez\/#primaryimage\"},\"thumbnailUrl\":\"https:\/\/www.criserb.com\/blog\/poze\/2014\/11\/harta.jpg\",\"keywords\":[\"Aviz amplasament\",\"Aviz gaz\",\"GDF SUEZ\"],\"articleSection\":[\"Construc\u021bia casei\"],\"inLanguage\":\"en-US\",\"potentialAction\":[{\"@type\":\"CommentAction\",\"name\":\"Comment\",\"target\":[\"https:\/\/www.criserb.com\/blog\/aviz-de-amplasament-de-la-gaz-gdf-suez\/#respond\"]}]},{\"@type\":\"WebPage\",\"@id\":\"https:\/\/www.criserb.com\/blog\/aviz-de-amplasament-de-la-gaz-gdf-suez\/\",\"url\":\"https:\/\/www.criserb.com\/blog\/aviz-de-amplasament-de-la-gaz-gdf-suez\/\",\"name\":\"Aviz de amplasament de la gaz (GDF SUEZ)\",\"isPartOf\":{\"@id\":\"https:\/\/www.criserb.com\/blog\/#website\"},\"primaryImageOfPage\":{\"@id\":\"https:\/\/www.criserb.com\/blog\/aviz-de-amplasament-de-la-gaz-gdf-suez\/#primaryimage\"},\"image\":{\"@id\":\"https:\/\/www.criserb.com\/blog\/aviz-de-amplasament-de-la-gaz-gdf-suez\/#primaryimage\"},\"thumbnailUrl\":\"https:\/\/www.criserb.com\/blog\/poze\/2014\/11\/harta.jpg\",\"datePublished\":\"2014-11-25T12:48:25+00:00\",\"dateModified\":\"2014-12-09T13:48:48+00:00\",\"breadcrumb\":{\"@id\":\"https:\/\/www.criserb.com\/blog\/aviz-de-amplasament-de-la-gaz-gdf-suez\/#breadcrumb\"},\"inLanguage\":\"en-US\",\"potentialAction\":[{\"@type\":\"ReadAction\",\"target\":[\"https:\/\/www.criserb.com\/blog\/aviz-de-amplasament-de-la-gaz-gdf-suez\/\"]}]},{\"@type\":\"ImageObject\",\"inLanguage\":\"en-US\",\"@id\":\"https:\/\/www.criserb.com\/blog\/aviz-de-amplasament-de-la-gaz-gdf-suez\/#primaryimage\",\"url\":\"https:\/\/www.criserb.com\/blog\/poze\/2014\/11\/harta.jpg\",\"contentUrl\":\"https:\/\/www.criserb.com\/blog\/poze\/2014\/11\/harta.jpg\",\"width\":1517,\"height\":717},{\"@type\":\"BreadcrumbList\",\"@id\":\"https:\/\/www.criserb.com\/blog\/aviz-de-amplasament-de-la-gaz-gdf-suez\/#breadcrumb\",\"itemListElement\":[{\"@type\":\"ListItem\",\"position\":1,\"name\":\"Home\",\"item\":\"https:\/\/www.criserb.com\/blog\/\"},{\"@type\":\"ListItem\",\"position\":2,\"name\":\"Aviz de amplasament de la gaz (GDF SUEZ)\"}]},{\"@type\":\"WebSite\",\"@id\":\"https:\/\/www.criserb.com\/blog\/#website\",\"url\":\"https:\/\/www.criserb.com\/blog\/\",\"name\":\"criserb.com\",\"description\":\"Nimic ce merita citit :)\",\"publisher\":{\"@id\":\"https:\/\/www.criserb.com\/blog\/#\/schema\/person\/8df5199bda4e628c32a10f318d8602b5\"},\"potentialAction\":[{\"@type\":\"SearchAction\",\"target\":{\"@type\":\"EntryPoint\",\"urlTemplate\":\"https:\/\/www.criserb.com\/blog\/?s={search_term_string}\"},\"query-input\":{\"@type\":\"PropertyValueSpecification\",\"valueRequired\":true,\"valueName\":\"search_term_string\"}}],\"inLanguage\":\"en-US\"},{\"@type\":[\"Person\",\"Organization\"],\"@id\":\"https:\/\/www.criserb.com\/blog\/#\/schema\/person\/8df5199bda4e628c32a10f318d8602b5\",\"name\":\"criserb\",\"image\":{\"@type\":\"ImageObject\",\"inLanguage\":\"en-US\",\"@id\":\"https:\/\/www.criserb.com\/blog\/#\/schema\/person\/image\/\",\"url\":\"http:\/\/0.gravatar.com\/avatar\/fdb6cca710f39545f0c4b5b936c390b4?s=96&d=monsterid&r=pg\",\"contentUrl\":\"http:\/\/0.gravatar.com\/avatar\/fdb6cca710f39545f0c4b5b936c390b4?s=96&d=monsterid&r=pg\",\"caption\":\"criserb\"},\"logo\":{\"@id\":\"https:\/\/www.criserb.com\/blog\/#\/schema\/person\/image\/\"},\"sameAs\":[\"http:\/\/www.criserb.com\"],\"url\":\"https:\/\/www.criserb.com\/blog\/author\/criserb\/\"}]}<\/script>\n<!-- \/ Yoast SEO plugin. -->","yoast_head_json":{"title":"Aviz de amplasament de la gaz (GDF SUEZ)","robots":{"index":"index","follow":"follow","max-snippet":"max-snippet:-1","max-image-preview":"max-image-preview:large","max-video-preview":"max-video-preview:-1"},"canonical":"https:\/\/www.criserb.com\/blog\/aviz-de-amplasament-de-la-gaz-gdf-suez\/","twitter_misc":{"Written by":"criserb","Est. reading time":"3 minutes"},"schema":{"@context":"https:\/\/schema.org","@graph":[{"@type":"Article","@id":"https:\/\/www.criserb.com\/blog\/aviz-de-amplasament-de-la-gaz-gdf-suez\/#article","isPartOf":{"@id":"https:\/\/www.criserb.com\/blog\/aviz-de-amplasament-de-la-gaz-gdf-suez\/"},"author":{"name":"criserb","@id":"https:\/\/www.criserb.com\/blog\/#\/schema\/person\/8df5199bda4e628c32a10f318d8602b5"},"headline":"Aviz de amplasament de la gaz (GDF SUEZ)","datePublished":"2014-11-25T12:48:25+00:00","dateModified":"2014-12-09T13:48:48+00:00","mainEntityOfPage":{"@id":"https:\/\/www.criserb.com\/blog\/aviz-de-amplasament-de-la-gaz-gdf-suez\/"},"wordCount":699,"commentCount":1,"publisher":{"@id":"https:\/\/www.criserb.com\/blog\/#\/schema\/person\/8df5199bda4e628c32a10f318d8602b5"},"image":{"@id":"https:\/\/www.criserb.com\/blog\/aviz-de-amplasament-de-la-gaz-gdf-suez\/#primaryimage"},"thumbnailUrl":"https:\/\/www.criserb.com\/blog\/poze\/2014\/11\/harta.jpg","keywords":["Aviz amplasament","Aviz gaz","GDF SUEZ"],"articleSection":["Construc\u021bia casei"],"inLanguage":"en-US","potentialAction":[{"@type":"CommentAction","name":"Comment","target":["https:\/\/www.criserb.com\/blog\/aviz-de-amplasament-de-la-gaz-gdf-suez\/#respond"]}]},{"@type":"WebPage","@id":"https:\/\/www.criserb.com\/blog\/aviz-de-amplasament-de-la-gaz-gdf-suez\/","url":"https:\/\/www.criserb.com\/blog\/aviz-de-amplasament-de-la-gaz-gdf-suez\/","name":"Aviz de amplasament de la gaz (GDF SUEZ)","isPartOf":{"@id":"https:\/\/www.criserb.com\/blog\/#website"},"primaryImageOfPage":{"@id":"https:\/\/www.criserb.com\/blog\/aviz-de-amplasament-de-la-gaz-gdf-suez\/#primaryimage"},"image":{"@id":"https:\/\/www.criserb.com\/blog\/aviz-de-amplasament-de-la-gaz-gdf-suez\/#primaryimage"},"thumbnailUrl":"https:\/\/www.criserb.com\/blog\/poze\/2014\/11\/harta.jpg","datePublished":"2014-11-25T12:48:25+00:00","dateModified":"2014-12-09T13:48:48+00:00","breadcrumb":{"@id":"https:\/\/www.criserb.com\/blog\/aviz-de-amplasament-de-la-gaz-gdf-suez\/#breadcrumb"},"inLanguage":"en-US","potentialAction":[{"@type":"ReadAction","target":["https:\/\/www.criserb.com\/blog\/aviz-de-amplasament-de-la-gaz-gdf-suez\/"]}]},{"@type":"ImageObject","inLanguage":"en-US","@id":"https:\/\/www.criserb.com\/blog\/aviz-de-amplasament-de-la-gaz-gdf-suez\/#primaryimage","url":"https:\/\/www.criserb.com\/blog\/poze\/2014\/11\/harta.jpg","contentUrl":"https:\/\/www.criserb.com\/blog\/poze\/2014\/11\/harta.jpg","width":1517,"height":717},{"@type":"BreadcrumbList","@id":"https:\/\/www.criserb.com\/blog\/aviz-de-amplasament-de-la-gaz-gdf-suez\/#breadcrumb","itemListElement":[{"@type":"ListItem","position":1,"name":"Home","item":"https:\/\/www.criserb.com\/blog\/"},{"@type":"ListItem","position":2,"name":"Aviz de amplasament de la gaz (GDF SUEZ)"}]},{"@type":"WebSite","@id":"https:\/\/www.criserb.com\/blog\/#website","url":"https:\/\/www.criserb.com\/blog\/","name":"criserb.com","description":"Nimic ce merita citit :)","publisher":{"@id":"https:\/\/www.criserb.com\/blog\/#\/schema\/person\/8df5199bda4e628c32a10f318d8602b5"},"potentialAction":[{"@type":"SearchAction","target":{"@type":"EntryPoint","urlTemplate":"https:\/\/www.criserb.com\/blog\/?s={search_term_string}"},"query-input":{"@type":"PropertyValueSpecification","valueRequired":true,"valueName":"search_term_string"}}],"inLanguage":"en-US"},{"@type":["Person","Organization"],"@id":"https:\/\/www.criserb.com\/blog\/#\/schema\/person\/8df5199bda4e628c32a10f318d8602b5","name":"criserb","image":{"@type":"ImageObject","inLanguage":"en-US","@id":"https:\/\/www.criserb.com\/blog\/#\/schema\/person\/image\/","url":"http:\/\/0.gravatar.com\/avatar\/fdb6cca710f39545f0c4b5b936c390b4?s=96&d=monsterid&r=pg","contentUrl":"http:\/\/0.gravatar.com\/avatar\/fdb6cca710f39545f0c4b5b936c390b4?s=96&d=monsterid&r=pg","caption":"criserb"},"logo":{"@id":"https:\/\/www.criserb.com\/blog\/#\/schema\/person\/image\/"},"sameAs":["http:\/\/www.criserb.com"],"url":"https:\/\/www.criserb.com\/blog\/author\/criserb\/"}]}},"_links":{"self":[{"href":"https:\/\/www.criserb.com\/blog\/wp-json\/wp\/v2\/posts\/30102"}],"collection":[{"href":"https:\/\/www.criserb.com\/blog\/wp-json\/wp\/v2\/posts"}],"about":[{"href":"https:\/\/www.criserb.com\/blog\/wp-json\/wp\/v2\/types\/post"}],"author":[{"embeddable":true,"href":"https:\/\/www.criserb.com\/blog\/wp-json\/wp\/v2\/users\/3"}],"replies":[{"embeddable":true,"href":"https:\/\/www.criserb.com\/blog\/wp-json\/wp\/v2\/comments?post=30102"}],"version-history":[{"count":0,"href":"https:\/\/www.criserb.com\/blog\/wp-json\/wp\/v2\/posts\/30102\/revisions"}],"wp:featuredmedia":[{"embeddable":true,"href":"https:\/\/www.criserb.com\/blog\/wp-json\/wp\/v2\/media\/30103"}],"wp:attachment":[{"href":"https:\/\/www.criserb.com\/blog\/wp-json\/wp\/v2\/media?parent=30102"}],"wp:term":[{"taxonomy":"category","embeddable":true,"href":"https:\/\/www.criserb.com\/blog\/wp-json\/wp\/v2\/categories?post=30102"},{"taxonomy":"post_tag","embeddable":true,"href":"https:\/\/www.criserb.com\/blog\/wp-json\/wp\/v2\/tags?post=30102"}],"curies":[{"name":"wp","href":"https:\/\/api.w.org\/{rel}","templated":true}]}}