{"id":30296,"date":"2015-01-13T21:28:28","date_gmt":"2015-01-13T19:28:28","guid":{"rendered":"http:\/\/www.criserb.com\/blog\/?p=30296"},"modified":"2015-01-14T13:58:48","modified_gmt":"2015-01-14T11:58:48","slug":"pana-sa-apara-pe-lume-am-crezut-ca-o-sa-fie-urat","status":"publish","type":"post","link":"https:\/\/www.criserb.com\/blog\/pana-sa-apara-pe-lume-am-crezut-ca-o-sa-fie-urat\/","title":{"rendered":"P\u00e2n\u0103 s\u0103 apar\u0103 pe lume am crezut c\u0103 o s\u0103 fie ur\u00e2t"},"content":{"rendered":"<p>Eh, acum c\u0103 a venit, \u00eemi dau seama c\u0103 nu-i chiar a\u0219a de ur\u00e2\u021bel :)<\/p>\n<p><a href=\"http:\/\/www.criserb.com\/blog\/poze\/2015\/01\/DSC_3393.jpg\" data-lbwps-width=\"1400\" data-lbwps-height=\"930\" data-lbwps-srcsmall=\"https:\/\/www.criserb.com\/blog\/poze\/2015\/01\/DSC_3393-300x199.jpg\"><img loading=\"lazy\" decoding=\"async\" class=\"aligncenter size-full wp-image-30297\" src=\"http:\/\/www.criserb.com\/blog\/poze\/2015\/01\/DSC_3393.jpg\" alt=\"DSC_3393\" width=\"1400\" height=\"930\" srcset=\"https:\/\/www.criserb.com\/blog\/poze\/2015\/01\/DSC_3393.jpg 1400w, https:\/\/www.criserb.com\/blog\/poze\/2015\/01\/DSC_3393-300x199.jpg 300w, https:\/\/www.criserb.com\/blog\/poze\/2015\/01\/DSC_3393-1200x797.jpg 1200w\" sizes=\"(max-width: 1400px) 100vw, 1400px\" \/><\/a><\/p>\n<p>Dup\u0103 cum m\u0103 cunoa\u0219te\u021bi (cei care m\u0103 citesc mai des) nu prea sunt eu de acord cu pozele astea cu copii online. Fac acum o excep\u021bie doar pentru c\u0103 sunt mul\u021bi prieteni\/colegi care au vrut s\u0103 vad\u0103 o poz\u0103 cu el \u0219i chiar nu am adresele tuturor de mail :) Bine, \u0219i pentru a m\u0103 lauda pu\u021bin cu el, m-a\u021bi prins.<\/p>\n<p>Poza asta este f\u0103cut\u0103 ast\u0103zi, \u00een a 6-a zi de viat\u0103.<\/p>\n<p>So, v-am pupat.<\/p>\n<p>Cum ne sim\u021bim? Extraordinar!<\/p>\n<p>P.S. \u0218i dac\u0103 este s\u0103 fiu sincer p\u00e2n\u0103 la cap\u0103t, am vrut s\u0103-i las \u0219i pe bunici s\u0103 se laude cu nepotul lor, nu de alt\u0103, dar nici ei nu au alte poze, pentru moment.<\/p>\n","protected":false},"excerpt":{"rendered":"<p>Eh, acum c\u0103 a venit, \u00eemi dau seama c\u0103 nu-i chiar a\u0219a de ur\u00e2\u021bel :) Dup\u0103 cum m\u0103 cunoa\u0219te\u021bi (cei care m\u0103 citesc mai des) nu prea sunt eu de acord cu pozele astea cu copii online. Fac acum o excep\u021bie doar pentru c\u0103 sunt mul\u021bi prieteni\/colegi care au vrut s\u0103 vad\u0103 o poz\u0103 cu&hellip;<\/p>\n","protected":false},"author":3,"featured_media":30297,"comment_status":"open","ping_status":"open","sticky":false,"template":"","format":"standard","meta":{"footnotes":""},"categories":[1898],"tags":[],"yoast_head":"<!-- This site is optimized with the Yoast SEO plugin v24.5 - https:\/\/yoast.com\/wordpress\/plugins\/seo\/ -->\n<title>P\u00e2n\u0103 s\u0103 apar\u0103 pe lume am crezut c\u0103 o s\u0103 fie ur\u00e2t<\/title>\n<meta name=\"robots\" content=\"index, follow, max-snippet:-1, max-image-preview:large, max-video-preview:-1\" \/>\n<link rel=\"canonical\" href=\"https:\/\/www.criserb.com\/blog\/pana-sa-apara-pe-lume-am-crezut-ca-o-sa-fie-urat\/\" \/>\n<meta name=\"twitter:label1\" content=\"Written by\" \/>\n\t<meta name=\"twitter:data1\" content=\"criserb\" \/>\n\t<meta name=\"twitter:label2\" content=\"Est. reading time\" \/>\n\t<meta name=\"twitter:data2\" content=\"1 minute\" \/>\n<script type=\"application\/ld+json\" class=\"yoast-schema-graph\">{\"@context\":\"https:\/\/schema.org\",\"@graph\":[{\"@type\":\"Article\",\"@id\":\"https:\/\/www.criserb.com\/blog\/pana-sa-apara-pe-lume-am-crezut-ca-o-sa-fie-urat\/#article\",\"isPartOf\":{\"@id\":\"https:\/\/www.criserb.com\/blog\/pana-sa-apara-pe-lume-am-crezut-ca-o-sa-fie-urat\/\"},\"author\":{\"name\":\"criserb\",\"@id\":\"https:\/\/www.criserb.com\/blog\/#\/schema\/person\/8df5199bda4e628c32a10f318d8602b5\"},\"headline\":\"P\u00e2n\u0103 s\u0103 apar\u0103 pe lume am crezut c\u0103 o s\u0103 fie ur\u00e2t\",\"datePublished\":\"2015-01-13T19:28:28+00:00\",\"dateModified\":\"2015-01-14T11:58:48+00:00\",\"mainEntityOfPage\":{\"@id\":\"https:\/\/www.criserb.com\/blog\/pana-sa-apara-pe-lume-am-crezut-ca-o-sa-fie-urat\/\"},\"wordCount\":157,\"commentCount\":11,\"publisher\":{\"@id\":\"https:\/\/www.criserb.com\/blog\/#\/schema\/person\/8df5199bda4e628c32a10f318d8602b5\"},\"image\":{\"@id\":\"https:\/\/www.criserb.com\/blog\/pana-sa-apara-pe-lume-am-crezut-ca-o-sa-fie-urat\/#primaryimage\"},\"thumbnailUrl\":\"https:\/\/www.criserb.com\/blog\/poze\/2015\/01\/DSC_3393.jpg\",\"articleSection\":[\"Copil\"],\"inLanguage\":\"en-US\",\"potentialAction\":[{\"@type\":\"CommentAction\",\"name\":\"Comment\",\"target\":[\"https:\/\/www.criserb.com\/blog\/pana-sa-apara-pe-lume-am-crezut-ca-o-sa-fie-urat\/#respond\"]}]},{\"@type\":\"WebPage\",\"@id\":\"https:\/\/www.criserb.com\/blog\/pana-sa-apara-pe-lume-am-crezut-ca-o-sa-fie-urat\/\",\"url\":\"https:\/\/www.criserb.com\/blog\/pana-sa-apara-pe-lume-am-crezut-ca-o-sa-fie-urat\/\",\"name\":\"P\u00e2n\u0103 s\u0103 apar\u0103 pe lume am crezut c\u0103 o s\u0103 fie ur\u00e2t\",\"isPartOf\":{\"@id\":\"https:\/\/www.criserb.com\/blog\/#website\"},\"primaryImageOfPage\":{\"@id\":\"https:\/\/www.criserb.com\/blog\/pana-sa-apara-pe-lume-am-crezut-ca-o-sa-fie-urat\/#primaryimage\"},\"image\":{\"@id\":\"https:\/\/www.criserb.com\/blog\/pana-sa-apara-pe-lume-am-crezut-ca-o-sa-fie-urat\/#primaryimage\"},\"thumbnailUrl\":\"https:\/\/www.criserb.com\/blog\/poze\/2015\/01\/DSC_3393.jpg\",\"datePublished\":\"2015-01-13T19:28:28+00:00\",\"dateModified\":\"2015-01-14T11:58:48+00:00\",\"breadcrumb\":{\"@id\":\"https:\/\/www.criserb.com\/blog\/pana-sa-apara-pe-lume-am-crezut-ca-o-sa-fie-urat\/#breadcrumb\"},\"inLanguage\":\"en-US\",\"potentialAction\":[{\"@type\":\"ReadAction\",\"target\":[\"https:\/\/www.criserb.com\/blog\/pana-sa-apara-pe-lume-am-crezut-ca-o-sa-fie-urat\/\"]}]},{\"@type\":\"ImageObject\",\"inLanguage\":\"en-US\",\"@id\":\"https:\/\/www.criserb.com\/blog\/pana-sa-apara-pe-lume-am-crezut-ca-o-sa-fie-urat\/#primaryimage\",\"url\":\"https:\/\/www.criserb.com\/blog\/poze\/2015\/01\/DSC_3393.jpg\",\"contentUrl\":\"https:\/\/www.criserb.com\/blog\/poze\/2015\/01\/DSC_3393.jpg\",\"width\":1400,\"height\":930},{\"@type\":\"BreadcrumbList\",\"@id\":\"https:\/\/www.criserb.com\/blog\/pana-sa-apara-pe-lume-am-crezut-ca-o-sa-fie-urat\/#breadcrumb\",\"itemListElement\":[{\"@type\":\"ListItem\",\"position\":1,\"name\":\"Home\",\"item\":\"https:\/\/www.criserb.com\/blog\/\"},{\"@type\":\"ListItem\",\"position\":2,\"name\":\"P\u00e2n\u0103 s\u0103 apar\u0103 pe lume am crezut c\u0103 o s\u0103 fie ur\u00e2t\"}]},{\"@type\":\"WebSite\",\"@id\":\"https:\/\/www.criserb.com\/blog\/#website\",\"url\":\"https:\/\/www.criserb.com\/blog\/\",\"name\":\"criserb.com\",\"description\":\"Nimic ce merita citit :)\",\"publisher\":{\"@id\":\"https:\/\/www.criserb.com\/blog\/#\/schema\/person\/8df5199bda4e628c32a10f318d8602b5\"},\"potentialAction\":[{\"@type\":\"SearchAction\",\"target\":{\"@type\":\"EntryPoint\",\"urlTemplate\":\"https:\/\/www.criserb.com\/blog\/?s={search_term_string}\"},\"query-input\":{\"@type\":\"PropertyValueSpecification\",\"valueRequired\":true,\"valueName\":\"search_term_string\"}}],\"inLanguage\":\"en-US\"},{\"@type\":[\"Person\",\"Organization\"],\"@id\":\"https:\/\/www.criserb.com\/blog\/#\/schema\/person\/8df5199bda4e628c32a10f318d8602b5\",\"name\":\"criserb\",\"image\":{\"@type\":\"ImageObject\",\"inLanguage\":\"en-US\",\"@id\":\"https:\/\/www.criserb.com\/blog\/#\/schema\/person\/image\/\",\"url\":\"http:\/\/0.gravatar.com\/avatar\/fdb6cca710f39545f0c4b5b936c390b4?s=96&d=monsterid&r=pg\",\"contentUrl\":\"http:\/\/0.gravatar.com\/avatar\/fdb6cca710f39545f0c4b5b936c390b4?s=96&d=monsterid&r=pg\",\"caption\":\"criserb\"},\"logo\":{\"@id\":\"https:\/\/www.criserb.com\/blog\/#\/schema\/person\/image\/\"},\"sameAs\":[\"http:\/\/www.criserb.com\"],\"url\":\"https:\/\/www.criserb.com\/blog\/author\/criserb\/\"}]}<\/script>\n<!-- \/ Yoast SEO plugin. -->","yoast_head_json":{"title":"P\u00e2n\u0103 s\u0103 apar\u0103 pe lume am crezut c\u0103 o s\u0103 fie ur\u00e2t","robots":{"index":"index","follow":"follow","max-snippet":"max-snippet:-1","max-image-preview":"max-image-preview:large","max-video-preview":"max-video-preview:-1"},"canonical":"https:\/\/www.criserb.com\/blog\/pana-sa-apara-pe-lume-am-crezut-ca-o-sa-fie-urat\/","twitter_misc":{"Written by":"criserb","Est. reading time":"1 minute"},"schema":{"@context":"https:\/\/schema.org","@graph":[{"@type":"Article","@id":"https:\/\/www.criserb.com\/blog\/pana-sa-apara-pe-lume-am-crezut-ca-o-sa-fie-urat\/#article","isPartOf":{"@id":"https:\/\/www.criserb.com\/blog\/pana-sa-apara-pe-lume-am-crezut-ca-o-sa-fie-urat\/"},"author":{"name":"criserb","@id":"https:\/\/www.criserb.com\/blog\/#\/schema\/person\/8df5199bda4e628c32a10f318d8602b5"},"headline":"P\u00e2n\u0103 s\u0103 apar\u0103 pe lume am crezut c\u0103 o s\u0103 fie ur\u00e2t","datePublished":"2015-01-13T19:28:28+00:00","dateModified":"2015-01-14T11:58:48+00:00","mainEntityOfPage":{"@id":"https:\/\/www.criserb.com\/blog\/pana-sa-apara-pe-lume-am-crezut-ca-o-sa-fie-urat\/"},"wordCount":157,"commentCount":11,"publisher":{"@id":"https:\/\/www.criserb.com\/blog\/#\/schema\/person\/8df5199bda4e628c32a10f318d8602b5"},"image":{"@id":"https:\/\/www.criserb.com\/blog\/pana-sa-apara-pe-lume-am-crezut-ca-o-sa-fie-urat\/#primaryimage"},"thumbnailUrl":"https:\/\/www.criserb.com\/blog\/poze\/2015\/01\/DSC_3393.jpg","articleSection":["Copil"],"inLanguage":"en-US","potentialAction":[{"@type":"CommentAction","name":"Comment","target":["https:\/\/www.criserb.com\/blog\/pana-sa-apara-pe-lume-am-crezut-ca-o-sa-fie-urat\/#respond"]}]},{"@type":"WebPage","@id":"https:\/\/www.criserb.com\/blog\/pana-sa-apara-pe-lume-am-crezut-ca-o-sa-fie-urat\/","url":"https:\/\/www.criserb.com\/blog\/pana-sa-apara-pe-lume-am-crezut-ca-o-sa-fie-urat\/","name":"P\u00e2n\u0103 s\u0103 apar\u0103 pe lume am crezut c\u0103 o s\u0103 fie ur\u00e2t","isPartOf":{"@id":"https:\/\/www.criserb.com\/blog\/#website"},"primaryImageOfPage":{"@id":"https:\/\/www.criserb.com\/blog\/pana-sa-apara-pe-lume-am-crezut-ca-o-sa-fie-urat\/#primaryimage"},"image":{"@id":"https:\/\/www.criserb.com\/blog\/pana-sa-apara-pe-lume-am-crezut-ca-o-sa-fie-urat\/#primaryimage"},"thumbnailUrl":"https:\/\/www.criserb.com\/blog\/poze\/2015\/01\/DSC_3393.jpg","datePublished":"2015-01-13T19:28:28+00:00","dateModified":"2015-01-14T11:58:48+00:00","breadcrumb":{"@id":"https:\/\/www.criserb.com\/blog\/pana-sa-apara-pe-lume-am-crezut-ca-o-sa-fie-urat\/#breadcrumb"},"inLanguage":"en-US","potentialAction":[{"@type":"ReadAction","target":["https:\/\/www.criserb.com\/blog\/pana-sa-apara-pe-lume-am-crezut-ca-o-sa-fie-urat\/"]}]},{"@type":"ImageObject","inLanguage":"en-US","@id":"https:\/\/www.criserb.com\/blog\/pana-sa-apara-pe-lume-am-crezut-ca-o-sa-fie-urat\/#primaryimage","url":"https:\/\/www.criserb.com\/blog\/poze\/2015\/01\/DSC_3393.jpg","contentUrl":"https:\/\/www.criserb.com\/blog\/poze\/2015\/01\/DSC_3393.jpg","width":1400,"height":930},{"@type":"BreadcrumbList","@id":"https:\/\/www.criserb.com\/blog\/pana-sa-apara-pe-lume-am-crezut-ca-o-sa-fie-urat\/#breadcrumb","itemListElement":[{"@type":"ListItem","position":1,"name":"Home","item":"https:\/\/www.criserb.com\/blog\/"},{"@type":"ListItem","position":2,"name":"P\u00e2n\u0103 s\u0103 apar\u0103 pe lume am crezut c\u0103 o s\u0103 fie ur\u00e2t"}]},{"@type":"WebSite","@id":"https:\/\/www.criserb.com\/blog\/#website","url":"https:\/\/www.criserb.com\/blog\/","name":"criserb.com","description":"Nimic ce merita citit :)","publisher":{"@id":"https:\/\/www.criserb.com\/blog\/#\/schema\/person\/8df5199bda4e628c32a10f318d8602b5"},"potentialAction":[{"@type":"SearchAction","target":{"@type":"EntryPoint","urlTemplate":"https:\/\/www.criserb.com\/blog\/?s={search_term_string}"},"query-input":{"@type":"PropertyValueSpecification","valueRequired":true,"valueName":"search_term_string"}}],"inLanguage":"en-US"},{"@type":["Person","Organization"],"@id":"https:\/\/www.criserb.com\/blog\/#\/schema\/person\/8df5199bda4e628c32a10f318d8602b5","name":"criserb","image":{"@type":"ImageObject","inLanguage":"en-US","@id":"https:\/\/www.criserb.com\/blog\/#\/schema\/person\/image\/","url":"http:\/\/0.gravatar.com\/avatar\/fdb6cca710f39545f0c4b5b936c390b4?s=96&d=monsterid&r=pg","contentUrl":"http:\/\/0.gravatar.com\/avatar\/fdb6cca710f39545f0c4b5b936c390b4?s=96&d=monsterid&r=pg","caption":"criserb"},"logo":{"@id":"https:\/\/www.criserb.com\/blog\/#\/schema\/person\/image\/"},"sameAs":["http:\/\/www.criserb.com"],"url":"https:\/\/www.criserb.com\/blog\/author\/criserb\/"}]}},"_links":{"self":[{"href":"https:\/\/www.criserb.com\/blog\/wp-json\/wp\/v2\/posts\/30296"}],"collection":[{"href":"https:\/\/www.criserb.com\/blog\/wp-json\/wp\/v2\/posts"}],"about":[{"href":"https:\/\/www.criserb.com\/blog\/wp-json\/wp\/v2\/types\/post"}],"author":[{"embeddable":true,"href":"https:\/\/www.criserb.com\/blog\/wp-json\/wp\/v2\/users\/3"}],"replies":[{"embeddable":true,"href":"https:\/\/www.criserb.com\/blog\/wp-json\/wp\/v2\/comments?post=30296"}],"version-history":[{"count":0,"href":"https:\/\/www.criserb.com\/blog\/wp-json\/wp\/v2\/posts\/30296\/revisions"}],"wp:featuredmedia":[{"embeddable":true,"href":"https:\/\/www.criserb.com\/blog\/wp-json\/wp\/v2\/media\/30297"}],"wp:attachment":[{"href":"https:\/\/www.criserb.com\/blog\/wp-json\/wp\/v2\/media?parent=30296"}],"wp:term":[{"taxonomy":"category","embeddable":true,"href":"https:\/\/www.criserb.com\/blog\/wp-json\/wp\/v2\/categories?post=30296"},{"taxonomy":"post_tag","embeddable":true,"href":"https:\/\/www.criserb.com\/blog\/wp-json\/wp\/v2\/tags?post=30296"}],"curies":[{"name":"wp","href":"https:\/\/api.w.org\/{rel}","templated":true}]}}