{"id":30348,"date":"2015-01-31T00:06:45","date_gmt":"2015-01-30T22:06:45","guid":{"rendered":"http:\/\/www.criserb.com\/blog\/?p=30348"},"modified":"2015-01-31T00:06:45","modified_gmt":"2015-01-30T22:06:45","slug":"pana-acum-imi-placea-de-iohannis","status":"publish","type":"post","link":"https:\/\/www.criserb.com\/blog\/pana-acum-imi-placea-de-iohannis\/","title":{"rendered":"P\u00e2n\u0103 acum \u00eemi pl\u0103cea de Iohannis"},"content":{"rendered":"<p><a href=\"http:\/\/www.criserb.com\/blog\/poze\/2015\/01\/7254756-mediafax-foto-bogdan-iordache.jpg\" data-lbwps-width=\"640\" data-lbwps-height=\"425\" data-lbwps-srcsmall=\"https:\/\/www.criserb.com\/blog\/poze\/2015\/01\/7254756-mediafax-foto-bogdan-iordache-300x199.jpg\"><img loading=\"lazy\" decoding=\"async\" class=\"aligncenter size-full wp-image-30349\" src=\"http:\/\/www.criserb.com\/blog\/poze\/2015\/01\/7254756-mediafax-foto-bogdan-iordache.jpg\" alt=\"7254756-mediafax-foto-bogdan-iordache\" width=\"640\" height=\"425\" srcset=\"https:\/\/www.criserb.com\/blog\/poze\/2015\/01\/7254756-mediafax-foto-bogdan-iordache.jpg 640w, https:\/\/www.criserb.com\/blog\/poze\/2015\/01\/7254756-mediafax-foto-bogdan-iordache-300x199.jpg 300w\" sizes=\"(max-width: 640px) 100vw, 640px\" \/><\/a><\/p>\n<p>Pe bune, m-am bucurat c\u0103 a ie\u0219it pre\u0219edinte, l-am sus\u021binut, m-am certat cu tata pentru asta, cu \u0219i cu al\u021bi prieteni \u0219i am crezut \u00een Iohannis.<\/p>\n<p>C\u00e2nd \u00eens\u0103 v\u0103d imagini ca astea&#8230; parc\u0103 \u00eemi mai scade entuziasmul&#8230; p\u0103cat.<\/p>\n<p>P.S. N-am citit ce scria <a href=\"http:\/\/www.gandul.info\/stiri\/imaginea-zilei-in-romania-13795820\" target=\"_blank\">\u00een articol<\/a>, dup\u0103 a\u0219a poz\u0103 parc\u0103 nici nu mai conteaz\u0103.<\/p>\n<p>&nbsp;<\/p>\n","protected":false},"excerpt":{"rendered":"<p>Pe bune, m-am bucurat c\u0103 a ie\u0219it pre\u0219edinte, l-am sus\u021binut, m-am certat cu tata pentru asta, cu \u0219i cu al\u021bi prieteni \u0219i am crezut \u00een Iohannis. C\u00e2nd \u00eens\u0103 v\u0103d imagini ca astea&#8230; parc\u0103 \u00eemi mai scade entuziasmul&#8230; p\u0103cat. P.S. N-am citit ce scria \u00een articol, dup\u0103 a\u0219a poz\u0103 parc\u0103 nici nu mai conteaz\u0103. &nbsp;<\/p>\n","protected":false},"author":3,"featured_media":30349,"comment_status":"open","ping_status":"open","sticky":false,"template":"","format":"standard","meta":{"footnotes":""},"categories":[34],"tags":[512,6405,385],"yoast_head":"<!-- This site is optimized with the Yoast SEO plugin v24.5 - https:\/\/yoast.com\/wordpress\/plugins\/seo\/ -->\n<title>P\u00e2n\u0103 acum \u00eemi pl\u0103cea de Iohannis<\/title>\n<meta name=\"robots\" content=\"index, follow, max-snippet:-1, max-image-preview:large, max-video-preview:-1\" \/>\n<link rel=\"canonical\" href=\"https:\/\/www.criserb.com\/blog\/pana-acum-imi-placea-de-iohannis\/\" \/>\n<meta name=\"twitter:label1\" content=\"Written by\" \/>\n\t<meta name=\"twitter:data1\" content=\"criserb\" \/>\n<script type=\"application\/ld+json\" class=\"yoast-schema-graph\">{\"@context\":\"https:\/\/schema.org\",\"@graph\":[{\"@type\":\"Article\",\"@id\":\"https:\/\/www.criserb.com\/blog\/pana-acum-imi-placea-de-iohannis\/#article\",\"isPartOf\":{\"@id\":\"https:\/\/www.criserb.com\/blog\/pana-acum-imi-placea-de-iohannis\/\"},\"author\":{\"name\":\"criserb\",\"@id\":\"https:\/\/www.criserb.com\/blog\/#\/schema\/person\/8df5199bda4e628c32a10f318d8602b5\"},\"headline\":\"P\u00e2n\u0103 acum \u00eemi pl\u0103cea de Iohannis\",\"datePublished\":\"2015-01-30T22:06:45+00:00\",\"mainEntityOfPage\":{\"@id\":\"https:\/\/www.criserb.com\/blog\/pana-acum-imi-placea-de-iohannis\/\"},\"wordCount\":71,\"commentCount\":11,\"publisher\":{\"@id\":\"https:\/\/www.criserb.com\/blog\/#\/schema\/person\/8df5199bda4e628c32a10f318d8602b5\"},\"image\":{\"@id\":\"https:\/\/www.criserb.com\/blog\/pana-acum-imi-placea-de-iohannis\/#primaryimage\"},\"thumbnailUrl\":\"https:\/\/www.criserb.com\/blog\/poze\/2015\/01\/7254756-mediafax-foto-bogdan-iordache.jpg\",\"keywords\":[\"Biserica\",\"Iohannis\",\"Popi\"],\"articleSection\":[\"Romanisme\"],\"inLanguage\":\"en-US\",\"potentialAction\":[{\"@type\":\"CommentAction\",\"name\":\"Comment\",\"target\":[\"https:\/\/www.criserb.com\/blog\/pana-acum-imi-placea-de-iohannis\/#respond\"]}]},{\"@type\":\"WebPage\",\"@id\":\"https:\/\/www.criserb.com\/blog\/pana-acum-imi-placea-de-iohannis\/\",\"url\":\"https:\/\/www.criserb.com\/blog\/pana-acum-imi-placea-de-iohannis\/\",\"name\":\"P\u00e2n\u0103 acum \u00eemi pl\u0103cea de Iohannis\",\"isPartOf\":{\"@id\":\"https:\/\/www.criserb.com\/blog\/#website\"},\"primaryImageOfPage\":{\"@id\":\"https:\/\/www.criserb.com\/blog\/pana-acum-imi-placea-de-iohannis\/#primaryimage\"},\"image\":{\"@id\":\"https:\/\/www.criserb.com\/blog\/pana-acum-imi-placea-de-iohannis\/#primaryimage\"},\"thumbnailUrl\":\"https:\/\/www.criserb.com\/blog\/poze\/2015\/01\/7254756-mediafax-foto-bogdan-iordache.jpg\",\"datePublished\":\"2015-01-30T22:06:45+00:00\",\"breadcrumb\":{\"@id\":\"https:\/\/www.criserb.com\/blog\/pana-acum-imi-placea-de-iohannis\/#breadcrumb\"},\"inLanguage\":\"en-US\",\"potentialAction\":[{\"@type\":\"ReadAction\",\"target\":[\"https:\/\/www.criserb.com\/blog\/pana-acum-imi-placea-de-iohannis\/\"]}]},{\"@type\":\"ImageObject\",\"inLanguage\":\"en-US\",\"@id\":\"https:\/\/www.criserb.com\/blog\/pana-acum-imi-placea-de-iohannis\/#primaryimage\",\"url\":\"https:\/\/www.criserb.com\/blog\/poze\/2015\/01\/7254756-mediafax-foto-bogdan-iordache.jpg\",\"contentUrl\":\"https:\/\/www.criserb.com\/blog\/poze\/2015\/01\/7254756-mediafax-foto-bogdan-iordache.jpg\",\"width\":640,\"height\":425},{\"@type\":\"BreadcrumbList\",\"@id\":\"https:\/\/www.criserb.com\/blog\/pana-acum-imi-placea-de-iohannis\/#breadcrumb\",\"itemListElement\":[{\"@type\":\"ListItem\",\"position\":1,\"name\":\"Home\",\"item\":\"https:\/\/www.criserb.com\/blog\/\"},{\"@type\":\"ListItem\",\"position\":2,\"name\":\"P\u00e2n\u0103 acum \u00eemi pl\u0103cea de Iohannis\"}]},{\"@type\":\"WebSite\",\"@id\":\"https:\/\/www.criserb.com\/blog\/#website\",\"url\":\"https:\/\/www.criserb.com\/blog\/\",\"name\":\"criserb.com\",\"description\":\"Nimic ce merita citit :)\",\"publisher\":{\"@id\":\"https:\/\/www.criserb.com\/blog\/#\/schema\/person\/8df5199bda4e628c32a10f318d8602b5\"},\"potentialAction\":[{\"@type\":\"SearchAction\",\"target\":{\"@type\":\"EntryPoint\",\"urlTemplate\":\"https:\/\/www.criserb.com\/blog\/?s={search_term_string}\"},\"query-input\":{\"@type\":\"PropertyValueSpecification\",\"valueRequired\":true,\"valueName\":\"search_term_string\"}}],\"inLanguage\":\"en-US\"},{\"@type\":[\"Person\",\"Organization\"],\"@id\":\"https:\/\/www.criserb.com\/blog\/#\/schema\/person\/8df5199bda4e628c32a10f318d8602b5\",\"name\":\"criserb\",\"image\":{\"@type\":\"ImageObject\",\"inLanguage\":\"en-US\",\"@id\":\"https:\/\/www.criserb.com\/blog\/#\/schema\/person\/image\/\",\"url\":\"http:\/\/0.gravatar.com\/avatar\/fdb6cca710f39545f0c4b5b936c390b4?s=96&d=monsterid&r=pg\",\"contentUrl\":\"http:\/\/0.gravatar.com\/avatar\/fdb6cca710f39545f0c4b5b936c390b4?s=96&d=monsterid&r=pg\",\"caption\":\"criserb\"},\"logo\":{\"@id\":\"https:\/\/www.criserb.com\/blog\/#\/schema\/person\/image\/\"},\"sameAs\":[\"http:\/\/www.criserb.com\"],\"url\":\"https:\/\/www.criserb.com\/blog\/author\/criserb\/\"}]}<\/script>\n<!-- \/ Yoast SEO plugin. -->","yoast_head_json":{"title":"P\u00e2n\u0103 acum \u00eemi pl\u0103cea de Iohannis","robots":{"index":"index","follow":"follow","max-snippet":"max-snippet:-1","max-image-preview":"max-image-preview:large","max-video-preview":"max-video-preview:-1"},"canonical":"https:\/\/www.criserb.com\/blog\/pana-acum-imi-placea-de-iohannis\/","twitter_misc":{"Written by":"criserb"},"schema":{"@context":"https:\/\/schema.org","@graph":[{"@type":"Article","@id":"https:\/\/www.criserb.com\/blog\/pana-acum-imi-placea-de-iohannis\/#article","isPartOf":{"@id":"https:\/\/www.criserb.com\/blog\/pana-acum-imi-placea-de-iohannis\/"},"author":{"name":"criserb","@id":"https:\/\/www.criserb.com\/blog\/#\/schema\/person\/8df5199bda4e628c32a10f318d8602b5"},"headline":"P\u00e2n\u0103 acum \u00eemi pl\u0103cea de Iohannis","datePublished":"2015-01-30T22:06:45+00:00","mainEntityOfPage":{"@id":"https:\/\/www.criserb.com\/blog\/pana-acum-imi-placea-de-iohannis\/"},"wordCount":71,"commentCount":11,"publisher":{"@id":"https:\/\/www.criserb.com\/blog\/#\/schema\/person\/8df5199bda4e628c32a10f318d8602b5"},"image":{"@id":"https:\/\/www.criserb.com\/blog\/pana-acum-imi-placea-de-iohannis\/#primaryimage"},"thumbnailUrl":"https:\/\/www.criserb.com\/blog\/poze\/2015\/01\/7254756-mediafax-foto-bogdan-iordache.jpg","keywords":["Biserica","Iohannis","Popi"],"articleSection":["Romanisme"],"inLanguage":"en-US","potentialAction":[{"@type":"CommentAction","name":"Comment","target":["https:\/\/www.criserb.com\/blog\/pana-acum-imi-placea-de-iohannis\/#respond"]}]},{"@type":"WebPage","@id":"https:\/\/www.criserb.com\/blog\/pana-acum-imi-placea-de-iohannis\/","url":"https:\/\/www.criserb.com\/blog\/pana-acum-imi-placea-de-iohannis\/","name":"P\u00e2n\u0103 acum \u00eemi pl\u0103cea de Iohannis","isPartOf":{"@id":"https:\/\/www.criserb.com\/blog\/#website"},"primaryImageOfPage":{"@id":"https:\/\/www.criserb.com\/blog\/pana-acum-imi-placea-de-iohannis\/#primaryimage"},"image":{"@id":"https:\/\/www.criserb.com\/blog\/pana-acum-imi-placea-de-iohannis\/#primaryimage"},"thumbnailUrl":"https:\/\/www.criserb.com\/blog\/poze\/2015\/01\/7254756-mediafax-foto-bogdan-iordache.jpg","datePublished":"2015-01-30T22:06:45+00:00","breadcrumb":{"@id":"https:\/\/www.criserb.com\/blog\/pana-acum-imi-placea-de-iohannis\/#breadcrumb"},"inLanguage":"en-US","potentialAction":[{"@type":"ReadAction","target":["https:\/\/www.criserb.com\/blog\/pana-acum-imi-placea-de-iohannis\/"]}]},{"@type":"ImageObject","inLanguage":"en-US","@id":"https:\/\/www.criserb.com\/blog\/pana-acum-imi-placea-de-iohannis\/#primaryimage","url":"https:\/\/www.criserb.com\/blog\/poze\/2015\/01\/7254756-mediafax-foto-bogdan-iordache.jpg","contentUrl":"https:\/\/www.criserb.com\/blog\/poze\/2015\/01\/7254756-mediafax-foto-bogdan-iordache.jpg","width":640,"height":425},{"@type":"BreadcrumbList","@id":"https:\/\/www.criserb.com\/blog\/pana-acum-imi-placea-de-iohannis\/#breadcrumb","itemListElement":[{"@type":"ListItem","position":1,"name":"Home","item":"https:\/\/www.criserb.com\/blog\/"},{"@type":"ListItem","position":2,"name":"P\u00e2n\u0103 acum \u00eemi pl\u0103cea de Iohannis"}]},{"@type":"WebSite","@id":"https:\/\/www.criserb.com\/blog\/#website","url":"https:\/\/www.criserb.com\/blog\/","name":"criserb.com","description":"Nimic ce merita citit :)","publisher":{"@id":"https:\/\/www.criserb.com\/blog\/#\/schema\/person\/8df5199bda4e628c32a10f318d8602b5"},"potentialAction":[{"@type":"SearchAction","target":{"@type":"EntryPoint","urlTemplate":"https:\/\/www.criserb.com\/blog\/?s={search_term_string}"},"query-input":{"@type":"PropertyValueSpecification","valueRequired":true,"valueName":"search_term_string"}}],"inLanguage":"en-US"},{"@type":["Person","Organization"],"@id":"https:\/\/www.criserb.com\/blog\/#\/schema\/person\/8df5199bda4e628c32a10f318d8602b5","name":"criserb","image":{"@type":"ImageObject","inLanguage":"en-US","@id":"https:\/\/www.criserb.com\/blog\/#\/schema\/person\/image\/","url":"http:\/\/0.gravatar.com\/avatar\/fdb6cca710f39545f0c4b5b936c390b4?s=96&d=monsterid&r=pg","contentUrl":"http:\/\/0.gravatar.com\/avatar\/fdb6cca710f39545f0c4b5b936c390b4?s=96&d=monsterid&r=pg","caption":"criserb"},"logo":{"@id":"https:\/\/www.criserb.com\/blog\/#\/schema\/person\/image\/"},"sameAs":["http:\/\/www.criserb.com"],"url":"https:\/\/www.criserb.com\/blog\/author\/criserb\/"}]}},"_links":{"self":[{"href":"https:\/\/www.criserb.com\/blog\/wp-json\/wp\/v2\/posts\/30348"}],"collection":[{"href":"https:\/\/www.criserb.com\/blog\/wp-json\/wp\/v2\/posts"}],"about":[{"href":"https:\/\/www.criserb.com\/blog\/wp-json\/wp\/v2\/types\/post"}],"author":[{"embeddable":true,"href":"https:\/\/www.criserb.com\/blog\/wp-json\/wp\/v2\/users\/3"}],"replies":[{"embeddable":true,"href":"https:\/\/www.criserb.com\/blog\/wp-json\/wp\/v2\/comments?post=30348"}],"version-history":[{"count":0,"href":"https:\/\/www.criserb.com\/blog\/wp-json\/wp\/v2\/posts\/30348\/revisions"}],"wp:featuredmedia":[{"embeddable":true,"href":"https:\/\/www.criserb.com\/blog\/wp-json\/wp\/v2\/media\/30349"}],"wp:attachment":[{"href":"https:\/\/www.criserb.com\/blog\/wp-json\/wp\/v2\/media?parent=30348"}],"wp:term":[{"taxonomy":"category","embeddable":true,"href":"https:\/\/www.criserb.com\/blog\/wp-json\/wp\/v2\/categories?post=30348"},{"taxonomy":"post_tag","embeddable":true,"href":"https:\/\/www.criserb.com\/blog\/wp-json\/wp\/v2\/tags?post=30348"}],"curies":[{"name":"wp","href":"https:\/\/api.w.org\/{rel}","templated":true}]}}