{"id":30350,"date":"2015-02-03T23:49:50","date_gmt":"2015-02-03T21:49:50","guid":{"rendered":"http:\/\/www.criserb.com\/blog\/?p=30350"},"modified":"2015-02-03T23:49:50","modified_gmt":"2015-02-03T21:49:50","slug":"sa-creasca-amenzile-de-ce-nu","status":"publish","type":"post","link":"https:\/\/www.criserb.com\/blog\/sa-creasca-amenzile-de-ce-nu\/","title":{"rendered":"S\u0103 creasc\u0103 amenzile, de ce nu?"},"content":{"rendered":"<p><img loading=\"lazy\" decoding=\"async\" class=\"aligncenter size-full wp-image-30351\" src=\"http:\/\/www.criserb.com\/blog\/poze\/2015\/02\/shutterstock_152142200.jpg\" alt=\"shutterstock_152142200\" width=\"1000\" height=\"667\" srcset=\"https:\/\/www.criserb.com\/blog\/poze\/2015\/02\/shutterstock_152142200.jpg 1000w, https:\/\/www.criserb.com\/blog\/poze\/2015\/02\/shutterstock_152142200-300x200.jpg 300w\" sizes=\"(max-width: 1000px) 100vw, 1000px\" \/><\/p>\n<p>Am auzit ast\u0103zi la radio c\u0103 se inten\u021bioneaz\u0103 m\u0103rirea amenzilor de circula\u021bie. Dar nu o m\u0103rire de c\u00e2teva procent a\u0219a cum am fost \u00eenv\u0103\u021ba\u021bi p\u00e2n\u0103 acum, ci c\u0103 vor fi ni\u0219te amenzi cu adev\u0103rat mari.<\/p>\n<p>Auzisem de sume de 500 &#8211; 2000 lei, pentru diverse \u00eenc\u0103lc\u0103ri ale legii.<\/p>\n<p>Din punctul meu de vedere s\u0103 se m\u0103reasc\u0103. S\u0103 fie a\u0219a de mari \u00eenc\u00e2t s\u0103 ne fie cu adev\u0103rat fric\u0103 s\u0103 \u00eenc\u0103lc\u0103m legea.<\/p>\n<p>Sunt sigur c\u0103 atunci c\u00e2nd un om de r\u00e2nd o s\u0103 trebuiasc\u0103 s\u0103 scoat\u0103 din buzunar 500 lei pentru o amend\u0103 c\u0103 data viitoare o s\u0103 fie mai atent.<\/p>\n<p>Am tot zis noi &#8220;uite \u00een Germania de aia respect\u0103 lumea legea pentru c\u0103 acolo sunt amenzi mari&#8221;. Da, probabil c\u0103 a\u0219a este. \u0218i atunci la noi de ce s\u0103 nu fie a\u0219a? Nu respect\u0103m legea pl\u0103tim, o respect\u0103m&#8230; atunci nu ne ating noile amenzi.<\/p>\n<p>S\u0103 nu crede\u021bi c\u0103 sunt un sf\u00e2nt, \u0219i eu mai \u00eencalc legea pe ici pe acolo. Nu-s perfect \u0219i nici nu vreau s\u0103 se \u00een\u021beleag\u0103 a\u0219a ceva. Dar dac\u0103 o s\u0103 fiu prins gre\u0219ind s\u0103 pl\u0103tesc, poate data viitoare am s\u0103 m\u0103 \u00eenv\u0103\u021b cumva minte.<\/p>\n<p>Ah, c\u0103 noile amenzi nu o s\u0103-i ating\u0103 pe milionari, asta este alt\u0103 poveste, dar cu siguran\u021b\u0103 o s\u0103 fie mul\u021bi care vor fi atin\u0219i \u0219i o s\u0103 se mai \u00eendrepte pu\u021bin lucrurile pe drumurile publice. O s\u0103 fie mai bine.<\/p>\n<p style=\"text-align: right;\"><em><a href=\"http:\/\/www.shutterstock.com\/pic-152142200\/stock-photo-police-in-hi-visibility-jackets-policing-crowd-control-at-a-uk-event.html?src=15K5-WTTLGJZSmfOYuhcHg-1-1&amp;ws=1\" target=\"_blank\">Poli\u021bi\u0219ti<\/a> via shutterstock.com<\/em><\/p>\n","protected":false},"excerpt":{"rendered":"<p>Am auzit ast\u0103zi la radio c\u0103 se inten\u021bioneaz\u0103 m\u0103rirea amenzilor de circula\u021bie. Dar nu o m\u0103rire de c\u00e2teva procent a\u0219a cum am fost \u00eenv\u0103\u021ba\u021bi p\u00e2n\u0103 acum, ci c\u0103 vor fi ni\u0219te amenzi cu adev\u0103rat mari. Auzisem de sume de 500 &#8211; 2000 lei, pentru diverse \u00eenc\u0103lc\u0103ri ale legii. Din punctul meu de vedere s\u0103 se&hellip;<\/p>\n","protected":false},"author":3,"featured_media":30351,"comment_status":"open","ping_status":"open","sticky":false,"template":"","format":"standard","meta":{"footnotes":""},"categories":[289],"tags":[4187,5210,6849],"yoast_head":"<!-- This site is optimized with the Yoast SEO plugin v24.5 - https:\/\/yoast.com\/wordpress\/plugins\/seo\/ -->\n<title>S\u0103 creasc\u0103 amenzile, de ce nu?<\/title>\n<meta name=\"robots\" content=\"index, follow, max-snippet:-1, max-image-preview:large, max-video-preview:-1\" \/>\n<link rel=\"canonical\" href=\"https:\/\/www.criserb.com\/blog\/sa-creasca-amenzile-de-ce-nu\/\" \/>\n<meta name=\"twitter:label1\" content=\"Written by\" \/>\n\t<meta name=\"twitter:data1\" content=\"criserb\" \/>\n\t<meta name=\"twitter:label2\" content=\"Est. reading time\" \/>\n\t<meta name=\"twitter:data2\" content=\"1 minute\" \/>\n<script type=\"application\/ld+json\" class=\"yoast-schema-graph\">{\"@context\":\"https:\/\/schema.org\",\"@graph\":[{\"@type\":\"Article\",\"@id\":\"https:\/\/www.criserb.com\/blog\/sa-creasca-amenzile-de-ce-nu\/#article\",\"isPartOf\":{\"@id\":\"https:\/\/www.criserb.com\/blog\/sa-creasca-amenzile-de-ce-nu\/\"},\"author\":{\"name\":\"criserb\",\"@id\":\"https:\/\/www.criserb.com\/blog\/#\/schema\/person\/8df5199bda4e628c32a10f318d8602b5\"},\"headline\":\"S\u0103 creasc\u0103 amenzile, de ce nu?\",\"datePublished\":\"2015-02-03T21:49:50+00:00\",\"mainEntityOfPage\":{\"@id\":\"https:\/\/www.criserb.com\/blog\/sa-creasca-amenzile-de-ce-nu\/\"},\"wordCount\":277,\"commentCount\":6,\"publisher\":{\"@id\":\"https:\/\/www.criserb.com\/blog\/#\/schema\/person\/8df5199bda4e628c32a10f318d8602b5\"},\"image\":{\"@id\":\"https:\/\/www.criserb.com\/blog\/sa-creasca-amenzile-de-ce-nu\/#primaryimage\"},\"thumbnailUrl\":\"https:\/\/www.criserb.com\/blog\/poze\/2015\/02\/shutterstock_152142200.jpg\",\"keywords\":[\"Amenzi\",\"Amenzi auto\",\"M\u0103rirea amenzilor\"],\"articleSection\":[\"drumuri\"],\"inLanguage\":\"en-US\",\"potentialAction\":[{\"@type\":\"CommentAction\",\"name\":\"Comment\",\"target\":[\"https:\/\/www.criserb.com\/blog\/sa-creasca-amenzile-de-ce-nu\/#respond\"]}]},{\"@type\":\"WebPage\",\"@id\":\"https:\/\/www.criserb.com\/blog\/sa-creasca-amenzile-de-ce-nu\/\",\"url\":\"https:\/\/www.criserb.com\/blog\/sa-creasca-amenzile-de-ce-nu\/\",\"name\":\"S\u0103 creasc\u0103 amenzile, de ce nu?\",\"isPartOf\":{\"@id\":\"https:\/\/www.criserb.com\/blog\/#website\"},\"primaryImageOfPage\":{\"@id\":\"https:\/\/www.criserb.com\/blog\/sa-creasca-amenzile-de-ce-nu\/#primaryimage\"},\"image\":{\"@id\":\"https:\/\/www.criserb.com\/blog\/sa-creasca-amenzile-de-ce-nu\/#primaryimage\"},\"thumbnailUrl\":\"https:\/\/www.criserb.com\/blog\/poze\/2015\/02\/shutterstock_152142200.jpg\",\"datePublished\":\"2015-02-03T21:49:50+00:00\",\"breadcrumb\":{\"@id\":\"https:\/\/www.criserb.com\/blog\/sa-creasca-amenzile-de-ce-nu\/#breadcrumb\"},\"inLanguage\":\"en-US\",\"potentialAction\":[{\"@type\":\"ReadAction\",\"target\":[\"https:\/\/www.criserb.com\/blog\/sa-creasca-amenzile-de-ce-nu\/\"]}]},{\"@type\":\"ImageObject\",\"inLanguage\":\"en-US\",\"@id\":\"https:\/\/www.criserb.com\/blog\/sa-creasca-amenzile-de-ce-nu\/#primaryimage\",\"url\":\"https:\/\/www.criserb.com\/blog\/poze\/2015\/02\/shutterstock_152142200.jpg\",\"contentUrl\":\"https:\/\/www.criserb.com\/blog\/poze\/2015\/02\/shutterstock_152142200.jpg\",\"width\":1000,\"height\":667},{\"@type\":\"BreadcrumbList\",\"@id\":\"https:\/\/www.criserb.com\/blog\/sa-creasca-amenzile-de-ce-nu\/#breadcrumb\",\"itemListElement\":[{\"@type\":\"ListItem\",\"position\":1,\"name\":\"Home\",\"item\":\"https:\/\/www.criserb.com\/blog\/\"},{\"@type\":\"ListItem\",\"position\":2,\"name\":\"S\u0103 creasc\u0103 amenzile, de ce nu?\"}]},{\"@type\":\"WebSite\",\"@id\":\"https:\/\/www.criserb.com\/blog\/#website\",\"url\":\"https:\/\/www.criserb.com\/blog\/\",\"name\":\"criserb.com\",\"description\":\"Nimic ce merita citit :)\",\"publisher\":{\"@id\":\"https:\/\/www.criserb.com\/blog\/#\/schema\/person\/8df5199bda4e628c32a10f318d8602b5\"},\"potentialAction\":[{\"@type\":\"SearchAction\",\"target\":{\"@type\":\"EntryPoint\",\"urlTemplate\":\"https:\/\/www.criserb.com\/blog\/?s={search_term_string}\"},\"query-input\":{\"@type\":\"PropertyValueSpecification\",\"valueRequired\":true,\"valueName\":\"search_term_string\"}}],\"inLanguage\":\"en-US\"},{\"@type\":[\"Person\",\"Organization\"],\"@id\":\"https:\/\/www.criserb.com\/blog\/#\/schema\/person\/8df5199bda4e628c32a10f318d8602b5\",\"name\":\"criserb\",\"image\":{\"@type\":\"ImageObject\",\"inLanguage\":\"en-US\",\"@id\":\"https:\/\/www.criserb.com\/blog\/#\/schema\/person\/image\/\",\"url\":\"http:\/\/0.gravatar.com\/avatar\/fdb6cca710f39545f0c4b5b936c390b4?s=96&d=monsterid&r=pg\",\"contentUrl\":\"http:\/\/0.gravatar.com\/avatar\/fdb6cca710f39545f0c4b5b936c390b4?s=96&d=monsterid&r=pg\",\"caption\":\"criserb\"},\"logo\":{\"@id\":\"https:\/\/www.criserb.com\/blog\/#\/schema\/person\/image\/\"},\"sameAs\":[\"http:\/\/www.criserb.com\"],\"url\":\"https:\/\/www.criserb.com\/blog\/author\/criserb\/\"}]}<\/script>\n<!-- \/ Yoast SEO plugin. -->","yoast_head_json":{"title":"S\u0103 creasc\u0103 amenzile, de ce nu?","robots":{"index":"index","follow":"follow","max-snippet":"max-snippet:-1","max-image-preview":"max-image-preview:large","max-video-preview":"max-video-preview:-1"},"canonical":"https:\/\/www.criserb.com\/blog\/sa-creasca-amenzile-de-ce-nu\/","twitter_misc":{"Written by":"criserb","Est. reading time":"1 minute"},"schema":{"@context":"https:\/\/schema.org","@graph":[{"@type":"Article","@id":"https:\/\/www.criserb.com\/blog\/sa-creasca-amenzile-de-ce-nu\/#article","isPartOf":{"@id":"https:\/\/www.criserb.com\/blog\/sa-creasca-amenzile-de-ce-nu\/"},"author":{"name":"criserb","@id":"https:\/\/www.criserb.com\/blog\/#\/schema\/person\/8df5199bda4e628c32a10f318d8602b5"},"headline":"S\u0103 creasc\u0103 amenzile, de ce nu?","datePublished":"2015-02-03T21:49:50+00:00","mainEntityOfPage":{"@id":"https:\/\/www.criserb.com\/blog\/sa-creasca-amenzile-de-ce-nu\/"},"wordCount":277,"commentCount":6,"publisher":{"@id":"https:\/\/www.criserb.com\/blog\/#\/schema\/person\/8df5199bda4e628c32a10f318d8602b5"},"image":{"@id":"https:\/\/www.criserb.com\/blog\/sa-creasca-amenzile-de-ce-nu\/#primaryimage"},"thumbnailUrl":"https:\/\/www.criserb.com\/blog\/poze\/2015\/02\/shutterstock_152142200.jpg","keywords":["Amenzi","Amenzi auto","M\u0103rirea amenzilor"],"articleSection":["drumuri"],"inLanguage":"en-US","potentialAction":[{"@type":"CommentAction","name":"Comment","target":["https:\/\/www.criserb.com\/blog\/sa-creasca-amenzile-de-ce-nu\/#respond"]}]},{"@type":"WebPage","@id":"https:\/\/www.criserb.com\/blog\/sa-creasca-amenzile-de-ce-nu\/","url":"https:\/\/www.criserb.com\/blog\/sa-creasca-amenzile-de-ce-nu\/","name":"S\u0103 creasc\u0103 amenzile, de ce nu?","isPartOf":{"@id":"https:\/\/www.criserb.com\/blog\/#website"},"primaryImageOfPage":{"@id":"https:\/\/www.criserb.com\/blog\/sa-creasca-amenzile-de-ce-nu\/#primaryimage"},"image":{"@id":"https:\/\/www.criserb.com\/blog\/sa-creasca-amenzile-de-ce-nu\/#primaryimage"},"thumbnailUrl":"https:\/\/www.criserb.com\/blog\/poze\/2015\/02\/shutterstock_152142200.jpg","datePublished":"2015-02-03T21:49:50+00:00","breadcrumb":{"@id":"https:\/\/www.criserb.com\/blog\/sa-creasca-amenzile-de-ce-nu\/#breadcrumb"},"inLanguage":"en-US","potentialAction":[{"@type":"ReadAction","target":["https:\/\/www.criserb.com\/blog\/sa-creasca-amenzile-de-ce-nu\/"]}]},{"@type":"ImageObject","inLanguage":"en-US","@id":"https:\/\/www.criserb.com\/blog\/sa-creasca-amenzile-de-ce-nu\/#primaryimage","url":"https:\/\/www.criserb.com\/blog\/poze\/2015\/02\/shutterstock_152142200.jpg","contentUrl":"https:\/\/www.criserb.com\/blog\/poze\/2015\/02\/shutterstock_152142200.jpg","width":1000,"height":667},{"@type":"BreadcrumbList","@id":"https:\/\/www.criserb.com\/blog\/sa-creasca-amenzile-de-ce-nu\/#breadcrumb","itemListElement":[{"@type":"ListItem","position":1,"name":"Home","item":"https:\/\/www.criserb.com\/blog\/"},{"@type":"ListItem","position":2,"name":"S\u0103 creasc\u0103 amenzile, de ce nu?"}]},{"@type":"WebSite","@id":"https:\/\/www.criserb.com\/blog\/#website","url":"https:\/\/www.criserb.com\/blog\/","name":"criserb.com","description":"Nimic ce merita citit :)","publisher":{"@id":"https:\/\/www.criserb.com\/blog\/#\/schema\/person\/8df5199bda4e628c32a10f318d8602b5"},"potentialAction":[{"@type":"SearchAction","target":{"@type":"EntryPoint","urlTemplate":"https:\/\/www.criserb.com\/blog\/?s={search_term_string}"},"query-input":{"@type":"PropertyValueSpecification","valueRequired":true,"valueName":"search_term_string"}}],"inLanguage":"en-US"},{"@type":["Person","Organization"],"@id":"https:\/\/www.criserb.com\/blog\/#\/schema\/person\/8df5199bda4e628c32a10f318d8602b5","name":"criserb","image":{"@type":"ImageObject","inLanguage":"en-US","@id":"https:\/\/www.criserb.com\/blog\/#\/schema\/person\/image\/","url":"http:\/\/0.gravatar.com\/avatar\/fdb6cca710f39545f0c4b5b936c390b4?s=96&d=monsterid&r=pg","contentUrl":"http:\/\/0.gravatar.com\/avatar\/fdb6cca710f39545f0c4b5b936c390b4?s=96&d=monsterid&r=pg","caption":"criserb"},"logo":{"@id":"https:\/\/www.criserb.com\/blog\/#\/schema\/person\/image\/"},"sameAs":["http:\/\/www.criserb.com"],"url":"https:\/\/www.criserb.com\/blog\/author\/criserb\/"}]}},"_links":{"self":[{"href":"https:\/\/www.criserb.com\/blog\/wp-json\/wp\/v2\/posts\/30350"}],"collection":[{"href":"https:\/\/www.criserb.com\/blog\/wp-json\/wp\/v2\/posts"}],"about":[{"href":"https:\/\/www.criserb.com\/blog\/wp-json\/wp\/v2\/types\/post"}],"author":[{"embeddable":true,"href":"https:\/\/www.criserb.com\/blog\/wp-json\/wp\/v2\/users\/3"}],"replies":[{"embeddable":true,"href":"https:\/\/www.criserb.com\/blog\/wp-json\/wp\/v2\/comments?post=30350"}],"version-history":[{"count":0,"href":"https:\/\/www.criserb.com\/blog\/wp-json\/wp\/v2\/posts\/30350\/revisions"}],"wp:featuredmedia":[{"embeddable":true,"href":"https:\/\/www.criserb.com\/blog\/wp-json\/wp\/v2\/media\/30351"}],"wp:attachment":[{"href":"https:\/\/www.criserb.com\/blog\/wp-json\/wp\/v2\/media?parent=30350"}],"wp:term":[{"taxonomy":"category","embeddable":true,"href":"https:\/\/www.criserb.com\/blog\/wp-json\/wp\/v2\/categories?post=30350"},{"taxonomy":"post_tag","embeddable":true,"href":"https:\/\/www.criserb.com\/blog\/wp-json\/wp\/v2\/tags?post=30350"}],"curies":[{"name":"wp","href":"https:\/\/api.w.org\/{rel}","templated":true}]}}