{"id":30397,"date":"2015-02-17T23:42:42","date_gmt":"2015-02-17T21:42:42","guid":{"rendered":"http:\/\/www.criserb.com\/blog\/?p=30397"},"modified":"2015-02-18T12:14:30","modified_gmt":"2015-02-18T10:14:30","slug":"de-ce-nu-m-am-sinucis-la-19-ani","status":"publish","type":"post","link":"https:\/\/www.criserb.com\/blog\/de-ce-nu-m-am-sinucis-la-19-ani\/","title":{"rendered":"De ce nu m-am sinucis la 19 ani"},"content":{"rendered":"<p><img loading=\"lazy\" decoding=\"async\" class=\"aligncenter size-full wp-image-30399\" src=\"http:\/\/www.criserb.com\/blog\/poze\/2015\/02\/shutterstock_219332401.jpg\" alt=\"shutterstock_219332401\" width=\"1000\" height=\"667\" srcset=\"https:\/\/www.criserb.com\/blog\/poze\/2015\/02\/shutterstock_219332401.jpg 1000w, https:\/\/www.criserb.com\/blog\/poze\/2015\/02\/shutterstock_219332401-300x200.jpg 300w\" sizes=\"(max-width: 1000px) 100vw, 1000px\" \/><\/p>\n<p>Spre deosebire de <a href=\"http:\/\/www.realitatea.net\/tentativa-de-sinucidere-la-metrou-circulatia-intrerupta_1633691.html\" target=\"_blank\">t\u00e2n\u0103rul care ast\u0103zi s-a aruncat \u00een fa\u021ba metroului<\/a> eu am avut mai mult\u0103 minte.<\/p>\n<p>Am trecut \u0219i eu prin depresii, am fost \u0219i eu p\u0103r\u0103sit de fete, dar via\u021ba nu este f\u0103cut\u0103 numai din d&#8217;astea. Pe l\u00e2ng\u0103 depresiile pe care le are un t\u00e2n\u0103r la v\u00e2rsta aia trebuie s\u0103 se g\u00e2ndeasc\u0103 mai mult, s\u0103 se g\u00e2ndeasc\u0103 la p\u0103rin\u021bii lui care nu merit\u0103 s\u0103 sufere, care nu merit\u0103 s\u0103 sufere pentru a\u0219a ceva.<\/p>\n<p>Dup\u0103 fiecare problem\u0103 pe care am avut-o au venit \u0219i lucruri mai bune, au venit alte clipe faine \u0219i&#8230; alte desp\u0103r\u021biri. Adev\u0103rul este c\u0103 fiecare desp\u0103r\u021bire este un pas \u00eenainte, te fac s\u0103 ajungi la alte persoane care-\u021bi fac via\u021ba mai frumoas\u0103.<\/p>\n<p>Ce pierdeam dac\u0103 m\u0103 sinucideam la v\u00e2rsta aia?<\/p>\n<p>Nici nu \u0219tiu cu ce a\u0219 putea s\u0103 \u00eencep. A\u0219 fi pierdut toate lucrurile care m-au f\u0103cut s\u0103 z\u00e2mbesc \u00een ace\u0219ti ani, a\u0219 fi pierdut clipele frumoase pe care le tr\u0103iesc ast\u0103zi \u0219i mi-a\u0219 fi b\u0103gat p\u0103rin\u021bii \u00een morm\u00e2nt mult prea devreme.<\/p>\n<p>Sinuciderea dup\u0103 mine este <strong>un gest de la\u0219itate<\/strong>, un gest pe care eu nu pot s\u0103-l \u00een\u021beleg dec\u00e2t poate \u00een situa\u021bii cu adev\u0103rat disperate. Situa\u021bii nasoale \u00een care realizezi c\u0103 nu ai nici o alt\u0103 \u0219ans\u0103. Poate o boala incurabil\u0103, poate. Poate acele momente \u00een care realizezi c\u0103 via\u021ba ta chiar nu mai conteaz\u0103 \u0219i este mai u\u0219or s\u0103 renun\u021bi la ea dec\u00e2t s\u0103 supor\u021bi toate chinurile unei boli. Poate.<\/p>\n<p>Nici cu asta nu a\u0219 fi de acord, nici atunci hai c\u0103 a\u0219 mai putea avea o oarecare \u00een\u021belegere.<\/p>\n<p>\u0218i s\u0103 revenim, de ce s\u0103 te sinucizi c\u0103 \u021bi-a dat una papucii? Merit\u0103 cei pe care \u00eei la\u0219i \u00een urm\u0103 durerea pe care le-o provoci, pentru c\u0103 tu e\u0219ti&#8230; bolnav (alt\u0103 variant\u0103 chiar nu v\u0103d)?<\/p>\n<p>Nu merit\u0103 dragilor. Nimeni nu merit\u0103 s\u0103 aud\u0103 c\u0103 a lui copil s-a sinucis. Chiar nu conteaz\u0103 motivul \u0219i problema de doi lei pe care a avut-o, pentru c\u0103 problema chiar este de doi lei. O chestie minor\u0103 care trece, care peste c\u00e2teva zile, poate s\u0103pt\u0103m\u00e2ni este doar o amintire haioas\u0103.<\/p>\n<p>Deci fra\u021bilor, c\u00e2nd mai ave\u021bi g\u00e2nduri d&#8217;astea, g\u00e2ndi\u021bi-v\u0103 la cei apropia\u021bi, ei ar trebui s\u0103 fie cele mai importante persoane pentru voi, nu gagica\u00a0pentru care v\u0103 sinucide\u021bi. Ea este trec\u0103toare, azi e una, m\u00e2ine este alta, ai vo\u0219tri sunt cei care conteaz\u0103.<\/p>\n<p style=\"text-align: right;\"><em>Foto\u00a0<a href=\"http:\/\/www.shutterstock.com\/pic-219332401\/stock-photo-woman-is-going-to-commit-suicide-on-railway-tracks.html?src=QN9Ek9A6QmF8ruiuCmcZQw-1-96&amp;ws=1\" target=\"_blank\">Woman is going to commit suicide<\/a> via\u00a0shutterstock.com<\/em><\/p>\n","protected":false},"excerpt":{"rendered":"<p>Spre deosebire de t\u00e2n\u0103rul care ast\u0103zi s-a aruncat \u00een fa\u021ba metroului eu am avut mai mult\u0103 minte. Am trecut \u0219i eu prin depresii, am fost \u0219i eu p\u0103r\u0103sit de fete, dar via\u021ba nu este f\u0103cut\u0103 numai din d&#8217;astea. Pe l\u00e2ng\u0103 depresiile pe care le are un t\u00e2n\u0103r la v\u00e2rsta aia trebuie s\u0103 se g\u00e2ndeasc\u0103 mai&hellip;<\/p>\n","protected":false},"author":3,"featured_media":30399,"comment_status":"open","ping_status":"open","sticky":false,"template":"","format":"standard","meta":{"footnotes":""},"categories":[45],"tags":[6865,468,1958],"yoast_head":"<!-- This site is optimized with the Yoast SEO plugin v24.5 - https:\/\/yoast.com\/wordpress\/plugins\/seo\/ -->\n<title>De ce nu m-am sinucis la 19 ani<\/title>\n<meta name=\"robots\" content=\"index, follow, max-snippet:-1, max-image-preview:large, max-video-preview:-1\" \/>\n<link rel=\"canonical\" href=\"https:\/\/www.criserb.com\/blog\/de-ce-nu-m-am-sinucis-la-19-ani\/\" \/>\n<meta name=\"twitter:label1\" content=\"Written by\" \/>\n\t<meta name=\"twitter:data1\" content=\"criserb\" \/>\n\t<meta name=\"twitter:label2\" content=\"Est. reading time\" \/>\n\t<meta name=\"twitter:data2\" content=\"2 minutes\" \/>\n<script type=\"application\/ld+json\" class=\"yoast-schema-graph\">{\"@context\":\"https:\/\/schema.org\",\"@graph\":[{\"@type\":\"Article\",\"@id\":\"https:\/\/www.criserb.com\/blog\/de-ce-nu-m-am-sinucis-la-19-ani\/#article\",\"isPartOf\":{\"@id\":\"https:\/\/www.criserb.com\/blog\/de-ce-nu-m-am-sinucis-la-19-ani\/\"},\"author\":{\"name\":\"criserb\",\"@id\":\"https:\/\/www.criserb.com\/blog\/#\/schema\/person\/8df5199bda4e628c32a10f318d8602b5\"},\"headline\":\"De ce nu m-am sinucis la 19 ani\",\"datePublished\":\"2015-02-17T21:42:42+00:00\",\"dateModified\":\"2015-02-18T10:14:30+00:00\",\"mainEntityOfPage\":{\"@id\":\"https:\/\/www.criserb.com\/blog\/de-ce-nu-m-am-sinucis-la-19-ani\/\"},\"wordCount\":468,\"commentCount\":1,\"publisher\":{\"@id\":\"https:\/\/www.criserb.com\/blog\/#\/schema\/person\/8df5199bda4e628c32a10f318d8602b5\"},\"image\":{\"@id\":\"https:\/\/www.criserb.com\/blog\/de-ce-nu-m-am-sinucis-la-19-ani\/#primaryimage\"},\"thumbnailUrl\":\"https:\/\/www.criserb.com\/blog\/poze\/2015\/02\/shutterstock_219332401.jpg\",\"keywords\":[\"Depresii\",\"Metrou\",\"Sinucidere\"],\"articleSection\":[\"Probleme\"],\"inLanguage\":\"en-US\",\"potentialAction\":[{\"@type\":\"CommentAction\",\"name\":\"Comment\",\"target\":[\"https:\/\/www.criserb.com\/blog\/de-ce-nu-m-am-sinucis-la-19-ani\/#respond\"]}]},{\"@type\":\"WebPage\",\"@id\":\"https:\/\/www.criserb.com\/blog\/de-ce-nu-m-am-sinucis-la-19-ani\/\",\"url\":\"https:\/\/www.criserb.com\/blog\/de-ce-nu-m-am-sinucis-la-19-ani\/\",\"name\":\"De ce nu m-am sinucis la 19 ani\",\"isPartOf\":{\"@id\":\"https:\/\/www.criserb.com\/blog\/#website\"},\"primaryImageOfPage\":{\"@id\":\"https:\/\/www.criserb.com\/blog\/de-ce-nu-m-am-sinucis-la-19-ani\/#primaryimage\"},\"image\":{\"@id\":\"https:\/\/www.criserb.com\/blog\/de-ce-nu-m-am-sinucis-la-19-ani\/#primaryimage\"},\"thumbnailUrl\":\"https:\/\/www.criserb.com\/blog\/poze\/2015\/02\/shutterstock_219332401.jpg\",\"datePublished\":\"2015-02-17T21:42:42+00:00\",\"dateModified\":\"2015-02-18T10:14:30+00:00\",\"breadcrumb\":{\"@id\":\"https:\/\/www.criserb.com\/blog\/de-ce-nu-m-am-sinucis-la-19-ani\/#breadcrumb\"},\"inLanguage\":\"en-US\",\"potentialAction\":[{\"@type\":\"ReadAction\",\"target\":[\"https:\/\/www.criserb.com\/blog\/de-ce-nu-m-am-sinucis-la-19-ani\/\"]}]},{\"@type\":\"ImageObject\",\"inLanguage\":\"en-US\",\"@id\":\"https:\/\/www.criserb.com\/blog\/de-ce-nu-m-am-sinucis-la-19-ani\/#primaryimage\",\"url\":\"https:\/\/www.criserb.com\/blog\/poze\/2015\/02\/shutterstock_219332401.jpg\",\"contentUrl\":\"https:\/\/www.criserb.com\/blog\/poze\/2015\/02\/shutterstock_219332401.jpg\",\"width\":1000,\"height\":667},{\"@type\":\"BreadcrumbList\",\"@id\":\"https:\/\/www.criserb.com\/blog\/de-ce-nu-m-am-sinucis-la-19-ani\/#breadcrumb\",\"itemListElement\":[{\"@type\":\"ListItem\",\"position\":1,\"name\":\"Home\",\"item\":\"https:\/\/www.criserb.com\/blog\/\"},{\"@type\":\"ListItem\",\"position\":2,\"name\":\"De ce nu m-am sinucis la 19 ani\"}]},{\"@type\":\"WebSite\",\"@id\":\"https:\/\/www.criserb.com\/blog\/#website\",\"url\":\"https:\/\/www.criserb.com\/blog\/\",\"name\":\"criserb.com\",\"description\":\"Nimic ce merita citit :)\",\"publisher\":{\"@id\":\"https:\/\/www.criserb.com\/blog\/#\/schema\/person\/8df5199bda4e628c32a10f318d8602b5\"},\"potentialAction\":[{\"@type\":\"SearchAction\",\"target\":{\"@type\":\"EntryPoint\",\"urlTemplate\":\"https:\/\/www.criserb.com\/blog\/?s={search_term_string}\"},\"query-input\":{\"@type\":\"PropertyValueSpecification\",\"valueRequired\":true,\"valueName\":\"search_term_string\"}}],\"inLanguage\":\"en-US\"},{\"@type\":[\"Person\",\"Organization\"],\"@id\":\"https:\/\/www.criserb.com\/blog\/#\/schema\/person\/8df5199bda4e628c32a10f318d8602b5\",\"name\":\"criserb\",\"image\":{\"@type\":\"ImageObject\",\"inLanguage\":\"en-US\",\"@id\":\"https:\/\/www.criserb.com\/blog\/#\/schema\/person\/image\/\",\"url\":\"http:\/\/0.gravatar.com\/avatar\/fdb6cca710f39545f0c4b5b936c390b4?s=96&d=monsterid&r=pg\",\"contentUrl\":\"http:\/\/0.gravatar.com\/avatar\/fdb6cca710f39545f0c4b5b936c390b4?s=96&d=monsterid&r=pg\",\"caption\":\"criserb\"},\"logo\":{\"@id\":\"https:\/\/www.criserb.com\/blog\/#\/schema\/person\/image\/\"},\"sameAs\":[\"http:\/\/www.criserb.com\"],\"url\":\"https:\/\/www.criserb.com\/blog\/author\/criserb\/\"}]}<\/script>\n<!-- \/ Yoast SEO plugin. -->","yoast_head_json":{"title":"De ce nu m-am sinucis la 19 ani","robots":{"index":"index","follow":"follow","max-snippet":"max-snippet:-1","max-image-preview":"max-image-preview:large","max-video-preview":"max-video-preview:-1"},"canonical":"https:\/\/www.criserb.com\/blog\/de-ce-nu-m-am-sinucis-la-19-ani\/","twitter_misc":{"Written by":"criserb","Est. reading time":"2 minutes"},"schema":{"@context":"https:\/\/schema.org","@graph":[{"@type":"Article","@id":"https:\/\/www.criserb.com\/blog\/de-ce-nu-m-am-sinucis-la-19-ani\/#article","isPartOf":{"@id":"https:\/\/www.criserb.com\/blog\/de-ce-nu-m-am-sinucis-la-19-ani\/"},"author":{"name":"criserb","@id":"https:\/\/www.criserb.com\/blog\/#\/schema\/person\/8df5199bda4e628c32a10f318d8602b5"},"headline":"De ce nu m-am sinucis la 19 ani","datePublished":"2015-02-17T21:42:42+00:00","dateModified":"2015-02-18T10:14:30+00:00","mainEntityOfPage":{"@id":"https:\/\/www.criserb.com\/blog\/de-ce-nu-m-am-sinucis-la-19-ani\/"},"wordCount":468,"commentCount":1,"publisher":{"@id":"https:\/\/www.criserb.com\/blog\/#\/schema\/person\/8df5199bda4e628c32a10f318d8602b5"},"image":{"@id":"https:\/\/www.criserb.com\/blog\/de-ce-nu-m-am-sinucis-la-19-ani\/#primaryimage"},"thumbnailUrl":"https:\/\/www.criserb.com\/blog\/poze\/2015\/02\/shutterstock_219332401.jpg","keywords":["Depresii","Metrou","Sinucidere"],"articleSection":["Probleme"],"inLanguage":"en-US","potentialAction":[{"@type":"CommentAction","name":"Comment","target":["https:\/\/www.criserb.com\/blog\/de-ce-nu-m-am-sinucis-la-19-ani\/#respond"]}]},{"@type":"WebPage","@id":"https:\/\/www.criserb.com\/blog\/de-ce-nu-m-am-sinucis-la-19-ani\/","url":"https:\/\/www.criserb.com\/blog\/de-ce-nu-m-am-sinucis-la-19-ani\/","name":"De ce nu m-am sinucis la 19 ani","isPartOf":{"@id":"https:\/\/www.criserb.com\/blog\/#website"},"primaryImageOfPage":{"@id":"https:\/\/www.criserb.com\/blog\/de-ce-nu-m-am-sinucis-la-19-ani\/#primaryimage"},"image":{"@id":"https:\/\/www.criserb.com\/blog\/de-ce-nu-m-am-sinucis-la-19-ani\/#primaryimage"},"thumbnailUrl":"https:\/\/www.criserb.com\/blog\/poze\/2015\/02\/shutterstock_219332401.jpg","datePublished":"2015-02-17T21:42:42+00:00","dateModified":"2015-02-18T10:14:30+00:00","breadcrumb":{"@id":"https:\/\/www.criserb.com\/blog\/de-ce-nu-m-am-sinucis-la-19-ani\/#breadcrumb"},"inLanguage":"en-US","potentialAction":[{"@type":"ReadAction","target":["https:\/\/www.criserb.com\/blog\/de-ce-nu-m-am-sinucis-la-19-ani\/"]}]},{"@type":"ImageObject","inLanguage":"en-US","@id":"https:\/\/www.criserb.com\/blog\/de-ce-nu-m-am-sinucis-la-19-ani\/#primaryimage","url":"https:\/\/www.criserb.com\/blog\/poze\/2015\/02\/shutterstock_219332401.jpg","contentUrl":"https:\/\/www.criserb.com\/blog\/poze\/2015\/02\/shutterstock_219332401.jpg","width":1000,"height":667},{"@type":"BreadcrumbList","@id":"https:\/\/www.criserb.com\/blog\/de-ce-nu-m-am-sinucis-la-19-ani\/#breadcrumb","itemListElement":[{"@type":"ListItem","position":1,"name":"Home","item":"https:\/\/www.criserb.com\/blog\/"},{"@type":"ListItem","position":2,"name":"De ce nu m-am sinucis la 19 ani"}]},{"@type":"WebSite","@id":"https:\/\/www.criserb.com\/blog\/#website","url":"https:\/\/www.criserb.com\/blog\/","name":"criserb.com","description":"Nimic ce merita citit :)","publisher":{"@id":"https:\/\/www.criserb.com\/blog\/#\/schema\/person\/8df5199bda4e628c32a10f318d8602b5"},"potentialAction":[{"@type":"SearchAction","target":{"@type":"EntryPoint","urlTemplate":"https:\/\/www.criserb.com\/blog\/?s={search_term_string}"},"query-input":{"@type":"PropertyValueSpecification","valueRequired":true,"valueName":"search_term_string"}}],"inLanguage":"en-US"},{"@type":["Person","Organization"],"@id":"https:\/\/www.criserb.com\/blog\/#\/schema\/person\/8df5199bda4e628c32a10f318d8602b5","name":"criserb","image":{"@type":"ImageObject","inLanguage":"en-US","@id":"https:\/\/www.criserb.com\/blog\/#\/schema\/person\/image\/","url":"http:\/\/0.gravatar.com\/avatar\/fdb6cca710f39545f0c4b5b936c390b4?s=96&d=monsterid&r=pg","contentUrl":"http:\/\/0.gravatar.com\/avatar\/fdb6cca710f39545f0c4b5b936c390b4?s=96&d=monsterid&r=pg","caption":"criserb"},"logo":{"@id":"https:\/\/www.criserb.com\/blog\/#\/schema\/person\/image\/"},"sameAs":["http:\/\/www.criserb.com"],"url":"https:\/\/www.criserb.com\/blog\/author\/criserb\/"}]}},"_links":{"self":[{"href":"https:\/\/www.criserb.com\/blog\/wp-json\/wp\/v2\/posts\/30397"}],"collection":[{"href":"https:\/\/www.criserb.com\/blog\/wp-json\/wp\/v2\/posts"}],"about":[{"href":"https:\/\/www.criserb.com\/blog\/wp-json\/wp\/v2\/types\/post"}],"author":[{"embeddable":true,"href":"https:\/\/www.criserb.com\/blog\/wp-json\/wp\/v2\/users\/3"}],"replies":[{"embeddable":true,"href":"https:\/\/www.criserb.com\/blog\/wp-json\/wp\/v2\/comments?post=30397"}],"version-history":[{"count":0,"href":"https:\/\/www.criserb.com\/blog\/wp-json\/wp\/v2\/posts\/30397\/revisions"}],"wp:featuredmedia":[{"embeddable":true,"href":"https:\/\/www.criserb.com\/blog\/wp-json\/wp\/v2\/media\/30399"}],"wp:attachment":[{"href":"https:\/\/www.criserb.com\/blog\/wp-json\/wp\/v2\/media?parent=30397"}],"wp:term":[{"taxonomy":"category","embeddable":true,"href":"https:\/\/www.criserb.com\/blog\/wp-json\/wp\/v2\/categories?post=30397"},{"taxonomy":"post_tag","embeddable":true,"href":"https:\/\/www.criserb.com\/blog\/wp-json\/wp\/v2\/tags?post=30397"}],"curies":[{"name":"wp","href":"https:\/\/api.w.org\/{rel}","templated":true}]}}