{"id":30842,"date":"2015-05-05T16:45:30","date_gmt":"2015-05-05T13:45:30","guid":{"rendered":"https:\/\/www.criserb.com\/blog\/?p=30842"},"modified":"2015-05-05T16:45:30","modified_gmt":"2015-05-05T13:45:30","slug":"nebunie-mare-in-bucuresti-astazi-si-la-suprafata-si-in-subteran","status":"publish","type":"post","link":"https:\/\/www.criserb.com\/blog\/nebunie-mare-in-bucuresti-astazi-si-la-suprafata-si-in-subteran\/","title":{"rendered":"Nebunie mare \u00een Bucure\u0219ti ast\u0103zi, \u0219i la suprafa\u021b\u0103 \u0219i \u00een subteran"},"content":{"rendered":"<p>Am fost \u0219i eu ast\u0103zi p\u00e2n\u0103 la birou, am avut pu\u021bin\u0103 treab\u0103, \u00een rest am lucrat de acas\u0103.<\/p>\n<p>Era nebunie pe str\u0103zi, am f\u0103cut aproape o or\u0103 de la Mall-ul din Vitan p\u00e2n\u0103 la Roman\u0103. M-am g\u00e2ndit de c\u00e2teva ori dac\u0103 nu ar fi bine s\u0103 m\u0103 duc cu metroul pentru a evita nebunia de la suprafa\u021b\u0103. Nu m-am dus, am v\u0103zut poza asta pe facebook.<\/p>\n<p><a href=\"https:\/\/www.criserb.com\/blog\/poze\/2015\/05\/11150396_847814395254763_692234899308889764_n.jpg\" data-lbwps-width=\"720\" data-lbwps-height=\"960\" data-lbwps-srcsmall=\"https:\/\/www.criserb.com\/blog\/poze\/2015\/05\/11150396_847814395254763_692234899308889764_n.jpg\"><img loading=\"lazy\" decoding=\"async\" class=\"aligncenter size-full wp-image-30844\" src=\"https:\/\/www.criserb.com\/blog\/poze\/2015\/05\/11150396_847814395254763_692234899308889764_n.jpg\" alt=\"11150396_847814395254763_692234899308889764_n\" width=\"720\" height=\"960\" srcset=\"https:\/\/www.criserb.com\/blog\/poze\/2015\/05\/11150396_847814395254763_692234899308889764_n.jpg 720w, https:\/\/www.criserb.com\/blog\/poze\/2015\/05\/11150396_847814395254763_692234899308889764_n-300x400.jpg 300w\" sizes=\"(max-width: 720px) 100vw, 720px\" \/><\/a><\/p>\n<p>Nici la suprafa\u021b\u0103 nu a fost mai bine, dup\u0103 cum se poate vedea \u00een poza de mai jos.<\/p>\n<p><a href=\"https:\/\/www.criserb.com\/blog\/poze\/2015\/05\/22497_828659013879182_4634719404538804930_n.jpg\" data-lbwps-width=\"960\" data-lbwps-height=\"540\" data-lbwps-srcsmall=\"https:\/\/www.criserb.com\/blog\/poze\/2015\/05\/22497_828659013879182_4634719404538804930_n-300x169.jpg\"><img loading=\"lazy\" decoding=\"async\" class=\"aligncenter size-full wp-image-30845\" src=\"https:\/\/www.criserb.com\/blog\/poze\/2015\/05\/22497_828659013879182_4634719404538804930_n.jpg\" alt=\"22497_828659013879182_4634719404538804930_n\" width=\"960\" height=\"540\" srcset=\"https:\/\/www.criserb.com\/blog\/poze\/2015\/05\/22497_828659013879182_4634719404538804930_n.jpg 960w, https:\/\/www.criserb.com\/blog\/poze\/2015\/05\/22497_828659013879182_4634719404538804930_n-300x169.jpg 300w\" sizes=\"(max-width: 960px) 100vw, 960px\" \/><\/a><\/p>\n<p>So, are cineva idee ce s-a \u00eent\u00e2mplat ast\u0103zi \u00een ora\u0219? Nebunie, nebunie, dar chiar a\u0219a?<\/p>\n<p>\u0218i p\u00e2n\u0103 la urm\u0103 care ar fi solu\u021bia ideal\u0103?<\/p>\n<p style=\"text-align: right;\"><em>Sursa <a href=\"https:\/\/www.facebook.com\/photo.php?fbid=847814395254763&amp;set=a.397684030267804.85214.100000786302646&amp;type=1&amp;permPage=1\" target=\"_blank\">poza 1<\/a> \u0219i <a href=\"https:\/\/www.facebook.com\/andreea.vasile.3720\/posts\/10152835944257361\" target=\"_blank\">poza 2<\/a><\/em><\/p>\n","protected":false},"excerpt":{"rendered":"<p>Am fost \u0219i eu ast\u0103zi p\u00e2n\u0103 la birou, am avut pu\u021bin\u0103 treab\u0103, \u00een rest am lucrat de acas\u0103. Era nebunie pe str\u0103zi, am f\u0103cut aproape o or\u0103 de la Mall-ul din Vitan p\u00e2n\u0103 la Roman\u0103. M-am g\u00e2ndit de c\u00e2teva ori dac\u0103 nu ar fi bine s\u0103 m\u0103 duc cu metroul pentru a evita nebunia de&hellip;<\/p>\n","protected":false},"author":3,"featured_media":30845,"comment_status":"open","ping_status":"open","sticky":false,"template":"","format":"standard","meta":{"footnotes":""},"categories":[260],"tags":[227,468,7134],"yoast_head":"<!-- This site is optimized with the Yoast SEO plugin v24.5 - https:\/\/yoast.com\/wordpress\/plugins\/seo\/ -->\n<title>Nebunie mare \u00een Bucure\u0219ti ast\u0103zi, \u0219i la suprafa\u021b\u0103 \u0219i \u00een subteran<\/title>\n<meta name=\"robots\" content=\"index, follow, max-snippet:-1, max-image-preview:large, max-video-preview:-1\" \/>\n<link rel=\"canonical\" href=\"https:\/\/www.criserb.com\/blog\/nebunie-mare-in-bucuresti-astazi-si-la-suprafata-si-in-subteran\/\" \/>\n<meta name=\"twitter:label1\" content=\"Written by\" \/>\n\t<meta name=\"twitter:data1\" content=\"criserb\" \/>\n\t<meta name=\"twitter:label2\" content=\"Est. reading time\" \/>\n\t<meta name=\"twitter:data2\" content=\"1 minute\" \/>\n<script type=\"application\/ld+json\" class=\"yoast-schema-graph\">{\"@context\":\"https:\/\/schema.org\",\"@graph\":[{\"@type\":\"Article\",\"@id\":\"https:\/\/www.criserb.com\/blog\/nebunie-mare-in-bucuresti-astazi-si-la-suprafata-si-in-subteran\/#article\",\"isPartOf\":{\"@id\":\"https:\/\/www.criserb.com\/blog\/nebunie-mare-in-bucuresti-astazi-si-la-suprafata-si-in-subteran\/\"},\"author\":{\"name\":\"criserb\",\"@id\":\"https:\/\/www.criserb.com\/blog\/#\/schema\/person\/8df5199bda4e628c32a10f318d8602b5\"},\"headline\":\"Nebunie mare \u00een Bucure\u0219ti ast\u0103zi, \u0219i la suprafa\u021b\u0103 \u0219i \u00een subteran\",\"datePublished\":\"2015-05-05T13:45:30+00:00\",\"mainEntityOfPage\":{\"@id\":\"https:\/\/www.criserb.com\/blog\/nebunie-mare-in-bucuresti-astazi-si-la-suprafata-si-in-subteran\/\"},\"wordCount\":139,\"commentCount\":13,\"publisher\":{\"@id\":\"https:\/\/www.criserb.com\/blog\/#\/schema\/person\/8df5199bda4e628c32a10f318d8602b5\"},\"image\":{\"@id\":\"https:\/\/www.criserb.com\/blog\/nebunie-mare-in-bucuresti-astazi-si-la-suprafata-si-in-subteran\/#primaryimage\"},\"thumbnailUrl\":\"https:\/\/www.criserb.com\/blog\/poze\/2015\/05\/22497_828659013879182_4634719404538804930_n.jpg\",\"keywords\":[\"bucuresti\",\"Metrou\",\"trafic\"],\"articleSection\":[\"trafic\"],\"inLanguage\":\"en-US\",\"potentialAction\":[{\"@type\":\"CommentAction\",\"name\":\"Comment\",\"target\":[\"https:\/\/www.criserb.com\/blog\/nebunie-mare-in-bucuresti-astazi-si-la-suprafata-si-in-subteran\/#respond\"]}]},{\"@type\":\"WebPage\",\"@id\":\"https:\/\/www.criserb.com\/blog\/nebunie-mare-in-bucuresti-astazi-si-la-suprafata-si-in-subteran\/\",\"url\":\"https:\/\/www.criserb.com\/blog\/nebunie-mare-in-bucuresti-astazi-si-la-suprafata-si-in-subteran\/\",\"name\":\"Nebunie mare \u00een Bucure\u0219ti ast\u0103zi, \u0219i la suprafa\u021b\u0103 \u0219i \u00een subteran\",\"isPartOf\":{\"@id\":\"https:\/\/www.criserb.com\/blog\/#website\"},\"primaryImageOfPage\":{\"@id\":\"https:\/\/www.criserb.com\/blog\/nebunie-mare-in-bucuresti-astazi-si-la-suprafata-si-in-subteran\/#primaryimage\"},\"image\":{\"@id\":\"https:\/\/www.criserb.com\/blog\/nebunie-mare-in-bucuresti-astazi-si-la-suprafata-si-in-subteran\/#primaryimage\"},\"thumbnailUrl\":\"https:\/\/www.criserb.com\/blog\/poze\/2015\/05\/22497_828659013879182_4634719404538804930_n.jpg\",\"datePublished\":\"2015-05-05T13:45:30+00:00\",\"breadcrumb\":{\"@id\":\"https:\/\/www.criserb.com\/blog\/nebunie-mare-in-bucuresti-astazi-si-la-suprafata-si-in-subteran\/#breadcrumb\"},\"inLanguage\":\"en-US\",\"potentialAction\":[{\"@type\":\"ReadAction\",\"target\":[\"https:\/\/www.criserb.com\/blog\/nebunie-mare-in-bucuresti-astazi-si-la-suprafata-si-in-subteran\/\"]}]},{\"@type\":\"ImageObject\",\"inLanguage\":\"en-US\",\"@id\":\"https:\/\/www.criserb.com\/blog\/nebunie-mare-in-bucuresti-astazi-si-la-suprafata-si-in-subteran\/#primaryimage\",\"url\":\"https:\/\/www.criserb.com\/blog\/poze\/2015\/05\/22497_828659013879182_4634719404538804930_n.jpg\",\"contentUrl\":\"https:\/\/www.criserb.com\/blog\/poze\/2015\/05\/22497_828659013879182_4634719404538804930_n.jpg\",\"width\":960,\"height\":540},{\"@type\":\"BreadcrumbList\",\"@id\":\"https:\/\/www.criserb.com\/blog\/nebunie-mare-in-bucuresti-astazi-si-la-suprafata-si-in-subteran\/#breadcrumb\",\"itemListElement\":[{\"@type\":\"ListItem\",\"position\":1,\"name\":\"Home\",\"item\":\"https:\/\/www.criserb.com\/blog\/\"},{\"@type\":\"ListItem\",\"position\":2,\"name\":\"Nebunie mare \u00een Bucure\u0219ti ast\u0103zi, \u0219i la suprafa\u021b\u0103 \u0219i \u00een subteran\"}]},{\"@type\":\"WebSite\",\"@id\":\"https:\/\/www.criserb.com\/blog\/#website\",\"url\":\"https:\/\/www.criserb.com\/blog\/\",\"name\":\"criserb.com\",\"description\":\"Nimic ce merita citit :)\",\"publisher\":{\"@id\":\"https:\/\/www.criserb.com\/blog\/#\/schema\/person\/8df5199bda4e628c32a10f318d8602b5\"},\"potentialAction\":[{\"@type\":\"SearchAction\",\"target\":{\"@type\":\"EntryPoint\",\"urlTemplate\":\"https:\/\/www.criserb.com\/blog\/?s={search_term_string}\"},\"query-input\":{\"@type\":\"PropertyValueSpecification\",\"valueRequired\":true,\"valueName\":\"search_term_string\"}}],\"inLanguage\":\"en-US\"},{\"@type\":[\"Person\",\"Organization\"],\"@id\":\"https:\/\/www.criserb.com\/blog\/#\/schema\/person\/8df5199bda4e628c32a10f318d8602b5\",\"name\":\"criserb\",\"image\":{\"@type\":\"ImageObject\",\"inLanguage\":\"en-US\",\"@id\":\"https:\/\/www.criserb.com\/blog\/#\/schema\/person\/image\/\",\"url\":\"http:\/\/0.gravatar.com\/avatar\/fdb6cca710f39545f0c4b5b936c390b4?s=96&d=monsterid&r=pg\",\"contentUrl\":\"http:\/\/0.gravatar.com\/avatar\/fdb6cca710f39545f0c4b5b936c390b4?s=96&d=monsterid&r=pg\",\"caption\":\"criserb\"},\"logo\":{\"@id\":\"https:\/\/www.criserb.com\/blog\/#\/schema\/person\/image\/\"},\"sameAs\":[\"http:\/\/www.criserb.com\"],\"url\":\"https:\/\/www.criserb.com\/blog\/author\/criserb\/\"}]}<\/script>\n<!-- \/ Yoast SEO plugin. -->","yoast_head_json":{"title":"Nebunie mare \u00een Bucure\u0219ti ast\u0103zi, \u0219i la suprafa\u021b\u0103 \u0219i \u00een subteran","robots":{"index":"index","follow":"follow","max-snippet":"max-snippet:-1","max-image-preview":"max-image-preview:large","max-video-preview":"max-video-preview:-1"},"canonical":"https:\/\/www.criserb.com\/blog\/nebunie-mare-in-bucuresti-astazi-si-la-suprafata-si-in-subteran\/","twitter_misc":{"Written by":"criserb","Est. reading time":"1 minute"},"schema":{"@context":"https:\/\/schema.org","@graph":[{"@type":"Article","@id":"https:\/\/www.criserb.com\/blog\/nebunie-mare-in-bucuresti-astazi-si-la-suprafata-si-in-subteran\/#article","isPartOf":{"@id":"https:\/\/www.criserb.com\/blog\/nebunie-mare-in-bucuresti-astazi-si-la-suprafata-si-in-subteran\/"},"author":{"name":"criserb","@id":"https:\/\/www.criserb.com\/blog\/#\/schema\/person\/8df5199bda4e628c32a10f318d8602b5"},"headline":"Nebunie mare \u00een Bucure\u0219ti ast\u0103zi, \u0219i la suprafa\u021b\u0103 \u0219i \u00een subteran","datePublished":"2015-05-05T13:45:30+00:00","mainEntityOfPage":{"@id":"https:\/\/www.criserb.com\/blog\/nebunie-mare-in-bucuresti-astazi-si-la-suprafata-si-in-subteran\/"},"wordCount":139,"commentCount":13,"publisher":{"@id":"https:\/\/www.criserb.com\/blog\/#\/schema\/person\/8df5199bda4e628c32a10f318d8602b5"},"image":{"@id":"https:\/\/www.criserb.com\/blog\/nebunie-mare-in-bucuresti-astazi-si-la-suprafata-si-in-subteran\/#primaryimage"},"thumbnailUrl":"https:\/\/www.criserb.com\/blog\/poze\/2015\/05\/22497_828659013879182_4634719404538804930_n.jpg","keywords":["bucuresti","Metrou","trafic"],"articleSection":["trafic"],"inLanguage":"en-US","potentialAction":[{"@type":"CommentAction","name":"Comment","target":["https:\/\/www.criserb.com\/blog\/nebunie-mare-in-bucuresti-astazi-si-la-suprafata-si-in-subteran\/#respond"]}]},{"@type":"WebPage","@id":"https:\/\/www.criserb.com\/blog\/nebunie-mare-in-bucuresti-astazi-si-la-suprafata-si-in-subteran\/","url":"https:\/\/www.criserb.com\/blog\/nebunie-mare-in-bucuresti-astazi-si-la-suprafata-si-in-subteran\/","name":"Nebunie mare \u00een Bucure\u0219ti ast\u0103zi, \u0219i la suprafa\u021b\u0103 \u0219i \u00een subteran","isPartOf":{"@id":"https:\/\/www.criserb.com\/blog\/#website"},"primaryImageOfPage":{"@id":"https:\/\/www.criserb.com\/blog\/nebunie-mare-in-bucuresti-astazi-si-la-suprafata-si-in-subteran\/#primaryimage"},"image":{"@id":"https:\/\/www.criserb.com\/blog\/nebunie-mare-in-bucuresti-astazi-si-la-suprafata-si-in-subteran\/#primaryimage"},"thumbnailUrl":"https:\/\/www.criserb.com\/blog\/poze\/2015\/05\/22497_828659013879182_4634719404538804930_n.jpg","datePublished":"2015-05-05T13:45:30+00:00","breadcrumb":{"@id":"https:\/\/www.criserb.com\/blog\/nebunie-mare-in-bucuresti-astazi-si-la-suprafata-si-in-subteran\/#breadcrumb"},"inLanguage":"en-US","potentialAction":[{"@type":"ReadAction","target":["https:\/\/www.criserb.com\/blog\/nebunie-mare-in-bucuresti-astazi-si-la-suprafata-si-in-subteran\/"]}]},{"@type":"ImageObject","inLanguage":"en-US","@id":"https:\/\/www.criserb.com\/blog\/nebunie-mare-in-bucuresti-astazi-si-la-suprafata-si-in-subteran\/#primaryimage","url":"https:\/\/www.criserb.com\/blog\/poze\/2015\/05\/22497_828659013879182_4634719404538804930_n.jpg","contentUrl":"https:\/\/www.criserb.com\/blog\/poze\/2015\/05\/22497_828659013879182_4634719404538804930_n.jpg","width":960,"height":540},{"@type":"BreadcrumbList","@id":"https:\/\/www.criserb.com\/blog\/nebunie-mare-in-bucuresti-astazi-si-la-suprafata-si-in-subteran\/#breadcrumb","itemListElement":[{"@type":"ListItem","position":1,"name":"Home","item":"https:\/\/www.criserb.com\/blog\/"},{"@type":"ListItem","position":2,"name":"Nebunie mare \u00een Bucure\u0219ti ast\u0103zi, \u0219i la suprafa\u021b\u0103 \u0219i \u00een subteran"}]},{"@type":"WebSite","@id":"https:\/\/www.criserb.com\/blog\/#website","url":"https:\/\/www.criserb.com\/blog\/","name":"criserb.com","description":"Nimic ce merita citit :)","publisher":{"@id":"https:\/\/www.criserb.com\/blog\/#\/schema\/person\/8df5199bda4e628c32a10f318d8602b5"},"potentialAction":[{"@type":"SearchAction","target":{"@type":"EntryPoint","urlTemplate":"https:\/\/www.criserb.com\/blog\/?s={search_term_string}"},"query-input":{"@type":"PropertyValueSpecification","valueRequired":true,"valueName":"search_term_string"}}],"inLanguage":"en-US"},{"@type":["Person","Organization"],"@id":"https:\/\/www.criserb.com\/blog\/#\/schema\/person\/8df5199bda4e628c32a10f318d8602b5","name":"criserb","image":{"@type":"ImageObject","inLanguage":"en-US","@id":"https:\/\/www.criserb.com\/blog\/#\/schema\/person\/image\/","url":"http:\/\/0.gravatar.com\/avatar\/fdb6cca710f39545f0c4b5b936c390b4?s=96&d=monsterid&r=pg","contentUrl":"http:\/\/0.gravatar.com\/avatar\/fdb6cca710f39545f0c4b5b936c390b4?s=96&d=monsterid&r=pg","caption":"criserb"},"logo":{"@id":"https:\/\/www.criserb.com\/blog\/#\/schema\/person\/image\/"},"sameAs":["http:\/\/www.criserb.com"],"url":"https:\/\/www.criserb.com\/blog\/author\/criserb\/"}]}},"_links":{"self":[{"href":"https:\/\/www.criserb.com\/blog\/wp-json\/wp\/v2\/posts\/30842"}],"collection":[{"href":"https:\/\/www.criserb.com\/blog\/wp-json\/wp\/v2\/posts"}],"about":[{"href":"https:\/\/www.criserb.com\/blog\/wp-json\/wp\/v2\/types\/post"}],"author":[{"embeddable":true,"href":"https:\/\/www.criserb.com\/blog\/wp-json\/wp\/v2\/users\/3"}],"replies":[{"embeddable":true,"href":"https:\/\/www.criserb.com\/blog\/wp-json\/wp\/v2\/comments?post=30842"}],"version-history":[{"count":0,"href":"https:\/\/www.criserb.com\/blog\/wp-json\/wp\/v2\/posts\/30842\/revisions"}],"wp:featuredmedia":[{"embeddable":true,"href":"https:\/\/www.criserb.com\/blog\/wp-json\/wp\/v2\/media\/30845"}],"wp:attachment":[{"href":"https:\/\/www.criserb.com\/blog\/wp-json\/wp\/v2\/media?parent=30842"}],"wp:term":[{"taxonomy":"category","embeddable":true,"href":"https:\/\/www.criserb.com\/blog\/wp-json\/wp\/v2\/categories?post=30842"},{"taxonomy":"post_tag","embeddable":true,"href":"https:\/\/www.criserb.com\/blog\/wp-json\/wp\/v2\/tags?post=30842"}],"curies":[{"name":"wp","href":"https:\/\/api.w.org\/{rel}","templated":true}]}}