{"id":30848,"date":"2015-05-06T23:46:39","date_gmt":"2015-05-06T20:46:39","guid":{"rendered":"https:\/\/www.criserb.com\/blog\/?p=30848"},"modified":"2015-05-07T13:07:29","modified_gmt":"2015-05-07T10:07:29","slug":"uber-a-fost-interzisa-in-romania","status":"publish","type":"post","link":"https:\/\/www.criserb.com\/blog\/uber-a-fost-interzisa-in-romania\/","title":{"rendered":"Uber a fost interzis\u0103 \u00een Rom\u00e2nia"},"content":{"rendered":"<p>Abia are c\u00e2teva luni <a href=\"https:\/\/www.criserb.com\/blog\/uber-vine-de-astazi-in-romania.html\" target=\"_blank\">de c\u00e2nd este pe pia\u021b\u0103<\/a> \u0219i ai no\u0219tri parlamentari s-au g\u00e2ndit s\u0103 o interzic\u0103.<\/p>\n<blockquote><p>Aplica\u0163ia Uber, prin care simpli \u015foferi puteau oferi utilizatorilor acesteia servicii de taxi, de transport al persoanelor, a fost interzis\u0103 ast\u0103zi de Parlament. Camera Deputa\u0163ilor a adoptat proiectul de lege prin care se interzice transportul \u00een regim de taxi de c\u0103tre persoane care nu sunt transportatori autoriza\u0163i sau autoriza\u0163ii de taxi valabile, cu aproape 300 de voturi pentru \u015fi doar dou\u0103 \u00eempotriv\u0103.<\/p>\n<p style=\"text-align: right;\"><a href=\"http:\/\/www.zf.ro\/eveniment\/aplicatia-uber-scoasa-in-afara-legii-in-romania-este-nevoie-de-licenta-de-taxi-14219217\" target=\"_blank\">sursa<\/a><\/p>\n<\/blockquote>\n<p>Trebuie s\u0103 ne \u00eentoarcem din nou la taximetri\u0219ti.<\/p>\n<p>O veste destul de trist\u0103, era cea mai tare <em>aplica\u021bie de taxi<\/em> din Rom\u00e2nia. Erau \u0219oferi civiliza\u021bi, ma\u0219ini foarte bine puse la punct, era civilizat. Din p\u0103cate se pare c\u0103 nu era pentru noi, nu merit\u0103m noi a\u0219a ceva, s\u0103 ne \u00eentoarcem la taxiurile de doi bani. Majoritatea, mai sunt \u0219i excep\u021bii.<\/p>\n<hr \/>\n<p>&nbsp;<\/p>\n<p><strong>Update:<\/strong><\/p>\n<blockquote><p>&#8220;Uber poart\u0103 un dialog deschis cu legislatorii din Rom\u00e2nia pentru a pune baza unui cadru legislativ care s\u0103 cuprind\u0103 op\u0163iuni inovative de transport pentru secolul 21 (&#8230;)\u00a0Serviciul nostru uberX continu\u0103 s\u0103 opereze \u015fi ne propunem \u00een continuare s\u0103 promov\u0103m beneficiile pe care ridesharing-ul le poate aduce economiei \u015fi mediului \u00eenconjur\u0103tor, pentru Rom\u00e2nia \u015fi cet\u0103\u0163enii s\u0103i&#8221;, a declarat reprezentantul Uber pentru <strong>g\u00e2ndul<\/strong>.<\/p>\n<p style=\"text-align: right;\"><a href=\"http:\/\/www.gandul.info\/stiri\/prima-reactie-a-uber-dupa-anuntul-ca-aplicatia-risca-sa-fie-interzisa-in-romania-14221608\" target=\"_blank\">sursa<\/a><\/p>\n<\/blockquote>\n","protected":false},"excerpt":{"rendered":"<p>Abia are c\u00e2teva luni de c\u00e2nd este pe pia\u021b\u0103 \u0219i ai no\u0219tri parlamentari s-au g\u00e2ndit s\u0103 o interzic\u0103. Aplica\u0163ia Uber, prin care simpli \u015foferi puteau oferi utilizatorilor acesteia servicii de taxi, de transport al persoanelor, a fost interzis\u0103 ast\u0103zi de Parlament. Camera Deputa\u0163ilor a adoptat proiectul de lege prin care se interzice transportul \u00een regim&hellip;<\/p>\n","protected":false},"author":3,"featured_media":30424,"comment_status":"open","ping_status":"open","sticky":false,"template":"","format":"standard","meta":{"footnotes":""},"categories":[34],"tags":[7119,1593,6874],"yoast_head":"<!-- This site is optimized with the Yoast SEO plugin v24.5 - https:\/\/yoast.com\/wordpress\/plugins\/seo\/ -->\n<title>Uber a fost interzis\u0103 \u00een Rom\u00e2nia<\/title>\n<meta name=\"robots\" content=\"index, follow, max-snippet:-1, max-image-preview:large, max-video-preview:-1\" \/>\n<link rel=\"canonical\" href=\"https:\/\/www.criserb.com\/blog\/uber-a-fost-interzisa-in-romania\/\" \/>\n<meta name=\"twitter:label1\" content=\"Written by\" \/>\n\t<meta name=\"twitter:data1\" content=\"criserb\" \/>\n\t<meta name=\"twitter:label2\" content=\"Est. reading time\" \/>\n\t<meta name=\"twitter:data2\" content=\"1 minute\" \/>\n<script type=\"application\/ld+json\" class=\"yoast-schema-graph\">{\"@context\":\"https:\/\/schema.org\",\"@graph\":[{\"@type\":\"Article\",\"@id\":\"https:\/\/www.criserb.com\/blog\/uber-a-fost-interzisa-in-romania\/#article\",\"isPartOf\":{\"@id\":\"https:\/\/www.criserb.com\/blog\/uber-a-fost-interzisa-in-romania\/\"},\"author\":{\"name\":\"criserb\",\"@id\":\"https:\/\/www.criserb.com\/blog\/#\/schema\/person\/8df5199bda4e628c32a10f318d8602b5\"},\"headline\":\"Uber a fost interzis\u0103 \u00een Rom\u00e2nia\",\"datePublished\":\"2015-05-06T20:46:39+00:00\",\"dateModified\":\"2015-05-07T10:07:29+00:00\",\"mainEntityOfPage\":{\"@id\":\"https:\/\/www.criserb.com\/blog\/uber-a-fost-interzisa-in-romania\/\"},\"wordCount\":237,\"commentCount\":1,\"publisher\":{\"@id\":\"https:\/\/www.criserb.com\/blog\/#\/schema\/person\/8df5199bda4e628c32a10f318d8602b5\"},\"image\":{\"@id\":\"https:\/\/www.criserb.com\/blog\/uber-a-fost-interzisa-in-romania\/#primaryimage\"},\"thumbnailUrl\":\"https:\/\/www.criserb.com\/blog\/poze\/2015\/02\/uber-bucuresti.jpg\",\"keywords\":[\"Lege\",\"Parlament\",\"UBER\"],\"articleSection\":[\"Romanisme\"],\"inLanguage\":\"en-US\",\"potentialAction\":[{\"@type\":\"CommentAction\",\"name\":\"Comment\",\"target\":[\"https:\/\/www.criserb.com\/blog\/uber-a-fost-interzisa-in-romania\/#respond\"]}]},{\"@type\":\"WebPage\",\"@id\":\"https:\/\/www.criserb.com\/blog\/uber-a-fost-interzisa-in-romania\/\",\"url\":\"https:\/\/www.criserb.com\/blog\/uber-a-fost-interzisa-in-romania\/\",\"name\":\"Uber a fost interzis\u0103 \u00een Rom\u00e2nia\",\"isPartOf\":{\"@id\":\"https:\/\/www.criserb.com\/blog\/#website\"},\"primaryImageOfPage\":{\"@id\":\"https:\/\/www.criserb.com\/blog\/uber-a-fost-interzisa-in-romania\/#primaryimage\"},\"image\":{\"@id\":\"https:\/\/www.criserb.com\/blog\/uber-a-fost-interzisa-in-romania\/#primaryimage\"},\"thumbnailUrl\":\"https:\/\/www.criserb.com\/blog\/poze\/2015\/02\/uber-bucuresti.jpg\",\"datePublished\":\"2015-05-06T20:46:39+00:00\",\"dateModified\":\"2015-05-07T10:07:29+00:00\",\"breadcrumb\":{\"@id\":\"https:\/\/www.criserb.com\/blog\/uber-a-fost-interzisa-in-romania\/#breadcrumb\"},\"inLanguage\":\"en-US\",\"potentialAction\":[{\"@type\":\"ReadAction\",\"target\":[\"https:\/\/www.criserb.com\/blog\/uber-a-fost-interzisa-in-romania\/\"]}]},{\"@type\":\"ImageObject\",\"inLanguage\":\"en-US\",\"@id\":\"https:\/\/www.criserb.com\/blog\/uber-a-fost-interzisa-in-romania\/#primaryimage\",\"url\":\"https:\/\/www.criserb.com\/blog\/poze\/2015\/02\/uber-bucuresti.jpg\",\"contentUrl\":\"https:\/\/www.criserb.com\/blog\/poze\/2015\/02\/uber-bucuresti.jpg\",\"width\":700,\"height\":300},{\"@type\":\"BreadcrumbList\",\"@id\":\"https:\/\/www.criserb.com\/blog\/uber-a-fost-interzisa-in-romania\/#breadcrumb\",\"itemListElement\":[{\"@type\":\"ListItem\",\"position\":1,\"name\":\"Home\",\"item\":\"https:\/\/www.criserb.com\/blog\/\"},{\"@type\":\"ListItem\",\"position\":2,\"name\":\"Uber a fost interzis\u0103 \u00een Rom\u00e2nia\"}]},{\"@type\":\"WebSite\",\"@id\":\"https:\/\/www.criserb.com\/blog\/#website\",\"url\":\"https:\/\/www.criserb.com\/blog\/\",\"name\":\"criserb.com\",\"description\":\"Nimic ce merita citit :)\",\"publisher\":{\"@id\":\"https:\/\/www.criserb.com\/blog\/#\/schema\/person\/8df5199bda4e628c32a10f318d8602b5\"},\"potentialAction\":[{\"@type\":\"SearchAction\",\"target\":{\"@type\":\"EntryPoint\",\"urlTemplate\":\"https:\/\/www.criserb.com\/blog\/?s={search_term_string}\"},\"query-input\":{\"@type\":\"PropertyValueSpecification\",\"valueRequired\":true,\"valueName\":\"search_term_string\"}}],\"inLanguage\":\"en-US\"},{\"@type\":[\"Person\",\"Organization\"],\"@id\":\"https:\/\/www.criserb.com\/blog\/#\/schema\/person\/8df5199bda4e628c32a10f318d8602b5\",\"name\":\"criserb\",\"image\":{\"@type\":\"ImageObject\",\"inLanguage\":\"en-US\",\"@id\":\"https:\/\/www.criserb.com\/blog\/#\/schema\/person\/image\/\",\"url\":\"http:\/\/0.gravatar.com\/avatar\/fdb6cca710f39545f0c4b5b936c390b4?s=96&d=monsterid&r=pg\",\"contentUrl\":\"http:\/\/0.gravatar.com\/avatar\/fdb6cca710f39545f0c4b5b936c390b4?s=96&d=monsterid&r=pg\",\"caption\":\"criserb\"},\"logo\":{\"@id\":\"https:\/\/www.criserb.com\/blog\/#\/schema\/person\/image\/\"},\"sameAs\":[\"http:\/\/www.criserb.com\"],\"url\":\"https:\/\/www.criserb.com\/blog\/author\/criserb\/\"}]}<\/script>\n<!-- \/ Yoast SEO plugin. -->","yoast_head_json":{"title":"Uber a fost interzis\u0103 \u00een Rom\u00e2nia","robots":{"index":"index","follow":"follow","max-snippet":"max-snippet:-1","max-image-preview":"max-image-preview:large","max-video-preview":"max-video-preview:-1"},"canonical":"https:\/\/www.criserb.com\/blog\/uber-a-fost-interzisa-in-romania\/","twitter_misc":{"Written by":"criserb","Est. reading time":"1 minute"},"schema":{"@context":"https:\/\/schema.org","@graph":[{"@type":"Article","@id":"https:\/\/www.criserb.com\/blog\/uber-a-fost-interzisa-in-romania\/#article","isPartOf":{"@id":"https:\/\/www.criserb.com\/blog\/uber-a-fost-interzisa-in-romania\/"},"author":{"name":"criserb","@id":"https:\/\/www.criserb.com\/blog\/#\/schema\/person\/8df5199bda4e628c32a10f318d8602b5"},"headline":"Uber a fost interzis\u0103 \u00een Rom\u00e2nia","datePublished":"2015-05-06T20:46:39+00:00","dateModified":"2015-05-07T10:07:29+00:00","mainEntityOfPage":{"@id":"https:\/\/www.criserb.com\/blog\/uber-a-fost-interzisa-in-romania\/"},"wordCount":237,"commentCount":1,"publisher":{"@id":"https:\/\/www.criserb.com\/blog\/#\/schema\/person\/8df5199bda4e628c32a10f318d8602b5"},"image":{"@id":"https:\/\/www.criserb.com\/blog\/uber-a-fost-interzisa-in-romania\/#primaryimage"},"thumbnailUrl":"https:\/\/www.criserb.com\/blog\/poze\/2015\/02\/uber-bucuresti.jpg","keywords":["Lege","Parlament","UBER"],"articleSection":["Romanisme"],"inLanguage":"en-US","potentialAction":[{"@type":"CommentAction","name":"Comment","target":["https:\/\/www.criserb.com\/blog\/uber-a-fost-interzisa-in-romania\/#respond"]}]},{"@type":"WebPage","@id":"https:\/\/www.criserb.com\/blog\/uber-a-fost-interzisa-in-romania\/","url":"https:\/\/www.criserb.com\/blog\/uber-a-fost-interzisa-in-romania\/","name":"Uber a fost interzis\u0103 \u00een Rom\u00e2nia","isPartOf":{"@id":"https:\/\/www.criserb.com\/blog\/#website"},"primaryImageOfPage":{"@id":"https:\/\/www.criserb.com\/blog\/uber-a-fost-interzisa-in-romania\/#primaryimage"},"image":{"@id":"https:\/\/www.criserb.com\/blog\/uber-a-fost-interzisa-in-romania\/#primaryimage"},"thumbnailUrl":"https:\/\/www.criserb.com\/blog\/poze\/2015\/02\/uber-bucuresti.jpg","datePublished":"2015-05-06T20:46:39+00:00","dateModified":"2015-05-07T10:07:29+00:00","breadcrumb":{"@id":"https:\/\/www.criserb.com\/blog\/uber-a-fost-interzisa-in-romania\/#breadcrumb"},"inLanguage":"en-US","potentialAction":[{"@type":"ReadAction","target":["https:\/\/www.criserb.com\/blog\/uber-a-fost-interzisa-in-romania\/"]}]},{"@type":"ImageObject","inLanguage":"en-US","@id":"https:\/\/www.criserb.com\/blog\/uber-a-fost-interzisa-in-romania\/#primaryimage","url":"https:\/\/www.criserb.com\/blog\/poze\/2015\/02\/uber-bucuresti.jpg","contentUrl":"https:\/\/www.criserb.com\/blog\/poze\/2015\/02\/uber-bucuresti.jpg","width":700,"height":300},{"@type":"BreadcrumbList","@id":"https:\/\/www.criserb.com\/blog\/uber-a-fost-interzisa-in-romania\/#breadcrumb","itemListElement":[{"@type":"ListItem","position":1,"name":"Home","item":"https:\/\/www.criserb.com\/blog\/"},{"@type":"ListItem","position":2,"name":"Uber a fost interzis\u0103 \u00een Rom\u00e2nia"}]},{"@type":"WebSite","@id":"https:\/\/www.criserb.com\/blog\/#website","url":"https:\/\/www.criserb.com\/blog\/","name":"criserb.com","description":"Nimic ce merita citit :)","publisher":{"@id":"https:\/\/www.criserb.com\/blog\/#\/schema\/person\/8df5199bda4e628c32a10f318d8602b5"},"potentialAction":[{"@type":"SearchAction","target":{"@type":"EntryPoint","urlTemplate":"https:\/\/www.criserb.com\/blog\/?s={search_term_string}"},"query-input":{"@type":"PropertyValueSpecification","valueRequired":true,"valueName":"search_term_string"}}],"inLanguage":"en-US"},{"@type":["Person","Organization"],"@id":"https:\/\/www.criserb.com\/blog\/#\/schema\/person\/8df5199bda4e628c32a10f318d8602b5","name":"criserb","image":{"@type":"ImageObject","inLanguage":"en-US","@id":"https:\/\/www.criserb.com\/blog\/#\/schema\/person\/image\/","url":"http:\/\/0.gravatar.com\/avatar\/fdb6cca710f39545f0c4b5b936c390b4?s=96&d=monsterid&r=pg","contentUrl":"http:\/\/0.gravatar.com\/avatar\/fdb6cca710f39545f0c4b5b936c390b4?s=96&d=monsterid&r=pg","caption":"criserb"},"logo":{"@id":"https:\/\/www.criserb.com\/blog\/#\/schema\/person\/image\/"},"sameAs":["http:\/\/www.criserb.com"],"url":"https:\/\/www.criserb.com\/blog\/author\/criserb\/"}]}},"_links":{"self":[{"href":"https:\/\/www.criserb.com\/blog\/wp-json\/wp\/v2\/posts\/30848"}],"collection":[{"href":"https:\/\/www.criserb.com\/blog\/wp-json\/wp\/v2\/posts"}],"about":[{"href":"https:\/\/www.criserb.com\/blog\/wp-json\/wp\/v2\/types\/post"}],"author":[{"embeddable":true,"href":"https:\/\/www.criserb.com\/blog\/wp-json\/wp\/v2\/users\/3"}],"replies":[{"embeddable":true,"href":"https:\/\/www.criserb.com\/blog\/wp-json\/wp\/v2\/comments?post=30848"}],"version-history":[{"count":0,"href":"https:\/\/www.criserb.com\/blog\/wp-json\/wp\/v2\/posts\/30848\/revisions"}],"wp:featuredmedia":[{"embeddable":true,"href":"https:\/\/www.criserb.com\/blog\/wp-json\/wp\/v2\/media\/30424"}],"wp:attachment":[{"href":"https:\/\/www.criserb.com\/blog\/wp-json\/wp\/v2\/media?parent=30848"}],"wp:term":[{"taxonomy":"category","embeddable":true,"href":"https:\/\/www.criserb.com\/blog\/wp-json\/wp\/v2\/categories?post=30848"},{"taxonomy":"post_tag","embeddable":true,"href":"https:\/\/www.criserb.com\/blog\/wp-json\/wp\/v2\/tags?post=30848"}],"curies":[{"name":"wp","href":"https:\/\/api.w.org\/{rel}","templated":true}]}}