{"id":30898,"date":"2015-05-26T00:11:00","date_gmt":"2015-05-25T21:11:00","guid":{"rendered":"https:\/\/www.criserb.com\/blog\/?p=30898"},"modified":"2015-05-26T00:12:26","modified_gmt":"2015-05-25T21:12:26","slug":"nu-pot-sa-ma-hotarasc-ce-gard-sa-aleg","status":"publish","type":"post","link":"https:\/\/www.criserb.com\/blog\/nu-pot-sa-ma-hotarasc-ce-gard-sa-aleg\/","title":{"rendered":"Nu pot s\u0103 m\u0103 hot\u0103r\u0103sc ce gard s\u0103 aleg"},"content":{"rendered":"<p>\u00cen primul r\u00e2nd trebuie s\u0103 v\u0103 spun c\u0103 este vorba de gardul care nu este la drum, practic de cele trei laturi care \u00eemi \u00eemprejmuiesc curtea, laturi ce nu ar trebui s\u0103 le fac prea frumoase. La drum am s\u0103 fac gardul la final, \u0219i pentru \u0103la am ceva idei.<\/p>\n<p>\u00cens\u0103, pentru cele trei laturi &#8220;din spate&#8221; m\u0103 tot g\u00e2ndesc de vreo dou\u0103 luni \u0219i m-am tot sucit de la o idee la alta.<\/p>\n<p>Prima dat\u0103 am vrut gard de lemn, apoi am ajuns la varianta gard de beton (din semifabricate) \u0219i \u00een cele din urm\u0103 am ajuns s\u0103 m\u0103 g\u00e2ndesc \u0219i la gardul de tabl\u0103.<\/p>\n<p>Deci am trei variante \u0219i am s\u0103 v\u0103 spun ce \u00eemi place \u0219i ce nu \u00eemi place la fiecare.<\/p>\n<p><strong>Gardul de lemn (vopsit \u0219i l\u0103cuit)<\/strong><\/p>\n<div id='gallery-1' class='gallery galleryid-30898 gallery-columns-3 gallery-size-thumbnail'><figure class='gallery-item'>\n\t\t\t<div class='gallery-icon landscape'>\n\t\t\t\t<a href='https:\/\/www.criserb.com\/blog\/poze\/2015\/05\/1992.jpg'><img loading=\"lazy\" decoding=\"async\" width=\"150\" height=\"150\" src=\"https:\/\/www.criserb.com\/blog\/poze\/2015\/05\/1992-150x150.jpg\" class=\"attachment-thumbnail size-thumbnail\" alt=\"\" \/><\/a>\n\t\t\t<\/div><\/figure><figure class='gallery-item'>\n\t\t\t<div class='gallery-icon landscape'>\n\t\t\t\t<a href='https:\/\/www.criserb.com\/blog\/poze\/2015\/05\/gard-lemn-wenge.jpg'><img loading=\"lazy\" decoding=\"async\" width=\"150\" height=\"150\" src=\"https:\/\/www.criserb.com\/blog\/poze\/2015\/05\/gard-lemn-wenge-150x150.jpg\" class=\"attachment-thumbnail size-thumbnail\" alt=\"\" \/><\/a>\n\t\t\t<\/div><\/figure><figure class='gallery-item'>\n\t\t\t<div class='gallery-icon landscape'>\n\t\t\t\t<a href='https:\/\/www.criserb.com\/blog\/poze\/2015\/05\/preturi-garduri-din-lemn-orizontale-5.jpg'><img loading=\"lazy\" decoding=\"async\" width=\"150\" height=\"150\" src=\"https:\/\/www.criserb.com\/blog\/poze\/2015\/05\/preturi-garduri-din-lemn-orizontale-5-150x150.jpg\" class=\"attachment-thumbnail size-thumbnail\" alt=\"\" \/><\/a>\n\t\t\t<\/div><\/figure>\n\t\t<\/div>\n\n<p>Acesta ar fi preferatul meu. Dac\u0103 tot fac o <a href=\"http:\/\/case-de-lemn.com\/modern-acces-83\/\" target=\"_blank\">cas\u0103 de lemn, cu elemente decorative din lemn<\/a> m\u0103 mie mi-ar pl\u0103cea un astfel de gard. Un gard care s\u0103 vin\u0103 bine cu casa \u0219i care s\u0103-mi ofere c\u0103ldur\u0103. A\u0219a cred eu, c\u0103 este mai &#8220;cald&#8221; un astfel de gard.<\/p>\n<p>Plusurile lui sunt:<\/p>\n<ul>\n<li>frumuse\u021bea;<\/li>\n<li>&#8220;c\u0103ldura&#8221; pe care o degaj\u0103;<\/li>\n<\/ul>\n<p>Minusuri:<\/p>\n<ul>\n<li>Costuri de \u00eentre\u021binere \u00een timp;<\/li>\n<li>Faptul c\u0103 nu este un gard plin \u0219i eu mi-a\u0219 dori ca pe spate s\u0103 fie plin. Cum sunt cam la marginea &#8220;satului&#8221; a\u0219 vrea ca gardul s\u0103-mi opreasc\u0103 c\u00e2t de c\u00e2t semin\u021bele buruienilor care ar putea ajunge la mine \u00een curte. Vreau un gazon frumos, nu am nevoie de tot felul de semin\u021be care s\u0103-mi readuc\u0103 buruienile.<\/li>\n<li>Costul de realizare. Comparativ cu restul variantelor (pe care le v\u0103d eu) costul lui este mare, dac\u0103 nu cel mai mare.<\/li>\n<\/ul>\n<p><strong>Gardul din prefabricate de beton.<\/strong><\/p>\n<div id='gallery-2' class='gallery galleryid-30898 gallery-columns-3 gallery-size-thumbnail'><figure class='gallery-item'>\n\t\t\t<div class='gallery-icon landscape'>\n\t\t\t\t<a href='https:\/\/www.criserb.com\/blog\/poze\/2015\/05\/40-gard-beton-timber-decking.jpg'><img loading=\"lazy\" decoding=\"async\" width=\"150\" height=\"150\" src=\"https:\/\/www.criserb.com\/blog\/poze\/2015\/05\/40-gard-beton-timber-decking-150x150.jpg\" class=\"attachment-thumbnail size-thumbnail\" alt=\"\" \/><\/a>\n\t\t\t<\/div><\/figure><figure class='gallery-item'>\n\t\t\t<div class='gallery-icon landscape'>\n\t\t\t\t<a href='https:\/\/www.criserb.com\/blog\/poze\/2015\/05\/62-gard-beton-prefabricat-santier.jpg'><img loading=\"lazy\" decoding=\"async\" width=\"150\" height=\"150\" src=\"https:\/\/www.criserb.com\/blog\/poze\/2015\/05\/62-gard-beton-prefabricat-santier-150x150.jpg\" class=\"attachment-thumbnail size-thumbnail\" alt=\"\" \/><\/a>\n\t\t\t<\/div><\/figure><figure class='gallery-item'>\n\t\t\t<div class='gallery-icon landscape'>\n\t\t\t\t<a href='https:\/\/www.criserb.com\/blog\/poze\/2015\/05\/61-gard-beton-frumos.jpg'><img loading=\"lazy\" decoding=\"async\" width=\"150\" height=\"150\" src=\"https:\/\/www.criserb.com\/blog\/poze\/2015\/05\/61-gard-beton-frumos-150x150.jpg\" class=\"attachment-thumbnail size-thumbnail\" alt=\"\" \/><\/a>\n\t\t\t<\/div><\/figure>\n\t\t<\/div>\n\n<p>Este pe locul doi \u00een preferin\u021bele mele \u0219i asta datorit\u0103 costului care eu zic c\u0103 este mai mic. Am un vecin care are un teren identic cu al meu \u0219i care l-a \u00eemprejmuit cu un astfel de gard. Adic\u0103, pentru o lungime de 90ml a pl\u0103tit 12.000 lei. Asta anul trecut, probabil c\u0103 acum pre\u021bul este asem\u0103n\u0103tor. L-a luat de la\u00a0<a href=\"http:\/\/www.konkretline.ro\/\" target=\"_blank\">konkretline.ro<\/a> \u0219i mi-a spus c\u0103 pre\u021bul este negociabil, s\u0103 nu m\u0103 iau dup\u0103 ce scrie pe site.<\/p>\n<p>Plusuri:<\/p>\n<ul>\n<li>Se construie\u0219te rapid, 3-5 zile.<\/li>\n<li>Este bun c\u0103 \u00eempiedic\u0103 viscolul, pe timp de iarn\u0103, \u0219i semin\u021bele transportate de v\u00e2nd \u00een timpul verii.<\/li>\n<li>Are o garan\u021bie de 10 ani.<\/li>\n<\/ul>\n<p>Minusuri:<\/p>\n<ul>\n<li>Nu este chiar pe gustul meu, \u00eemi d\u0103 impresia de rece. A\u0219 vrea ca atunci c\u00e2nd stau pe teras\u0103 s\u0103 nu v\u0103d betoane.<\/li>\n<li>Am \u00een\u021beles c\u0103 trebuie s\u0103-i torn funda\u021bie continu\u0103 pentru a nu se l\u0103sa \u00een timp, ceea ce \u00eei cre\u0219te pu\u021bin pre\u021bul.<\/li>\n<\/ul>\n<p>Totu\u0219i, dac\u0103 este s\u0103 aleg acest model m-am g\u00e2ndit c\u0103 a\u0219 putea s\u0103-l plachez cu lemn pe interior, s\u0103-mi dea impresia de c\u0103ldura c\u00e2nd ies \u00een curte. Nu am studiat prea \u00een am\u0103nunt chestia asta, dar cred c\u0103 se poate. Nu v\u0103d de ce nu.<\/p>\n<p><strong>Gardul de tabl\u0103<\/strong><\/p>\n<div id='gallery-3' class='gallery galleryid-30898 gallery-columns-3 gallery-size-thumbnail'><figure class='gallery-item'>\n\t\t\t<div class='gallery-icon landscape'>\n\t\t\t\t<a href='https:\/\/www.criserb.com\/blog\/poze\/2015\/05\/40cf6a8e771a.jpg'><img loading=\"lazy\" decoding=\"async\" width=\"150\" height=\"150\" src=\"https:\/\/www.criserb.com\/blog\/poze\/2015\/05\/40cf6a8e771a-150x150.jpg\" class=\"attachment-thumbnail size-thumbnail\" alt=\"\" \/><\/a>\n\t\t\t<\/div><\/figure><figure class='gallery-item'>\n\t\t\t<div class='gallery-icon landscape'>\n\t\t\t\t<a href='https:\/\/www.criserb.com\/blog\/poze\/2015\/05\/91935.png'><img loading=\"lazy\" decoding=\"async\" width=\"150\" height=\"150\" src=\"https:\/\/www.criserb.com\/blog\/poze\/2015\/05\/91935-150x150.png\" class=\"attachment-thumbnail size-thumbnail\" alt=\"\" \/><\/a>\n\t\t\t<\/div><\/figure><figure class='gallery-item'>\n\t\t\t<div class='gallery-icon landscape'>\n\t\t\t\t<a href='https:\/\/www.criserb.com\/blog\/poze\/2015\/05\/25525955_1_644x461_tabla-cutata-pentru-garduri-botosani_rev002.jpg'><img loading=\"lazy\" decoding=\"async\" width=\"150\" height=\"150\" src=\"https:\/\/www.criserb.com\/blog\/poze\/2015\/05\/25525955_1_644x461_tabla-cutata-pentru-garduri-botosani_rev002-150x150.jpg\" class=\"attachment-thumbnail size-thumbnail\" alt=\"\" \/><\/a>\n\t\t\t<\/div><\/figure>\n\t\t<\/div>\n\n<p>S\u0103 zicem c\u0103 a\u0219 putea s\u0103 g\u0103sesc un model pe gustul meu. Nu-mi displace \u0219i ulterior, peste ani, dac\u0103 m\u0103 r\u0103zg\u00e2ndesc sau c\u00e2\u0219tig la loto pot s\u0103-l schimb. Se construie\u0219te pe principiul gardului de lemn. O funda\u021bie\u00a0\u0219i\u00a0st\u00e2lpi de fier din doi \u00een doi metri.<\/p>\n<p>Plusuri:<\/p>\n<ul>\n<li>Este opac, m\u0103 \u021bine ferit de viscol \u0219i semin\u021bele zbur\u0103toare.<\/li>\n<li>Nu este chiar ur\u00e2t.<\/li>\n<li>Se construie\u0219te repede.<\/li>\n<li>O mare rezisten\u021b\u0103 \u00een timp, costuri 0 de \u00eentre\u021binere.<\/li>\n<\/ul>\n<p>Minusuri:<\/p>\n<ul>\n<li>Se \u00eenc\u0103lze\u0219te prea tare \u0219i am \u00een\u021beles (din ce am citit pe forumuri \u0219i discutat cu cei care se mai pricep) c\u0103 \u00een jurul lui nu mai prea cre\u0219te nicio plant\u0103.<\/li>\n<li>Creeaz\u0103 un efect de ser\u0103 \u00een curte.<\/li>\n<\/ul>\n<p>Cam astea sunt variantele pe care le v\u0103d p\u00e2n\u0103 \u00een acest moment \u0219i am deja luni de zile de c\u00e2nd m\u0103 g\u00e2ndesc la ele.<\/p>\n<p>\u00cenc\u0103 nu m-am decis asupra niciunul model, dar pare c\u0103 gardul meu preferat, cel de lemn este mai departe de realizare. Nush de ce, dar cam a\u0219a simt.<\/p>\n<p>Gardul din c\u0103r\u0103mid\u0103, tencuit, nu este pe gustul meu. Pre\u021bul este prea mare \u0219i este rece. \u00cen plus, este un gard mai mult pentru zona &#8220;la vedere&#8221;, nu \u00eemi permit s\u0103-mi \u00eemprejmuiesc toat\u0103 curtea cu un astfel de gard.<\/p>\n<p>Acum&#8230; ce s\u0103 zic, dac\u0103 mai ave\u021bi voi argumente pro \u0219i contra, eu le ascult. Poate m\u0103 ajuta\u021bi \u00een a lua o decizie bun\u0103, sau c\u00e2t mai bun\u0103. A\u0219a cum am zis, toate au avantaje \u0219i dezavantaje&#8230;<\/p>\n","protected":false},"excerpt":{"rendered":"<p>\u00cen primul r\u00e2nd trebuie s\u0103 v\u0103 spun c\u0103 este vorba de gardul care nu este la drum, practic de cele trei laturi care \u00eemi \u00eemprejmuiesc curtea, laturi ce nu ar trebui s\u0103 le fac prea frumoase. La drum am s\u0103 fac gardul la final, \u0219i pentru \u0103la am ceva idei. \u00cens\u0103, pentru cele trei laturi&hellip;<\/p>\n","protected":false},"author":3,"featured_media":30905,"comment_status":"open","ping_status":"open","sticky":false,"template":"","format":"standard","meta":{"footnotes":""},"categories":[6379],"tags":[6989,5875,571],"yoast_head":"<!-- This site is optimized with the Yoast SEO plugin v24.5 - https:\/\/yoast.com\/wordpress\/plugins\/seo\/ -->\n<title>Nu pot s\u0103 m\u0103 hot\u0103r\u0103sc ce gard s\u0103 aleg<\/title>\n<meta name=\"robots\" content=\"index, follow, max-snippet:-1, max-image-preview:large, max-video-preview:-1\" \/>\n<link rel=\"canonical\" href=\"https:\/\/www.criserb.com\/blog\/nu-pot-sa-ma-hotarasc-ce-gard-sa-aleg\/\" \/>\n<meta name=\"twitter:label1\" content=\"Written by\" \/>\n\t<meta name=\"twitter:data1\" content=\"criserb\" \/>\n\t<meta name=\"twitter:label2\" content=\"Est. reading time\" \/>\n\t<meta name=\"twitter:data2\" content=\"4 minutes\" \/>\n<script type=\"application\/ld+json\" class=\"yoast-schema-graph\">{\"@context\":\"https:\/\/schema.org\",\"@graph\":[{\"@type\":\"Article\",\"@id\":\"https:\/\/www.criserb.com\/blog\/nu-pot-sa-ma-hotarasc-ce-gard-sa-aleg\/#article\",\"isPartOf\":{\"@id\":\"https:\/\/www.criserb.com\/blog\/nu-pot-sa-ma-hotarasc-ce-gard-sa-aleg\/\"},\"author\":{\"name\":\"criserb\",\"@id\":\"https:\/\/www.criserb.com\/blog\/#\/schema\/person\/8df5199bda4e628c32a10f318d8602b5\"},\"headline\":\"Nu pot s\u0103 m\u0103 hot\u0103r\u0103sc ce gard s\u0103 aleg\",\"datePublished\":\"2015-05-25T21:11:00+00:00\",\"dateModified\":\"2015-05-25T21:12:26+00:00\",\"mainEntityOfPage\":{\"@id\":\"https:\/\/www.criserb.com\/blog\/nu-pot-sa-ma-hotarasc-ce-gard-sa-aleg\/\"},\"wordCount\":815,\"commentCount\":20,\"publisher\":{\"@id\":\"https:\/\/www.criserb.com\/blog\/#\/schema\/person\/8df5199bda4e628c32a10f318d8602b5\"},\"image\":{\"@id\":\"https:\/\/www.criserb.com\/blog\/nu-pot-sa-ma-hotarasc-ce-gard-sa-aleg\/#primaryimage\"},\"thumbnailUrl\":\"https:\/\/www.criserb.com\/blog\/poze\/2015\/05\/1992.jpg\",\"keywords\":[\"Cum aleg gardul\",\"EcoKit\",\"Gard\"],\"articleSection\":[\"Construc\u021bia casei\"],\"inLanguage\":\"en-US\",\"potentialAction\":[{\"@type\":\"CommentAction\",\"name\":\"Comment\",\"target\":[\"https:\/\/www.criserb.com\/blog\/nu-pot-sa-ma-hotarasc-ce-gard-sa-aleg\/#respond\"]}]},{\"@type\":\"WebPage\",\"@id\":\"https:\/\/www.criserb.com\/blog\/nu-pot-sa-ma-hotarasc-ce-gard-sa-aleg\/\",\"url\":\"https:\/\/www.criserb.com\/blog\/nu-pot-sa-ma-hotarasc-ce-gard-sa-aleg\/\",\"name\":\"Nu pot s\u0103 m\u0103 hot\u0103r\u0103sc ce gard s\u0103 aleg\",\"isPartOf\":{\"@id\":\"https:\/\/www.criserb.com\/blog\/#website\"},\"primaryImageOfPage\":{\"@id\":\"https:\/\/www.criserb.com\/blog\/nu-pot-sa-ma-hotarasc-ce-gard-sa-aleg\/#primaryimage\"},\"image\":{\"@id\":\"https:\/\/www.criserb.com\/blog\/nu-pot-sa-ma-hotarasc-ce-gard-sa-aleg\/#primaryimage\"},\"thumbnailUrl\":\"https:\/\/www.criserb.com\/blog\/poze\/2015\/05\/1992.jpg\",\"datePublished\":\"2015-05-25T21:11:00+00:00\",\"dateModified\":\"2015-05-25T21:12:26+00:00\",\"breadcrumb\":{\"@id\":\"https:\/\/www.criserb.com\/blog\/nu-pot-sa-ma-hotarasc-ce-gard-sa-aleg\/#breadcrumb\"},\"inLanguage\":\"en-US\",\"potentialAction\":[{\"@type\":\"ReadAction\",\"target\":[\"https:\/\/www.criserb.com\/blog\/nu-pot-sa-ma-hotarasc-ce-gard-sa-aleg\/\"]}]},{\"@type\":\"ImageObject\",\"inLanguage\":\"en-US\",\"@id\":\"https:\/\/www.criserb.com\/blog\/nu-pot-sa-ma-hotarasc-ce-gard-sa-aleg\/#primaryimage\",\"url\":\"https:\/\/www.criserb.com\/blog\/poze\/2015\/05\/1992.jpg\",\"contentUrl\":\"https:\/\/www.criserb.com\/blog\/poze\/2015\/05\/1992.jpg\",\"width\":800,\"height\":600},{\"@type\":\"BreadcrumbList\",\"@id\":\"https:\/\/www.criserb.com\/blog\/nu-pot-sa-ma-hotarasc-ce-gard-sa-aleg\/#breadcrumb\",\"itemListElement\":[{\"@type\":\"ListItem\",\"position\":1,\"name\":\"Home\",\"item\":\"https:\/\/www.criserb.com\/blog\/\"},{\"@type\":\"ListItem\",\"position\":2,\"name\":\"Nu pot s\u0103 m\u0103 hot\u0103r\u0103sc ce gard s\u0103 aleg\"}]},{\"@type\":\"WebSite\",\"@id\":\"https:\/\/www.criserb.com\/blog\/#website\",\"url\":\"https:\/\/www.criserb.com\/blog\/\",\"name\":\"criserb.com\",\"description\":\"Nimic ce merita citit :)\",\"publisher\":{\"@id\":\"https:\/\/www.criserb.com\/blog\/#\/schema\/person\/8df5199bda4e628c32a10f318d8602b5\"},\"potentialAction\":[{\"@type\":\"SearchAction\",\"target\":{\"@type\":\"EntryPoint\",\"urlTemplate\":\"https:\/\/www.criserb.com\/blog\/?s={search_term_string}\"},\"query-input\":{\"@type\":\"PropertyValueSpecification\",\"valueRequired\":true,\"valueName\":\"search_term_string\"}}],\"inLanguage\":\"en-US\"},{\"@type\":[\"Person\",\"Organization\"],\"@id\":\"https:\/\/www.criserb.com\/blog\/#\/schema\/person\/8df5199bda4e628c32a10f318d8602b5\",\"name\":\"criserb\",\"image\":{\"@type\":\"ImageObject\",\"inLanguage\":\"en-US\",\"@id\":\"https:\/\/www.criserb.com\/blog\/#\/schema\/person\/image\/\",\"url\":\"http:\/\/0.gravatar.com\/avatar\/fdb6cca710f39545f0c4b5b936c390b4?s=96&d=monsterid&r=pg\",\"contentUrl\":\"http:\/\/0.gravatar.com\/avatar\/fdb6cca710f39545f0c4b5b936c390b4?s=96&d=monsterid&r=pg\",\"caption\":\"criserb\"},\"logo\":{\"@id\":\"https:\/\/www.criserb.com\/blog\/#\/schema\/person\/image\/\"},\"sameAs\":[\"http:\/\/www.criserb.com\"],\"url\":\"https:\/\/www.criserb.com\/blog\/author\/criserb\/\"}]}<\/script>\n<!-- \/ Yoast SEO plugin. -->","yoast_head_json":{"title":"Nu pot s\u0103 m\u0103 hot\u0103r\u0103sc ce gard s\u0103 aleg","robots":{"index":"index","follow":"follow","max-snippet":"max-snippet:-1","max-image-preview":"max-image-preview:large","max-video-preview":"max-video-preview:-1"},"canonical":"https:\/\/www.criserb.com\/blog\/nu-pot-sa-ma-hotarasc-ce-gard-sa-aleg\/","twitter_misc":{"Written by":"criserb","Est. reading time":"4 minutes"},"schema":{"@context":"https:\/\/schema.org","@graph":[{"@type":"Article","@id":"https:\/\/www.criserb.com\/blog\/nu-pot-sa-ma-hotarasc-ce-gard-sa-aleg\/#article","isPartOf":{"@id":"https:\/\/www.criserb.com\/blog\/nu-pot-sa-ma-hotarasc-ce-gard-sa-aleg\/"},"author":{"name":"criserb","@id":"https:\/\/www.criserb.com\/blog\/#\/schema\/person\/8df5199bda4e628c32a10f318d8602b5"},"headline":"Nu pot s\u0103 m\u0103 hot\u0103r\u0103sc ce gard s\u0103 aleg","datePublished":"2015-05-25T21:11:00+00:00","dateModified":"2015-05-25T21:12:26+00:00","mainEntityOfPage":{"@id":"https:\/\/www.criserb.com\/blog\/nu-pot-sa-ma-hotarasc-ce-gard-sa-aleg\/"},"wordCount":815,"commentCount":20,"publisher":{"@id":"https:\/\/www.criserb.com\/blog\/#\/schema\/person\/8df5199bda4e628c32a10f318d8602b5"},"image":{"@id":"https:\/\/www.criserb.com\/blog\/nu-pot-sa-ma-hotarasc-ce-gard-sa-aleg\/#primaryimage"},"thumbnailUrl":"https:\/\/www.criserb.com\/blog\/poze\/2015\/05\/1992.jpg","keywords":["Cum aleg gardul","EcoKit","Gard"],"articleSection":["Construc\u021bia casei"],"inLanguage":"en-US","potentialAction":[{"@type":"CommentAction","name":"Comment","target":["https:\/\/www.criserb.com\/blog\/nu-pot-sa-ma-hotarasc-ce-gard-sa-aleg\/#respond"]}]},{"@type":"WebPage","@id":"https:\/\/www.criserb.com\/blog\/nu-pot-sa-ma-hotarasc-ce-gard-sa-aleg\/","url":"https:\/\/www.criserb.com\/blog\/nu-pot-sa-ma-hotarasc-ce-gard-sa-aleg\/","name":"Nu pot s\u0103 m\u0103 hot\u0103r\u0103sc ce gard s\u0103 aleg","isPartOf":{"@id":"https:\/\/www.criserb.com\/blog\/#website"},"primaryImageOfPage":{"@id":"https:\/\/www.criserb.com\/blog\/nu-pot-sa-ma-hotarasc-ce-gard-sa-aleg\/#primaryimage"},"image":{"@id":"https:\/\/www.criserb.com\/blog\/nu-pot-sa-ma-hotarasc-ce-gard-sa-aleg\/#primaryimage"},"thumbnailUrl":"https:\/\/www.criserb.com\/blog\/poze\/2015\/05\/1992.jpg","datePublished":"2015-05-25T21:11:00+00:00","dateModified":"2015-05-25T21:12:26+00:00","breadcrumb":{"@id":"https:\/\/www.criserb.com\/blog\/nu-pot-sa-ma-hotarasc-ce-gard-sa-aleg\/#breadcrumb"},"inLanguage":"en-US","potentialAction":[{"@type":"ReadAction","target":["https:\/\/www.criserb.com\/blog\/nu-pot-sa-ma-hotarasc-ce-gard-sa-aleg\/"]}]},{"@type":"ImageObject","inLanguage":"en-US","@id":"https:\/\/www.criserb.com\/blog\/nu-pot-sa-ma-hotarasc-ce-gard-sa-aleg\/#primaryimage","url":"https:\/\/www.criserb.com\/blog\/poze\/2015\/05\/1992.jpg","contentUrl":"https:\/\/www.criserb.com\/blog\/poze\/2015\/05\/1992.jpg","width":800,"height":600},{"@type":"BreadcrumbList","@id":"https:\/\/www.criserb.com\/blog\/nu-pot-sa-ma-hotarasc-ce-gard-sa-aleg\/#breadcrumb","itemListElement":[{"@type":"ListItem","position":1,"name":"Home","item":"https:\/\/www.criserb.com\/blog\/"},{"@type":"ListItem","position":2,"name":"Nu pot s\u0103 m\u0103 hot\u0103r\u0103sc ce gard s\u0103 aleg"}]},{"@type":"WebSite","@id":"https:\/\/www.criserb.com\/blog\/#website","url":"https:\/\/www.criserb.com\/blog\/","name":"criserb.com","description":"Nimic ce merita citit :)","publisher":{"@id":"https:\/\/www.criserb.com\/blog\/#\/schema\/person\/8df5199bda4e628c32a10f318d8602b5"},"potentialAction":[{"@type":"SearchAction","target":{"@type":"EntryPoint","urlTemplate":"https:\/\/www.criserb.com\/blog\/?s={search_term_string}"},"query-input":{"@type":"PropertyValueSpecification","valueRequired":true,"valueName":"search_term_string"}}],"inLanguage":"en-US"},{"@type":["Person","Organization"],"@id":"https:\/\/www.criserb.com\/blog\/#\/schema\/person\/8df5199bda4e628c32a10f318d8602b5","name":"criserb","image":{"@type":"ImageObject","inLanguage":"en-US","@id":"https:\/\/www.criserb.com\/blog\/#\/schema\/person\/image\/","url":"http:\/\/0.gravatar.com\/avatar\/fdb6cca710f39545f0c4b5b936c390b4?s=96&d=monsterid&r=pg","contentUrl":"http:\/\/0.gravatar.com\/avatar\/fdb6cca710f39545f0c4b5b936c390b4?s=96&d=monsterid&r=pg","caption":"criserb"},"logo":{"@id":"https:\/\/www.criserb.com\/blog\/#\/schema\/person\/image\/"},"sameAs":["http:\/\/www.criserb.com"],"url":"https:\/\/www.criserb.com\/blog\/author\/criserb\/"}]}},"_links":{"self":[{"href":"https:\/\/www.criserb.com\/blog\/wp-json\/wp\/v2\/posts\/30898"}],"collection":[{"href":"https:\/\/www.criserb.com\/blog\/wp-json\/wp\/v2\/posts"}],"about":[{"href":"https:\/\/www.criserb.com\/blog\/wp-json\/wp\/v2\/types\/post"}],"author":[{"embeddable":true,"href":"https:\/\/www.criserb.com\/blog\/wp-json\/wp\/v2\/users\/3"}],"replies":[{"embeddable":true,"href":"https:\/\/www.criserb.com\/blog\/wp-json\/wp\/v2\/comments?post=30898"}],"version-history":[{"count":0,"href":"https:\/\/www.criserb.com\/blog\/wp-json\/wp\/v2\/posts\/30898\/revisions"}],"wp:featuredmedia":[{"embeddable":true,"href":"https:\/\/www.criserb.com\/blog\/wp-json\/wp\/v2\/media\/30905"}],"wp:attachment":[{"href":"https:\/\/www.criserb.com\/blog\/wp-json\/wp\/v2\/media?parent=30898"}],"wp:term":[{"taxonomy":"category","embeddable":true,"href":"https:\/\/www.criserb.com\/blog\/wp-json\/wp\/v2\/categories?post=30898"},{"taxonomy":"post_tag","embeddable":true,"href":"https:\/\/www.criserb.com\/blog\/wp-json\/wp\/v2\/tags?post=30898"}],"curies":[{"name":"wp","href":"https:\/\/api.w.org\/{rel}","templated":true}]}}