{"id":30919,"date":"2015-06-03T16:06:54","date_gmt":"2015-06-03T13:06:54","guid":{"rendered":"https:\/\/www.criserb.com\/blog\/?p=30919"},"modified":"2015-06-04T10:05:27","modified_gmt":"2015-06-04T07:05:27","slug":"telekom-extinde-acoperirea-internetului-la-1-gbps-in-arad","status":"publish","type":"post","link":"https:\/\/www.criserb.com\/blog\/telekom-extinde-acoperirea-internetului-la-1-gbps-in-arad\/","title":{"rendered":"Telekom extinde acoperirea internetului la 1 Gbps \u00een Arad"},"content":{"rendered":"<p>\u00cen ultima vreme, internet de mare vitez\u0103 \u00eenseamn\u0103 <strong>1 Gbps<\/strong> \u0219i <a href=\"https:\/\/www.telekom.ro\/\" target=\"_blank\">Telekom Romania<\/a> a f\u0103cut \u00eenc\u0103 un pas important. \u00cen urma investi\u021biilor anun\u021bate anul trecut a reu\u0219ti s\u0103 pun\u0103 Aradul pe harta ora\u0219elor cu o asemenea vitez\u0103, al\u0103turi de celelalte 12 (Iasi, Cluj-Napoca, Bucure\u0219ti, Suceava, Baia Mare, Boto\u0219ani, Constan\u021ba, Craiova, Bra\u0219ov, Gala\u021bi, Deva\u00a0\u0219i\u00a0Timi\u0219oara) existente p\u00e2n\u0103 \u00een acest moment.<\/p>\n<p><img loading=\"lazy\" decoding=\"async\" class=\"aligncenter size-full wp-image-30920\" src=\"https:\/\/www.criserb.com\/blog\/poze\/2015\/06\/telekom-arad.jpg\" alt=\"telekom arad\" width=\"1255\" height=\"902\" srcset=\"https:\/\/www.criserb.com\/blog\/poze\/2015\/06\/telekom-arad.jpg 1255w, https:\/\/www.criserb.com\/blog\/poze\/2015\/06\/telekom-arad-300x216.jpg 300w, https:\/\/www.criserb.com\/blog\/poze\/2015\/06\/telekom-arad-1200x862.jpg 1200w\" sizes=\"(max-width: 1255px) 100vw, 1255px\" \/><\/p>\n<p>Partea fain\u0103 este c\u0103 pentru a beneficia de aceast\u0103 vitez\u0103, clientul nu trebuie s\u0103 scoat\u0103 prea mult din buzunar, ci doar s\u0103 pun\u0103 9.77 lei pe l\u00e2ng\u0103 ceea ce d\u0103dea deja la abonamentul de 200 Mbps.<\/p>\n<p>Dac\u0103 vorbim de televiziune, atunci v\u0103 spun c\u0103 Telekom vine cu o gril\u0103 de 128 de canale digitale din care 14 sunt \u00een format HD \u0219i 62 de canale care pot fi urm\u0103rite de pe laptop, tablet\u0103 sau telefon, online, cu ajutorul aplica\u021biei\u00a0<a href=\"https:\/\/www.telekom.ro\/web-mobile-tv\/\" target=\"_blank\">Telekom TV Web &amp; Mobile<\/a>. Fain nu?<\/p>\n<p>Mi-a\u0219 dori \u0219i eu un astfel de serviciu. Practic dac\u0103 m\u0103 apuc s\u0103 v\u0103d un film pe TV \u0219i apoi vreau s\u0103 schimb camera, pot s\u0103 pun pauz\u0103 \u0219i s\u0103 continui vizionarea respectivului film de pe tablet\u0103 sau telefon.<\/p>\n<p>O alt\u0103 op\u021biune ce este pe placul meu din aplica\u021bia\u00a0Telekom TV Web &amp; Mobile este \u00eenregistrarea. Practic a\u0219 putea s\u0103 dau drumul \u00eenregistr\u0103rii unei emisiuni pe care o urm\u0103resc de oriunde am acces la internet, \u0219i nu a\u0219 mai pierde nimic. Nu ar mai trebui s\u0103 renun\u021b la o bere \u00een ora\u0219 pentru a veni s\u0103 v\u0103d emisiunea\/meciul.<\/p>\n<p>De asemnea \u0219i Video la cerere este o treab\u0103 mi\u0219to. Te ui\u021bi la ce ai chef dintr-o gam\u0103 larg\u0103 de con\u021binut.<\/p>\n<p>Numai lucruri mi\u0219to, lucruri de care acum beneficiaz\u0103 \u0219i locuitorii Aradului. Nu au avut ei noroc de o autostrad\u0103 care s\u0103-i lege de vest, dar beneficiaz\u0103 de o vitez\u0103 a internetului cum nu prea multe ora\u0219e din lume se pot l\u0103uda.<\/p>\n<p>Ah, am uitat s\u0103 v\u0103 spun de competi\u021biile difuzate \u00een exclusivitate, cum ar fi\u00a0UEFA Champions League, UEFA Europa League, Formula 1\u00a0\u0219i\u00a0NBA. Nu-mi mai aduc aminte de c\u00e2nd nu am mai urm\u0103rit o curs\u0103 de Formula 1 \u0219i pe vremuri eram fan.<\/p>\n<p>\u00cen concluzie, dac\u0103 sunte\u021bi din Arad \u0219i vre\u021bi s\u0103 fi\u021bi la curent cu tehnologia este bine s\u0103 \u0219ti\u021bi c\u0103 ave\u021bi aceste lucruri la doi pa\u0219i de voi ;)<\/p>\n","protected":false},"excerpt":{"rendered":"<p>\u00cen ultima vreme, internet de mare vitez\u0103 \u00eenseamn\u0103 1 Gbps \u0219i Telekom Romania a f\u0103cut \u00eenc\u0103 un pas important. \u00cen urma investi\u021biilor anun\u021bate anul trecut a reu\u0219ti s\u0103 pun\u0103 Aradul pe harta ora\u0219elor cu o asemenea vitez\u0103, al\u0103turi de celelalte 12 (Iasi, Cluj-Napoca, Bucure\u0219ti, Suceava, Baia Mare, Boto\u0219ani, Constan\u021ba, Craiova, Bra\u0219ov, Gala\u021bi, Deva\u00a0\u0219i\u00a0Timi\u0219oara) existente p\u00e2n\u0103&hellip;<\/p>\n","protected":false},"author":3,"featured_media":30920,"comment_status":"open","ping_status":"open","sticky":false,"template":"","format":"standard","meta":{"footnotes":""},"categories":[5],"tags":[6996,1497,6995],"yoast_head":"<!-- This site is optimized with the Yoast SEO plugin v24.5 - https:\/\/yoast.com\/wordpress\/plugins\/seo\/ -->\n<title>Telekom extinde acoperirea internetului la 1 Gbps \u00een Arad<\/title>\n<meta name=\"robots\" content=\"index, follow, max-snippet:-1, max-image-preview:large, max-video-preview:-1\" \/>\n<link rel=\"canonical\" href=\"https:\/\/www.criserb.com\/blog\/telekom-extinde-acoperirea-internetului-la-1-gbps-in-arad\/\" \/>\n<meta name=\"twitter:label1\" content=\"Written by\" \/>\n\t<meta name=\"twitter:data1\" content=\"criserb\" \/>\n\t<meta name=\"twitter:label2\" content=\"Est. reading time\" \/>\n\t<meta name=\"twitter:data2\" content=\"2 minutes\" \/>\n<script type=\"application\/ld+json\" class=\"yoast-schema-graph\">{\"@context\":\"https:\/\/schema.org\",\"@graph\":[{\"@type\":\"Article\",\"@id\":\"https:\/\/www.criserb.com\/blog\/telekom-extinde-acoperirea-internetului-la-1-gbps-in-arad\/#article\",\"isPartOf\":{\"@id\":\"https:\/\/www.criserb.com\/blog\/telekom-extinde-acoperirea-internetului-la-1-gbps-in-arad\/\"},\"author\":{\"name\":\"criserb\",\"@id\":\"https:\/\/www.criserb.com\/blog\/#\/schema\/person\/8df5199bda4e628c32a10f318d8602b5\"},\"headline\":\"Telekom extinde acoperirea internetului la 1 Gbps \u00een Arad\",\"datePublished\":\"2015-06-03T13:06:54+00:00\",\"dateModified\":\"2015-06-04T07:05:27+00:00\",\"mainEntityOfPage\":{\"@id\":\"https:\/\/www.criserb.com\/blog\/telekom-extinde-acoperirea-internetului-la-1-gbps-in-arad\/\"},\"wordCount\":416,\"commentCount\":2,\"publisher\":{\"@id\":\"https:\/\/www.criserb.com\/blog\/#\/schema\/person\/8df5199bda4e628c32a10f318d8602b5\"},\"image\":{\"@id\":\"https:\/\/www.criserb.com\/blog\/telekom-extinde-acoperirea-internetului-la-1-gbps-in-arad\/#primaryimage\"},\"thumbnailUrl\":\"https:\/\/www.criserb.com\/blog\/poze\/2015\/06\/telekom-arad.jpg\",\"keywords\":[\"1 Gbps\",\"Arad\",\"Telekom\"],\"articleSection\":[\"Publicitate\"],\"inLanguage\":\"en-US\",\"potentialAction\":[{\"@type\":\"CommentAction\",\"name\":\"Comment\",\"target\":[\"https:\/\/www.criserb.com\/blog\/telekom-extinde-acoperirea-internetului-la-1-gbps-in-arad\/#respond\"]}]},{\"@type\":\"WebPage\",\"@id\":\"https:\/\/www.criserb.com\/blog\/telekom-extinde-acoperirea-internetului-la-1-gbps-in-arad\/\",\"url\":\"https:\/\/www.criserb.com\/blog\/telekom-extinde-acoperirea-internetului-la-1-gbps-in-arad\/\",\"name\":\"Telekom extinde acoperirea internetului la 1 Gbps \u00een Arad\",\"isPartOf\":{\"@id\":\"https:\/\/www.criserb.com\/blog\/#website\"},\"primaryImageOfPage\":{\"@id\":\"https:\/\/www.criserb.com\/blog\/telekom-extinde-acoperirea-internetului-la-1-gbps-in-arad\/#primaryimage\"},\"image\":{\"@id\":\"https:\/\/www.criserb.com\/blog\/telekom-extinde-acoperirea-internetului-la-1-gbps-in-arad\/#primaryimage\"},\"thumbnailUrl\":\"https:\/\/www.criserb.com\/blog\/poze\/2015\/06\/telekom-arad.jpg\",\"datePublished\":\"2015-06-03T13:06:54+00:00\",\"dateModified\":\"2015-06-04T07:05:27+00:00\",\"breadcrumb\":{\"@id\":\"https:\/\/www.criserb.com\/blog\/telekom-extinde-acoperirea-internetului-la-1-gbps-in-arad\/#breadcrumb\"},\"inLanguage\":\"en-US\",\"potentialAction\":[{\"@type\":\"ReadAction\",\"target\":[\"https:\/\/www.criserb.com\/blog\/telekom-extinde-acoperirea-internetului-la-1-gbps-in-arad\/\"]}]},{\"@type\":\"ImageObject\",\"inLanguage\":\"en-US\",\"@id\":\"https:\/\/www.criserb.com\/blog\/telekom-extinde-acoperirea-internetului-la-1-gbps-in-arad\/#primaryimage\",\"url\":\"https:\/\/www.criserb.com\/blog\/poze\/2015\/06\/telekom-arad.jpg\",\"contentUrl\":\"https:\/\/www.criserb.com\/blog\/poze\/2015\/06\/telekom-arad.jpg\",\"width\":1255,\"height\":902},{\"@type\":\"BreadcrumbList\",\"@id\":\"https:\/\/www.criserb.com\/blog\/telekom-extinde-acoperirea-internetului-la-1-gbps-in-arad\/#breadcrumb\",\"itemListElement\":[{\"@type\":\"ListItem\",\"position\":1,\"name\":\"Home\",\"item\":\"https:\/\/www.criserb.com\/blog\/\"},{\"@type\":\"ListItem\",\"position\":2,\"name\":\"Telekom extinde acoperirea internetului la 1 Gbps \u00een Arad\"}]},{\"@type\":\"WebSite\",\"@id\":\"https:\/\/www.criserb.com\/blog\/#website\",\"url\":\"https:\/\/www.criserb.com\/blog\/\",\"name\":\"criserb.com\",\"description\":\"Nimic ce merita citit :)\",\"publisher\":{\"@id\":\"https:\/\/www.criserb.com\/blog\/#\/schema\/person\/8df5199bda4e628c32a10f318d8602b5\"},\"potentialAction\":[{\"@type\":\"SearchAction\",\"target\":{\"@type\":\"EntryPoint\",\"urlTemplate\":\"https:\/\/www.criserb.com\/blog\/?s={search_term_string}\"},\"query-input\":{\"@type\":\"PropertyValueSpecification\",\"valueRequired\":true,\"valueName\":\"search_term_string\"}}],\"inLanguage\":\"en-US\"},{\"@type\":[\"Person\",\"Organization\"],\"@id\":\"https:\/\/www.criserb.com\/blog\/#\/schema\/person\/8df5199bda4e628c32a10f318d8602b5\",\"name\":\"criserb\",\"image\":{\"@type\":\"ImageObject\",\"inLanguage\":\"en-US\",\"@id\":\"https:\/\/www.criserb.com\/blog\/#\/schema\/person\/image\/\",\"url\":\"http:\/\/0.gravatar.com\/avatar\/fdb6cca710f39545f0c4b5b936c390b4?s=96&d=monsterid&r=pg\",\"contentUrl\":\"http:\/\/0.gravatar.com\/avatar\/fdb6cca710f39545f0c4b5b936c390b4?s=96&d=monsterid&r=pg\",\"caption\":\"criserb\"},\"logo\":{\"@id\":\"https:\/\/www.criserb.com\/blog\/#\/schema\/person\/image\/\"},\"sameAs\":[\"http:\/\/www.criserb.com\"],\"url\":\"https:\/\/www.criserb.com\/blog\/author\/criserb\/\"}]}<\/script>\n<!-- \/ Yoast SEO plugin. -->","yoast_head_json":{"title":"Telekom extinde acoperirea internetului la 1 Gbps \u00een Arad","robots":{"index":"index","follow":"follow","max-snippet":"max-snippet:-1","max-image-preview":"max-image-preview:large","max-video-preview":"max-video-preview:-1"},"canonical":"https:\/\/www.criserb.com\/blog\/telekom-extinde-acoperirea-internetului-la-1-gbps-in-arad\/","twitter_misc":{"Written by":"criserb","Est. reading time":"2 minutes"},"schema":{"@context":"https:\/\/schema.org","@graph":[{"@type":"Article","@id":"https:\/\/www.criserb.com\/blog\/telekom-extinde-acoperirea-internetului-la-1-gbps-in-arad\/#article","isPartOf":{"@id":"https:\/\/www.criserb.com\/blog\/telekom-extinde-acoperirea-internetului-la-1-gbps-in-arad\/"},"author":{"name":"criserb","@id":"https:\/\/www.criserb.com\/blog\/#\/schema\/person\/8df5199bda4e628c32a10f318d8602b5"},"headline":"Telekom extinde acoperirea internetului la 1 Gbps \u00een Arad","datePublished":"2015-06-03T13:06:54+00:00","dateModified":"2015-06-04T07:05:27+00:00","mainEntityOfPage":{"@id":"https:\/\/www.criserb.com\/blog\/telekom-extinde-acoperirea-internetului-la-1-gbps-in-arad\/"},"wordCount":416,"commentCount":2,"publisher":{"@id":"https:\/\/www.criserb.com\/blog\/#\/schema\/person\/8df5199bda4e628c32a10f318d8602b5"},"image":{"@id":"https:\/\/www.criserb.com\/blog\/telekom-extinde-acoperirea-internetului-la-1-gbps-in-arad\/#primaryimage"},"thumbnailUrl":"https:\/\/www.criserb.com\/blog\/poze\/2015\/06\/telekom-arad.jpg","keywords":["1 Gbps","Arad","Telekom"],"articleSection":["Publicitate"],"inLanguage":"en-US","potentialAction":[{"@type":"CommentAction","name":"Comment","target":["https:\/\/www.criserb.com\/blog\/telekom-extinde-acoperirea-internetului-la-1-gbps-in-arad\/#respond"]}]},{"@type":"WebPage","@id":"https:\/\/www.criserb.com\/blog\/telekom-extinde-acoperirea-internetului-la-1-gbps-in-arad\/","url":"https:\/\/www.criserb.com\/blog\/telekom-extinde-acoperirea-internetului-la-1-gbps-in-arad\/","name":"Telekom extinde acoperirea internetului la 1 Gbps \u00een Arad","isPartOf":{"@id":"https:\/\/www.criserb.com\/blog\/#website"},"primaryImageOfPage":{"@id":"https:\/\/www.criserb.com\/blog\/telekom-extinde-acoperirea-internetului-la-1-gbps-in-arad\/#primaryimage"},"image":{"@id":"https:\/\/www.criserb.com\/blog\/telekom-extinde-acoperirea-internetului-la-1-gbps-in-arad\/#primaryimage"},"thumbnailUrl":"https:\/\/www.criserb.com\/blog\/poze\/2015\/06\/telekom-arad.jpg","datePublished":"2015-06-03T13:06:54+00:00","dateModified":"2015-06-04T07:05:27+00:00","breadcrumb":{"@id":"https:\/\/www.criserb.com\/blog\/telekom-extinde-acoperirea-internetului-la-1-gbps-in-arad\/#breadcrumb"},"inLanguage":"en-US","potentialAction":[{"@type":"ReadAction","target":["https:\/\/www.criserb.com\/blog\/telekom-extinde-acoperirea-internetului-la-1-gbps-in-arad\/"]}]},{"@type":"ImageObject","inLanguage":"en-US","@id":"https:\/\/www.criserb.com\/blog\/telekom-extinde-acoperirea-internetului-la-1-gbps-in-arad\/#primaryimage","url":"https:\/\/www.criserb.com\/blog\/poze\/2015\/06\/telekom-arad.jpg","contentUrl":"https:\/\/www.criserb.com\/blog\/poze\/2015\/06\/telekom-arad.jpg","width":1255,"height":902},{"@type":"BreadcrumbList","@id":"https:\/\/www.criserb.com\/blog\/telekom-extinde-acoperirea-internetului-la-1-gbps-in-arad\/#breadcrumb","itemListElement":[{"@type":"ListItem","position":1,"name":"Home","item":"https:\/\/www.criserb.com\/blog\/"},{"@type":"ListItem","position":2,"name":"Telekom extinde acoperirea internetului la 1 Gbps \u00een Arad"}]},{"@type":"WebSite","@id":"https:\/\/www.criserb.com\/blog\/#website","url":"https:\/\/www.criserb.com\/blog\/","name":"criserb.com","description":"Nimic ce merita citit :)","publisher":{"@id":"https:\/\/www.criserb.com\/blog\/#\/schema\/person\/8df5199bda4e628c32a10f318d8602b5"},"potentialAction":[{"@type":"SearchAction","target":{"@type":"EntryPoint","urlTemplate":"https:\/\/www.criserb.com\/blog\/?s={search_term_string}"},"query-input":{"@type":"PropertyValueSpecification","valueRequired":true,"valueName":"search_term_string"}}],"inLanguage":"en-US"},{"@type":["Person","Organization"],"@id":"https:\/\/www.criserb.com\/blog\/#\/schema\/person\/8df5199bda4e628c32a10f318d8602b5","name":"criserb","image":{"@type":"ImageObject","inLanguage":"en-US","@id":"https:\/\/www.criserb.com\/blog\/#\/schema\/person\/image\/","url":"http:\/\/0.gravatar.com\/avatar\/fdb6cca710f39545f0c4b5b936c390b4?s=96&d=monsterid&r=pg","contentUrl":"http:\/\/0.gravatar.com\/avatar\/fdb6cca710f39545f0c4b5b936c390b4?s=96&d=monsterid&r=pg","caption":"criserb"},"logo":{"@id":"https:\/\/www.criserb.com\/blog\/#\/schema\/person\/image\/"},"sameAs":["http:\/\/www.criserb.com"],"url":"https:\/\/www.criserb.com\/blog\/author\/criserb\/"}]}},"_links":{"self":[{"href":"https:\/\/www.criserb.com\/blog\/wp-json\/wp\/v2\/posts\/30919"}],"collection":[{"href":"https:\/\/www.criserb.com\/blog\/wp-json\/wp\/v2\/posts"}],"about":[{"href":"https:\/\/www.criserb.com\/blog\/wp-json\/wp\/v2\/types\/post"}],"author":[{"embeddable":true,"href":"https:\/\/www.criserb.com\/blog\/wp-json\/wp\/v2\/users\/3"}],"replies":[{"embeddable":true,"href":"https:\/\/www.criserb.com\/blog\/wp-json\/wp\/v2\/comments?post=30919"}],"version-history":[{"count":0,"href":"https:\/\/www.criserb.com\/blog\/wp-json\/wp\/v2\/posts\/30919\/revisions"}],"wp:featuredmedia":[{"embeddable":true,"href":"https:\/\/www.criserb.com\/blog\/wp-json\/wp\/v2\/media\/30920"}],"wp:attachment":[{"href":"https:\/\/www.criserb.com\/blog\/wp-json\/wp\/v2\/media?parent=30919"}],"wp:term":[{"taxonomy":"category","embeddable":true,"href":"https:\/\/www.criserb.com\/blog\/wp-json\/wp\/v2\/categories?post=30919"},{"taxonomy":"post_tag","embeddable":true,"href":"https:\/\/www.criserb.com\/blog\/wp-json\/wp\/v2\/tags?post=30919"}],"curies":[{"name":"wp","href":"https:\/\/api.w.org\/{rel}","templated":true}]}}