{"id":31080,"date":"2015-06-21T22:10:41","date_gmt":"2015-06-21T19:10:41","guid":{"rendered":"https:\/\/www.criserb.com\/blog\/?p=31080"},"modified":"2015-06-22T14:32:35","modified_gmt":"2015-06-22T11:32:35","slug":"produsele-de-la-gust-de-bucovina-sunt-delicioase","status":"publish","type":"post","link":"https:\/\/www.criserb.com\/blog\/produsele-de-la-gust-de-bucovina-sunt-delicioase\/","title":{"rendered":"Produsele de la &#8220;Gust de Bucovina&#8221; sunt delicioase"},"content":{"rendered":"<p>V-am spus c\u0103 am un prieten care a deschis \u00een Bucure\u0219ti un magazin cu produse tradi\u021bionale din Bucovina. Ei bine am fost s\u00e2mb\u0103t\u0103 pe la el pe la magazin (<a href=\"https:\/\/www.google.ro\/maps\/place\/Strada+Postelnicului+12,+Bucure%C8%99ti\/@44.459671,26.077872,17z\/data=!3m1!4b1!4m2!3m1!1s0x40b2021ca203612f:0x1d7633bc35059b91?hl=en\" target=\"_blank\">Strada Postelnicului, nr. 12<\/a>) \u0219i am gustat din toate bun\u0103t\u0103\u021bile. Mi-au pl\u0103cut \u0219i pentru asta am \u0219i cump\u0103rat c\u00e2teva. Am luat un mu\u0219chi afumat de vit\u0103, ni\u0219te jum\u0103ri, ni\u0219te c\u00e2rn\u0103ciori pican\u021bi, o bucat\u0103 de curcan afumat\u00a0\u0219i\u00a0ni\u0219te p\u0103str\u0103v afumat \u00een ramuri de brad.<\/p>\n<p>\u0218ti\u021bi cum sunt? \u00ce\u021bi plou\u0103 \u00een gur\u0103. Sunt a\u0219a cum le-am gustat de c\u00e2te ori am fost la fa\u021ba locului, \u00een Bucovina, dar \u0219i \u00een alte zone ale \u021b\u0103rii, la oameni care au p\u0103strat tradi\u021bia. Sunt f\u0103cute a\u0219a cum erau f\u0103cute \u0219i acum 100 de ani, f\u0103r\u0103 conserva\u021bi \u0219i chestii dubioase b\u0103gate \u00een ele. Carne pur\u0103, sare, fum \u0219i mirodeniile care se g\u0103sesc \u00een gr\u0103dinile oric\u0103rui bucovinean. Sunt bune.<\/p>\n<p>Nu vreau s\u0103 v\u0103 conving eu de nimic, cel mai bine da\u021bi o fug\u0103 pe acolo (doar \u00een weekend \u00eentre 10 \u0219i 18 este deschis) \u0219i gusta\u021bi. Dac\u0103 v\u0103 las\u0103 gura ap\u0103 o s\u0103 reveni\u021bi cu un comentariu \u0219i o s\u0103-mi zice\u021bi dac\u0103 am avut sau nu dreptate.<\/p>\n<p>So, dac\u0103 \u021bine\u021bi s\u0103 m\u00e2nca\u021bi ceva natural, a\u0219a cum a fost f\u0103cut din mo\u0219-str\u0103mo\u0219i, merge\u021bi \u0219i convinge\u021bi-v\u0103 singuri.<\/p>\n<p>\u00cenc\u0103 ceva, pre\u021burile nu sunt mici. Am discutat cu Marius (proprietarul) \u0219i mi-a explicat de ce nu sunt. Un exemplu. Pentru un kg de sm\u00e2nt\u00e2n\u0103 are nevoie de 10l de lapte, ca sm\u00e2nt\u00e2na s\u0103 ias\u0103 a\u0219a cum o cere tradi\u021bia. Face\u021bi voi un calcul, 2&#215;10, mai pune \u0219i el un 5 lei \u0219i o s\u0103 vede\u021bi de unde pre\u021bul mare.<\/p>\n<p>Dac\u0103 vre\u021bi ieftin, \u00eencerca\u021bi la Mega, <a href=\"http:\/\/profitshare.ro\/l\/1819841\">este mult mai ieftin<\/a>.<\/p>\n<p>V\u0103 las cu c\u00e2teva poze, pentru a v\u0103 face o idee.<\/p>\n<div id='gallery-1' class='gallery galleryid-31080 gallery-columns-4 gallery-size-thumbnail'><figure class='gallery-item'>\n\t\t\t<div class='gallery-icon landscape'>\n\t\t\t\t<a href='https:\/\/www.criserb.com\/blog\/poze\/2015\/06\/20150620_130612.jpg'><img loading=\"lazy\" decoding=\"async\" width=\"150\" height=\"150\" src=\"https:\/\/www.criserb.com\/blog\/poze\/2015\/06\/20150620_130612-150x150.jpg\" class=\"attachment-thumbnail size-thumbnail\" alt=\"\" \/><\/a>\n\t\t\t<\/div><\/figure><figure class='gallery-item'>\n\t\t\t<div class='gallery-icon landscape'>\n\t\t\t\t<a href='https:\/\/www.criserb.com\/blog\/poze\/2015\/06\/20150620_130616.jpg'><img loading=\"lazy\" decoding=\"async\" width=\"150\" height=\"150\" src=\"https:\/\/www.criserb.com\/blog\/poze\/2015\/06\/20150620_130616-150x150.jpg\" class=\"attachment-thumbnail size-thumbnail\" alt=\"\" \/><\/a>\n\t\t\t<\/div><\/figure><figure class='gallery-item'>\n\t\t\t<div class='gallery-icon landscape'>\n\t\t\t\t<a href='https:\/\/www.criserb.com\/blog\/poze\/2015\/06\/20150620_130622.jpg'><img loading=\"lazy\" decoding=\"async\" width=\"150\" height=\"150\" src=\"https:\/\/www.criserb.com\/blog\/poze\/2015\/06\/20150620_130622-150x150.jpg\" class=\"attachment-thumbnail size-thumbnail\" alt=\"\" \/><\/a>\n\t\t\t<\/div><\/figure><figure class='gallery-item'>\n\t\t\t<div class='gallery-icon landscape'>\n\t\t\t\t<a href='https:\/\/www.criserb.com\/blog\/poze\/2015\/06\/20150620_130633.jpg'><img loading=\"lazy\" decoding=\"async\" width=\"150\" height=\"150\" src=\"https:\/\/www.criserb.com\/blog\/poze\/2015\/06\/20150620_130633-150x150.jpg\" class=\"attachment-thumbnail size-thumbnail\" alt=\"\" \/><\/a>\n\t\t\t<\/div><\/figure><figure class='gallery-item'>\n\t\t\t<div class='gallery-icon landscape'>\n\t\t\t\t<a href='https:\/\/www.criserb.com\/blog\/poze\/2015\/06\/20150620_130638.jpg'><img loading=\"lazy\" decoding=\"async\" width=\"150\" height=\"150\" src=\"https:\/\/www.criserb.com\/blog\/poze\/2015\/06\/20150620_130638-150x150.jpg\" class=\"attachment-thumbnail size-thumbnail\" alt=\"\" \/><\/a>\n\t\t\t<\/div><\/figure><figure class='gallery-item'>\n\t\t\t<div class='gallery-icon landscape'>\n\t\t\t\t<a href='https:\/\/www.criserb.com\/blog\/poze\/2015\/06\/20150620_130649.jpg'><img loading=\"lazy\" decoding=\"async\" width=\"150\" height=\"150\" src=\"https:\/\/www.criserb.com\/blog\/poze\/2015\/06\/20150620_130649-150x150.jpg\" class=\"attachment-thumbnail size-thumbnail\" alt=\"\" \/><\/a>\n\t\t\t<\/div><\/figure><figure class='gallery-item'>\n\t\t\t<div class='gallery-icon landscape'>\n\t\t\t\t<a href='https:\/\/www.criserb.com\/blog\/poze\/2015\/06\/20150620_130605.jpg'><img loading=\"lazy\" decoding=\"async\" width=\"150\" height=\"150\" src=\"https:\/\/www.criserb.com\/blog\/poze\/2015\/06\/20150620_130605-150x150.jpg\" class=\"attachment-thumbnail size-thumbnail\" alt=\"\" \/><\/a>\n\t\t\t<\/div><\/figure>\n\t\t<\/div>\n\n","protected":false},"excerpt":{"rendered":"<p>V-am spus c\u0103 am un prieten care a deschis \u00een Bucure\u0219ti un magazin cu produse tradi\u021bionale din Bucovina. Ei bine am fost s\u00e2mb\u0103t\u0103 pe la el pe la magazin (Strada Postelnicului, nr. 12) \u0219i am gustat din toate bun\u0103t\u0103\u021bile. Mi-au pl\u0103cut \u0219i pentru asta am \u0219i cump\u0103rat c\u00e2teva. Am luat un mu\u0219chi afumat de vit\u0103,&hellip;<\/p>\n","protected":false},"author":3,"featured_media":31083,"comment_status":"open","ping_status":"open","sticky":false,"template":"","format":"standard","meta":{"footnotes":""},"categories":[41],"tags":[7015,7016,7130],"yoast_head":"<!-- This site is optimized with the Yoast SEO plugin v24.5 - https:\/\/yoast.com\/wordpress\/plugins\/seo\/ -->\n<title>Produsele de la &quot;Gust de Bucovina&quot; sunt delicioase<\/title>\n<meta name=\"robots\" content=\"index, follow, max-snippet:-1, max-image-preview:large, max-video-preview:-1\" \/>\n<link rel=\"canonical\" href=\"https:\/\/www.criserb.com\/blog\/produsele-de-la-gust-de-bucovina-sunt-delicioase\/\" \/>\n<meta name=\"twitter:label1\" content=\"Written by\" \/>\n\t<meta name=\"twitter:data1\" content=\"criserb\" \/>\n\t<meta name=\"twitter:label2\" content=\"Est. reading time\" \/>\n\t<meta name=\"twitter:data2\" content=\"2 minutes\" \/>\n<script type=\"application\/ld+json\" class=\"yoast-schema-graph\">{\"@context\":\"https:\/\/schema.org\",\"@graph\":[{\"@type\":\"Article\",\"@id\":\"https:\/\/www.criserb.com\/blog\/produsele-de-la-gust-de-bucovina-sunt-delicioase\/#article\",\"isPartOf\":{\"@id\":\"https:\/\/www.criserb.com\/blog\/produsele-de-la-gust-de-bucovina-sunt-delicioase\/\"},\"author\":{\"name\":\"criserb\",\"@id\":\"https:\/\/www.criserb.com\/blog\/#\/schema\/person\/8df5199bda4e628c32a10f318d8602b5\"},\"headline\":\"Produsele de la &#8220;Gust de Bucovina&#8221; sunt delicioase\",\"datePublished\":\"2015-06-21T19:10:41+00:00\",\"dateModified\":\"2015-06-22T11:32:35+00:00\",\"mainEntityOfPage\":{\"@id\":\"https:\/\/www.criserb.com\/blog\/produsele-de-la-gust-de-bucovina-sunt-delicioase\/\"},\"wordCount\":359,\"commentCount\":4,\"publisher\":{\"@id\":\"https:\/\/www.criserb.com\/blog\/#\/schema\/person\/8df5199bda4e628c32a10f318d8602b5\"},\"image\":{\"@id\":\"https:\/\/www.criserb.com\/blog\/produsele-de-la-gust-de-bucovina-sunt-delicioase\/#primaryimage\"},\"thumbnailUrl\":\"https:\/\/www.criserb.com\/blog\/poze\/2015\/06\/20150620_130622.jpg\",\"keywords\":[\"Gust de Bucovina\",\"M\u00e2ncare tradi\u021bional\u0103\",\"Recomandari\"],\"articleSection\":[\"Prieteni\"],\"inLanguage\":\"en-US\",\"potentialAction\":[{\"@type\":\"CommentAction\",\"name\":\"Comment\",\"target\":[\"https:\/\/www.criserb.com\/blog\/produsele-de-la-gust-de-bucovina-sunt-delicioase\/#respond\"]}]},{\"@type\":\"WebPage\",\"@id\":\"https:\/\/www.criserb.com\/blog\/produsele-de-la-gust-de-bucovina-sunt-delicioase\/\",\"url\":\"https:\/\/www.criserb.com\/blog\/produsele-de-la-gust-de-bucovina-sunt-delicioase\/\",\"name\":\"Produsele de la \\\"Gust de Bucovina\\\" sunt delicioase\",\"isPartOf\":{\"@id\":\"https:\/\/www.criserb.com\/blog\/#website\"},\"primaryImageOfPage\":{\"@id\":\"https:\/\/www.criserb.com\/blog\/produsele-de-la-gust-de-bucovina-sunt-delicioase\/#primaryimage\"},\"image\":{\"@id\":\"https:\/\/www.criserb.com\/blog\/produsele-de-la-gust-de-bucovina-sunt-delicioase\/#primaryimage\"},\"thumbnailUrl\":\"https:\/\/www.criserb.com\/blog\/poze\/2015\/06\/20150620_130622.jpg\",\"datePublished\":\"2015-06-21T19:10:41+00:00\",\"dateModified\":\"2015-06-22T11:32:35+00:00\",\"breadcrumb\":{\"@id\":\"https:\/\/www.criserb.com\/blog\/produsele-de-la-gust-de-bucovina-sunt-delicioase\/#breadcrumb\"},\"inLanguage\":\"en-US\",\"potentialAction\":[{\"@type\":\"ReadAction\",\"target\":[\"https:\/\/www.criserb.com\/blog\/produsele-de-la-gust-de-bucovina-sunt-delicioase\/\"]}]},{\"@type\":\"ImageObject\",\"inLanguage\":\"en-US\",\"@id\":\"https:\/\/www.criserb.com\/blog\/produsele-de-la-gust-de-bucovina-sunt-delicioase\/#primaryimage\",\"url\":\"https:\/\/www.criserb.com\/blog\/poze\/2015\/06\/20150620_130622.jpg\",\"contentUrl\":\"https:\/\/www.criserb.com\/blog\/poze\/2015\/06\/20150620_130622.jpg\",\"width\":1400,\"height\":788},{\"@type\":\"BreadcrumbList\",\"@id\":\"https:\/\/www.criserb.com\/blog\/produsele-de-la-gust-de-bucovina-sunt-delicioase\/#breadcrumb\",\"itemListElement\":[{\"@type\":\"ListItem\",\"position\":1,\"name\":\"Home\",\"item\":\"https:\/\/www.criserb.com\/blog\/\"},{\"@type\":\"ListItem\",\"position\":2,\"name\":\"Produsele de la &#8220;Gust de Bucovina&#8221; sunt delicioase\"}]},{\"@type\":\"WebSite\",\"@id\":\"https:\/\/www.criserb.com\/blog\/#website\",\"url\":\"https:\/\/www.criserb.com\/blog\/\",\"name\":\"criserb.com\",\"description\":\"Nimic ce merita citit :)\",\"publisher\":{\"@id\":\"https:\/\/www.criserb.com\/blog\/#\/schema\/person\/8df5199bda4e628c32a10f318d8602b5\"},\"potentialAction\":[{\"@type\":\"SearchAction\",\"target\":{\"@type\":\"EntryPoint\",\"urlTemplate\":\"https:\/\/www.criserb.com\/blog\/?s={search_term_string}\"},\"query-input\":{\"@type\":\"PropertyValueSpecification\",\"valueRequired\":true,\"valueName\":\"search_term_string\"}}],\"inLanguage\":\"en-US\"},{\"@type\":[\"Person\",\"Organization\"],\"@id\":\"https:\/\/www.criserb.com\/blog\/#\/schema\/person\/8df5199bda4e628c32a10f318d8602b5\",\"name\":\"criserb\",\"image\":{\"@type\":\"ImageObject\",\"inLanguage\":\"en-US\",\"@id\":\"https:\/\/www.criserb.com\/blog\/#\/schema\/person\/image\/\",\"url\":\"http:\/\/0.gravatar.com\/avatar\/fdb6cca710f39545f0c4b5b936c390b4?s=96&d=monsterid&r=pg\",\"contentUrl\":\"http:\/\/0.gravatar.com\/avatar\/fdb6cca710f39545f0c4b5b936c390b4?s=96&d=monsterid&r=pg\",\"caption\":\"criserb\"},\"logo\":{\"@id\":\"https:\/\/www.criserb.com\/blog\/#\/schema\/person\/image\/\"},\"sameAs\":[\"http:\/\/www.criserb.com\"],\"url\":\"https:\/\/www.criserb.com\/blog\/author\/criserb\/\"}]}<\/script>\n<!-- \/ Yoast SEO plugin. -->","yoast_head_json":{"title":"Produsele de la \"Gust de Bucovina\" sunt delicioase","robots":{"index":"index","follow":"follow","max-snippet":"max-snippet:-1","max-image-preview":"max-image-preview:large","max-video-preview":"max-video-preview:-1"},"canonical":"https:\/\/www.criserb.com\/blog\/produsele-de-la-gust-de-bucovina-sunt-delicioase\/","twitter_misc":{"Written by":"criserb","Est. reading time":"2 minutes"},"schema":{"@context":"https:\/\/schema.org","@graph":[{"@type":"Article","@id":"https:\/\/www.criserb.com\/blog\/produsele-de-la-gust-de-bucovina-sunt-delicioase\/#article","isPartOf":{"@id":"https:\/\/www.criserb.com\/blog\/produsele-de-la-gust-de-bucovina-sunt-delicioase\/"},"author":{"name":"criserb","@id":"https:\/\/www.criserb.com\/blog\/#\/schema\/person\/8df5199bda4e628c32a10f318d8602b5"},"headline":"Produsele de la &#8220;Gust de Bucovina&#8221; sunt delicioase","datePublished":"2015-06-21T19:10:41+00:00","dateModified":"2015-06-22T11:32:35+00:00","mainEntityOfPage":{"@id":"https:\/\/www.criserb.com\/blog\/produsele-de-la-gust-de-bucovina-sunt-delicioase\/"},"wordCount":359,"commentCount":4,"publisher":{"@id":"https:\/\/www.criserb.com\/blog\/#\/schema\/person\/8df5199bda4e628c32a10f318d8602b5"},"image":{"@id":"https:\/\/www.criserb.com\/blog\/produsele-de-la-gust-de-bucovina-sunt-delicioase\/#primaryimage"},"thumbnailUrl":"https:\/\/www.criserb.com\/blog\/poze\/2015\/06\/20150620_130622.jpg","keywords":["Gust de Bucovina","M\u00e2ncare tradi\u021bional\u0103","Recomandari"],"articleSection":["Prieteni"],"inLanguage":"en-US","potentialAction":[{"@type":"CommentAction","name":"Comment","target":["https:\/\/www.criserb.com\/blog\/produsele-de-la-gust-de-bucovina-sunt-delicioase\/#respond"]}]},{"@type":"WebPage","@id":"https:\/\/www.criserb.com\/blog\/produsele-de-la-gust-de-bucovina-sunt-delicioase\/","url":"https:\/\/www.criserb.com\/blog\/produsele-de-la-gust-de-bucovina-sunt-delicioase\/","name":"Produsele de la \"Gust de Bucovina\" sunt delicioase","isPartOf":{"@id":"https:\/\/www.criserb.com\/blog\/#website"},"primaryImageOfPage":{"@id":"https:\/\/www.criserb.com\/blog\/produsele-de-la-gust-de-bucovina-sunt-delicioase\/#primaryimage"},"image":{"@id":"https:\/\/www.criserb.com\/blog\/produsele-de-la-gust-de-bucovina-sunt-delicioase\/#primaryimage"},"thumbnailUrl":"https:\/\/www.criserb.com\/blog\/poze\/2015\/06\/20150620_130622.jpg","datePublished":"2015-06-21T19:10:41+00:00","dateModified":"2015-06-22T11:32:35+00:00","breadcrumb":{"@id":"https:\/\/www.criserb.com\/blog\/produsele-de-la-gust-de-bucovina-sunt-delicioase\/#breadcrumb"},"inLanguage":"en-US","potentialAction":[{"@type":"ReadAction","target":["https:\/\/www.criserb.com\/blog\/produsele-de-la-gust-de-bucovina-sunt-delicioase\/"]}]},{"@type":"ImageObject","inLanguage":"en-US","@id":"https:\/\/www.criserb.com\/blog\/produsele-de-la-gust-de-bucovina-sunt-delicioase\/#primaryimage","url":"https:\/\/www.criserb.com\/blog\/poze\/2015\/06\/20150620_130622.jpg","contentUrl":"https:\/\/www.criserb.com\/blog\/poze\/2015\/06\/20150620_130622.jpg","width":1400,"height":788},{"@type":"BreadcrumbList","@id":"https:\/\/www.criserb.com\/blog\/produsele-de-la-gust-de-bucovina-sunt-delicioase\/#breadcrumb","itemListElement":[{"@type":"ListItem","position":1,"name":"Home","item":"https:\/\/www.criserb.com\/blog\/"},{"@type":"ListItem","position":2,"name":"Produsele de la &#8220;Gust de Bucovina&#8221; sunt delicioase"}]},{"@type":"WebSite","@id":"https:\/\/www.criserb.com\/blog\/#website","url":"https:\/\/www.criserb.com\/blog\/","name":"criserb.com","description":"Nimic ce merita citit :)","publisher":{"@id":"https:\/\/www.criserb.com\/blog\/#\/schema\/person\/8df5199bda4e628c32a10f318d8602b5"},"potentialAction":[{"@type":"SearchAction","target":{"@type":"EntryPoint","urlTemplate":"https:\/\/www.criserb.com\/blog\/?s={search_term_string}"},"query-input":{"@type":"PropertyValueSpecification","valueRequired":true,"valueName":"search_term_string"}}],"inLanguage":"en-US"},{"@type":["Person","Organization"],"@id":"https:\/\/www.criserb.com\/blog\/#\/schema\/person\/8df5199bda4e628c32a10f318d8602b5","name":"criserb","image":{"@type":"ImageObject","inLanguage":"en-US","@id":"https:\/\/www.criserb.com\/blog\/#\/schema\/person\/image\/","url":"http:\/\/0.gravatar.com\/avatar\/fdb6cca710f39545f0c4b5b936c390b4?s=96&d=monsterid&r=pg","contentUrl":"http:\/\/0.gravatar.com\/avatar\/fdb6cca710f39545f0c4b5b936c390b4?s=96&d=monsterid&r=pg","caption":"criserb"},"logo":{"@id":"https:\/\/www.criserb.com\/blog\/#\/schema\/person\/image\/"},"sameAs":["http:\/\/www.criserb.com"],"url":"https:\/\/www.criserb.com\/blog\/author\/criserb\/"}]}},"_links":{"self":[{"href":"https:\/\/www.criserb.com\/blog\/wp-json\/wp\/v2\/posts\/31080"}],"collection":[{"href":"https:\/\/www.criserb.com\/blog\/wp-json\/wp\/v2\/posts"}],"about":[{"href":"https:\/\/www.criserb.com\/blog\/wp-json\/wp\/v2\/types\/post"}],"author":[{"embeddable":true,"href":"https:\/\/www.criserb.com\/blog\/wp-json\/wp\/v2\/users\/3"}],"replies":[{"embeddable":true,"href":"https:\/\/www.criserb.com\/blog\/wp-json\/wp\/v2\/comments?post=31080"}],"version-history":[{"count":0,"href":"https:\/\/www.criserb.com\/blog\/wp-json\/wp\/v2\/posts\/31080\/revisions"}],"wp:featuredmedia":[{"embeddable":true,"href":"https:\/\/www.criserb.com\/blog\/wp-json\/wp\/v2\/media\/31083"}],"wp:attachment":[{"href":"https:\/\/www.criserb.com\/blog\/wp-json\/wp\/v2\/media?parent=31080"}],"wp:term":[{"taxonomy":"category","embeddable":true,"href":"https:\/\/www.criserb.com\/blog\/wp-json\/wp\/v2\/categories?post=31080"},{"taxonomy":"post_tag","embeddable":true,"href":"https:\/\/www.criserb.com\/blog\/wp-json\/wp\/v2\/tags?post=31080"}],"curies":[{"name":"wp","href":"https:\/\/api.w.org\/{rel}","templated":true}]}}