{"id":31088,"date":"2015-06-24T10:03:17","date_gmt":"2015-06-24T07:03:17","guid":{"rendered":"https:\/\/www.criserb.com\/blog\/?p=31088"},"modified":"2015-06-24T10:03:17","modified_gmt":"2015-06-24T07:03:17","slug":"nu-mi-mai-booteaza-calculatorul","status":"publish","type":"post","link":"https:\/\/www.criserb.com\/blog\/nu-mi-mai-booteaza-calculatorul\/","title":{"rendered":"Nu-mi mai booteaz\u0103 calculatorul"},"content":{"rendered":"<p><img loading=\"lazy\" decoding=\"async\" class=\"aligncenter size-full wp-image-31089\" src=\"https:\/\/www.criserb.com\/blog\/poze\/2015\/06\/windows-logo-on-black-screen.jpg\" alt=\"windows-logo-on-black-screen\" width=\"630\" height=\"400\" srcset=\"https:\/\/www.criserb.com\/blog\/poze\/2015\/06\/windows-logo-on-black-screen.jpg 630w, https:\/\/www.criserb.com\/blog\/poze\/2015\/06\/windows-logo-on-black-screen-300x190.jpg 300w\" sizes=\"(max-width: 630px) 100vw, 630px\" \/><\/p>\n<p>Acum vreo dou\u0103 zile m-a m\u00e2ncat undeva s\u0103-mi pun Windows 10. A mers, a mers chiar f\u0103r\u0103 nicio problem\u0103 p\u00e2n\u0103 c\u00e2nd a vrut s\u0103-\u0219i mai fac\u0103 un update. L-a f\u0103cut, m-a pus s\u0103-i dau restart \u0219i de atunci&#8230; nu-mi mai porne\u0219te calculatorul deloc.<\/p>\n<p>Am f\u0103cut un stick bootabil cu Win 10 \u0219i am \u00eencercat a\u0219a.<\/p>\n<p>Porne\u0219te calculatorul, \u00eei dau s\u0103 booteze de pe stick \u0219i apare logo-ul de la windows, apoi se restarteaz\u0103.<\/p>\n<p>\u0218i tot a\u0219a.<\/p>\n<p>\u00cen cele din urm\u0103 am f\u0103cut un stick bootabil cu Win 8.1 \u0219i am \u00eencercat s\u0103-l pun pe \u0103sta.<\/p>\n<p>A pornit calculatorul, am bootat de pe stick, am pus Windowsul \u0219i la restart iar nu mai porne\u0219te. Apare logo-ul de la Windows \u0219i se restarteaz\u0103.<\/p>\n<p>\u00cencep s\u0103 cred c\u0103 nu este de la Windows, este ceva de la calculatorul meu. Calculatorul are <a href=\"https:\/\/www.criserb.com\/blog\/in-cele-din-urma-l-am-comandat.html\" target=\"_blank\">aceast\u0103 configura\u021bie<\/a>.<\/p>\n<p>M\u0103 \u00eentreb de la ce nu mai vrea s\u0103 booteze, de la SSD-ul meu, sau de la placa de baz\u0103?<\/p>\n<p>Poate g\u0103sesc \u0219i eu pe aici pe cineva care se pricepe, sau care s-a mai lovit de probleme asta \u0219i poate s\u0103-mi dea \u0219i mie un sfat.<\/p>\n<p>V\u0103 mul\u021bumesc anticipat!<\/p>\n","protected":false},"excerpt":{"rendered":"<p>Acum vreo dou\u0103 zile m-a m\u00e2ncat undeva s\u0103-mi pun Windows 10. A mers, a mers chiar f\u0103r\u0103 nicio problem\u0103 p\u00e2n\u0103 c\u00e2nd a vrut s\u0103-\u0219i mai fac\u0103 un update. L-a f\u0103cut, m-a pus s\u0103-i dau restart \u0219i de atunci&#8230; nu-mi mai porne\u0219te calculatorul deloc. Am f\u0103cut un stick bootabil cu Win 10 \u0219i am \u00eencercat a\u0219a.&hellip;<\/p>\n","protected":false},"author":3,"featured_media":31089,"comment_status":"open","ping_status":"open","sticky":false,"template":"","format":"standard","meta":{"footnotes":""},"categories":[45],"tags":[7018,7019,7017],"yoast_head":"<!-- This site is optimized with the Yoast SEO plugin v24.5 - https:\/\/yoast.com\/wordpress\/plugins\/seo\/ -->\n<title>Nu-mi mai booteaz\u0103 calculatorul<\/title>\n<meta name=\"robots\" content=\"index, follow, max-snippet:-1, max-image-preview:large, max-video-preview:-1\" \/>\n<link rel=\"canonical\" href=\"https:\/\/www.criserb.com\/blog\/nu-mi-mai-booteaza-calculatorul\/\" \/>\n<meta name=\"twitter:label1\" content=\"Written by\" \/>\n\t<meta name=\"twitter:data1\" content=\"criserb\" \/>\n\t<meta name=\"twitter:label2\" content=\"Est. reading time\" \/>\n\t<meta name=\"twitter:data2\" content=\"1 minute\" \/>\n<script type=\"application\/ld+json\" class=\"yoast-schema-graph\">{\"@context\":\"https:\/\/schema.org\",\"@graph\":[{\"@type\":\"Article\",\"@id\":\"https:\/\/www.criserb.com\/blog\/nu-mi-mai-booteaza-calculatorul\/#article\",\"isPartOf\":{\"@id\":\"https:\/\/www.criserb.com\/blog\/nu-mi-mai-booteaza-calculatorul\/\"},\"author\":{\"name\":\"criserb\",\"@id\":\"https:\/\/www.criserb.com\/blog\/#\/schema\/person\/8df5199bda4e628c32a10f318d8602b5\"},\"headline\":\"Nu-mi mai booteaz\u0103 calculatorul\",\"datePublished\":\"2015-06-24T07:03:17+00:00\",\"mainEntityOfPage\":{\"@id\":\"https:\/\/www.criserb.com\/blog\/nu-mi-mai-booteaza-calculatorul\/\"},\"wordCount\":212,\"commentCount\":19,\"publisher\":{\"@id\":\"https:\/\/www.criserb.com\/blog\/#\/schema\/person\/8df5199bda4e628c32a10f318d8602b5\"},\"image\":{\"@id\":\"https:\/\/www.criserb.com\/blog\/nu-mi-mai-booteaza-calculatorul\/#primaryimage\"},\"thumbnailUrl\":\"https:\/\/www.criserb.com\/blog\/poze\/2015\/06\/windows-logo-on-black-screen.jpg\",\"keywords\":[\"Boot\",\"Boot from USB\",\"Windows 10\"],\"articleSection\":[\"Probleme\"],\"inLanguage\":\"en-US\",\"potentialAction\":[{\"@type\":\"CommentAction\",\"name\":\"Comment\",\"target\":[\"https:\/\/www.criserb.com\/blog\/nu-mi-mai-booteaza-calculatorul\/#respond\"]}]},{\"@type\":\"WebPage\",\"@id\":\"https:\/\/www.criserb.com\/blog\/nu-mi-mai-booteaza-calculatorul\/\",\"url\":\"https:\/\/www.criserb.com\/blog\/nu-mi-mai-booteaza-calculatorul\/\",\"name\":\"Nu-mi mai booteaz\u0103 calculatorul\",\"isPartOf\":{\"@id\":\"https:\/\/www.criserb.com\/blog\/#website\"},\"primaryImageOfPage\":{\"@id\":\"https:\/\/www.criserb.com\/blog\/nu-mi-mai-booteaza-calculatorul\/#primaryimage\"},\"image\":{\"@id\":\"https:\/\/www.criserb.com\/blog\/nu-mi-mai-booteaza-calculatorul\/#primaryimage\"},\"thumbnailUrl\":\"https:\/\/www.criserb.com\/blog\/poze\/2015\/06\/windows-logo-on-black-screen.jpg\",\"datePublished\":\"2015-06-24T07:03:17+00:00\",\"breadcrumb\":{\"@id\":\"https:\/\/www.criserb.com\/blog\/nu-mi-mai-booteaza-calculatorul\/#breadcrumb\"},\"inLanguage\":\"en-US\",\"potentialAction\":[{\"@type\":\"ReadAction\",\"target\":[\"https:\/\/www.criserb.com\/blog\/nu-mi-mai-booteaza-calculatorul\/\"]}]},{\"@type\":\"ImageObject\",\"inLanguage\":\"en-US\",\"@id\":\"https:\/\/www.criserb.com\/blog\/nu-mi-mai-booteaza-calculatorul\/#primaryimage\",\"url\":\"https:\/\/www.criserb.com\/blog\/poze\/2015\/06\/windows-logo-on-black-screen.jpg\",\"contentUrl\":\"https:\/\/www.criserb.com\/blog\/poze\/2015\/06\/windows-logo-on-black-screen.jpg\",\"width\":630,\"height\":400},{\"@type\":\"BreadcrumbList\",\"@id\":\"https:\/\/www.criserb.com\/blog\/nu-mi-mai-booteaza-calculatorul\/#breadcrumb\",\"itemListElement\":[{\"@type\":\"ListItem\",\"position\":1,\"name\":\"Home\",\"item\":\"https:\/\/www.criserb.com\/blog\/\"},{\"@type\":\"ListItem\",\"position\":2,\"name\":\"Nu-mi mai booteaz\u0103 calculatorul\"}]},{\"@type\":\"WebSite\",\"@id\":\"https:\/\/www.criserb.com\/blog\/#website\",\"url\":\"https:\/\/www.criserb.com\/blog\/\",\"name\":\"criserb.com\",\"description\":\"Nimic ce merita citit :)\",\"publisher\":{\"@id\":\"https:\/\/www.criserb.com\/blog\/#\/schema\/person\/8df5199bda4e628c32a10f318d8602b5\"},\"potentialAction\":[{\"@type\":\"SearchAction\",\"target\":{\"@type\":\"EntryPoint\",\"urlTemplate\":\"https:\/\/www.criserb.com\/blog\/?s={search_term_string}\"},\"query-input\":{\"@type\":\"PropertyValueSpecification\",\"valueRequired\":true,\"valueName\":\"search_term_string\"}}],\"inLanguage\":\"en-US\"},{\"@type\":[\"Person\",\"Organization\"],\"@id\":\"https:\/\/www.criserb.com\/blog\/#\/schema\/person\/8df5199bda4e628c32a10f318d8602b5\",\"name\":\"criserb\",\"image\":{\"@type\":\"ImageObject\",\"inLanguage\":\"en-US\",\"@id\":\"https:\/\/www.criserb.com\/blog\/#\/schema\/person\/image\/\",\"url\":\"http:\/\/0.gravatar.com\/avatar\/fdb6cca710f39545f0c4b5b936c390b4?s=96&d=monsterid&r=pg\",\"contentUrl\":\"http:\/\/0.gravatar.com\/avatar\/fdb6cca710f39545f0c4b5b936c390b4?s=96&d=monsterid&r=pg\",\"caption\":\"criserb\"},\"logo\":{\"@id\":\"https:\/\/www.criserb.com\/blog\/#\/schema\/person\/image\/\"},\"sameAs\":[\"http:\/\/www.criserb.com\"],\"url\":\"https:\/\/www.criserb.com\/blog\/author\/criserb\/\"}]}<\/script>\n<!-- \/ Yoast SEO plugin. -->","yoast_head_json":{"title":"Nu-mi mai booteaz\u0103 calculatorul","robots":{"index":"index","follow":"follow","max-snippet":"max-snippet:-1","max-image-preview":"max-image-preview:large","max-video-preview":"max-video-preview:-1"},"canonical":"https:\/\/www.criserb.com\/blog\/nu-mi-mai-booteaza-calculatorul\/","twitter_misc":{"Written by":"criserb","Est. reading time":"1 minute"},"schema":{"@context":"https:\/\/schema.org","@graph":[{"@type":"Article","@id":"https:\/\/www.criserb.com\/blog\/nu-mi-mai-booteaza-calculatorul\/#article","isPartOf":{"@id":"https:\/\/www.criserb.com\/blog\/nu-mi-mai-booteaza-calculatorul\/"},"author":{"name":"criserb","@id":"https:\/\/www.criserb.com\/blog\/#\/schema\/person\/8df5199bda4e628c32a10f318d8602b5"},"headline":"Nu-mi mai booteaz\u0103 calculatorul","datePublished":"2015-06-24T07:03:17+00:00","mainEntityOfPage":{"@id":"https:\/\/www.criserb.com\/blog\/nu-mi-mai-booteaza-calculatorul\/"},"wordCount":212,"commentCount":19,"publisher":{"@id":"https:\/\/www.criserb.com\/blog\/#\/schema\/person\/8df5199bda4e628c32a10f318d8602b5"},"image":{"@id":"https:\/\/www.criserb.com\/blog\/nu-mi-mai-booteaza-calculatorul\/#primaryimage"},"thumbnailUrl":"https:\/\/www.criserb.com\/blog\/poze\/2015\/06\/windows-logo-on-black-screen.jpg","keywords":["Boot","Boot from USB","Windows 10"],"articleSection":["Probleme"],"inLanguage":"en-US","potentialAction":[{"@type":"CommentAction","name":"Comment","target":["https:\/\/www.criserb.com\/blog\/nu-mi-mai-booteaza-calculatorul\/#respond"]}]},{"@type":"WebPage","@id":"https:\/\/www.criserb.com\/blog\/nu-mi-mai-booteaza-calculatorul\/","url":"https:\/\/www.criserb.com\/blog\/nu-mi-mai-booteaza-calculatorul\/","name":"Nu-mi mai booteaz\u0103 calculatorul","isPartOf":{"@id":"https:\/\/www.criserb.com\/blog\/#website"},"primaryImageOfPage":{"@id":"https:\/\/www.criserb.com\/blog\/nu-mi-mai-booteaza-calculatorul\/#primaryimage"},"image":{"@id":"https:\/\/www.criserb.com\/blog\/nu-mi-mai-booteaza-calculatorul\/#primaryimage"},"thumbnailUrl":"https:\/\/www.criserb.com\/blog\/poze\/2015\/06\/windows-logo-on-black-screen.jpg","datePublished":"2015-06-24T07:03:17+00:00","breadcrumb":{"@id":"https:\/\/www.criserb.com\/blog\/nu-mi-mai-booteaza-calculatorul\/#breadcrumb"},"inLanguage":"en-US","potentialAction":[{"@type":"ReadAction","target":["https:\/\/www.criserb.com\/blog\/nu-mi-mai-booteaza-calculatorul\/"]}]},{"@type":"ImageObject","inLanguage":"en-US","@id":"https:\/\/www.criserb.com\/blog\/nu-mi-mai-booteaza-calculatorul\/#primaryimage","url":"https:\/\/www.criserb.com\/blog\/poze\/2015\/06\/windows-logo-on-black-screen.jpg","contentUrl":"https:\/\/www.criserb.com\/blog\/poze\/2015\/06\/windows-logo-on-black-screen.jpg","width":630,"height":400},{"@type":"BreadcrumbList","@id":"https:\/\/www.criserb.com\/blog\/nu-mi-mai-booteaza-calculatorul\/#breadcrumb","itemListElement":[{"@type":"ListItem","position":1,"name":"Home","item":"https:\/\/www.criserb.com\/blog\/"},{"@type":"ListItem","position":2,"name":"Nu-mi mai booteaz\u0103 calculatorul"}]},{"@type":"WebSite","@id":"https:\/\/www.criserb.com\/blog\/#website","url":"https:\/\/www.criserb.com\/blog\/","name":"criserb.com","description":"Nimic ce merita citit :)","publisher":{"@id":"https:\/\/www.criserb.com\/blog\/#\/schema\/person\/8df5199bda4e628c32a10f318d8602b5"},"potentialAction":[{"@type":"SearchAction","target":{"@type":"EntryPoint","urlTemplate":"https:\/\/www.criserb.com\/blog\/?s={search_term_string}"},"query-input":{"@type":"PropertyValueSpecification","valueRequired":true,"valueName":"search_term_string"}}],"inLanguage":"en-US"},{"@type":["Person","Organization"],"@id":"https:\/\/www.criserb.com\/blog\/#\/schema\/person\/8df5199bda4e628c32a10f318d8602b5","name":"criserb","image":{"@type":"ImageObject","inLanguage":"en-US","@id":"https:\/\/www.criserb.com\/blog\/#\/schema\/person\/image\/","url":"http:\/\/0.gravatar.com\/avatar\/fdb6cca710f39545f0c4b5b936c390b4?s=96&d=monsterid&r=pg","contentUrl":"http:\/\/0.gravatar.com\/avatar\/fdb6cca710f39545f0c4b5b936c390b4?s=96&d=monsterid&r=pg","caption":"criserb"},"logo":{"@id":"https:\/\/www.criserb.com\/blog\/#\/schema\/person\/image\/"},"sameAs":["http:\/\/www.criserb.com"],"url":"https:\/\/www.criserb.com\/blog\/author\/criserb\/"}]}},"_links":{"self":[{"href":"https:\/\/www.criserb.com\/blog\/wp-json\/wp\/v2\/posts\/31088"}],"collection":[{"href":"https:\/\/www.criserb.com\/blog\/wp-json\/wp\/v2\/posts"}],"about":[{"href":"https:\/\/www.criserb.com\/blog\/wp-json\/wp\/v2\/types\/post"}],"author":[{"embeddable":true,"href":"https:\/\/www.criserb.com\/blog\/wp-json\/wp\/v2\/users\/3"}],"replies":[{"embeddable":true,"href":"https:\/\/www.criserb.com\/blog\/wp-json\/wp\/v2\/comments?post=31088"}],"version-history":[{"count":0,"href":"https:\/\/www.criserb.com\/blog\/wp-json\/wp\/v2\/posts\/31088\/revisions"}],"wp:featuredmedia":[{"embeddable":true,"href":"https:\/\/www.criserb.com\/blog\/wp-json\/wp\/v2\/media\/31089"}],"wp:attachment":[{"href":"https:\/\/www.criserb.com\/blog\/wp-json\/wp\/v2\/media?parent=31088"}],"wp:term":[{"taxonomy":"category","embeddable":true,"href":"https:\/\/www.criserb.com\/blog\/wp-json\/wp\/v2\/categories?post=31088"},{"taxonomy":"post_tag","embeddable":true,"href":"https:\/\/www.criserb.com\/blog\/wp-json\/wp\/v2\/tags?post=31088"}],"curies":[{"name":"wp","href":"https:\/\/api.w.org\/{rel}","templated":true}]}}