{"id":31325,"date":"2015-07-30T23:00:21","date_gmt":"2015-07-30T20:00:21","guid":{"rendered":"https:\/\/www.criserb.com\/blog\/?p=31325"},"modified":"2015-07-30T23:00:40","modified_gmt":"2015-07-30T20:00:40","slug":"ne-pregatim-de-decorativa-si-mai-avansam-si-la-interior","status":"publish","type":"post","link":"https:\/\/www.criserb.com\/blog\/ne-pregatim-de-decorativa-si-mai-avansam-si-la-interior\/","title":{"rendered":"Ne preg\u0103tim de decorativ\u0103 \u0219i mai avans\u0103m \u0219i la interior"},"content":{"rendered":"<p>Dup\u0103 cum observa\u021bi nu prea am mai scris pe blog de ceva vreme. Pentru c\u0103 pur \u0219i simplu nu am timp \u0219i c\u00e2nd ajung acas\u0103 cad direct \u00een pat.<\/p>\n<p>\u0218antierul \u00eemi m\u0103n\u00e2nc\u0103 tot timpul \u0219i dac\u0103 este s\u0103 regret ceva, este faptul c\u0103 nu pot s\u0103-mi petrec mai mult timp cu fii-miu. Dar&#8230; mai sunt vreo 2 luni \u0219i am s\u0103 recuperez, \u00een curtea noastr\u0103, fiecare clip\u0103 pe care am ratat-o acum.<\/p>\n<p>Bun. Ce am mai f\u0103cut?<\/p>\n<p>Am continuat cu vata bazaltic\u0103 pe exterior, a fost pus\u0103 cam peste tot \u0219i a fost pus\u0103 \u0219i plasa, apoi dat\u0103 o m\u00e2n\u0103 de mas\u0103 de \u0219paclu. Cred c\u0103 a\u0219a \u00eei zice, dac\u0103 am gre\u0219it, m\u0103 corecta\u021bi voi. M\u0103 rog, un adeziv cu care a fost fixat\u0103 plasa peste vat\u0103 \u0219i peste care o s\u0103 vin\u0103 tencuiala decorativ\u0103.<\/p>\n<div id='gallery-1' class='gallery galleryid-31325 gallery-columns-3 gallery-size-thumbnail'><figure class='gallery-item'>\n\t\t\t<div class='gallery-icon landscape'>\n\t\t\t\t<a href='https:\/\/www.criserb.com\/blog\/poze\/2015\/07\/DSC_5035.jpg'><img loading=\"lazy\" decoding=\"async\" width=\"150\" height=\"150\" src=\"https:\/\/www.criserb.com\/blog\/poze\/2015\/07\/DSC_5035-150x150.jpg\" class=\"attachment-thumbnail size-thumbnail\" alt=\"\" \/><\/a>\n\t\t\t<\/div><\/figure><figure class='gallery-item'>\n\t\t\t<div class='gallery-icon landscape'>\n\t\t\t\t<a href='https:\/\/www.criserb.com\/blog\/poze\/2015\/07\/DSC_5036.jpg'><img loading=\"lazy\" decoding=\"async\" width=\"150\" height=\"150\" src=\"https:\/\/www.criserb.com\/blog\/poze\/2015\/07\/DSC_5036-150x150.jpg\" class=\"attachment-thumbnail size-thumbnail\" alt=\"\" \/><\/a>\n\t\t\t<\/div><\/figure><figure class='gallery-item'>\n\t\t\t<div class='gallery-icon landscape'>\n\t\t\t\t<a href='https:\/\/www.criserb.com\/blog\/poze\/2015\/07\/DSC_5037.jpg'><img loading=\"lazy\" decoding=\"async\" width=\"150\" height=\"150\" src=\"https:\/\/www.criserb.com\/blog\/poze\/2015\/07\/DSC_5037-150x150.jpg\" class=\"attachment-thumbnail size-thumbnail\" alt=\"\" \/><\/a>\n\t\t\t<\/div><\/figure><figure class='gallery-item'>\n\t\t\t<div class='gallery-icon landscape'>\n\t\t\t\t<a href='https:\/\/www.criserb.com\/blog\/poze\/2015\/07\/DSC_5038.jpg'><img loading=\"lazy\" decoding=\"async\" width=\"150\" height=\"150\" src=\"https:\/\/www.criserb.com\/blog\/poze\/2015\/07\/DSC_5038-150x150.jpg\" class=\"attachment-thumbnail size-thumbnail\" alt=\"\" \/><\/a>\n\t\t\t<\/div><\/figure><figure class='gallery-item'>\n\t\t\t<div class='gallery-icon landscape'>\n\t\t\t\t<a href='https:\/\/www.criserb.com\/blog\/poze\/2015\/07\/DSC_5040.jpg'><img loading=\"lazy\" decoding=\"async\" width=\"150\" height=\"150\" src=\"https:\/\/www.criserb.com\/blog\/poze\/2015\/07\/DSC_5040-150x150.jpg\" class=\"attachment-thumbnail size-thumbnail\" alt=\"\" \/><\/a>\n\t\t\t<\/div><\/figure><figure class='gallery-item'>\n\t\t\t<div class='gallery-icon landscape'>\n\t\t\t\t<a href='https:\/\/www.criserb.com\/blog\/poze\/2015\/07\/DSC_5041.jpg'><img loading=\"lazy\" decoding=\"async\" width=\"150\" height=\"150\" src=\"https:\/\/www.criserb.com\/blog\/poze\/2015\/07\/DSC_5041-150x150.jpg\" class=\"attachment-thumbnail size-thumbnail\" alt=\"\" \/><\/a>\n\t\t\t<\/div><\/figure>\n\t\t<\/div>\n\n<p>Dup\u0103 ce a fost pus\u0103 tot\u0103 vata, \u00een zonele \u00een care se mai vedea OSB-ul cei de la EcoKit urmeaz\u0103 s\u0103 pun\u0103 vata \u0219i s\u0103 realizeze un caroiaj de lemn pe care s\u0103 vin\u0103 pus lambriul.<\/p>\n<p>Dup\u0103 cum v-am zis, \u00een anumite zone ale casei o s\u0103 pun ni\u0219te lambriu de lemn, exact cum este\u00a0<a href=\"http:\/\/case-de-lemn.com\/modern-acces-83\/\" target=\"_blank\">aici<\/a>.<\/p>\n<p>Ast\u0103zi, c\u00e2nd am ajuns pe \u0219antier lucrurile ar\u0103tau a\u0219a:<\/p>\n<div id='gallery-2' class='gallery galleryid-31325 gallery-columns-5 gallery-size-thumbnail'><figure class='gallery-item'>\n\t\t\t<div class='gallery-icon landscape'>\n\t\t\t\t<a href='https:\/\/www.criserb.com\/blog\/poze\/2015\/07\/DSC_5042.jpg'><img loading=\"lazy\" decoding=\"async\" width=\"150\" height=\"150\" src=\"https:\/\/www.criserb.com\/blog\/poze\/2015\/07\/DSC_5042-150x150.jpg\" class=\"attachment-thumbnail size-thumbnail\" alt=\"\" \/><\/a>\n\t\t\t<\/div><\/figure><figure class='gallery-item'>\n\t\t\t<div class='gallery-icon landscape'>\n\t\t\t\t<a href='https:\/\/www.criserb.com\/blog\/poze\/2015\/07\/DSC_5043.jpg'><img loading=\"lazy\" decoding=\"async\" width=\"150\" height=\"150\" src=\"https:\/\/www.criserb.com\/blog\/poze\/2015\/07\/DSC_5043-150x150.jpg\" class=\"attachment-thumbnail size-thumbnail\" alt=\"\" \/><\/a>\n\t\t\t<\/div><\/figure><figure class='gallery-item'>\n\t\t\t<div class='gallery-icon landscape'>\n\t\t\t\t<a href='https:\/\/www.criserb.com\/blog\/poze\/2015\/07\/DSC_5044.jpg'><img loading=\"lazy\" decoding=\"async\" width=\"150\" height=\"150\" src=\"https:\/\/www.criserb.com\/blog\/poze\/2015\/07\/DSC_5044-150x150.jpg\" class=\"attachment-thumbnail size-thumbnail\" alt=\"\" \/><\/a>\n\t\t\t<\/div><\/figure><figure class='gallery-item'>\n\t\t\t<div class='gallery-icon landscape'>\n\t\t\t\t<a href='https:\/\/www.criserb.com\/blog\/poze\/2015\/07\/DSC_5045.jpg'><img loading=\"lazy\" decoding=\"async\" width=\"150\" height=\"150\" src=\"https:\/\/www.criserb.com\/blog\/poze\/2015\/07\/DSC_5045-150x150.jpg\" class=\"attachment-thumbnail size-thumbnail\" alt=\"\" \/><\/a>\n\t\t\t<\/div><\/figure><figure class='gallery-item'>\n\t\t\t<div class='gallery-icon landscape'>\n\t\t\t\t<a href='https:\/\/www.criserb.com\/blog\/poze\/2015\/07\/DSC_5046.jpg'><img loading=\"lazy\" decoding=\"async\" width=\"150\" height=\"150\" src=\"https:\/\/www.criserb.com\/blog\/poze\/2015\/07\/DSC_5046-150x150.jpg\" class=\"attachment-thumbnail size-thumbnail\" alt=\"\" \/><\/a>\n\t\t\t<\/div><\/figure><figure class='gallery-item'>\n\t\t\t<div class='gallery-icon landscape'>\n\t\t\t\t<a href='https:\/\/www.criserb.com\/blog\/poze\/2015\/07\/DSC_5047.jpg'><img loading=\"lazy\" decoding=\"async\" width=\"150\" height=\"150\" src=\"https:\/\/www.criserb.com\/blog\/poze\/2015\/07\/DSC_5047-150x150.jpg\" class=\"attachment-thumbnail size-thumbnail\" alt=\"\" \/><\/a>\n\t\t\t<\/div><\/figure><figure class='gallery-item'>\n\t\t\t<div class='gallery-icon landscape'>\n\t\t\t\t<a href='https:\/\/www.criserb.com\/blog\/poze\/2015\/07\/DSC_5048.jpg'><img loading=\"lazy\" decoding=\"async\" width=\"150\" height=\"150\" src=\"https:\/\/www.criserb.com\/blog\/poze\/2015\/07\/DSC_5048-150x150.jpg\" class=\"attachment-thumbnail size-thumbnail\" alt=\"\" \/><\/a>\n\t\t\t<\/div><\/figure><figure class='gallery-item'>\n\t\t\t<div class='gallery-icon landscape'>\n\t\t\t\t<a href='https:\/\/www.criserb.com\/blog\/poze\/2015\/07\/DSC_5049.jpg'><img loading=\"lazy\" decoding=\"async\" width=\"150\" height=\"150\" src=\"https:\/\/www.criserb.com\/blog\/poze\/2015\/07\/DSC_5049-150x150.jpg\" class=\"attachment-thumbnail size-thumbnail\" alt=\"\" \/><\/a>\n\t\t\t<\/div><\/figure><figure class='gallery-item'>\n\t\t\t<div class='gallery-icon landscape'>\n\t\t\t\t<a href='https:\/\/www.criserb.com\/blog\/poze\/2015\/07\/DSC_5050.jpg'><img loading=\"lazy\" decoding=\"async\" width=\"150\" height=\"150\" src=\"https:\/\/www.criserb.com\/blog\/poze\/2015\/07\/DSC_5050-150x150.jpg\" class=\"attachment-thumbnail size-thumbnail\" alt=\"\" \/><\/a>\n\t\t\t<\/div><\/figure><figure class='gallery-item'>\n\t\t\t<div class='gallery-icon landscape'>\n\t\t\t\t<a href='https:\/\/www.criserb.com\/blog\/poze\/2015\/07\/DSC_5051.jpg'><img loading=\"lazy\" decoding=\"async\" width=\"150\" height=\"150\" src=\"https:\/\/www.criserb.com\/blog\/poze\/2015\/07\/DSC_5051-150x150.jpg\" class=\"attachment-thumbnail size-thumbnail\" alt=\"\" \/><\/a>\n\t\t\t<\/div><\/figure><figure class='gallery-item'>\n\t\t\t<div class='gallery-icon landscape'>\n\t\t\t\t<a href='https:\/\/www.criserb.com\/blog\/poze\/2015\/07\/DSC_5052.jpg'><img loading=\"lazy\" decoding=\"async\" width=\"150\" height=\"150\" src=\"https:\/\/www.criserb.com\/blog\/poze\/2015\/07\/DSC_5052-150x150.jpg\" class=\"attachment-thumbnail size-thumbnail\" alt=\"\" \/><\/a>\n\t\t\t<\/div><\/figure><figure class='gallery-item'>\n\t\t\t<div class='gallery-icon landscape'>\n\t\t\t\t<a href='https:\/\/www.criserb.com\/blog\/poze\/2015\/07\/DSC_5053.jpg'><img loading=\"lazy\" decoding=\"async\" width=\"150\" height=\"150\" src=\"https:\/\/www.criserb.com\/blog\/poze\/2015\/07\/DSC_5053-150x150.jpg\" class=\"attachment-thumbnail size-thumbnail\" alt=\"\" \/><\/a>\n\t\t\t<\/div><\/figure><figure class='gallery-item'>\n\t\t\t<div class='gallery-icon landscape'>\n\t\t\t\t<a href='https:\/\/www.criserb.com\/blog\/poze\/2015\/07\/DSC_5054.jpg'><img loading=\"lazy\" decoding=\"async\" width=\"150\" height=\"150\" src=\"https:\/\/www.criserb.com\/blog\/poze\/2015\/07\/DSC_5054-150x150.jpg\" class=\"attachment-thumbnail size-thumbnail\" alt=\"\" \/><\/a>\n\t\t\t<\/div><\/figure><figure class='gallery-item'>\n\t\t\t<div class='gallery-icon landscape'>\n\t\t\t\t<a href='https:\/\/www.criserb.com\/blog\/poze\/2015\/07\/DSC_5055.jpg'><img loading=\"lazy\" decoding=\"async\" width=\"150\" height=\"150\" src=\"https:\/\/www.criserb.com\/blog\/poze\/2015\/07\/DSC_5055-150x150.jpg\" class=\"attachment-thumbnail size-thumbnail\" alt=\"\" \/><\/a>\n\t\t\t<\/div><\/figure>\n\t\t<\/div>\n\n<p>Mai sunt m\u0103run\u021bi\u0219uri pe exterior, probabil vreo dou\u0103 zile de lucru, iar pe interior, la finalul zilei de ast\u0103zi, camera lui Alex era \u00eembr\u0103cat\u0103 \u00een folia barier\u0103 de vapori.<\/p>\n<p>Camera de oaspe\u021bi este \u0219i ea aproape gata, a fost pus\u0103 vata \u00een pere\u021bi \u0219i pe tavan. 15cm \u00een pere\u021bii \u0219i 30 de cm \u00een tavan.<\/p>\n<p>Azi m-am apucat s\u0103 vopsesc lambriul care o s\u0103 vin\u0103 sub strea\u0219in\u0103 (sageacul) \u0219i sper c\u0103 \u00een c\u00e2teva zile reu\u0219esc s\u0103-l termin. Merge destul de ok, doar c\u0103 timpul (c\u0103ldura) face opera\u021biunea asta destul de dificil\u0103.<\/p>\n<p>Am hot\u0103r\u00e2t s\u0103-l vopsim de jos, \u0219i s\u0103-l punem gata vopsit, s\u0103 nu ne chinuim acolo sus cu treaba asta.<\/p>\n<p>Gata, v-am l\u0103sat, mai multe data viitoare c\u00e2nd o s\u0103 mai am ceva nou.<\/p>\n","protected":false},"excerpt":{"rendered":"<p>Dup\u0103 cum observa\u021bi nu prea am mai scris pe blog de ceva vreme. Pentru c\u0103 pur \u0219i simplu nu am timp \u0219i c\u00e2nd ajung acas\u0103 cad direct \u00een pat. \u0218antierul \u00eemi m\u0103n\u00e2nc\u0103 tot timpul \u0219i dac\u0103 este s\u0103 regret ceva, este faptul c\u0103 nu pot s\u0103-mi petrec mai mult timp cu fii-miu. Dar&#8230; mai sunt&hellip;<\/p>\n","protected":false},"author":3,"featured_media":31333,"comment_status":"open","ping_status":"open","sticky":false,"template":"","format":"standard","meta":{"footnotes":""},"categories":[6379],"tags":[6205,5875,7048,7049,7046],"yoast_head":"<!-- This site is optimized with the Yoast SEO plugin v24.5 - https:\/\/yoast.com\/wordpress\/plugins\/seo\/ -->\n<title>Ne preg\u0103tim de decorativ\u0103 \u0219i mai avans\u0103m \u0219i la interior<\/title>\n<meta name=\"robots\" content=\"index, follow, max-snippet:-1, max-image-preview:large, max-video-preview:-1\" \/>\n<link rel=\"canonical\" href=\"https:\/\/www.criserb.com\/blog\/ne-pregatim-de-decorativa-si-mai-avansam-si-la-interior\/\" \/>\n<meta name=\"twitter:label1\" content=\"Written by\" \/>\n\t<meta name=\"twitter:data1\" content=\"criserb\" \/>\n\t<meta name=\"twitter:label2\" content=\"Est. reading time\" \/>\n\t<meta name=\"twitter:data2\" content=\"2 minutes\" \/>\n<script type=\"application\/ld+json\" class=\"yoast-schema-graph\">{\"@context\":\"https:\/\/schema.org\",\"@graph\":[{\"@type\":\"Article\",\"@id\":\"https:\/\/www.criserb.com\/blog\/ne-pregatim-de-decorativa-si-mai-avansam-si-la-interior\/#article\",\"isPartOf\":{\"@id\":\"https:\/\/www.criserb.com\/blog\/ne-pregatim-de-decorativa-si-mai-avansam-si-la-interior\/\"},\"author\":{\"name\":\"criserb\",\"@id\":\"https:\/\/www.criserb.com\/blog\/#\/schema\/person\/8df5199bda4e628c32a10f318d8602b5\"},\"headline\":\"Ne preg\u0103tim de decorativ\u0103 \u0219i mai avans\u0103m \u0219i la interior\",\"datePublished\":\"2015-07-30T20:00:21+00:00\",\"dateModified\":\"2015-07-30T20:00:40+00:00\",\"mainEntityOfPage\":{\"@id\":\"https:\/\/www.criserb.com\/blog\/ne-pregatim-de-decorativa-si-mai-avansam-si-la-interior\/\"},\"wordCount\":379,\"commentCount\":10,\"publisher\":{\"@id\":\"https:\/\/www.criserb.com\/blog\/#\/schema\/person\/8df5199bda4e628c32a10f318d8602b5\"},\"image\":{\"@id\":\"https:\/\/www.criserb.com\/blog\/ne-pregatim-de-decorativa-si-mai-avansam-si-la-interior\/#primaryimage\"},\"thumbnailUrl\":\"https:\/\/www.criserb.com\/blog\/poze\/2015\/07\/DSC_5042.jpg\",\"keywords\":[\"Cas\u0103 de lemn\",\"EcoKit\",\"Gri\",\"Interioare\",\"Vat\u0103 bazaltic\u0103\"],\"articleSection\":[\"Construc\u021bia casei\"],\"inLanguage\":\"en-US\",\"potentialAction\":[{\"@type\":\"CommentAction\",\"name\":\"Comment\",\"target\":[\"https:\/\/www.criserb.com\/blog\/ne-pregatim-de-decorativa-si-mai-avansam-si-la-interior\/#respond\"]}]},{\"@type\":\"WebPage\",\"@id\":\"https:\/\/www.criserb.com\/blog\/ne-pregatim-de-decorativa-si-mai-avansam-si-la-interior\/\",\"url\":\"https:\/\/www.criserb.com\/blog\/ne-pregatim-de-decorativa-si-mai-avansam-si-la-interior\/\",\"name\":\"Ne preg\u0103tim de decorativ\u0103 \u0219i mai avans\u0103m \u0219i la interior\",\"isPartOf\":{\"@id\":\"https:\/\/www.criserb.com\/blog\/#website\"},\"primaryImageOfPage\":{\"@id\":\"https:\/\/www.criserb.com\/blog\/ne-pregatim-de-decorativa-si-mai-avansam-si-la-interior\/#primaryimage\"},\"image\":{\"@id\":\"https:\/\/www.criserb.com\/blog\/ne-pregatim-de-decorativa-si-mai-avansam-si-la-interior\/#primaryimage\"},\"thumbnailUrl\":\"https:\/\/www.criserb.com\/blog\/poze\/2015\/07\/DSC_5042.jpg\",\"datePublished\":\"2015-07-30T20:00:21+00:00\",\"dateModified\":\"2015-07-30T20:00:40+00:00\",\"breadcrumb\":{\"@id\":\"https:\/\/www.criserb.com\/blog\/ne-pregatim-de-decorativa-si-mai-avansam-si-la-interior\/#breadcrumb\"},\"inLanguage\":\"en-US\",\"potentialAction\":[{\"@type\":\"ReadAction\",\"target\":[\"https:\/\/www.criserb.com\/blog\/ne-pregatim-de-decorativa-si-mai-avansam-si-la-interior\/\"]}]},{\"@type\":\"ImageObject\",\"inLanguage\":\"en-US\",\"@id\":\"https:\/\/www.criserb.com\/blog\/ne-pregatim-de-decorativa-si-mai-avansam-si-la-interior\/#primaryimage\",\"url\":\"https:\/\/www.criserb.com\/blog\/poze\/2015\/07\/DSC_5042.jpg\",\"contentUrl\":\"https:\/\/www.criserb.com\/blog\/poze\/2015\/07\/DSC_5042.jpg\",\"width\":1400,\"height\":930},{\"@type\":\"BreadcrumbList\",\"@id\":\"https:\/\/www.criserb.com\/blog\/ne-pregatim-de-decorativa-si-mai-avansam-si-la-interior\/#breadcrumb\",\"itemListElement\":[{\"@type\":\"ListItem\",\"position\":1,\"name\":\"Home\",\"item\":\"https:\/\/www.criserb.com\/blog\/\"},{\"@type\":\"ListItem\",\"position\":2,\"name\":\"Ne preg\u0103tim de decorativ\u0103 \u0219i mai avans\u0103m \u0219i la interior\"}]},{\"@type\":\"WebSite\",\"@id\":\"https:\/\/www.criserb.com\/blog\/#website\",\"url\":\"https:\/\/www.criserb.com\/blog\/\",\"name\":\"criserb.com\",\"description\":\"Nimic ce merita citit :)\",\"publisher\":{\"@id\":\"https:\/\/www.criserb.com\/blog\/#\/schema\/person\/8df5199bda4e628c32a10f318d8602b5\"},\"potentialAction\":[{\"@type\":\"SearchAction\",\"target\":{\"@type\":\"EntryPoint\",\"urlTemplate\":\"https:\/\/www.criserb.com\/blog\/?s={search_term_string}\"},\"query-input\":{\"@type\":\"PropertyValueSpecification\",\"valueRequired\":true,\"valueName\":\"search_term_string\"}}],\"inLanguage\":\"en-US\"},{\"@type\":[\"Person\",\"Organization\"],\"@id\":\"https:\/\/www.criserb.com\/blog\/#\/schema\/person\/8df5199bda4e628c32a10f318d8602b5\",\"name\":\"criserb\",\"image\":{\"@type\":\"ImageObject\",\"inLanguage\":\"en-US\",\"@id\":\"https:\/\/www.criserb.com\/blog\/#\/schema\/person\/image\/\",\"url\":\"http:\/\/0.gravatar.com\/avatar\/fdb6cca710f39545f0c4b5b936c390b4?s=96&d=monsterid&r=pg\",\"contentUrl\":\"http:\/\/0.gravatar.com\/avatar\/fdb6cca710f39545f0c4b5b936c390b4?s=96&d=monsterid&r=pg\",\"caption\":\"criserb\"},\"logo\":{\"@id\":\"https:\/\/www.criserb.com\/blog\/#\/schema\/person\/image\/\"},\"sameAs\":[\"http:\/\/www.criserb.com\"],\"url\":\"https:\/\/www.criserb.com\/blog\/author\/criserb\/\"}]}<\/script>\n<!-- \/ Yoast SEO plugin. -->","yoast_head_json":{"title":"Ne preg\u0103tim de decorativ\u0103 \u0219i mai avans\u0103m \u0219i la interior","robots":{"index":"index","follow":"follow","max-snippet":"max-snippet:-1","max-image-preview":"max-image-preview:large","max-video-preview":"max-video-preview:-1"},"canonical":"https:\/\/www.criserb.com\/blog\/ne-pregatim-de-decorativa-si-mai-avansam-si-la-interior\/","twitter_misc":{"Written by":"criserb","Est. reading time":"2 minutes"},"schema":{"@context":"https:\/\/schema.org","@graph":[{"@type":"Article","@id":"https:\/\/www.criserb.com\/blog\/ne-pregatim-de-decorativa-si-mai-avansam-si-la-interior\/#article","isPartOf":{"@id":"https:\/\/www.criserb.com\/blog\/ne-pregatim-de-decorativa-si-mai-avansam-si-la-interior\/"},"author":{"name":"criserb","@id":"https:\/\/www.criserb.com\/blog\/#\/schema\/person\/8df5199bda4e628c32a10f318d8602b5"},"headline":"Ne preg\u0103tim de decorativ\u0103 \u0219i mai avans\u0103m \u0219i la interior","datePublished":"2015-07-30T20:00:21+00:00","dateModified":"2015-07-30T20:00:40+00:00","mainEntityOfPage":{"@id":"https:\/\/www.criserb.com\/blog\/ne-pregatim-de-decorativa-si-mai-avansam-si-la-interior\/"},"wordCount":379,"commentCount":10,"publisher":{"@id":"https:\/\/www.criserb.com\/blog\/#\/schema\/person\/8df5199bda4e628c32a10f318d8602b5"},"image":{"@id":"https:\/\/www.criserb.com\/blog\/ne-pregatim-de-decorativa-si-mai-avansam-si-la-interior\/#primaryimage"},"thumbnailUrl":"https:\/\/www.criserb.com\/blog\/poze\/2015\/07\/DSC_5042.jpg","keywords":["Cas\u0103 de lemn","EcoKit","Gri","Interioare","Vat\u0103 bazaltic\u0103"],"articleSection":["Construc\u021bia casei"],"inLanguage":"en-US","potentialAction":[{"@type":"CommentAction","name":"Comment","target":["https:\/\/www.criserb.com\/blog\/ne-pregatim-de-decorativa-si-mai-avansam-si-la-interior\/#respond"]}]},{"@type":"WebPage","@id":"https:\/\/www.criserb.com\/blog\/ne-pregatim-de-decorativa-si-mai-avansam-si-la-interior\/","url":"https:\/\/www.criserb.com\/blog\/ne-pregatim-de-decorativa-si-mai-avansam-si-la-interior\/","name":"Ne preg\u0103tim de decorativ\u0103 \u0219i mai avans\u0103m \u0219i la interior","isPartOf":{"@id":"https:\/\/www.criserb.com\/blog\/#website"},"primaryImageOfPage":{"@id":"https:\/\/www.criserb.com\/blog\/ne-pregatim-de-decorativa-si-mai-avansam-si-la-interior\/#primaryimage"},"image":{"@id":"https:\/\/www.criserb.com\/blog\/ne-pregatim-de-decorativa-si-mai-avansam-si-la-interior\/#primaryimage"},"thumbnailUrl":"https:\/\/www.criserb.com\/blog\/poze\/2015\/07\/DSC_5042.jpg","datePublished":"2015-07-30T20:00:21+00:00","dateModified":"2015-07-30T20:00:40+00:00","breadcrumb":{"@id":"https:\/\/www.criserb.com\/blog\/ne-pregatim-de-decorativa-si-mai-avansam-si-la-interior\/#breadcrumb"},"inLanguage":"en-US","potentialAction":[{"@type":"ReadAction","target":["https:\/\/www.criserb.com\/blog\/ne-pregatim-de-decorativa-si-mai-avansam-si-la-interior\/"]}]},{"@type":"ImageObject","inLanguage":"en-US","@id":"https:\/\/www.criserb.com\/blog\/ne-pregatim-de-decorativa-si-mai-avansam-si-la-interior\/#primaryimage","url":"https:\/\/www.criserb.com\/blog\/poze\/2015\/07\/DSC_5042.jpg","contentUrl":"https:\/\/www.criserb.com\/blog\/poze\/2015\/07\/DSC_5042.jpg","width":1400,"height":930},{"@type":"BreadcrumbList","@id":"https:\/\/www.criserb.com\/blog\/ne-pregatim-de-decorativa-si-mai-avansam-si-la-interior\/#breadcrumb","itemListElement":[{"@type":"ListItem","position":1,"name":"Home","item":"https:\/\/www.criserb.com\/blog\/"},{"@type":"ListItem","position":2,"name":"Ne preg\u0103tim de decorativ\u0103 \u0219i mai avans\u0103m \u0219i la interior"}]},{"@type":"WebSite","@id":"https:\/\/www.criserb.com\/blog\/#website","url":"https:\/\/www.criserb.com\/blog\/","name":"criserb.com","description":"Nimic ce merita citit :)","publisher":{"@id":"https:\/\/www.criserb.com\/blog\/#\/schema\/person\/8df5199bda4e628c32a10f318d8602b5"},"potentialAction":[{"@type":"SearchAction","target":{"@type":"EntryPoint","urlTemplate":"https:\/\/www.criserb.com\/blog\/?s={search_term_string}"},"query-input":{"@type":"PropertyValueSpecification","valueRequired":true,"valueName":"search_term_string"}}],"inLanguage":"en-US"},{"@type":["Person","Organization"],"@id":"https:\/\/www.criserb.com\/blog\/#\/schema\/person\/8df5199bda4e628c32a10f318d8602b5","name":"criserb","image":{"@type":"ImageObject","inLanguage":"en-US","@id":"https:\/\/www.criserb.com\/blog\/#\/schema\/person\/image\/","url":"http:\/\/0.gravatar.com\/avatar\/fdb6cca710f39545f0c4b5b936c390b4?s=96&d=monsterid&r=pg","contentUrl":"http:\/\/0.gravatar.com\/avatar\/fdb6cca710f39545f0c4b5b936c390b4?s=96&d=monsterid&r=pg","caption":"criserb"},"logo":{"@id":"https:\/\/www.criserb.com\/blog\/#\/schema\/person\/image\/"},"sameAs":["http:\/\/www.criserb.com"],"url":"https:\/\/www.criserb.com\/blog\/author\/criserb\/"}]}},"_links":{"self":[{"href":"https:\/\/www.criserb.com\/blog\/wp-json\/wp\/v2\/posts\/31325"}],"collection":[{"href":"https:\/\/www.criserb.com\/blog\/wp-json\/wp\/v2\/posts"}],"about":[{"href":"https:\/\/www.criserb.com\/blog\/wp-json\/wp\/v2\/types\/post"}],"author":[{"embeddable":true,"href":"https:\/\/www.criserb.com\/blog\/wp-json\/wp\/v2\/users\/3"}],"replies":[{"embeddable":true,"href":"https:\/\/www.criserb.com\/blog\/wp-json\/wp\/v2\/comments?post=31325"}],"version-history":[{"count":0,"href":"https:\/\/www.criserb.com\/blog\/wp-json\/wp\/v2\/posts\/31325\/revisions"}],"wp:featuredmedia":[{"embeddable":true,"href":"https:\/\/www.criserb.com\/blog\/wp-json\/wp\/v2\/media\/31333"}],"wp:attachment":[{"href":"https:\/\/www.criserb.com\/blog\/wp-json\/wp\/v2\/media?parent=31325"}],"wp:term":[{"taxonomy":"category","embeddable":true,"href":"https:\/\/www.criserb.com\/blog\/wp-json\/wp\/v2\/categories?post=31325"},{"taxonomy":"post_tag","embeddable":true,"href":"https:\/\/www.criserb.com\/blog\/wp-json\/wp\/v2\/tags?post=31325"}],"curies":[{"name":"wp","href":"https:\/\/api.w.org\/{rel}","templated":true}]}}