{"id":31855,"date":"2016-03-23T22:00:36","date_gmt":"2016-03-23T20:00:36","guid":{"rendered":"https:\/\/www.criserb.com\/blog\/?p=31855"},"modified":"2016-03-23T22:10:32","modified_gmt":"2016-03-23T20:10:32","slug":"de-cand-cu-viata-la-casa-starea-vremii-chiar-conteaza","status":"publish","type":"post","link":"https:\/\/www.criserb.com\/blog\/de-cand-cu-viata-la-casa-starea-vremii-chiar-conteaza\/","title":{"rendered":"De c\u00e2nd cu via\u021ba la cas\u0103 starea vremii chiar conteaz\u0103"},"content":{"rendered":"<p>P\u00e2n\u0103 s\u0103 m\u0103 mult la cas\u0103 nu d\u0103deam 2 lei pe faptul c\u0103 plou\u0103, c\u0103 ninge, c\u0103 e nush cum. Acum \u00eens\u0103 situa\u021bia s-a schimbat \u0219i sunt atent la vreme mai ceva ca la&#8230; na c\u0103 nu-mi vine o compara\u021bie.<\/p>\n<p>Ideea este c\u0103 vremea conteaz\u0103. Sunt zile \u00een care pur \u0219i simplu nu pot s\u0103 fac nimic, pentru c\u0103 deh, pe ploaie nu prea merge. Nu merge nici dup\u0103 ploaie pentru c\u0103 p\u0103m\u00e2ntul este ud \u0219i nu po\u021bi s\u0103 umbli pe el, te faci ca un porc.<\/p>\n<p>Nu zic c\u0103 vremea asta nu este bun\u0103, este foarte bun\u0103, este bun\u0103 pentru c\u0103 datorit\u0103 ei o s\u0103 avem ce m\u00e2nca, <a href=\"http:\/\/haivas.ro\/de-ce-uram-ploaia\/\" target=\"_blank\">le zice Alex destul de bine<\/a>, dar&#8230; era a\u0219a bine dac\u0103 puteam programa ploile astea :P<\/p>\n<p>M-am apucat weekendul trecut s\u0103-m fac gr\u0103dina. Am ales s\u0103 fac ni\u0219te &#8220;<a href=\"https:\/\/www.google.ro\/search?q=raising+bed&amp;espv=2&amp;biw=1629&amp;bih=1016&amp;source=lnms&amp;tbm=isch&amp;sa=X&amp;ved=0ahUKEwig25D7yNfLAhUGQZoKHWwgD-0Q_AUIBigB\" target=\"_blank\">raising beds<\/a>&#8221; pentru c\u0103 am impresia c\u0103 o s\u0103 dea mai bine \u00een curtea mea, nu foarte mare, \u0219i pentru c\u0103 o s\u0103 pot pune p\u0103m\u00e2nt bun \u00een ele. Altfel trebuia s\u0103 m\u0103 apuc s\u0103 scot p\u0103m\u00e2ntul deja adus \u00een curte \u0219i s\u0103 aduc altul. \u00cen plus, cred c\u0103 arata mai ur\u00e2t s\u0103 v\u0103d un gazon frumos \u0219i apoi s\u0103 trec direct \u00een gr\u0103din\u0103.<\/p>\n<p>M\u0103 rog, detalii, gusturile nu se discut\u0103.<\/p>\n<div id='gallery-1' class='gallery galleryid-31855 gallery-columns-3 gallery-size-thumbnail'><figure class='gallery-item'>\n\t\t\t<div class='gallery-icon landscape'>\n\t\t\t\t<a href='https:\/\/www.criserb.com\/blog\/poze\/2016\/03\/20160319_171542.jpg'><img loading=\"lazy\" decoding=\"async\" width=\"150\" height=\"150\" src=\"https:\/\/www.criserb.com\/blog\/poze\/2016\/03\/20160319_171542-150x150.jpg\" class=\"attachment-thumbnail size-thumbnail\" alt=\"\" \/><\/a>\n\t\t\t<\/div><\/figure><figure class='gallery-item'>\n\t\t\t<div class='gallery-icon landscape'>\n\t\t\t\t<a href='https:\/\/www.criserb.com\/blog\/poze\/2016\/03\/20160319_171717.jpg'><img loading=\"lazy\" decoding=\"async\" width=\"150\" height=\"150\" src=\"https:\/\/www.criserb.com\/blog\/poze\/2016\/03\/20160319_171717-150x150.jpg\" class=\"attachment-thumbnail size-thumbnail\" alt=\"\" \/><\/a>\n\t\t\t<\/div><\/figure><figure class='gallery-item'>\n\t\t\t<div class='gallery-icon landscape'>\n\t\t\t\t<a href='https:\/\/www.criserb.com\/blog\/poze\/2016\/03\/20160320_192438.jpg'><img loading=\"lazy\" decoding=\"async\" width=\"150\" height=\"150\" src=\"https:\/\/www.criserb.com\/blog\/poze\/2016\/03\/20160320_192438-150x150.jpg\" class=\"attachment-thumbnail size-thumbnail\" alt=\"\" \/><\/a>\n\t\t\t<\/div><\/figure><figure class='gallery-item'>\n\t\t\t<div class='gallery-icon landscape'>\n\t\t\t\t<a href='https:\/\/www.criserb.com\/blog\/poze\/2016\/03\/20160320_192459.jpg'><img loading=\"lazy\" decoding=\"async\" width=\"150\" height=\"150\" src=\"https:\/\/www.criserb.com\/blog\/poze\/2016\/03\/20160320_192459-150x150.jpg\" class=\"attachment-thumbnail size-thumbnail\" alt=\"\" \/><\/a>\n\t\t\t<\/div><\/figure><figure class='gallery-item'>\n\t\t\t<div class='gallery-icon landscape'>\n\t\t\t\t<a href='https:\/\/www.criserb.com\/blog\/poze\/2016\/03\/20160320_192516.jpg'><img loading=\"lazy\" decoding=\"async\" width=\"150\" height=\"150\" src=\"https:\/\/www.criserb.com\/blog\/poze\/2016\/03\/20160320_192516-150x150.jpg\" class=\"attachment-thumbnail size-thumbnail\" alt=\"\" \/><\/a>\n\t\t\t<\/div><\/figure><figure class='gallery-item'>\n\t\t\t<div class='gallery-icon landscape'>\n\t\t\t\t<a href='https:\/\/www.criserb.com\/blog\/poze\/2016\/03\/20160320_192534.jpg'><img loading=\"lazy\" decoding=\"async\" width=\"150\" height=\"150\" src=\"https:\/\/www.criserb.com\/blog\/poze\/2016\/03\/20160320_192534-150x150.jpg\" class=\"attachment-thumbnail size-thumbnail\" alt=\"\" \/><\/a>\n\t\t\t<\/div><\/figure><figure class='gallery-item'>\n\t\t\t<div class='gallery-icon landscape'>\n\t\t\t\t<a href='https:\/\/www.criserb.com\/blog\/poze\/2016\/03\/20160320_192549.jpg'><img loading=\"lazy\" decoding=\"async\" width=\"150\" height=\"150\" src=\"https:\/\/www.criserb.com\/blog\/poze\/2016\/03\/20160320_192549-150x150.jpg\" class=\"attachment-thumbnail size-thumbnail\" alt=\"\" \/><\/a>\n\t\t\t<\/div><\/figure>\n\t\t<\/div>\n\n<p>Varianta asta am ales-o pentru a c\u00e2\u0219tiga c\u00e2t mai mult spa\u021biu de plantat. Erau mai multe variante, dar eu cred c\u0103 a\u0219a am economisit spa\u021biul \u00een modul cel mai ok.<\/p>\n<p>Dar hai s\u0103 nu mai deviez de la subiect, despre asta o s\u0103 v\u0103 povestesc mai multe \u00een momentul \u00een care am s\u0103 reu\u0219esc s\u0103 termin &#8220;paturile&#8221;.<\/p>\n<p>Problema este c\u0103 vremea m\u0103 \u021bine \u00een loc.<\/p>\n<p>Nu pot s\u0103 lucrez pe ploaie, \u0219i stau. Nu pot s\u0103 lucrez nici dup\u0103 ploaie, \u0219i iar o s\u0103 stau.<\/p>\n<p>Nu pot nici s\u0103 pun gazonul \u00een condi\u021biile astea, \u0219i iar stau.<\/p>\n<p>Vremea este acum mai important\u0103 ca pe vremea c\u00e2nd st\u0103team la bloc. Atunci nu-mi p\u0103sa. Putea s\u0103 fie oricum, singura diferen\u021b\u0103 era c\u0103 trebuia s\u0103 merg la teras\u0103 sau undeva \u00eentr-o cr\u00e2\u0219m\u0103 acoperit\u0103.<\/p>\n<p>Sunt at\u00e2tea lucruri ce s-au schimbat, \u00eemi dau seama de astea pe zi ce trece, \u0219i totu\u0219i, cu toate &#8220;problemele&#8221; astea via\u021ba &#8220;la \u021bar\u0103&#8221; \u00eemi place din ce \u00een ce mai mult. Nu m-a\u0219 mai \u00eentoarce niciodat\u0103 la bloc, chiar dac\u0103 \u0219i acolo sunt o mul\u021bime de avantaje.<\/p>\n<p>Aici ai mai multe lipsuri, dar aerul curat, lini\u0219tea, curtea, problemele care apar, sunt foarte bune pentru s\u0103n\u0103tate. Apar lucruri neb\u0103nuite, tot timpul apare ceva de f\u0103cut.<\/p>\n<p>Nu mai stau seara pe calculator, de dou\u0103 s\u0103pt\u0103m\u00e2ni nu m-am atins de calculator acas\u0103, \u0219i \u0103sta cred c\u0103 este un mare plus. Mai exist\u0103 \u0219i via\u021b\u0103 \u00een offline, se poate \u0219i f\u0103r\u0103 s\u0103 scriu pe blog, se poate \u0219i f\u0103r\u0103 s\u0103-mi pierd timpul pe net. \u0218i este chiar bine, mai bine.<\/p>\n<p>Ah, \u0219i s\u0103 te culci la 22-23 e vis. Altfel m\u0103 trezesc diminea\u021ba. Pe vremuri nu puteam s\u0103 m\u0103 culc \u00eenainte de 1-2-3 noaptea, \u0219i mi se p\u0103rea foarte normal. Dar acum&#8230; acum m-am mai schimbat \u0219i nu mai pot. Acum via\u021ba la \u021bar\u0103, aerul, munca fizic\u0103, te obose\u0219te \u0219i sim\u021bi nevoie de somn pentru a putea ca m\u00e2ine s\u0103 o iei de la cap\u0103t.<\/p>\n<p>\u0218i c\u00e2nd plou\u0103&#8230; parc\u0103 \u00eemi pare r\u0103u c\u0103 nu pot s\u0103 fac nimic, sunt \u021binut de m\u00e2ini \u0219i de picioare.<\/p>\n<p>Dar e bine, ploaia \u00eenseamn\u0103 bun\u0103stare, p\u0103m\u00e2ntul se bucur\u0103, \u0219i nou\u0103 o s\u0103 ne fie mai bine. Mai bine pentru cei care au apucat s\u0103-\u0219i planteze prin gr\u0103din\u0103 ceea ce este de plantat :) Pentru mine, o s\u0103 fie bine oricum, este o experien\u021ba nou\u0103, o experien\u021b\u0103 ce-mi place, \u0219i probabil \u00eemi face \u0219i bine.<\/p>\n<p>Voi ce face\u021bi acum, pe unde sunte\u021bi? B\u0103nuiesc c\u0103 nu la terase, c\u0103 plou\u0103.<\/p>\n<p>&nbsp;<\/p>\n","protected":false},"excerpt":{"rendered":"<p>P\u00e2n\u0103 s\u0103 m\u0103 mult la cas\u0103 nu d\u0103deam 2 lei pe faptul c\u0103 plou\u0103, c\u0103 ninge, c\u0103 e nush cum. Acum \u00eens\u0103 situa\u021bia s-a schimbat \u0219i sunt atent la vreme mai ceva ca la&#8230; na c\u0103 nu-mi vine o compara\u021bie. Ideea este c\u0103 vremea conteaz\u0103. Sunt zile \u00een care pur \u0219i simplu nu pot s\u0103&hellip;<\/p>\n","protected":false},"author":3,"featured_media":31857,"comment_status":"open","ping_status":"open","sticky":false,"template":"","format":"standard","meta":{"footnotes":""},"categories":[7197],"tags":[961,4894,259,7247,7098],"yoast_head":"<!-- This site is optimized with the Yoast SEO plugin v24.5 - https:\/\/yoast.com\/wordpress\/plugins\/seo\/ -->\n<title>De c\u00e2nd cu via\u021ba la cas\u0103 starea vremii chiar conteaz\u0103<\/title>\n<meta name=\"robots\" content=\"index, follow, max-snippet:-1, max-image-preview:large, max-video-preview:-1\" \/>\n<link rel=\"canonical\" href=\"https:\/\/www.criserb.com\/blog\/de-cand-cu-viata-la-casa-starea-vremii-chiar-conteaza\/\" \/>\n<meta name=\"twitter:label1\" content=\"Written by\" \/>\n\t<meta name=\"twitter:data1\" content=\"criserb\" \/>\n\t<meta name=\"twitter:label2\" content=\"Est. reading time\" \/>\n\t<meta name=\"twitter:data2\" content=\"3 minutes\" \/>\n<script type=\"application\/ld+json\" class=\"yoast-schema-graph\">{\"@context\":\"https:\/\/schema.org\",\"@graph\":[{\"@type\":\"Article\",\"@id\":\"https:\/\/www.criserb.com\/blog\/de-cand-cu-viata-la-casa-starea-vremii-chiar-conteaza\/#article\",\"isPartOf\":{\"@id\":\"https:\/\/www.criserb.com\/blog\/de-cand-cu-viata-la-casa-starea-vremii-chiar-conteaza\/\"},\"author\":{\"name\":\"criserb\",\"@id\":\"https:\/\/www.criserb.com\/blog\/#\/schema\/person\/8df5199bda4e628c32a10f318d8602b5\"},\"headline\":\"De c\u00e2nd cu via\u021ba la cas\u0103 starea vremii chiar conteaz\u0103\",\"datePublished\":\"2016-03-23T20:00:36+00:00\",\"dateModified\":\"2016-03-23T20:10:32+00:00\",\"mainEntityOfPage\":{\"@id\":\"https:\/\/www.criserb.com\/blog\/de-cand-cu-viata-la-casa-starea-vremii-chiar-conteaza\/\"},\"wordCount\":700,\"commentCount\":10,\"publisher\":{\"@id\":\"https:\/\/www.criserb.com\/blog\/#\/schema\/person\/8df5199bda4e628c32a10f318d8602b5\"},\"image\":{\"@id\":\"https:\/\/www.criserb.com\/blog\/de-cand-cu-viata-la-casa-starea-vremii-chiar-conteaza\/#primaryimage\"},\"thumbnailUrl\":\"https:\/\/www.criserb.com\/blog\/poze\/2016\/03\/20160319_171717.jpg\",\"keywords\":[\"Ganduri\",\"Gradina\",\"ploaie\",\"Raising bed\",\"Vreme\"],\"articleSection\":[\"Via\u021ba la \u021bar\u0103\"],\"inLanguage\":\"en-US\",\"potentialAction\":[{\"@type\":\"CommentAction\",\"name\":\"Comment\",\"target\":[\"https:\/\/www.criserb.com\/blog\/de-cand-cu-viata-la-casa-starea-vremii-chiar-conteaza\/#respond\"]}]},{\"@type\":\"WebPage\",\"@id\":\"https:\/\/www.criserb.com\/blog\/de-cand-cu-viata-la-casa-starea-vremii-chiar-conteaza\/\",\"url\":\"https:\/\/www.criserb.com\/blog\/de-cand-cu-viata-la-casa-starea-vremii-chiar-conteaza\/\",\"name\":\"De c\u00e2nd cu via\u021ba la cas\u0103 starea vremii chiar conteaz\u0103\",\"isPartOf\":{\"@id\":\"https:\/\/www.criserb.com\/blog\/#website\"},\"primaryImageOfPage\":{\"@id\":\"https:\/\/www.criserb.com\/blog\/de-cand-cu-viata-la-casa-starea-vremii-chiar-conteaza\/#primaryimage\"},\"image\":{\"@id\":\"https:\/\/www.criserb.com\/blog\/de-cand-cu-viata-la-casa-starea-vremii-chiar-conteaza\/#primaryimage\"},\"thumbnailUrl\":\"https:\/\/www.criserb.com\/blog\/poze\/2016\/03\/20160319_171717.jpg\",\"datePublished\":\"2016-03-23T20:00:36+00:00\",\"dateModified\":\"2016-03-23T20:10:32+00:00\",\"breadcrumb\":{\"@id\":\"https:\/\/www.criserb.com\/blog\/de-cand-cu-viata-la-casa-starea-vremii-chiar-conteaza\/#breadcrumb\"},\"inLanguage\":\"en-US\",\"potentialAction\":[{\"@type\":\"ReadAction\",\"target\":[\"https:\/\/www.criserb.com\/blog\/de-cand-cu-viata-la-casa-starea-vremii-chiar-conteaza\/\"]}]},{\"@type\":\"ImageObject\",\"inLanguage\":\"en-US\",\"@id\":\"https:\/\/www.criserb.com\/blog\/de-cand-cu-viata-la-casa-starea-vremii-chiar-conteaza\/#primaryimage\",\"url\":\"https:\/\/www.criserb.com\/blog\/poze\/2016\/03\/20160319_171717.jpg\",\"contentUrl\":\"https:\/\/www.criserb.com\/blog\/poze\/2016\/03\/20160319_171717.jpg\",\"width\":1400,\"height\":788},{\"@type\":\"BreadcrumbList\",\"@id\":\"https:\/\/www.criserb.com\/blog\/de-cand-cu-viata-la-casa-starea-vremii-chiar-conteaza\/#breadcrumb\",\"itemListElement\":[{\"@type\":\"ListItem\",\"position\":1,\"name\":\"Home\",\"item\":\"https:\/\/www.criserb.com\/blog\/\"},{\"@type\":\"ListItem\",\"position\":2,\"name\":\"De c\u00e2nd cu via\u021ba la cas\u0103 starea vremii chiar conteaz\u0103\"}]},{\"@type\":\"WebSite\",\"@id\":\"https:\/\/www.criserb.com\/blog\/#website\",\"url\":\"https:\/\/www.criserb.com\/blog\/\",\"name\":\"criserb.com\",\"description\":\"Nimic ce merita citit :)\",\"publisher\":{\"@id\":\"https:\/\/www.criserb.com\/blog\/#\/schema\/person\/8df5199bda4e628c32a10f318d8602b5\"},\"potentialAction\":[{\"@type\":\"SearchAction\",\"target\":{\"@type\":\"EntryPoint\",\"urlTemplate\":\"https:\/\/www.criserb.com\/blog\/?s={search_term_string}\"},\"query-input\":{\"@type\":\"PropertyValueSpecification\",\"valueRequired\":true,\"valueName\":\"search_term_string\"}}],\"inLanguage\":\"en-US\"},{\"@type\":[\"Person\",\"Organization\"],\"@id\":\"https:\/\/www.criserb.com\/blog\/#\/schema\/person\/8df5199bda4e628c32a10f318d8602b5\",\"name\":\"criserb\",\"image\":{\"@type\":\"ImageObject\",\"inLanguage\":\"en-US\",\"@id\":\"https:\/\/www.criserb.com\/blog\/#\/schema\/person\/image\/\",\"url\":\"http:\/\/0.gravatar.com\/avatar\/fdb6cca710f39545f0c4b5b936c390b4?s=96&d=monsterid&r=pg\",\"contentUrl\":\"http:\/\/0.gravatar.com\/avatar\/fdb6cca710f39545f0c4b5b936c390b4?s=96&d=monsterid&r=pg\",\"caption\":\"criserb\"},\"logo\":{\"@id\":\"https:\/\/www.criserb.com\/blog\/#\/schema\/person\/image\/\"},\"sameAs\":[\"http:\/\/www.criserb.com\"],\"url\":\"https:\/\/www.criserb.com\/blog\/author\/criserb\/\"}]}<\/script>\n<!-- \/ Yoast SEO plugin. -->","yoast_head_json":{"title":"De c\u00e2nd cu via\u021ba la cas\u0103 starea vremii chiar conteaz\u0103","robots":{"index":"index","follow":"follow","max-snippet":"max-snippet:-1","max-image-preview":"max-image-preview:large","max-video-preview":"max-video-preview:-1"},"canonical":"https:\/\/www.criserb.com\/blog\/de-cand-cu-viata-la-casa-starea-vremii-chiar-conteaza\/","twitter_misc":{"Written by":"criserb","Est. reading time":"3 minutes"},"schema":{"@context":"https:\/\/schema.org","@graph":[{"@type":"Article","@id":"https:\/\/www.criserb.com\/blog\/de-cand-cu-viata-la-casa-starea-vremii-chiar-conteaza\/#article","isPartOf":{"@id":"https:\/\/www.criserb.com\/blog\/de-cand-cu-viata-la-casa-starea-vremii-chiar-conteaza\/"},"author":{"name":"criserb","@id":"https:\/\/www.criserb.com\/blog\/#\/schema\/person\/8df5199bda4e628c32a10f318d8602b5"},"headline":"De c\u00e2nd cu via\u021ba la cas\u0103 starea vremii chiar conteaz\u0103","datePublished":"2016-03-23T20:00:36+00:00","dateModified":"2016-03-23T20:10:32+00:00","mainEntityOfPage":{"@id":"https:\/\/www.criserb.com\/blog\/de-cand-cu-viata-la-casa-starea-vremii-chiar-conteaza\/"},"wordCount":700,"commentCount":10,"publisher":{"@id":"https:\/\/www.criserb.com\/blog\/#\/schema\/person\/8df5199bda4e628c32a10f318d8602b5"},"image":{"@id":"https:\/\/www.criserb.com\/blog\/de-cand-cu-viata-la-casa-starea-vremii-chiar-conteaza\/#primaryimage"},"thumbnailUrl":"https:\/\/www.criserb.com\/blog\/poze\/2016\/03\/20160319_171717.jpg","keywords":["Ganduri","Gradina","ploaie","Raising bed","Vreme"],"articleSection":["Via\u021ba la \u021bar\u0103"],"inLanguage":"en-US","potentialAction":[{"@type":"CommentAction","name":"Comment","target":["https:\/\/www.criserb.com\/blog\/de-cand-cu-viata-la-casa-starea-vremii-chiar-conteaza\/#respond"]}]},{"@type":"WebPage","@id":"https:\/\/www.criserb.com\/blog\/de-cand-cu-viata-la-casa-starea-vremii-chiar-conteaza\/","url":"https:\/\/www.criserb.com\/blog\/de-cand-cu-viata-la-casa-starea-vremii-chiar-conteaza\/","name":"De c\u00e2nd cu via\u021ba la cas\u0103 starea vremii chiar conteaz\u0103","isPartOf":{"@id":"https:\/\/www.criserb.com\/blog\/#website"},"primaryImageOfPage":{"@id":"https:\/\/www.criserb.com\/blog\/de-cand-cu-viata-la-casa-starea-vremii-chiar-conteaza\/#primaryimage"},"image":{"@id":"https:\/\/www.criserb.com\/blog\/de-cand-cu-viata-la-casa-starea-vremii-chiar-conteaza\/#primaryimage"},"thumbnailUrl":"https:\/\/www.criserb.com\/blog\/poze\/2016\/03\/20160319_171717.jpg","datePublished":"2016-03-23T20:00:36+00:00","dateModified":"2016-03-23T20:10:32+00:00","breadcrumb":{"@id":"https:\/\/www.criserb.com\/blog\/de-cand-cu-viata-la-casa-starea-vremii-chiar-conteaza\/#breadcrumb"},"inLanguage":"en-US","potentialAction":[{"@type":"ReadAction","target":["https:\/\/www.criserb.com\/blog\/de-cand-cu-viata-la-casa-starea-vremii-chiar-conteaza\/"]}]},{"@type":"ImageObject","inLanguage":"en-US","@id":"https:\/\/www.criserb.com\/blog\/de-cand-cu-viata-la-casa-starea-vremii-chiar-conteaza\/#primaryimage","url":"https:\/\/www.criserb.com\/blog\/poze\/2016\/03\/20160319_171717.jpg","contentUrl":"https:\/\/www.criserb.com\/blog\/poze\/2016\/03\/20160319_171717.jpg","width":1400,"height":788},{"@type":"BreadcrumbList","@id":"https:\/\/www.criserb.com\/blog\/de-cand-cu-viata-la-casa-starea-vremii-chiar-conteaza\/#breadcrumb","itemListElement":[{"@type":"ListItem","position":1,"name":"Home","item":"https:\/\/www.criserb.com\/blog\/"},{"@type":"ListItem","position":2,"name":"De c\u00e2nd cu via\u021ba la cas\u0103 starea vremii chiar conteaz\u0103"}]},{"@type":"WebSite","@id":"https:\/\/www.criserb.com\/blog\/#website","url":"https:\/\/www.criserb.com\/blog\/","name":"criserb.com","description":"Nimic ce merita citit :)","publisher":{"@id":"https:\/\/www.criserb.com\/blog\/#\/schema\/person\/8df5199bda4e628c32a10f318d8602b5"},"potentialAction":[{"@type":"SearchAction","target":{"@type":"EntryPoint","urlTemplate":"https:\/\/www.criserb.com\/blog\/?s={search_term_string}"},"query-input":{"@type":"PropertyValueSpecification","valueRequired":true,"valueName":"search_term_string"}}],"inLanguage":"en-US"},{"@type":["Person","Organization"],"@id":"https:\/\/www.criserb.com\/blog\/#\/schema\/person\/8df5199bda4e628c32a10f318d8602b5","name":"criserb","image":{"@type":"ImageObject","inLanguage":"en-US","@id":"https:\/\/www.criserb.com\/blog\/#\/schema\/person\/image\/","url":"http:\/\/0.gravatar.com\/avatar\/fdb6cca710f39545f0c4b5b936c390b4?s=96&d=monsterid&r=pg","contentUrl":"http:\/\/0.gravatar.com\/avatar\/fdb6cca710f39545f0c4b5b936c390b4?s=96&d=monsterid&r=pg","caption":"criserb"},"logo":{"@id":"https:\/\/www.criserb.com\/blog\/#\/schema\/person\/image\/"},"sameAs":["http:\/\/www.criserb.com"],"url":"https:\/\/www.criserb.com\/blog\/author\/criserb\/"}]}},"_links":{"self":[{"href":"https:\/\/www.criserb.com\/blog\/wp-json\/wp\/v2\/posts\/31855"}],"collection":[{"href":"https:\/\/www.criserb.com\/blog\/wp-json\/wp\/v2\/posts"}],"about":[{"href":"https:\/\/www.criserb.com\/blog\/wp-json\/wp\/v2\/types\/post"}],"author":[{"embeddable":true,"href":"https:\/\/www.criserb.com\/blog\/wp-json\/wp\/v2\/users\/3"}],"replies":[{"embeddable":true,"href":"https:\/\/www.criserb.com\/blog\/wp-json\/wp\/v2\/comments?post=31855"}],"version-history":[{"count":0,"href":"https:\/\/www.criserb.com\/blog\/wp-json\/wp\/v2\/posts\/31855\/revisions"}],"wp:featuredmedia":[{"embeddable":true,"href":"https:\/\/www.criserb.com\/blog\/wp-json\/wp\/v2\/media\/31857"}],"wp:attachment":[{"href":"https:\/\/www.criserb.com\/blog\/wp-json\/wp\/v2\/media?parent=31855"}],"wp:term":[{"taxonomy":"category","embeddable":true,"href":"https:\/\/www.criserb.com\/blog\/wp-json\/wp\/v2\/categories?post=31855"},{"taxonomy":"post_tag","embeddable":true,"href":"https:\/\/www.criserb.com\/blog\/wp-json\/wp\/v2\/tags?post=31855"}],"curies":[{"name":"wp","href":"https:\/\/api.w.org\/{rel}","templated":true}]}}