{"id":32428,"date":"2016-07-07T16:18:05","date_gmt":"2016-07-07T13:18:05","guid":{"rendered":"https:\/\/www.criserb.com\/blog\/?p=32428"},"modified":"2016-07-07T16:18:05","modified_gmt":"2016-07-07T13:18:05","slug":"trebuia-sa-va-agitati-la-alegeri-nu-acum-firea-face-bine-ce-face","status":"publish","type":"post","link":"https:\/\/www.criserb.com\/blog\/trebuia-sa-va-agitati-la-alegeri-nu-acum-firea-face-bine-ce-face\/","title":{"rendered":"Trebuia s\u0103 v\u0103 agita\u021bi la alegeri, nu acum. Firea face bine ce face."},"content":{"rendered":"<p>Tot v\u0103d pe facebook c\u0103 lume e sup\u0103rat\u0103 pe Firea. Ba c\u0103 taie copacii de pe Kiseleff, ba c\u0103 interzice orice manifestare care presupune oprirea circula\u021biei pe un bulevard\/zon\u0103 din Bucure\u0219ti. Ba mai nou \u0219i pe <a href=\"http:\/\/www.b1.ro\/stiri\/politica\/tudy-mana-dreapta-a-gabrielei-firea-fostul-iubit-al-oanei-zavoranu-este-noul-viceprimar-al-capitalei-video-154972.html\" target=\"_blank\">m\u00e2na ei dreapt\u0103<\/a>.<\/p>\n<div class=\"fb-post\" data-href=\"https:\/\/www.facebook.com\/Felix.Craciun\/posts\/10207946812122831\" data-width=\"630\" data-show-text=\"false\">\n<blockquote cite=\"https:\/\/www.facebook.com\/Felix.Craciun\/posts\/10207946812122831\" class=\"fb-xfbml-parse-ignore\">\n<p>Vreo 32 de copaci au c&#x103;zut sub drujbe, azi pe Kiseleff. Care se pricepe mai bine ca mine la copaci, s&#x103;-mi zic&#x103; &#x219;i mine care trebuia t&#x103;iat &#x219;i care nu. Mul&#x21b;am.<\/p>\n<p>Posted by <a href=\"#\" role=\"button\">Felix Cr\u0103ciun<\/a> on&nbsp;<a href=\"https:\/\/www.facebook.com\/Felix.Craciun\/posts\/10207946812122831\">Thursday, July 7, 2016<\/a><\/p><\/blockquote>\n<\/div>\n<p>Se dore\u0219te semnarea unor peti\u021bii, sau tot felul de proteste.<\/p>\n<p>Dragii mei, nu e cazul. <\/p>\n<p><strong>Ceea ce vede\u021bi voi acum este consecin\u021b\u0103 faptului c\u0103 nu v-a\u021bi dus la vot. Este un lucru destul de clar. <\/strong><\/p>\n<p>Nu \u0219tiu acum de ce v\u0103 revolta\u021bi, de ce v\u0103 scandaliza\u021bi? N-a\u021bi votat, nu ave\u021bi niciun drept. Firea reprezint\u0103 interesele celor care s-au deranjat p\u00e2n\u0103 la sec\u021bia de votare \u0219i care au mai \u0219i ales-o. Voi, restul, ori a\u021bi votat cu al\u021bii, ori nu v-a\u021bi dus c\u0103 nu a\u021bi avut cu vine vota. La fel ca mine. A fost \u0219i la mine prima absen\u021b\u0103 de la un vot. A\u0219a-mi trebuie.<\/p>\n<p>A\u0219a v\u0103 trebuie.<\/p>\n<p>\u00cen rest, numai bine. <\/p>\n<p>P.S. A scris \u0219i Cismaru despre asta, citi\u021bi \u0219i <a href=\"http:\/\/andreicismaru.ro\/sustin-firea-face-trebuie\/\" target=\"_blank\">aici<\/a>.<\/p>\n","protected":false},"excerpt":{"rendered":"<p>Tot v\u0103d pe facebook c\u0103 lume e sup\u0103rat\u0103 pe Firea. Ba c\u0103 taie copacii de pe Kiseleff, ba c\u0103 interzice orice manifestare care presupune oprirea circula\u021biei pe un bulevard\/zon\u0103 din Bucure\u0219ti. Ba mai nou \u0219i pe m\u00e2na ei dreapt\u0103. Vreo 32 de copaci au c&#x103;zut sub drujbe, azi pe Kiseleff. Care se pricepe mai bine&hellip;<\/p>\n","protected":false},"author":3,"featured_media":32429,"comment_status":"open","ping_status":"open","sticky":false,"template":"","format":"standard","meta":{"footnotes":""},"categories":[2156],"tags":[227,7299,7300],"yoast_head":"<!-- This site is optimized with the Yoast SEO plugin v24.5 - https:\/\/yoast.com\/wordpress\/plugins\/seo\/ -->\n<title>Trebuia s\u0103 v\u0103 agita\u021bi la alegeri, nu acum. Firea face bine ce face.<\/title>\n<meta name=\"robots\" content=\"index, follow, max-snippet:-1, max-image-preview:large, max-video-preview:-1\" \/>\n<link rel=\"canonical\" href=\"https:\/\/www.criserb.com\/blog\/trebuia-sa-va-agitati-la-alegeri-nu-acum-firea-face-bine-ce-face\/\" \/>\n<meta name=\"twitter:label1\" content=\"Written by\" \/>\n\t<meta name=\"twitter:data1\" content=\"criserb\" \/>\n\t<meta name=\"twitter:label2\" content=\"Est. reading time\" \/>\n\t<meta name=\"twitter:data2\" content=\"1 minute\" \/>\n<script type=\"application\/ld+json\" class=\"yoast-schema-graph\">{\"@context\":\"https:\/\/schema.org\",\"@graph\":[{\"@type\":\"Article\",\"@id\":\"https:\/\/www.criserb.com\/blog\/trebuia-sa-va-agitati-la-alegeri-nu-acum-firea-face-bine-ce-face\/#article\",\"isPartOf\":{\"@id\":\"https:\/\/www.criserb.com\/blog\/trebuia-sa-va-agitati-la-alegeri-nu-acum-firea-face-bine-ce-face\/\"},\"author\":{\"name\":\"criserb\",\"@id\":\"https:\/\/www.criserb.com\/blog\/#\/schema\/person\/8df5199bda4e628c32a10f318d8602b5\"},\"headline\":\"Trebuia s\u0103 v\u0103 agita\u021bi la alegeri, nu acum. Firea face bine ce face.\",\"datePublished\":\"2016-07-07T13:18:05+00:00\",\"mainEntityOfPage\":{\"@id\":\"https:\/\/www.criserb.com\/blog\/trebuia-sa-va-agitati-la-alegeri-nu-acum-firea-face-bine-ce-face\/\"},\"wordCount\":250,\"commentCount\":4,\"publisher\":{\"@id\":\"https:\/\/www.criserb.com\/blog\/#\/schema\/person\/8df5199bda4e628c32a10f318d8602b5\"},\"image\":{\"@id\":\"https:\/\/www.criserb.com\/blog\/trebuia-sa-va-agitati-la-alegeri-nu-acum-firea-face-bine-ce-face\/#primaryimage\"},\"thumbnailUrl\":\"https:\/\/www.criserb.com\/blog\/poze\/2016\/07\/copaci-kiseleff.jpg\",\"keywords\":[\"bucuresti\",\"Firea\",\"Kiseleff\"],\"articleSection\":[\"Bucuresti\"],\"inLanguage\":\"en-US\",\"potentialAction\":[{\"@type\":\"CommentAction\",\"name\":\"Comment\",\"target\":[\"https:\/\/www.criserb.com\/blog\/trebuia-sa-va-agitati-la-alegeri-nu-acum-firea-face-bine-ce-face\/#respond\"]}]},{\"@type\":\"WebPage\",\"@id\":\"https:\/\/www.criserb.com\/blog\/trebuia-sa-va-agitati-la-alegeri-nu-acum-firea-face-bine-ce-face\/\",\"url\":\"https:\/\/www.criserb.com\/blog\/trebuia-sa-va-agitati-la-alegeri-nu-acum-firea-face-bine-ce-face\/\",\"name\":\"Trebuia s\u0103 v\u0103 agita\u021bi la alegeri, nu acum. Firea face bine ce face.\",\"isPartOf\":{\"@id\":\"https:\/\/www.criserb.com\/blog\/#website\"},\"primaryImageOfPage\":{\"@id\":\"https:\/\/www.criserb.com\/blog\/trebuia-sa-va-agitati-la-alegeri-nu-acum-firea-face-bine-ce-face\/#primaryimage\"},\"image\":{\"@id\":\"https:\/\/www.criserb.com\/blog\/trebuia-sa-va-agitati-la-alegeri-nu-acum-firea-face-bine-ce-face\/#primaryimage\"},\"thumbnailUrl\":\"https:\/\/www.criserb.com\/blog\/poze\/2016\/07\/copaci-kiseleff.jpg\",\"datePublished\":\"2016-07-07T13:18:05+00:00\",\"breadcrumb\":{\"@id\":\"https:\/\/www.criserb.com\/blog\/trebuia-sa-va-agitati-la-alegeri-nu-acum-firea-face-bine-ce-face\/#breadcrumb\"},\"inLanguage\":\"en-US\",\"potentialAction\":[{\"@type\":\"ReadAction\",\"target\":[\"https:\/\/www.criserb.com\/blog\/trebuia-sa-va-agitati-la-alegeri-nu-acum-firea-face-bine-ce-face\/\"]}]},{\"@type\":\"ImageObject\",\"inLanguage\":\"en-US\",\"@id\":\"https:\/\/www.criserb.com\/blog\/trebuia-sa-va-agitati-la-alegeri-nu-acum-firea-face-bine-ce-face\/#primaryimage\",\"url\":\"https:\/\/www.criserb.com\/blog\/poze\/2016\/07\/copaci-kiseleff.jpg\",\"contentUrl\":\"https:\/\/www.criserb.com\/blog\/poze\/2016\/07\/copaci-kiseleff.jpg\",\"width\":592,\"height\":593},{\"@type\":\"BreadcrumbList\",\"@id\":\"https:\/\/www.criserb.com\/blog\/trebuia-sa-va-agitati-la-alegeri-nu-acum-firea-face-bine-ce-face\/#breadcrumb\",\"itemListElement\":[{\"@type\":\"ListItem\",\"position\":1,\"name\":\"Home\",\"item\":\"https:\/\/www.criserb.com\/blog\/\"},{\"@type\":\"ListItem\",\"position\":2,\"name\":\"Trebuia s\u0103 v\u0103 agita\u021bi la alegeri, nu acum. Firea face bine ce face.\"}]},{\"@type\":\"WebSite\",\"@id\":\"https:\/\/www.criserb.com\/blog\/#website\",\"url\":\"https:\/\/www.criserb.com\/blog\/\",\"name\":\"criserb.com\",\"description\":\"Nimic ce merita citit :)\",\"publisher\":{\"@id\":\"https:\/\/www.criserb.com\/blog\/#\/schema\/person\/8df5199bda4e628c32a10f318d8602b5\"},\"potentialAction\":[{\"@type\":\"SearchAction\",\"target\":{\"@type\":\"EntryPoint\",\"urlTemplate\":\"https:\/\/www.criserb.com\/blog\/?s={search_term_string}\"},\"query-input\":{\"@type\":\"PropertyValueSpecification\",\"valueRequired\":true,\"valueName\":\"search_term_string\"}}],\"inLanguage\":\"en-US\"},{\"@type\":[\"Person\",\"Organization\"],\"@id\":\"https:\/\/www.criserb.com\/blog\/#\/schema\/person\/8df5199bda4e628c32a10f318d8602b5\",\"name\":\"criserb\",\"image\":{\"@type\":\"ImageObject\",\"inLanguage\":\"en-US\",\"@id\":\"https:\/\/www.criserb.com\/blog\/#\/schema\/person\/image\/\",\"url\":\"http:\/\/0.gravatar.com\/avatar\/fdb6cca710f39545f0c4b5b936c390b4?s=96&d=monsterid&r=pg\",\"contentUrl\":\"http:\/\/0.gravatar.com\/avatar\/fdb6cca710f39545f0c4b5b936c390b4?s=96&d=monsterid&r=pg\",\"caption\":\"criserb\"},\"logo\":{\"@id\":\"https:\/\/www.criserb.com\/blog\/#\/schema\/person\/image\/\"},\"sameAs\":[\"http:\/\/www.criserb.com\"],\"url\":\"https:\/\/www.criserb.com\/blog\/author\/criserb\/\"}]}<\/script>\n<!-- \/ Yoast SEO plugin. -->","yoast_head_json":{"title":"Trebuia s\u0103 v\u0103 agita\u021bi la alegeri, nu acum. Firea face bine ce face.","robots":{"index":"index","follow":"follow","max-snippet":"max-snippet:-1","max-image-preview":"max-image-preview:large","max-video-preview":"max-video-preview:-1"},"canonical":"https:\/\/www.criserb.com\/blog\/trebuia-sa-va-agitati-la-alegeri-nu-acum-firea-face-bine-ce-face\/","twitter_misc":{"Written by":"criserb","Est. reading time":"1 minute"},"schema":{"@context":"https:\/\/schema.org","@graph":[{"@type":"Article","@id":"https:\/\/www.criserb.com\/blog\/trebuia-sa-va-agitati-la-alegeri-nu-acum-firea-face-bine-ce-face\/#article","isPartOf":{"@id":"https:\/\/www.criserb.com\/blog\/trebuia-sa-va-agitati-la-alegeri-nu-acum-firea-face-bine-ce-face\/"},"author":{"name":"criserb","@id":"https:\/\/www.criserb.com\/blog\/#\/schema\/person\/8df5199bda4e628c32a10f318d8602b5"},"headline":"Trebuia s\u0103 v\u0103 agita\u021bi la alegeri, nu acum. Firea face bine ce face.","datePublished":"2016-07-07T13:18:05+00:00","mainEntityOfPage":{"@id":"https:\/\/www.criserb.com\/blog\/trebuia-sa-va-agitati-la-alegeri-nu-acum-firea-face-bine-ce-face\/"},"wordCount":250,"commentCount":4,"publisher":{"@id":"https:\/\/www.criserb.com\/blog\/#\/schema\/person\/8df5199bda4e628c32a10f318d8602b5"},"image":{"@id":"https:\/\/www.criserb.com\/blog\/trebuia-sa-va-agitati-la-alegeri-nu-acum-firea-face-bine-ce-face\/#primaryimage"},"thumbnailUrl":"https:\/\/www.criserb.com\/blog\/poze\/2016\/07\/copaci-kiseleff.jpg","keywords":["bucuresti","Firea","Kiseleff"],"articleSection":["Bucuresti"],"inLanguage":"en-US","potentialAction":[{"@type":"CommentAction","name":"Comment","target":["https:\/\/www.criserb.com\/blog\/trebuia-sa-va-agitati-la-alegeri-nu-acum-firea-face-bine-ce-face\/#respond"]}]},{"@type":"WebPage","@id":"https:\/\/www.criserb.com\/blog\/trebuia-sa-va-agitati-la-alegeri-nu-acum-firea-face-bine-ce-face\/","url":"https:\/\/www.criserb.com\/blog\/trebuia-sa-va-agitati-la-alegeri-nu-acum-firea-face-bine-ce-face\/","name":"Trebuia s\u0103 v\u0103 agita\u021bi la alegeri, nu acum. Firea face bine ce face.","isPartOf":{"@id":"https:\/\/www.criserb.com\/blog\/#website"},"primaryImageOfPage":{"@id":"https:\/\/www.criserb.com\/blog\/trebuia-sa-va-agitati-la-alegeri-nu-acum-firea-face-bine-ce-face\/#primaryimage"},"image":{"@id":"https:\/\/www.criserb.com\/blog\/trebuia-sa-va-agitati-la-alegeri-nu-acum-firea-face-bine-ce-face\/#primaryimage"},"thumbnailUrl":"https:\/\/www.criserb.com\/blog\/poze\/2016\/07\/copaci-kiseleff.jpg","datePublished":"2016-07-07T13:18:05+00:00","breadcrumb":{"@id":"https:\/\/www.criserb.com\/blog\/trebuia-sa-va-agitati-la-alegeri-nu-acum-firea-face-bine-ce-face\/#breadcrumb"},"inLanguage":"en-US","potentialAction":[{"@type":"ReadAction","target":["https:\/\/www.criserb.com\/blog\/trebuia-sa-va-agitati-la-alegeri-nu-acum-firea-face-bine-ce-face\/"]}]},{"@type":"ImageObject","inLanguage":"en-US","@id":"https:\/\/www.criserb.com\/blog\/trebuia-sa-va-agitati-la-alegeri-nu-acum-firea-face-bine-ce-face\/#primaryimage","url":"https:\/\/www.criserb.com\/blog\/poze\/2016\/07\/copaci-kiseleff.jpg","contentUrl":"https:\/\/www.criserb.com\/blog\/poze\/2016\/07\/copaci-kiseleff.jpg","width":592,"height":593},{"@type":"BreadcrumbList","@id":"https:\/\/www.criserb.com\/blog\/trebuia-sa-va-agitati-la-alegeri-nu-acum-firea-face-bine-ce-face\/#breadcrumb","itemListElement":[{"@type":"ListItem","position":1,"name":"Home","item":"https:\/\/www.criserb.com\/blog\/"},{"@type":"ListItem","position":2,"name":"Trebuia s\u0103 v\u0103 agita\u021bi la alegeri, nu acum. Firea face bine ce face."}]},{"@type":"WebSite","@id":"https:\/\/www.criserb.com\/blog\/#website","url":"https:\/\/www.criserb.com\/blog\/","name":"criserb.com","description":"Nimic ce merita citit :)","publisher":{"@id":"https:\/\/www.criserb.com\/blog\/#\/schema\/person\/8df5199bda4e628c32a10f318d8602b5"},"potentialAction":[{"@type":"SearchAction","target":{"@type":"EntryPoint","urlTemplate":"https:\/\/www.criserb.com\/blog\/?s={search_term_string}"},"query-input":{"@type":"PropertyValueSpecification","valueRequired":true,"valueName":"search_term_string"}}],"inLanguage":"en-US"},{"@type":["Person","Organization"],"@id":"https:\/\/www.criserb.com\/blog\/#\/schema\/person\/8df5199bda4e628c32a10f318d8602b5","name":"criserb","image":{"@type":"ImageObject","inLanguage":"en-US","@id":"https:\/\/www.criserb.com\/blog\/#\/schema\/person\/image\/","url":"http:\/\/0.gravatar.com\/avatar\/fdb6cca710f39545f0c4b5b936c390b4?s=96&d=monsterid&r=pg","contentUrl":"http:\/\/0.gravatar.com\/avatar\/fdb6cca710f39545f0c4b5b936c390b4?s=96&d=monsterid&r=pg","caption":"criserb"},"logo":{"@id":"https:\/\/www.criserb.com\/blog\/#\/schema\/person\/image\/"},"sameAs":["http:\/\/www.criserb.com"],"url":"https:\/\/www.criserb.com\/blog\/author\/criserb\/"}]}},"_links":{"self":[{"href":"https:\/\/www.criserb.com\/blog\/wp-json\/wp\/v2\/posts\/32428"}],"collection":[{"href":"https:\/\/www.criserb.com\/blog\/wp-json\/wp\/v2\/posts"}],"about":[{"href":"https:\/\/www.criserb.com\/blog\/wp-json\/wp\/v2\/types\/post"}],"author":[{"embeddable":true,"href":"https:\/\/www.criserb.com\/blog\/wp-json\/wp\/v2\/users\/3"}],"replies":[{"embeddable":true,"href":"https:\/\/www.criserb.com\/blog\/wp-json\/wp\/v2\/comments?post=32428"}],"version-history":[{"count":0,"href":"https:\/\/www.criserb.com\/blog\/wp-json\/wp\/v2\/posts\/32428\/revisions"}],"wp:featuredmedia":[{"embeddable":true,"href":"https:\/\/www.criserb.com\/blog\/wp-json\/wp\/v2\/media\/32429"}],"wp:attachment":[{"href":"https:\/\/www.criserb.com\/blog\/wp-json\/wp\/v2\/media?parent=32428"}],"wp:term":[{"taxonomy":"category","embeddable":true,"href":"https:\/\/www.criserb.com\/blog\/wp-json\/wp\/v2\/categories?post=32428"},{"taxonomy":"post_tag","embeddable":true,"href":"https:\/\/www.criserb.com\/blog\/wp-json\/wp\/v2\/tags?post=32428"}],"curies":[{"name":"wp","href":"https:\/\/api.w.org\/{rel}","templated":true}]}}