{"id":32515,"date":"2016-08-30T10:52:46","date_gmt":"2016-08-30T07:52:46","guid":{"rendered":"https:\/\/www.criserb.com\/blog\/?p=32515"},"modified":"2016-08-30T10:52:46","modified_gmt":"2016-08-30T07:52:46","slug":"doi-cretini-bat-un-tanar-undeva-pe-la-cluj","status":"publish","type":"post","link":"https:\/\/www.criserb.com\/blog\/doi-cretini-bat-un-tanar-undeva-pe-la-cluj\/","title":{"rendered":"Doi cretini bat un t\u00e2n\u0103r, undeva pe la Cluj"},"content":{"rendered":"<p>Probabil c\u0103 a\u021bi v\u0103zut <a href=\"https:\/\/www.facebook.com\/SckMoskeTheVrd\/videos\/vb.100003545277979\/961235327337967\/?type=2&amp;theater\" target=\"_blank\">clipul<\/a> \u00een care doi cretini d\u0103deau \u00eentr-un t\u00e2n\u0103r c\u0103zut la p\u0103m\u00e2nt.<\/p>\n<p>Ei bine, <a href=\"http:\/\/www.news.ro\/eveniment\/cei-doi-tineri-care-au-batut-cu-pumnii-si-cu-picioarele-un-alt-tanar-pe-o-strada-din-cluj-napoca-retinuti-1922404929002016082315556707\" target=\"_blank\">au fost prin\u0219i<\/a>, la doar 1 zi dup\u0103 ce s-au l\u0103udat cu isprava lor pe internet.<\/p>\n<p>Probabil c\u0103 vor sc\u0103pa cu o amend\u0103, asta e treaba trist\u0103. Nu au peste 18 ani, \u0219i atunci cic\u0103 orice pedeaps\u0103 o s\u0103 primeasc\u0103 o s\u0103 fie la jumate.<\/p>\n<p>La cum l-au b\u0103tut pe s\u0103racul om eu le-a\u0219 da mult\u0103 r\u0103coare, dar la noi legile sunt f\u0103cute a\u0219a cum sunt f\u0103cute, parc\u0103 nu pentru a pedepsi astfel de cazuri, parc\u0103 pentru a \u00eencuraja \u0219i mai multe :(<\/p>\n","protected":false},"excerpt":{"rendered":"<p>Probabil c\u0103 a\u021bi v\u0103zut clipul \u00een care doi cretini d\u0103deau \u00eentr-un t\u00e2n\u0103r c\u0103zut la p\u0103m\u00e2nt. Ei bine, au fost prin\u0219i, la doar 1 zi dup\u0103 ce s-au l\u0103udat cu isprava lor pe internet. Probabil c\u0103 vor sc\u0103pa cu o amend\u0103, asta e treaba trist\u0103. Nu au peste 18 ani, \u0219i atunci cic\u0103 orice pedeaps\u0103 o&hellip;<\/p>\n","protected":false},"author":3,"featured_media":0,"comment_status":"open","ping_status":"open","sticky":false,"template":"","format":"standard","meta":{"footnotes":""},"categories":[34],"tags":[],"yoast_head":"<!-- This site is optimized with the Yoast SEO plugin v24.5 - https:\/\/yoast.com\/wordpress\/plugins\/seo\/ -->\n<title>Doi cretini bat un t\u00e2n\u0103r, undeva pe la Cluj<\/title>\n<meta name=\"robots\" content=\"index, follow, max-snippet:-1, max-image-preview:large, max-video-preview:-1\" \/>\n<link rel=\"canonical\" href=\"https:\/\/www.criserb.com\/blog\/doi-cretini-bat-un-tanar-undeva-pe-la-cluj\/\" \/>\n<meta name=\"twitter:label1\" content=\"Written by\" \/>\n\t<meta name=\"twitter:data1\" content=\"criserb\" \/>\n\t<meta name=\"twitter:label2\" content=\"Est. reading time\" \/>\n\t<meta name=\"twitter:data2\" content=\"1 minute\" \/>\n<script type=\"application\/ld+json\" class=\"yoast-schema-graph\">{\"@context\":\"https:\/\/schema.org\",\"@graph\":[{\"@type\":\"Article\",\"@id\":\"https:\/\/www.criserb.com\/blog\/doi-cretini-bat-un-tanar-undeva-pe-la-cluj\/#article\",\"isPartOf\":{\"@id\":\"https:\/\/www.criserb.com\/blog\/doi-cretini-bat-un-tanar-undeva-pe-la-cluj\/\"},\"author\":{\"name\":\"criserb\",\"@id\":\"https:\/\/www.criserb.com\/blog\/#\/schema\/person\/8df5199bda4e628c32a10f318d8602b5\"},\"headline\":\"Doi cretini bat un t\u00e2n\u0103r, undeva pe la Cluj\",\"datePublished\":\"2016-08-30T07:52:46+00:00\",\"mainEntityOfPage\":{\"@id\":\"https:\/\/www.criserb.com\/blog\/doi-cretini-bat-un-tanar-undeva-pe-la-cluj\/\"},\"wordCount\":125,\"commentCount\":3,\"publisher\":{\"@id\":\"https:\/\/www.criserb.com\/blog\/#\/schema\/person\/8df5199bda4e628c32a10f318d8602b5\"},\"articleSection\":[\"Romanisme\"],\"inLanguage\":\"en-US\",\"potentialAction\":[{\"@type\":\"CommentAction\",\"name\":\"Comment\",\"target\":[\"https:\/\/www.criserb.com\/blog\/doi-cretini-bat-un-tanar-undeva-pe-la-cluj\/#respond\"]}]},{\"@type\":\"WebPage\",\"@id\":\"https:\/\/www.criserb.com\/blog\/doi-cretini-bat-un-tanar-undeva-pe-la-cluj\/\",\"url\":\"https:\/\/www.criserb.com\/blog\/doi-cretini-bat-un-tanar-undeva-pe-la-cluj\/\",\"name\":\"Doi cretini bat un t\u00e2n\u0103r, undeva pe la Cluj\",\"isPartOf\":{\"@id\":\"https:\/\/www.criserb.com\/blog\/#website\"},\"datePublished\":\"2016-08-30T07:52:46+00:00\",\"breadcrumb\":{\"@id\":\"https:\/\/www.criserb.com\/blog\/doi-cretini-bat-un-tanar-undeva-pe-la-cluj\/#breadcrumb\"},\"inLanguage\":\"en-US\",\"potentialAction\":[{\"@type\":\"ReadAction\",\"target\":[\"https:\/\/www.criserb.com\/blog\/doi-cretini-bat-un-tanar-undeva-pe-la-cluj\/\"]}]},{\"@type\":\"BreadcrumbList\",\"@id\":\"https:\/\/www.criserb.com\/blog\/doi-cretini-bat-un-tanar-undeva-pe-la-cluj\/#breadcrumb\",\"itemListElement\":[{\"@type\":\"ListItem\",\"position\":1,\"name\":\"Home\",\"item\":\"https:\/\/www.criserb.com\/blog\/\"},{\"@type\":\"ListItem\",\"position\":2,\"name\":\"Doi cretini bat un t\u00e2n\u0103r, undeva pe la Cluj\"}]},{\"@type\":\"WebSite\",\"@id\":\"https:\/\/www.criserb.com\/blog\/#website\",\"url\":\"https:\/\/www.criserb.com\/blog\/\",\"name\":\"criserb.com\",\"description\":\"Nimic ce merita citit :)\",\"publisher\":{\"@id\":\"https:\/\/www.criserb.com\/blog\/#\/schema\/person\/8df5199bda4e628c32a10f318d8602b5\"},\"potentialAction\":[{\"@type\":\"SearchAction\",\"target\":{\"@type\":\"EntryPoint\",\"urlTemplate\":\"https:\/\/www.criserb.com\/blog\/?s={search_term_string}\"},\"query-input\":{\"@type\":\"PropertyValueSpecification\",\"valueRequired\":true,\"valueName\":\"search_term_string\"}}],\"inLanguage\":\"en-US\"},{\"@type\":[\"Person\",\"Organization\"],\"@id\":\"https:\/\/www.criserb.com\/blog\/#\/schema\/person\/8df5199bda4e628c32a10f318d8602b5\",\"name\":\"criserb\",\"image\":{\"@type\":\"ImageObject\",\"inLanguage\":\"en-US\",\"@id\":\"https:\/\/www.criserb.com\/blog\/#\/schema\/person\/image\/\",\"url\":\"http:\/\/0.gravatar.com\/avatar\/fdb6cca710f39545f0c4b5b936c390b4?s=96&d=monsterid&r=pg\",\"contentUrl\":\"http:\/\/0.gravatar.com\/avatar\/fdb6cca710f39545f0c4b5b936c390b4?s=96&d=monsterid&r=pg\",\"caption\":\"criserb\"},\"logo\":{\"@id\":\"https:\/\/www.criserb.com\/blog\/#\/schema\/person\/image\/\"},\"sameAs\":[\"http:\/\/www.criserb.com\"],\"url\":\"https:\/\/www.criserb.com\/blog\/author\/criserb\/\"}]}<\/script>\n<!-- \/ Yoast SEO plugin. -->","yoast_head_json":{"title":"Doi cretini bat un t\u00e2n\u0103r, undeva pe la Cluj","robots":{"index":"index","follow":"follow","max-snippet":"max-snippet:-1","max-image-preview":"max-image-preview:large","max-video-preview":"max-video-preview:-1"},"canonical":"https:\/\/www.criserb.com\/blog\/doi-cretini-bat-un-tanar-undeva-pe-la-cluj\/","twitter_misc":{"Written by":"criserb","Est. reading time":"1 minute"},"schema":{"@context":"https:\/\/schema.org","@graph":[{"@type":"Article","@id":"https:\/\/www.criserb.com\/blog\/doi-cretini-bat-un-tanar-undeva-pe-la-cluj\/#article","isPartOf":{"@id":"https:\/\/www.criserb.com\/blog\/doi-cretini-bat-un-tanar-undeva-pe-la-cluj\/"},"author":{"name":"criserb","@id":"https:\/\/www.criserb.com\/blog\/#\/schema\/person\/8df5199bda4e628c32a10f318d8602b5"},"headline":"Doi cretini bat un t\u00e2n\u0103r, undeva pe la Cluj","datePublished":"2016-08-30T07:52:46+00:00","mainEntityOfPage":{"@id":"https:\/\/www.criserb.com\/blog\/doi-cretini-bat-un-tanar-undeva-pe-la-cluj\/"},"wordCount":125,"commentCount":3,"publisher":{"@id":"https:\/\/www.criserb.com\/blog\/#\/schema\/person\/8df5199bda4e628c32a10f318d8602b5"},"articleSection":["Romanisme"],"inLanguage":"en-US","potentialAction":[{"@type":"CommentAction","name":"Comment","target":["https:\/\/www.criserb.com\/blog\/doi-cretini-bat-un-tanar-undeva-pe-la-cluj\/#respond"]}]},{"@type":"WebPage","@id":"https:\/\/www.criserb.com\/blog\/doi-cretini-bat-un-tanar-undeva-pe-la-cluj\/","url":"https:\/\/www.criserb.com\/blog\/doi-cretini-bat-un-tanar-undeva-pe-la-cluj\/","name":"Doi cretini bat un t\u00e2n\u0103r, undeva pe la Cluj","isPartOf":{"@id":"https:\/\/www.criserb.com\/blog\/#website"},"datePublished":"2016-08-30T07:52:46+00:00","breadcrumb":{"@id":"https:\/\/www.criserb.com\/blog\/doi-cretini-bat-un-tanar-undeva-pe-la-cluj\/#breadcrumb"},"inLanguage":"en-US","potentialAction":[{"@type":"ReadAction","target":["https:\/\/www.criserb.com\/blog\/doi-cretini-bat-un-tanar-undeva-pe-la-cluj\/"]}]},{"@type":"BreadcrumbList","@id":"https:\/\/www.criserb.com\/blog\/doi-cretini-bat-un-tanar-undeva-pe-la-cluj\/#breadcrumb","itemListElement":[{"@type":"ListItem","position":1,"name":"Home","item":"https:\/\/www.criserb.com\/blog\/"},{"@type":"ListItem","position":2,"name":"Doi cretini bat un t\u00e2n\u0103r, undeva pe la Cluj"}]},{"@type":"WebSite","@id":"https:\/\/www.criserb.com\/blog\/#website","url":"https:\/\/www.criserb.com\/blog\/","name":"criserb.com","description":"Nimic ce merita citit :)","publisher":{"@id":"https:\/\/www.criserb.com\/blog\/#\/schema\/person\/8df5199bda4e628c32a10f318d8602b5"},"potentialAction":[{"@type":"SearchAction","target":{"@type":"EntryPoint","urlTemplate":"https:\/\/www.criserb.com\/blog\/?s={search_term_string}"},"query-input":{"@type":"PropertyValueSpecification","valueRequired":true,"valueName":"search_term_string"}}],"inLanguage":"en-US"},{"@type":["Person","Organization"],"@id":"https:\/\/www.criserb.com\/blog\/#\/schema\/person\/8df5199bda4e628c32a10f318d8602b5","name":"criserb","image":{"@type":"ImageObject","inLanguage":"en-US","@id":"https:\/\/www.criserb.com\/blog\/#\/schema\/person\/image\/","url":"http:\/\/0.gravatar.com\/avatar\/fdb6cca710f39545f0c4b5b936c390b4?s=96&d=monsterid&r=pg","contentUrl":"http:\/\/0.gravatar.com\/avatar\/fdb6cca710f39545f0c4b5b936c390b4?s=96&d=monsterid&r=pg","caption":"criserb"},"logo":{"@id":"https:\/\/www.criserb.com\/blog\/#\/schema\/person\/image\/"},"sameAs":["http:\/\/www.criserb.com"],"url":"https:\/\/www.criserb.com\/blog\/author\/criserb\/"}]}},"_links":{"self":[{"href":"https:\/\/www.criserb.com\/blog\/wp-json\/wp\/v2\/posts\/32515"}],"collection":[{"href":"https:\/\/www.criserb.com\/blog\/wp-json\/wp\/v2\/posts"}],"about":[{"href":"https:\/\/www.criserb.com\/blog\/wp-json\/wp\/v2\/types\/post"}],"author":[{"embeddable":true,"href":"https:\/\/www.criserb.com\/blog\/wp-json\/wp\/v2\/users\/3"}],"replies":[{"embeddable":true,"href":"https:\/\/www.criserb.com\/blog\/wp-json\/wp\/v2\/comments?post=32515"}],"version-history":[{"count":0,"href":"https:\/\/www.criserb.com\/blog\/wp-json\/wp\/v2\/posts\/32515\/revisions"}],"wp:attachment":[{"href":"https:\/\/www.criserb.com\/blog\/wp-json\/wp\/v2\/media?parent=32515"}],"wp:term":[{"taxonomy":"category","embeddable":true,"href":"https:\/\/www.criserb.com\/blog\/wp-json\/wp\/v2\/categories?post=32515"},{"taxonomy":"post_tag","embeddable":true,"href":"https:\/\/www.criserb.com\/blog\/wp-json\/wp\/v2\/tags?post=32515"}],"curies":[{"name":"wp","href":"https:\/\/api.w.org\/{rel}","templated":true}]}}