{"id":32543,"date":"2016-10-04T09:51:56","date_gmt":"2016-10-04T06:51:56","guid":{"rendered":"https:\/\/www.criserb.com\/blog\/?p=32543"},"modified":"2016-10-04T09:54:12","modified_gmt":"2016-10-04T06:54:12","slug":"ce-facem-cu-copiii-lasati-liberi-acasa-si-parintii-sunt-la-munca","status":"publish","type":"post","link":"https:\/\/www.criserb.com\/blog\/ce-facem-cu-copiii-lasati-liberi-acasa-si-parintii-sunt-la-munca\/","title":{"rendered":"Ce facem cu copiii l\u0103sa\u021bi liberi acas\u0103 c\u00e2nd p\u0103rin\u021bii sunt la munc\u0103?"},"content":{"rendered":"<p><img loading=\"lazy\" decoding=\"async\" class=\"aligncenter size-full wp-image-32544\" src=\"https:\/\/www.criserb.com\/blog\/poze\/2016\/10\/1-clasa-goala-res-9522-b.jpg\" alt=\"1-clasa-goala-res-9522-b\" width=\"840\" height=\"472\" srcset=\"https:\/\/www.criserb.com\/blog\/poze\/2016\/10\/1-clasa-goala-res-9522-b.jpg 840w, https:\/\/www.criserb.com\/blog\/poze\/2016\/10\/1-clasa-goala-res-9522-b-300x169.jpg 300w, https:\/\/www.criserb.com\/blog\/poze\/2016\/10\/1-clasa-goala-res-9522-b-768x432.jpg 768w\" sizes=\"(max-width: 840px) 100vw, 840px\" \/><\/p>\n<blockquote><p>UNESCO a stabilit data de 5 octombrie ca fiind Ziua Interna\u0163ional\u0103 a Educa\u0163iei. \u00cen Rom\u00e2nia, \u00eentr-un ordin de ministru al Educa\u0163iei Na\u0163ionale \u015fi Cercet\u0103rii, \u00een care a fost stabilit\u0103 structura anului \u015fcolar 2016 &#8211; 2017, este prev\u0103zut c\u0103 miercuri cursurile conform programului obi\u015fnuit vor fi suspendate, informeaz\u0103 <a href=\"http:\/\/www.news.ro\/\" target=\"_blank\">news.ro<\/a>.<\/p><\/blockquote>\n<p>Deci este clar, copiii au zi liber\u0103, gr\u0103dini\u021bele \u0219i \u0219colile nu au program \u0219i copiii tre&#8217; s\u0103 mearg\u0103 \u00een alt\u0103 parte, numai la \u0219coal\u0103 \u0219i gr\u0103dini\u021b\u0103 nu.<\/p>\n<p>Se \u00eent\u00e2mpl\u0103 asta, din ce am \u00een\u021beles de la colegi \u0219i la gr\u0103dini\u021bele particulare.<\/p>\n<p>So, acum s\u0103 vorbim de copiii mici, cei de la gr\u0103dini\u021be, cei care sunt du\u0219i la gr\u0103dini\u021be tocmai pentru ca p\u0103rin\u021bii s\u0103 poat\u0103 merge la munc\u0103.<\/p>\n<p>\u00cen cazul \u0103sta, m\u00e2ine, o mul\u021bime de p\u0103rin\u021bi vor sta acas\u0103, pentru c\u0103 a\u0219a s-a g\u00e2ndit statul s\u0103 dea zi liber\u0103 numai copiilor.<\/p>\n<p>P\u0103i cum vine asta dragi legiuitori, le-a\u021bi dat liber copiilor f\u0103r\u0103 s\u0103 v\u0103 g\u00e2ndi\u021bi ce vor face ei \u00een aceast\u0103 zi? Pe unde vor umbla?<\/p>\n<p>Chiar nu a dus pe nimeni capul c\u0103 acei copii trebuie s\u0103 stea cu cineva, s\u0103 fie supraveghea\u021bi?<\/p>\n<p style=\"text-align: right;\"><a href=\"http:\/\/www.suntmamica.ro\/copilul\/liber-de-ziua-educatiei-elevii-si-profesorii-nu-fac-cursuri-pe-5-octombrie-9522\" target=\"_blank\">sursa<\/a><\/p>\n","protected":false},"excerpt":{"rendered":"<p>UNESCO a stabilit data de 5 octombrie ca fiind Ziua Interna\u0163ional\u0103 a Educa\u0163iei. \u00cen Rom\u00e2nia, \u00eentr-un ordin de ministru al Educa\u0163iei Na\u0163ionale \u015fi Cercet\u0103rii, \u00een care a fost stabilit\u0103 structura anului \u015fcolar 2016 &#8211; 2017, este prev\u0103zut c\u0103 miercuri cursurile conform programului obi\u015fnuit vor fi suspendate, informeaz\u0103 news.ro. Deci este clar, copiii au zi liber\u0103,&hellip;<\/p>\n","protected":false},"author":3,"featured_media":32544,"comment_status":"open","ping_status":"open","sticky":false,"template":"","format":"standard","meta":{"footnotes":""},"categories":[34],"tags":[7334,3074],"yoast_head":"<!-- This site is optimized with the Yoast SEO plugin v24.5 - https:\/\/yoast.com\/wordpress\/plugins\/seo\/ -->\n<title>Ce facem cu copiii l\u0103sa\u021bi liberi acas\u0103 c\u00e2nd p\u0103rin\u021bii sunt la munc\u0103?<\/title>\n<meta name=\"robots\" content=\"index, follow, max-snippet:-1, max-image-preview:large, max-video-preview:-1\" \/>\n<link rel=\"canonical\" href=\"https:\/\/www.criserb.com\/blog\/ce-facem-cu-copiii-lasati-liberi-acasa-si-parintii-sunt-la-munca\/\" \/>\n<meta name=\"twitter:label1\" content=\"Written by\" \/>\n\t<meta name=\"twitter:data1\" content=\"criserb\" \/>\n\t<meta name=\"twitter:label2\" content=\"Est. reading time\" \/>\n\t<meta name=\"twitter:data2\" content=\"1 minute\" \/>\n<script type=\"application\/ld+json\" class=\"yoast-schema-graph\">{\"@context\":\"https:\/\/schema.org\",\"@graph\":[{\"@type\":\"Article\",\"@id\":\"https:\/\/www.criserb.com\/blog\/ce-facem-cu-copiii-lasati-liberi-acasa-si-parintii-sunt-la-munca\/#article\",\"isPartOf\":{\"@id\":\"https:\/\/www.criserb.com\/blog\/ce-facem-cu-copiii-lasati-liberi-acasa-si-parintii-sunt-la-munca\/\"},\"author\":{\"name\":\"criserb\",\"@id\":\"https:\/\/www.criserb.com\/blog\/#\/schema\/person\/8df5199bda4e628c32a10f318d8602b5\"},\"headline\":\"Ce facem cu copiii l\u0103sa\u021bi liberi acas\u0103 c\u00e2nd p\u0103rin\u021bii sunt la munc\u0103?\",\"datePublished\":\"2016-10-04T06:51:56+00:00\",\"dateModified\":\"2016-10-04T06:54:12+00:00\",\"mainEntityOfPage\":{\"@id\":\"https:\/\/www.criserb.com\/blog\/ce-facem-cu-copiii-lasati-liberi-acasa-si-parintii-sunt-la-munca\/\"},\"wordCount\":231,\"commentCount\":1,\"publisher\":{\"@id\":\"https:\/\/www.criserb.com\/blog\/#\/schema\/person\/8df5199bda4e628c32a10f318d8602b5\"},\"image\":{\"@id\":\"https:\/\/www.criserb.com\/blog\/ce-facem-cu-copiii-lasati-liberi-acasa-si-parintii-sunt-la-munca\/#primaryimage\"},\"thumbnailUrl\":\"https:\/\/www.criserb.com\/blog\/poze\/2016\/10\/1-clasa-goala-res-9522-b.jpg\",\"keywords\":[\"5 octombrie\",\"Zi libera\"],\"articleSection\":[\"Romanisme\"],\"inLanguage\":\"en-US\",\"potentialAction\":[{\"@type\":\"CommentAction\",\"name\":\"Comment\",\"target\":[\"https:\/\/www.criserb.com\/blog\/ce-facem-cu-copiii-lasati-liberi-acasa-si-parintii-sunt-la-munca\/#respond\"]}]},{\"@type\":\"WebPage\",\"@id\":\"https:\/\/www.criserb.com\/blog\/ce-facem-cu-copiii-lasati-liberi-acasa-si-parintii-sunt-la-munca\/\",\"url\":\"https:\/\/www.criserb.com\/blog\/ce-facem-cu-copiii-lasati-liberi-acasa-si-parintii-sunt-la-munca\/\",\"name\":\"Ce facem cu copiii l\u0103sa\u021bi liberi acas\u0103 c\u00e2nd p\u0103rin\u021bii sunt la munc\u0103?\",\"isPartOf\":{\"@id\":\"https:\/\/www.criserb.com\/blog\/#website\"},\"primaryImageOfPage\":{\"@id\":\"https:\/\/www.criserb.com\/blog\/ce-facem-cu-copiii-lasati-liberi-acasa-si-parintii-sunt-la-munca\/#primaryimage\"},\"image\":{\"@id\":\"https:\/\/www.criserb.com\/blog\/ce-facem-cu-copiii-lasati-liberi-acasa-si-parintii-sunt-la-munca\/#primaryimage\"},\"thumbnailUrl\":\"https:\/\/www.criserb.com\/blog\/poze\/2016\/10\/1-clasa-goala-res-9522-b.jpg\",\"datePublished\":\"2016-10-04T06:51:56+00:00\",\"dateModified\":\"2016-10-04T06:54:12+00:00\",\"breadcrumb\":{\"@id\":\"https:\/\/www.criserb.com\/blog\/ce-facem-cu-copiii-lasati-liberi-acasa-si-parintii-sunt-la-munca\/#breadcrumb\"},\"inLanguage\":\"en-US\",\"potentialAction\":[{\"@type\":\"ReadAction\",\"target\":[\"https:\/\/www.criserb.com\/blog\/ce-facem-cu-copiii-lasati-liberi-acasa-si-parintii-sunt-la-munca\/\"]}]},{\"@type\":\"ImageObject\",\"inLanguage\":\"en-US\",\"@id\":\"https:\/\/www.criserb.com\/blog\/ce-facem-cu-copiii-lasati-liberi-acasa-si-parintii-sunt-la-munca\/#primaryimage\",\"url\":\"https:\/\/www.criserb.com\/blog\/poze\/2016\/10\/1-clasa-goala-res-9522-b.jpg\",\"contentUrl\":\"https:\/\/www.criserb.com\/blog\/poze\/2016\/10\/1-clasa-goala-res-9522-b.jpg\",\"width\":840,\"height\":472},{\"@type\":\"BreadcrumbList\",\"@id\":\"https:\/\/www.criserb.com\/blog\/ce-facem-cu-copiii-lasati-liberi-acasa-si-parintii-sunt-la-munca\/#breadcrumb\",\"itemListElement\":[{\"@type\":\"ListItem\",\"position\":1,\"name\":\"Home\",\"item\":\"https:\/\/www.criserb.com\/blog\/\"},{\"@type\":\"ListItem\",\"position\":2,\"name\":\"Ce facem cu copiii l\u0103sa\u021bi liberi acas\u0103 c\u00e2nd p\u0103rin\u021bii sunt la munc\u0103?\"}]},{\"@type\":\"WebSite\",\"@id\":\"https:\/\/www.criserb.com\/blog\/#website\",\"url\":\"https:\/\/www.criserb.com\/blog\/\",\"name\":\"criserb.com\",\"description\":\"Nimic ce merita citit :)\",\"publisher\":{\"@id\":\"https:\/\/www.criserb.com\/blog\/#\/schema\/person\/8df5199bda4e628c32a10f318d8602b5\"},\"potentialAction\":[{\"@type\":\"SearchAction\",\"target\":{\"@type\":\"EntryPoint\",\"urlTemplate\":\"https:\/\/www.criserb.com\/blog\/?s={search_term_string}\"},\"query-input\":{\"@type\":\"PropertyValueSpecification\",\"valueRequired\":true,\"valueName\":\"search_term_string\"}}],\"inLanguage\":\"en-US\"},{\"@type\":[\"Person\",\"Organization\"],\"@id\":\"https:\/\/www.criserb.com\/blog\/#\/schema\/person\/8df5199bda4e628c32a10f318d8602b5\",\"name\":\"criserb\",\"image\":{\"@type\":\"ImageObject\",\"inLanguage\":\"en-US\",\"@id\":\"https:\/\/www.criserb.com\/blog\/#\/schema\/person\/image\/\",\"url\":\"http:\/\/0.gravatar.com\/avatar\/fdb6cca710f39545f0c4b5b936c390b4?s=96&d=monsterid&r=pg\",\"contentUrl\":\"http:\/\/0.gravatar.com\/avatar\/fdb6cca710f39545f0c4b5b936c390b4?s=96&d=monsterid&r=pg\",\"caption\":\"criserb\"},\"logo\":{\"@id\":\"https:\/\/www.criserb.com\/blog\/#\/schema\/person\/image\/\"},\"sameAs\":[\"http:\/\/www.criserb.com\"],\"url\":\"https:\/\/www.criserb.com\/blog\/author\/criserb\/\"}]}<\/script>\n<!-- \/ Yoast SEO plugin. -->","yoast_head_json":{"title":"Ce facem cu copiii l\u0103sa\u021bi liberi acas\u0103 c\u00e2nd p\u0103rin\u021bii sunt la munc\u0103?","robots":{"index":"index","follow":"follow","max-snippet":"max-snippet:-1","max-image-preview":"max-image-preview:large","max-video-preview":"max-video-preview:-1"},"canonical":"https:\/\/www.criserb.com\/blog\/ce-facem-cu-copiii-lasati-liberi-acasa-si-parintii-sunt-la-munca\/","twitter_misc":{"Written by":"criserb","Est. reading time":"1 minute"},"schema":{"@context":"https:\/\/schema.org","@graph":[{"@type":"Article","@id":"https:\/\/www.criserb.com\/blog\/ce-facem-cu-copiii-lasati-liberi-acasa-si-parintii-sunt-la-munca\/#article","isPartOf":{"@id":"https:\/\/www.criserb.com\/blog\/ce-facem-cu-copiii-lasati-liberi-acasa-si-parintii-sunt-la-munca\/"},"author":{"name":"criserb","@id":"https:\/\/www.criserb.com\/blog\/#\/schema\/person\/8df5199bda4e628c32a10f318d8602b5"},"headline":"Ce facem cu copiii l\u0103sa\u021bi liberi acas\u0103 c\u00e2nd p\u0103rin\u021bii sunt la munc\u0103?","datePublished":"2016-10-04T06:51:56+00:00","dateModified":"2016-10-04T06:54:12+00:00","mainEntityOfPage":{"@id":"https:\/\/www.criserb.com\/blog\/ce-facem-cu-copiii-lasati-liberi-acasa-si-parintii-sunt-la-munca\/"},"wordCount":231,"commentCount":1,"publisher":{"@id":"https:\/\/www.criserb.com\/blog\/#\/schema\/person\/8df5199bda4e628c32a10f318d8602b5"},"image":{"@id":"https:\/\/www.criserb.com\/blog\/ce-facem-cu-copiii-lasati-liberi-acasa-si-parintii-sunt-la-munca\/#primaryimage"},"thumbnailUrl":"https:\/\/www.criserb.com\/blog\/poze\/2016\/10\/1-clasa-goala-res-9522-b.jpg","keywords":["5 octombrie","Zi libera"],"articleSection":["Romanisme"],"inLanguage":"en-US","potentialAction":[{"@type":"CommentAction","name":"Comment","target":["https:\/\/www.criserb.com\/blog\/ce-facem-cu-copiii-lasati-liberi-acasa-si-parintii-sunt-la-munca\/#respond"]}]},{"@type":"WebPage","@id":"https:\/\/www.criserb.com\/blog\/ce-facem-cu-copiii-lasati-liberi-acasa-si-parintii-sunt-la-munca\/","url":"https:\/\/www.criserb.com\/blog\/ce-facem-cu-copiii-lasati-liberi-acasa-si-parintii-sunt-la-munca\/","name":"Ce facem cu copiii l\u0103sa\u021bi liberi acas\u0103 c\u00e2nd p\u0103rin\u021bii sunt la munc\u0103?","isPartOf":{"@id":"https:\/\/www.criserb.com\/blog\/#website"},"primaryImageOfPage":{"@id":"https:\/\/www.criserb.com\/blog\/ce-facem-cu-copiii-lasati-liberi-acasa-si-parintii-sunt-la-munca\/#primaryimage"},"image":{"@id":"https:\/\/www.criserb.com\/blog\/ce-facem-cu-copiii-lasati-liberi-acasa-si-parintii-sunt-la-munca\/#primaryimage"},"thumbnailUrl":"https:\/\/www.criserb.com\/blog\/poze\/2016\/10\/1-clasa-goala-res-9522-b.jpg","datePublished":"2016-10-04T06:51:56+00:00","dateModified":"2016-10-04T06:54:12+00:00","breadcrumb":{"@id":"https:\/\/www.criserb.com\/blog\/ce-facem-cu-copiii-lasati-liberi-acasa-si-parintii-sunt-la-munca\/#breadcrumb"},"inLanguage":"en-US","potentialAction":[{"@type":"ReadAction","target":["https:\/\/www.criserb.com\/blog\/ce-facem-cu-copiii-lasati-liberi-acasa-si-parintii-sunt-la-munca\/"]}]},{"@type":"ImageObject","inLanguage":"en-US","@id":"https:\/\/www.criserb.com\/blog\/ce-facem-cu-copiii-lasati-liberi-acasa-si-parintii-sunt-la-munca\/#primaryimage","url":"https:\/\/www.criserb.com\/blog\/poze\/2016\/10\/1-clasa-goala-res-9522-b.jpg","contentUrl":"https:\/\/www.criserb.com\/blog\/poze\/2016\/10\/1-clasa-goala-res-9522-b.jpg","width":840,"height":472},{"@type":"BreadcrumbList","@id":"https:\/\/www.criserb.com\/blog\/ce-facem-cu-copiii-lasati-liberi-acasa-si-parintii-sunt-la-munca\/#breadcrumb","itemListElement":[{"@type":"ListItem","position":1,"name":"Home","item":"https:\/\/www.criserb.com\/blog\/"},{"@type":"ListItem","position":2,"name":"Ce facem cu copiii l\u0103sa\u021bi liberi acas\u0103 c\u00e2nd p\u0103rin\u021bii sunt la munc\u0103?"}]},{"@type":"WebSite","@id":"https:\/\/www.criserb.com\/blog\/#website","url":"https:\/\/www.criserb.com\/blog\/","name":"criserb.com","description":"Nimic ce merita citit :)","publisher":{"@id":"https:\/\/www.criserb.com\/blog\/#\/schema\/person\/8df5199bda4e628c32a10f318d8602b5"},"potentialAction":[{"@type":"SearchAction","target":{"@type":"EntryPoint","urlTemplate":"https:\/\/www.criserb.com\/blog\/?s={search_term_string}"},"query-input":{"@type":"PropertyValueSpecification","valueRequired":true,"valueName":"search_term_string"}}],"inLanguage":"en-US"},{"@type":["Person","Organization"],"@id":"https:\/\/www.criserb.com\/blog\/#\/schema\/person\/8df5199bda4e628c32a10f318d8602b5","name":"criserb","image":{"@type":"ImageObject","inLanguage":"en-US","@id":"https:\/\/www.criserb.com\/blog\/#\/schema\/person\/image\/","url":"http:\/\/0.gravatar.com\/avatar\/fdb6cca710f39545f0c4b5b936c390b4?s=96&d=monsterid&r=pg","contentUrl":"http:\/\/0.gravatar.com\/avatar\/fdb6cca710f39545f0c4b5b936c390b4?s=96&d=monsterid&r=pg","caption":"criserb"},"logo":{"@id":"https:\/\/www.criserb.com\/blog\/#\/schema\/person\/image\/"},"sameAs":["http:\/\/www.criserb.com"],"url":"https:\/\/www.criserb.com\/blog\/author\/criserb\/"}]}},"_links":{"self":[{"href":"https:\/\/www.criserb.com\/blog\/wp-json\/wp\/v2\/posts\/32543"}],"collection":[{"href":"https:\/\/www.criserb.com\/blog\/wp-json\/wp\/v2\/posts"}],"about":[{"href":"https:\/\/www.criserb.com\/blog\/wp-json\/wp\/v2\/types\/post"}],"author":[{"embeddable":true,"href":"https:\/\/www.criserb.com\/blog\/wp-json\/wp\/v2\/users\/3"}],"replies":[{"embeddable":true,"href":"https:\/\/www.criserb.com\/blog\/wp-json\/wp\/v2\/comments?post=32543"}],"version-history":[{"count":0,"href":"https:\/\/www.criserb.com\/blog\/wp-json\/wp\/v2\/posts\/32543\/revisions"}],"wp:featuredmedia":[{"embeddable":true,"href":"https:\/\/www.criserb.com\/blog\/wp-json\/wp\/v2\/media\/32544"}],"wp:attachment":[{"href":"https:\/\/www.criserb.com\/blog\/wp-json\/wp\/v2\/media?parent=32543"}],"wp:term":[{"taxonomy":"category","embeddable":true,"href":"https:\/\/www.criserb.com\/blog\/wp-json\/wp\/v2\/categories?post=32543"},{"taxonomy":"post_tag","embeddable":true,"href":"https:\/\/www.criserb.com\/blog\/wp-json\/wp\/v2\/tags?post=32543"}],"curies":[{"name":"wp","href":"https:\/\/api.w.org\/{rel}","templated":true}]}}