{"id":32660,"date":"2016-11-03T10:13:43","date_gmt":"2016-11-03T08:13:43","guid":{"rendered":"https:\/\/www.criserb.com\/blog\/?p=32660"},"modified":"2016-11-03T10:13:43","modified_gmt":"2016-11-03T08:13:43","slug":"panou-radiant-cu-infrarosu-pentru-terasa-de-acasa","status":"publish","type":"post","link":"https:\/\/www.criserb.com\/blog\/panou-radiant-cu-infrarosu-pentru-terasa-de-acasa\/","title":{"rendered":"Panou radiant cu infraro\u0219u pentru terasa de acas\u0103"},"content":{"rendered":"<p>La bloc nu aveam problema asta, c\u0103 na, acolo ori fumam \u00een cas\u0103, ori ie\u0219eam pe balcon cu capul scos pe geam, iarna.<\/p>\n<p>La curte \u00eens\u0103, m-am obi\u0219nuit cu terasa, nu prea ne-am petrecut prea mult timp \u00een cas\u0103 vara asta, am stat pe teras\u0103 at\u00e2t c\u00e2t timpul ne-a permis.<\/p>\n<p>Veneam acas\u0103, ne jucam cu copilul pe afar\u0103, \u00eel adormeam \u0219i apoi ne prindea miezul nop\u021bii pe teras\u0103. \u0218i era foarte bine.<\/p>\n<p>Acum \u00eens\u0103, vremea nu prea ne mai permite arogan\u021ba asta \u0219i caut solu\u021bii de a prelungii statul afar\u0103.<\/p>\n<p>Am v\u0103zut prin diferite terase ni\u0219te chestii at\u00e2rnate pe pere\u021bi care fac cald.<\/p>\n<p>M-am interesat, \u0219i se pare c\u0103 panourile radiante cu infraro\u0219u ar fi cea mai bun\u0103 solu\u021bie.<\/p>\n<p>Mai sunt ciupercile alea pe gaz, dar alea nu sunt bune dac\u0103 nu ai terasa \u00eenchis\u0103. Cum bate v\u00e2ntul cum \u021bi-a zburat c\u0103ldura.<\/p>\n<p>Astea radiante cu infraro\u0219u, cic\u0103 imit\u0103 c\u0103ldura solar\u0103. Ele practic nu \u00eenc\u0103lzesc aerul ci corpurile spre care este \u00eendreptat.<\/p>\n<div class=\"embed-responsive embed-responsive-16by9\"><iframe loading=\"lazy\" title=\"#Veito Carbon Infrared Outdoor Heater System: By John Young of the Weekend Handyman\" width=\"500\" height=\"281\" src=\"https:\/\/www.youtube.com\/embed\/SA3qpPFXiLI?feature=oembed\" frameborder=\"0\" allow=\"accelerometer; autoplay; clipboard-write; encrypted-media; gyroscope; picture-in-picture; web-share\" referrerpolicy=\"strict-origin-when-cross-origin\" allowfullscreen><\/iframe><\/div>\n<p>Sunt multe branduri pe pia\u021ba, dar foarte pu\u021bine materiale pe net despre ele. Nu prea am g\u0103sit review-uri, cel pu\u021bin nu la noi \u0219i nu f\u0103cute de persoane care au a\u0219a ceva pe acas\u0103. Majoritatea sunt instalate pe terasele restaurantelor \u0219i na, patronii nu prea fac review-uri.<\/p>\n<p>Eu m-am oprit la modeleul <a href=\"http:\/\/www.sensodays.ro\/panou-radiant-infrarosu-veito-blade-2000.html\" target=\"_blank\">Veito BLADE 2000<\/a>. La puterea maxim\u0103 consum\u0103 1 leu pe or\u0103, ceea ce este decent.<\/p>\n<p>Partea \u0219i mai bun\u0103 este c\u0103 spre deosebire de altele are mai multe trepte de putere, \u00een func\u021bie de c\u0103ldura de care ai nevoie \u0219i de temperatura de afar\u0103.<\/p>\n<p>Pre\u021bul nu este totu\u0219i de neglijat, este vreo 1200 lei.<\/p>\n<p>De aia am \u0219i scris acest post, poate g\u0103sesc pe cineva care s-a mai lovit de ele \u0219i poate s\u0103 vin\u0103 cu o p\u0103rere personal\u0103.<\/p>\n<p>\u00cel v\u0103d pe \u0103sta c\u0103 st\u0103 destul de dezbr\u0103cat pentru peisajul \u00een care se afl\u0103, dar nu \u00een\u021beleg prea multe din ce zice.<\/p>\n<p>https:\/\/www.youtube.com\/watch?v=NwOmMoJed4M<\/p>\n<p>So, g\u0103sim pe cineva s\u0103-mi spun\u0103 mai multe detalii despre aceste <strong>panouri radiante cu infraro\u0219u pentru exterior<\/strong>?<\/p>\n","protected":false},"excerpt":{"rendered":"<p>La bloc nu aveam problema asta, c\u0103 na, acolo ori fumam \u00een cas\u0103, ori ie\u0219eam pe balcon cu capul scos pe geam, iarna. La curte \u00eens\u0103, m-am obi\u0219nuit cu terasa, nu prea ne-am petrecut prea mult timp \u00een cas\u0103 vara asta, am stat pe teras\u0103 at\u00e2t c\u00e2t timpul ne-a permis. Veneam acas\u0103, ne jucam cu&hellip;<\/p>\n","protected":false},"author":3,"featured_media":32661,"comment_status":"open","ping_status":"open","sticky":false,"template":"","format":"standard","meta":{"footnotes":""},"categories":[318],"tags":[7350,7349],"yoast_head":"<!-- This site is optimized with the Yoast SEO plugin v24.5 - https:\/\/yoast.com\/wordpress\/plugins\/seo\/ -->\n<title>Panou radiant cu infraro\u0219u pentru terasa de acas\u0103<\/title>\n<meta name=\"robots\" content=\"index, follow, max-snippet:-1, max-image-preview:large, max-video-preview:-1\" \/>\n<link rel=\"canonical\" href=\"https:\/\/www.criserb.com\/blog\/panou-radiant-cu-infrarosu-pentru-terasa-de-acasa\/\" \/>\n<meta name=\"twitter:label1\" content=\"Written by\" \/>\n\t<meta name=\"twitter:data1\" content=\"criserb\" \/>\n\t<meta name=\"twitter:label2\" content=\"Est. reading time\" \/>\n\t<meta name=\"twitter:data2\" content=\"2 minutes\" \/>\n<script type=\"application\/ld+json\" class=\"yoast-schema-graph\">{\"@context\":\"https:\/\/schema.org\",\"@graph\":[{\"@type\":\"Article\",\"@id\":\"https:\/\/www.criserb.com\/blog\/panou-radiant-cu-infrarosu-pentru-terasa-de-acasa\/#article\",\"isPartOf\":{\"@id\":\"https:\/\/www.criserb.com\/blog\/panou-radiant-cu-infrarosu-pentru-terasa-de-acasa\/\"},\"author\":{\"name\":\"criserb\",\"@id\":\"https:\/\/www.criserb.com\/blog\/#\/schema\/person\/8df5199bda4e628c32a10f318d8602b5\"},\"headline\":\"Panou radiant cu infraro\u0219u pentru terasa de acas\u0103\",\"datePublished\":\"2016-11-03T08:13:43+00:00\",\"mainEntityOfPage\":{\"@id\":\"https:\/\/www.criserb.com\/blog\/panou-radiant-cu-infrarosu-pentru-terasa-de-acasa\/\"},\"wordCount\":390,\"commentCount\":2,\"publisher\":{\"@id\":\"https:\/\/www.criserb.com\/blog\/#\/schema\/person\/8df5199bda4e628c32a10f318d8602b5\"},\"image\":{\"@id\":\"https:\/\/www.criserb.com\/blog\/panou-radiant-cu-infrarosu-pentru-terasa-de-acasa\/#primaryimage\"},\"thumbnailUrl\":\"https:\/\/www.criserb.com\/blog\/poze\/2016\/11\/2_new_thumb_2735.446685879.png\",\"keywords\":[\"\u00cenc\u0103lzitoare teras\u0103\",\"Panouri radiante cu infraro\u0219u\"],\"articleSection\":[\"casa\"],\"inLanguage\":\"en-US\",\"potentialAction\":[{\"@type\":\"CommentAction\",\"name\":\"Comment\",\"target\":[\"https:\/\/www.criserb.com\/blog\/panou-radiant-cu-infrarosu-pentru-terasa-de-acasa\/#respond\"]}]},{\"@type\":\"WebPage\",\"@id\":\"https:\/\/www.criserb.com\/blog\/panou-radiant-cu-infrarosu-pentru-terasa-de-acasa\/\",\"url\":\"https:\/\/www.criserb.com\/blog\/panou-radiant-cu-infrarosu-pentru-terasa-de-acasa\/\",\"name\":\"Panou radiant cu infraro\u0219u pentru terasa de acas\u0103\",\"isPartOf\":{\"@id\":\"https:\/\/www.criserb.com\/blog\/#website\"},\"primaryImageOfPage\":{\"@id\":\"https:\/\/www.criserb.com\/blog\/panou-radiant-cu-infrarosu-pentru-terasa-de-acasa\/#primaryimage\"},\"image\":{\"@id\":\"https:\/\/www.criserb.com\/blog\/panou-radiant-cu-infrarosu-pentru-terasa-de-acasa\/#primaryimage\"},\"thumbnailUrl\":\"https:\/\/www.criserb.com\/blog\/poze\/2016\/11\/2_new_thumb_2735.446685879.png\",\"datePublished\":\"2016-11-03T08:13:43+00:00\",\"breadcrumb\":{\"@id\":\"https:\/\/www.criserb.com\/blog\/panou-radiant-cu-infrarosu-pentru-terasa-de-acasa\/#breadcrumb\"},\"inLanguage\":\"en-US\",\"potentialAction\":[{\"@type\":\"ReadAction\",\"target\":[\"https:\/\/www.criserb.com\/blog\/panou-radiant-cu-infrarosu-pentru-terasa-de-acasa\/\"]}]},{\"@type\":\"ImageObject\",\"inLanguage\":\"en-US\",\"@id\":\"https:\/\/www.criserb.com\/blog\/panou-radiant-cu-infrarosu-pentru-terasa-de-acasa\/#primaryimage\",\"url\":\"https:\/\/www.criserb.com\/blog\/poze\/2016\/11\/2_new_thumb_2735.446685879.png\",\"contentUrl\":\"https:\/\/www.criserb.com\/blog\/poze\/2016\/11\/2_new_thumb_2735.446685879.png\",\"width\":791,\"height\":347},{\"@type\":\"BreadcrumbList\",\"@id\":\"https:\/\/www.criserb.com\/blog\/panou-radiant-cu-infrarosu-pentru-terasa-de-acasa\/#breadcrumb\",\"itemListElement\":[{\"@type\":\"ListItem\",\"position\":1,\"name\":\"Home\",\"item\":\"https:\/\/www.criserb.com\/blog\/\"},{\"@type\":\"ListItem\",\"position\":2,\"name\":\"Panou radiant cu infraro\u0219u pentru terasa de acas\u0103\"}]},{\"@type\":\"WebSite\",\"@id\":\"https:\/\/www.criserb.com\/blog\/#website\",\"url\":\"https:\/\/www.criserb.com\/blog\/\",\"name\":\"criserb.com\",\"description\":\"Nimic ce merita citit :)\",\"publisher\":{\"@id\":\"https:\/\/www.criserb.com\/blog\/#\/schema\/person\/8df5199bda4e628c32a10f318d8602b5\"},\"potentialAction\":[{\"@type\":\"SearchAction\",\"target\":{\"@type\":\"EntryPoint\",\"urlTemplate\":\"https:\/\/www.criserb.com\/blog\/?s={search_term_string}\"},\"query-input\":{\"@type\":\"PropertyValueSpecification\",\"valueRequired\":true,\"valueName\":\"search_term_string\"}}],\"inLanguage\":\"en-US\"},{\"@type\":[\"Person\",\"Organization\"],\"@id\":\"https:\/\/www.criserb.com\/blog\/#\/schema\/person\/8df5199bda4e628c32a10f318d8602b5\",\"name\":\"criserb\",\"image\":{\"@type\":\"ImageObject\",\"inLanguage\":\"en-US\",\"@id\":\"https:\/\/www.criserb.com\/blog\/#\/schema\/person\/image\/\",\"url\":\"http:\/\/0.gravatar.com\/avatar\/fdb6cca710f39545f0c4b5b936c390b4?s=96&d=monsterid&r=pg\",\"contentUrl\":\"http:\/\/0.gravatar.com\/avatar\/fdb6cca710f39545f0c4b5b936c390b4?s=96&d=monsterid&r=pg\",\"caption\":\"criserb\"},\"logo\":{\"@id\":\"https:\/\/www.criserb.com\/blog\/#\/schema\/person\/image\/\"},\"sameAs\":[\"http:\/\/www.criserb.com\"],\"url\":\"https:\/\/www.criserb.com\/blog\/author\/criserb\/\"}]}<\/script>\n<!-- \/ Yoast SEO plugin. -->","yoast_head_json":{"title":"Panou radiant cu infraro\u0219u pentru terasa de acas\u0103","robots":{"index":"index","follow":"follow","max-snippet":"max-snippet:-1","max-image-preview":"max-image-preview:large","max-video-preview":"max-video-preview:-1"},"canonical":"https:\/\/www.criserb.com\/blog\/panou-radiant-cu-infrarosu-pentru-terasa-de-acasa\/","twitter_misc":{"Written by":"criserb","Est. reading time":"2 minutes"},"schema":{"@context":"https:\/\/schema.org","@graph":[{"@type":"Article","@id":"https:\/\/www.criserb.com\/blog\/panou-radiant-cu-infrarosu-pentru-terasa-de-acasa\/#article","isPartOf":{"@id":"https:\/\/www.criserb.com\/blog\/panou-radiant-cu-infrarosu-pentru-terasa-de-acasa\/"},"author":{"name":"criserb","@id":"https:\/\/www.criserb.com\/blog\/#\/schema\/person\/8df5199bda4e628c32a10f318d8602b5"},"headline":"Panou radiant cu infraro\u0219u pentru terasa de acas\u0103","datePublished":"2016-11-03T08:13:43+00:00","mainEntityOfPage":{"@id":"https:\/\/www.criserb.com\/blog\/panou-radiant-cu-infrarosu-pentru-terasa-de-acasa\/"},"wordCount":390,"commentCount":2,"publisher":{"@id":"https:\/\/www.criserb.com\/blog\/#\/schema\/person\/8df5199bda4e628c32a10f318d8602b5"},"image":{"@id":"https:\/\/www.criserb.com\/blog\/panou-radiant-cu-infrarosu-pentru-terasa-de-acasa\/#primaryimage"},"thumbnailUrl":"https:\/\/www.criserb.com\/blog\/poze\/2016\/11\/2_new_thumb_2735.446685879.png","keywords":["\u00cenc\u0103lzitoare teras\u0103","Panouri radiante cu infraro\u0219u"],"articleSection":["casa"],"inLanguage":"en-US","potentialAction":[{"@type":"CommentAction","name":"Comment","target":["https:\/\/www.criserb.com\/blog\/panou-radiant-cu-infrarosu-pentru-terasa-de-acasa\/#respond"]}]},{"@type":"WebPage","@id":"https:\/\/www.criserb.com\/blog\/panou-radiant-cu-infrarosu-pentru-terasa-de-acasa\/","url":"https:\/\/www.criserb.com\/blog\/panou-radiant-cu-infrarosu-pentru-terasa-de-acasa\/","name":"Panou radiant cu infraro\u0219u pentru terasa de acas\u0103","isPartOf":{"@id":"https:\/\/www.criserb.com\/blog\/#website"},"primaryImageOfPage":{"@id":"https:\/\/www.criserb.com\/blog\/panou-radiant-cu-infrarosu-pentru-terasa-de-acasa\/#primaryimage"},"image":{"@id":"https:\/\/www.criserb.com\/blog\/panou-radiant-cu-infrarosu-pentru-terasa-de-acasa\/#primaryimage"},"thumbnailUrl":"https:\/\/www.criserb.com\/blog\/poze\/2016\/11\/2_new_thumb_2735.446685879.png","datePublished":"2016-11-03T08:13:43+00:00","breadcrumb":{"@id":"https:\/\/www.criserb.com\/blog\/panou-radiant-cu-infrarosu-pentru-terasa-de-acasa\/#breadcrumb"},"inLanguage":"en-US","potentialAction":[{"@type":"ReadAction","target":["https:\/\/www.criserb.com\/blog\/panou-radiant-cu-infrarosu-pentru-terasa-de-acasa\/"]}]},{"@type":"ImageObject","inLanguage":"en-US","@id":"https:\/\/www.criserb.com\/blog\/panou-radiant-cu-infrarosu-pentru-terasa-de-acasa\/#primaryimage","url":"https:\/\/www.criserb.com\/blog\/poze\/2016\/11\/2_new_thumb_2735.446685879.png","contentUrl":"https:\/\/www.criserb.com\/blog\/poze\/2016\/11\/2_new_thumb_2735.446685879.png","width":791,"height":347},{"@type":"BreadcrumbList","@id":"https:\/\/www.criserb.com\/blog\/panou-radiant-cu-infrarosu-pentru-terasa-de-acasa\/#breadcrumb","itemListElement":[{"@type":"ListItem","position":1,"name":"Home","item":"https:\/\/www.criserb.com\/blog\/"},{"@type":"ListItem","position":2,"name":"Panou radiant cu infraro\u0219u pentru terasa de acas\u0103"}]},{"@type":"WebSite","@id":"https:\/\/www.criserb.com\/blog\/#website","url":"https:\/\/www.criserb.com\/blog\/","name":"criserb.com","description":"Nimic ce merita citit :)","publisher":{"@id":"https:\/\/www.criserb.com\/blog\/#\/schema\/person\/8df5199bda4e628c32a10f318d8602b5"},"potentialAction":[{"@type":"SearchAction","target":{"@type":"EntryPoint","urlTemplate":"https:\/\/www.criserb.com\/blog\/?s={search_term_string}"},"query-input":{"@type":"PropertyValueSpecification","valueRequired":true,"valueName":"search_term_string"}}],"inLanguage":"en-US"},{"@type":["Person","Organization"],"@id":"https:\/\/www.criserb.com\/blog\/#\/schema\/person\/8df5199bda4e628c32a10f318d8602b5","name":"criserb","image":{"@type":"ImageObject","inLanguage":"en-US","@id":"https:\/\/www.criserb.com\/blog\/#\/schema\/person\/image\/","url":"http:\/\/0.gravatar.com\/avatar\/fdb6cca710f39545f0c4b5b936c390b4?s=96&d=monsterid&r=pg","contentUrl":"http:\/\/0.gravatar.com\/avatar\/fdb6cca710f39545f0c4b5b936c390b4?s=96&d=monsterid&r=pg","caption":"criserb"},"logo":{"@id":"https:\/\/www.criserb.com\/blog\/#\/schema\/person\/image\/"},"sameAs":["http:\/\/www.criserb.com"],"url":"https:\/\/www.criserb.com\/blog\/author\/criserb\/"}]}},"_links":{"self":[{"href":"https:\/\/www.criserb.com\/blog\/wp-json\/wp\/v2\/posts\/32660"}],"collection":[{"href":"https:\/\/www.criserb.com\/blog\/wp-json\/wp\/v2\/posts"}],"about":[{"href":"https:\/\/www.criserb.com\/blog\/wp-json\/wp\/v2\/types\/post"}],"author":[{"embeddable":true,"href":"https:\/\/www.criserb.com\/blog\/wp-json\/wp\/v2\/users\/3"}],"replies":[{"embeddable":true,"href":"https:\/\/www.criserb.com\/blog\/wp-json\/wp\/v2\/comments?post=32660"}],"version-history":[{"count":0,"href":"https:\/\/www.criserb.com\/blog\/wp-json\/wp\/v2\/posts\/32660\/revisions"}],"wp:featuredmedia":[{"embeddable":true,"href":"https:\/\/www.criserb.com\/blog\/wp-json\/wp\/v2\/media\/32661"}],"wp:attachment":[{"href":"https:\/\/www.criserb.com\/blog\/wp-json\/wp\/v2\/media?parent=32660"}],"wp:term":[{"taxonomy":"category","embeddable":true,"href":"https:\/\/www.criserb.com\/blog\/wp-json\/wp\/v2\/categories?post=32660"},{"taxonomy":"post_tag","embeddable":true,"href":"https:\/\/www.criserb.com\/blog\/wp-json\/wp\/v2\/tags?post=32660"}],"curies":[{"name":"wp","href":"https:\/\/api.w.org\/{rel}","templated":true}]}}