{"id":32664,"date":"2016-11-10T14:36:57","date_gmt":"2016-11-10T12:36:57","guid":{"rendered":"https:\/\/www.criserb.com\/blog\/?p=32664"},"modified":"2016-11-10T14:36:57","modified_gmt":"2016-11-10T12:36:57","slug":"vaillant-face-un-pas-mare-spre-viitor-cu-centralele-termice-green-iq-p","status":"publish","type":"post","link":"https:\/\/www.criserb.com\/blog\/vaillant-face-un-pas-mare-spre-viitor-cu-centralele-termice-green-iq-p\/","title":{"rendered":"Vaillant face un pas mare spre viitor cu centralele termice Green IQ [p]"},"content":{"rendered":"<p>Cei de la Vaillant au lansat pe pia\u021ba o serie nou\u0103 de centrale, adaptate ultimelor cerin\u021be ale vremii. Sunt Smart (cine nu \u00ee\u0219i dore\u0219te lucruri smart?) \u0219i Green (aici noi \u00eenc\u0103 suntem la \u00eenceput de drum).<\/p>\n<p>Eu \u00eens\u0103, dup\u0103 cum m\u0103 \u0219ti\u021bi, apreciez stilul de via\u021b\u0103 eco, de aceea mi-am \u0219i f\u0103cut casa de lemn, c\u00e2nd puteam la fel de bine s\u0103 o fac din c\u0103r\u0103mid\u0103 sau alte materiale clasice de construc\u021bii.<\/p>\n<figure><a href=\"https:\/\/www.criserb.com\/blog\/poze\/2016\/11\/Green-IQ2.jpg\"><img loading=\"lazy\" decoding=\"async\" class=\"aligncenter size-large wp-image-32665\" src=\"https:\/\/www.criserb.com\/blog\/poze\/2016\/11\/Green-IQ2-1200x896.jpg\" alt=\"green-iq2\" width=\"1200\" height=\"896\" srcset=\"https:\/\/www.criserb.com\/blog\/poze\/2016\/11\/Green-IQ2-1200x896.jpg 1200w, https:\/\/www.criserb.com\/blog\/poze\/2016\/11\/Green-IQ2-300x224.jpg 300w, https:\/\/www.criserb.com\/blog\/poze\/2016\/11\/Green-IQ2-768x574.jpg 768w, https:\/\/www.criserb.com\/blog\/poze\/2016\/11\/Green-IQ2.jpg 1280w\" sizes=\"(max-width: 1200px) 100vw, 1200px\" \/><\/a><\/figure>\n<p>O mare parte din central\u0103 con\u021bine materiale reciclabile, cca 85%, iar eficien\u021ba energetic\u0103 a crescut cu 8% f\u0103\u021b\u0103 de orice produs anterior al brandului. Cu o clas\u0103 A de eficien\u021b\u0103 energetic\u0103 pentru \u00eenc\u0103lzire \u0219i pentru apa cald\u0103 menajer\u0103, centrala consum\u0103 \u00een modul stand by doar 2W.<\/p>\n<p>Noua gam\u0103 de centrale Vallant Green IQ sunt conepute s\u0103 simplifice via\u021ba cu ajutorul tehnologiei, s\u0103 ofere confort \u0219i s\u0103 sus\u021bin\u0103 un mediu c\u00e2t mai curat.<\/p>\n<p>Cele mai noi tehnologii sunt integrate direct \u00een central\u0103, inclusiv sistemul WiFi prin care se poate controla centrala de pe telefon, de acas\u0103 sau din orice col\u021b al lumii, plus \u00ee\u021bi ofer\u0103 \u0219i o afi\u0219are inteligent\u0103 a consumului energetic pe display.<\/p>\n<figure><a href=\"https:\/\/www.criserb.com\/blog\/poze\/2016\/11\/Green-IQ3.jpg\"><img loading=\"lazy\" decoding=\"async\" class=\"aligncenter size-large wp-image-32666\" src=\"https:\/\/www.criserb.com\/blog\/poze\/2016\/11\/Green-IQ3-1200x795.jpg\" alt=\"green-iq3\" width=\"1200\" height=\"795\" srcset=\"https:\/\/www.criserb.com\/blog\/poze\/2016\/11\/Green-IQ3-1200x795.jpg 1200w, https:\/\/www.criserb.com\/blog\/poze\/2016\/11\/Green-IQ3-300x199.jpg 300w, https:\/\/www.criserb.com\/blog\/poze\/2016\/11\/Green-IQ3-768x509.jpg 768w, https:\/\/www.criserb.com\/blog\/poze\/2016\/11\/Green-IQ3.jpg 1280w\" sizes=\"(max-width: 1200px) 100vw, 1200px\" \/><\/a><\/figure>\n<p>Cu ajutorul unei aplica\u021bii instalate pe telefon se poate controla temperatura de acas\u0103 \u00een func\u021bie de nevoile fiec\u0103ruia \u0219i se pot monitoriza de la distan\u021b\u0103 parametrii \u00een care func\u021bioneaz\u0103 centrala.<\/p>\n<p>Acest lucru v\u0103 ajut\u0103 \u0219i \u00een \u00eentre\u021binerea ei, practic dac\u0103 ave\u021bi o problem\u0103 cu centrala, tehnicienii v\u0103 pot seta parametrii de func\u021bionare de la distan\u021b\u0103, f\u0103r\u0103 s\u0103 mai fie nevoie s\u0103 se deplaseze p\u00e2n\u0103 la voi acas\u0103 lucru ce mic\u0219oreaz\u0103 maxim timpul de interve\u021bie. \u00cemi aduc aminte c\u00e2nd am avut eu probleme cu centrala iarna trecut\u0103, erau ni\u0219te parametrii seta\u021bi aiurea \u0219i am a\u0219teptat c\u00e2teva zile s\u0103 vin\u0103 cineva de la un service, eh, cu ajutorul acestei func\u021bii se putea solu\u021biona mult mai rapid \u0219i m\u0103 sim\u021beam \u0219i eu mult mai bine.<\/p>\n<p>Designul minimalist, forma compact\u0103 \u0219i componentele deja integrate fac centrala u\u0219or de montat \u00een orice loc, nu mai este nevoie s\u0103 o ascunde\u021bi pe undeva, acum poate s\u0103 stea \u0219i la vedere.<\/p>\n<figure><a href=\"https:\/\/www.criserb.com\/blog\/poze\/2016\/11\/Green-IQ1.jpg\"><img loading=\"lazy\" decoding=\"async\" class=\"aligncenter size-large wp-image-32667\" src=\"https:\/\/www.criserb.com\/blog\/poze\/2016\/11\/Green-IQ1-1200x797.jpg\" alt=\"green-iq1\" width=\"1200\" height=\"797\" srcset=\"https:\/\/www.criserb.com\/blog\/poze\/2016\/11\/Green-IQ1-1200x797.jpg 1200w, https:\/\/www.criserb.com\/blog\/poze\/2016\/11\/Green-IQ1-300x199.jpg 300w, https:\/\/www.criserb.com\/blog\/poze\/2016\/11\/Green-IQ1-768x510.jpg 768w, https:\/\/www.criserb.com\/blog\/poze\/2016\/11\/Green-IQ1.jpg 1280w\" sizes=\"(max-width: 1200px) 100vw, 1200px\" \/><\/a><\/figure>\n<p>Centrala este produs\u0103 \u00een Germania \u0219i Anglia ceea ce ne ofer\u0103 din start mai mult\u0103 \u00eencrede, fa\u021b\u0103 de tot ceea ce se produce \u00een China. Vorbim de alte standarde.<\/p>\n<p>Mai multe detalii despre centralele Green iQ gasi\u021bi <a href=\"https:\/\/www.vaillant.com.ro\/green-iq\/index.ro_ro.html\" target=\"_blank\">aici<\/a>.<\/p>\n<p>De asemenea cei de la Vaillant au un concurs pe site, la care pute\u021bi c\u00e2\u0219tiga o central\u0103 din gama prezentat\u0103 de mine mai sus. \u00cencerca\u021bi <a href=\"https:\/\/www.vaillant.com.ro\/green-iq\/formular-contact\/index.ro_ro.html\" target=\"_blank\">aici<\/a> \u0219i dac\u0103 ave\u021bi noroc s\u0103-mi spune\u021bi \u0219i mie cum v\u0103 sim\u021bi\u021bi cu o central\u0103 smart \u00een cas\u0103.<\/p>\n","protected":false},"excerpt":{"rendered":"<p>Cei de la Vaillant au lansat pe pia\u021ba o serie nou\u0103 de centrale, adaptate ultimelor cerin\u021be ale vremii. Sunt Smart (cine nu \u00ee\u0219i dore\u0219te lucruri smart?) \u0219i Green (aici noi \u00eenc\u0103 suntem la \u00eenceput de drum). Eu \u00eens\u0103, dup\u0103 cum m\u0103 \u0219ti\u021bi, apreciez stilul de via\u021b\u0103 eco, de aceea mi-am \u0219i f\u0103cut casa de lemn,&hellip;<\/p>\n","protected":false},"author":3,"featured_media":32667,"comment_status":"open","ping_status":"open","sticky":false,"template":"","format":"standard","meta":{"footnotes":""},"categories":[5],"tags":[7354,7353,7352],"yoast_head":"<!-- This site is optimized with the Yoast SEO plugin v24.5 - https:\/\/yoast.com\/wordpress\/plugins\/seo\/ -->\n<title>Vaillant face un pas mare spre viitor cu centralele termice Green IQ [p]<\/title>\n<meta name=\"robots\" content=\"index, follow, max-snippet:-1, max-image-preview:large, max-video-preview:-1\" \/>\n<link rel=\"canonical\" href=\"https:\/\/www.criserb.com\/blog\/vaillant-face-un-pas-mare-spre-viitor-cu-centralele-termice-green-iq-p\/\" \/>\n<meta name=\"twitter:label1\" content=\"Written by\" \/>\n\t<meta name=\"twitter:data1\" content=\"criserb\" \/>\n\t<meta name=\"twitter:label2\" content=\"Est. reading time\" \/>\n\t<meta name=\"twitter:data2\" content=\"2 minutes\" \/>\n<script type=\"application\/ld+json\" class=\"yoast-schema-graph\">{\"@context\":\"https:\/\/schema.org\",\"@graph\":[{\"@type\":\"Article\",\"@id\":\"https:\/\/www.criserb.com\/blog\/vaillant-face-un-pas-mare-spre-viitor-cu-centralele-termice-green-iq-p\/#article\",\"isPartOf\":{\"@id\":\"https:\/\/www.criserb.com\/blog\/vaillant-face-un-pas-mare-spre-viitor-cu-centralele-termice-green-iq-p\/\"},\"author\":{\"name\":\"criserb\",\"@id\":\"https:\/\/www.criserb.com\/blog\/#\/schema\/person\/8df5199bda4e628c32a10f318d8602b5\"},\"headline\":\"Vaillant face un pas mare spre viitor cu centralele termice Green IQ [p]\",\"datePublished\":\"2016-11-10T12:36:57+00:00\",\"mainEntityOfPage\":{\"@id\":\"https:\/\/www.criserb.com\/blog\/vaillant-face-un-pas-mare-spre-viitor-cu-centralele-termice-green-iq-p\/\"},\"wordCount\":477,\"commentCount\":0,\"publisher\":{\"@id\":\"https:\/\/www.criserb.com\/blog\/#\/schema\/person\/8df5199bda4e628c32a10f318d8602b5\"},\"image\":{\"@id\":\"https:\/\/www.criserb.com\/blog\/vaillant-face-un-pas-mare-spre-viitor-cu-centralele-termice-green-iq-p\/#primaryimage\"},\"thumbnailUrl\":\"https:\/\/www.criserb.com\/blog\/poze\/2016\/11\/Green-IQ1.jpg\",\"keywords\":[\"Centrale\",\"Green IQ\",\"Vaillant\"],\"articleSection\":[\"Publicitate\"],\"inLanguage\":\"en-US\",\"potentialAction\":[{\"@type\":\"CommentAction\",\"name\":\"Comment\",\"target\":[\"https:\/\/www.criserb.com\/blog\/vaillant-face-un-pas-mare-spre-viitor-cu-centralele-termice-green-iq-p\/#respond\"]}]},{\"@type\":\"WebPage\",\"@id\":\"https:\/\/www.criserb.com\/blog\/vaillant-face-un-pas-mare-spre-viitor-cu-centralele-termice-green-iq-p\/\",\"url\":\"https:\/\/www.criserb.com\/blog\/vaillant-face-un-pas-mare-spre-viitor-cu-centralele-termice-green-iq-p\/\",\"name\":\"Vaillant face un pas mare spre viitor cu centralele termice Green IQ [p]\",\"isPartOf\":{\"@id\":\"https:\/\/www.criserb.com\/blog\/#website\"},\"primaryImageOfPage\":{\"@id\":\"https:\/\/www.criserb.com\/blog\/vaillant-face-un-pas-mare-spre-viitor-cu-centralele-termice-green-iq-p\/#primaryimage\"},\"image\":{\"@id\":\"https:\/\/www.criserb.com\/blog\/vaillant-face-un-pas-mare-spre-viitor-cu-centralele-termice-green-iq-p\/#primaryimage\"},\"thumbnailUrl\":\"https:\/\/www.criserb.com\/blog\/poze\/2016\/11\/Green-IQ1.jpg\",\"datePublished\":\"2016-11-10T12:36:57+00:00\",\"breadcrumb\":{\"@id\":\"https:\/\/www.criserb.com\/blog\/vaillant-face-un-pas-mare-spre-viitor-cu-centralele-termice-green-iq-p\/#breadcrumb\"},\"inLanguage\":\"en-US\",\"potentialAction\":[{\"@type\":\"ReadAction\",\"target\":[\"https:\/\/www.criserb.com\/blog\/vaillant-face-un-pas-mare-spre-viitor-cu-centralele-termice-green-iq-p\/\"]}]},{\"@type\":\"ImageObject\",\"inLanguage\":\"en-US\",\"@id\":\"https:\/\/www.criserb.com\/blog\/vaillant-face-un-pas-mare-spre-viitor-cu-centralele-termice-green-iq-p\/#primaryimage\",\"url\":\"https:\/\/www.criserb.com\/blog\/poze\/2016\/11\/Green-IQ1.jpg\",\"contentUrl\":\"https:\/\/www.criserb.com\/blog\/poze\/2016\/11\/Green-IQ1.jpg\",\"width\":1280,\"height\":850},{\"@type\":\"BreadcrumbList\",\"@id\":\"https:\/\/www.criserb.com\/blog\/vaillant-face-un-pas-mare-spre-viitor-cu-centralele-termice-green-iq-p\/#breadcrumb\",\"itemListElement\":[{\"@type\":\"ListItem\",\"position\":1,\"name\":\"Home\",\"item\":\"https:\/\/www.criserb.com\/blog\/\"},{\"@type\":\"ListItem\",\"position\":2,\"name\":\"Vaillant face un pas mare spre viitor cu centralele termice Green IQ [p]\"}]},{\"@type\":\"WebSite\",\"@id\":\"https:\/\/www.criserb.com\/blog\/#website\",\"url\":\"https:\/\/www.criserb.com\/blog\/\",\"name\":\"criserb.com\",\"description\":\"Nimic ce merita citit :)\",\"publisher\":{\"@id\":\"https:\/\/www.criserb.com\/blog\/#\/schema\/person\/8df5199bda4e628c32a10f318d8602b5\"},\"potentialAction\":[{\"@type\":\"SearchAction\",\"target\":{\"@type\":\"EntryPoint\",\"urlTemplate\":\"https:\/\/www.criserb.com\/blog\/?s={search_term_string}\"},\"query-input\":{\"@type\":\"PropertyValueSpecification\",\"valueRequired\":true,\"valueName\":\"search_term_string\"}}],\"inLanguage\":\"en-US\"},{\"@type\":[\"Person\",\"Organization\"],\"@id\":\"https:\/\/www.criserb.com\/blog\/#\/schema\/person\/8df5199bda4e628c32a10f318d8602b5\",\"name\":\"criserb\",\"image\":{\"@type\":\"ImageObject\",\"inLanguage\":\"en-US\",\"@id\":\"https:\/\/www.criserb.com\/blog\/#\/schema\/person\/image\/\",\"url\":\"http:\/\/0.gravatar.com\/avatar\/fdb6cca710f39545f0c4b5b936c390b4?s=96&d=monsterid&r=pg\",\"contentUrl\":\"http:\/\/0.gravatar.com\/avatar\/fdb6cca710f39545f0c4b5b936c390b4?s=96&d=monsterid&r=pg\",\"caption\":\"criserb\"},\"logo\":{\"@id\":\"https:\/\/www.criserb.com\/blog\/#\/schema\/person\/image\/\"},\"sameAs\":[\"http:\/\/www.criserb.com\"],\"url\":\"https:\/\/www.criserb.com\/blog\/author\/criserb\/\"}]}<\/script>\n<!-- \/ Yoast SEO plugin. -->","yoast_head_json":{"title":"Vaillant face un pas mare spre viitor cu centralele termice Green IQ [p]","robots":{"index":"index","follow":"follow","max-snippet":"max-snippet:-1","max-image-preview":"max-image-preview:large","max-video-preview":"max-video-preview:-1"},"canonical":"https:\/\/www.criserb.com\/blog\/vaillant-face-un-pas-mare-spre-viitor-cu-centralele-termice-green-iq-p\/","twitter_misc":{"Written by":"criserb","Est. reading time":"2 minutes"},"schema":{"@context":"https:\/\/schema.org","@graph":[{"@type":"Article","@id":"https:\/\/www.criserb.com\/blog\/vaillant-face-un-pas-mare-spre-viitor-cu-centralele-termice-green-iq-p\/#article","isPartOf":{"@id":"https:\/\/www.criserb.com\/blog\/vaillant-face-un-pas-mare-spre-viitor-cu-centralele-termice-green-iq-p\/"},"author":{"name":"criserb","@id":"https:\/\/www.criserb.com\/blog\/#\/schema\/person\/8df5199bda4e628c32a10f318d8602b5"},"headline":"Vaillant face un pas mare spre viitor cu centralele termice Green IQ [p]","datePublished":"2016-11-10T12:36:57+00:00","mainEntityOfPage":{"@id":"https:\/\/www.criserb.com\/blog\/vaillant-face-un-pas-mare-spre-viitor-cu-centralele-termice-green-iq-p\/"},"wordCount":477,"commentCount":0,"publisher":{"@id":"https:\/\/www.criserb.com\/blog\/#\/schema\/person\/8df5199bda4e628c32a10f318d8602b5"},"image":{"@id":"https:\/\/www.criserb.com\/blog\/vaillant-face-un-pas-mare-spre-viitor-cu-centralele-termice-green-iq-p\/#primaryimage"},"thumbnailUrl":"https:\/\/www.criserb.com\/blog\/poze\/2016\/11\/Green-IQ1.jpg","keywords":["Centrale","Green IQ","Vaillant"],"articleSection":["Publicitate"],"inLanguage":"en-US","potentialAction":[{"@type":"CommentAction","name":"Comment","target":["https:\/\/www.criserb.com\/blog\/vaillant-face-un-pas-mare-spre-viitor-cu-centralele-termice-green-iq-p\/#respond"]}]},{"@type":"WebPage","@id":"https:\/\/www.criserb.com\/blog\/vaillant-face-un-pas-mare-spre-viitor-cu-centralele-termice-green-iq-p\/","url":"https:\/\/www.criserb.com\/blog\/vaillant-face-un-pas-mare-spre-viitor-cu-centralele-termice-green-iq-p\/","name":"Vaillant face un pas mare spre viitor cu centralele termice Green IQ [p]","isPartOf":{"@id":"https:\/\/www.criserb.com\/blog\/#website"},"primaryImageOfPage":{"@id":"https:\/\/www.criserb.com\/blog\/vaillant-face-un-pas-mare-spre-viitor-cu-centralele-termice-green-iq-p\/#primaryimage"},"image":{"@id":"https:\/\/www.criserb.com\/blog\/vaillant-face-un-pas-mare-spre-viitor-cu-centralele-termice-green-iq-p\/#primaryimage"},"thumbnailUrl":"https:\/\/www.criserb.com\/blog\/poze\/2016\/11\/Green-IQ1.jpg","datePublished":"2016-11-10T12:36:57+00:00","breadcrumb":{"@id":"https:\/\/www.criserb.com\/blog\/vaillant-face-un-pas-mare-spre-viitor-cu-centralele-termice-green-iq-p\/#breadcrumb"},"inLanguage":"en-US","potentialAction":[{"@type":"ReadAction","target":["https:\/\/www.criserb.com\/blog\/vaillant-face-un-pas-mare-spre-viitor-cu-centralele-termice-green-iq-p\/"]}]},{"@type":"ImageObject","inLanguage":"en-US","@id":"https:\/\/www.criserb.com\/blog\/vaillant-face-un-pas-mare-spre-viitor-cu-centralele-termice-green-iq-p\/#primaryimage","url":"https:\/\/www.criserb.com\/blog\/poze\/2016\/11\/Green-IQ1.jpg","contentUrl":"https:\/\/www.criserb.com\/blog\/poze\/2016\/11\/Green-IQ1.jpg","width":1280,"height":850},{"@type":"BreadcrumbList","@id":"https:\/\/www.criserb.com\/blog\/vaillant-face-un-pas-mare-spre-viitor-cu-centralele-termice-green-iq-p\/#breadcrumb","itemListElement":[{"@type":"ListItem","position":1,"name":"Home","item":"https:\/\/www.criserb.com\/blog\/"},{"@type":"ListItem","position":2,"name":"Vaillant face un pas mare spre viitor cu centralele termice Green IQ [p]"}]},{"@type":"WebSite","@id":"https:\/\/www.criserb.com\/blog\/#website","url":"https:\/\/www.criserb.com\/blog\/","name":"criserb.com","description":"Nimic ce merita citit :)","publisher":{"@id":"https:\/\/www.criserb.com\/blog\/#\/schema\/person\/8df5199bda4e628c32a10f318d8602b5"},"potentialAction":[{"@type":"SearchAction","target":{"@type":"EntryPoint","urlTemplate":"https:\/\/www.criserb.com\/blog\/?s={search_term_string}"},"query-input":{"@type":"PropertyValueSpecification","valueRequired":true,"valueName":"search_term_string"}}],"inLanguage":"en-US"},{"@type":["Person","Organization"],"@id":"https:\/\/www.criserb.com\/blog\/#\/schema\/person\/8df5199bda4e628c32a10f318d8602b5","name":"criserb","image":{"@type":"ImageObject","inLanguage":"en-US","@id":"https:\/\/www.criserb.com\/blog\/#\/schema\/person\/image\/","url":"http:\/\/0.gravatar.com\/avatar\/fdb6cca710f39545f0c4b5b936c390b4?s=96&d=monsterid&r=pg","contentUrl":"http:\/\/0.gravatar.com\/avatar\/fdb6cca710f39545f0c4b5b936c390b4?s=96&d=monsterid&r=pg","caption":"criserb"},"logo":{"@id":"https:\/\/www.criserb.com\/blog\/#\/schema\/person\/image\/"},"sameAs":["http:\/\/www.criserb.com"],"url":"https:\/\/www.criserb.com\/blog\/author\/criserb\/"}]}},"_links":{"self":[{"href":"https:\/\/www.criserb.com\/blog\/wp-json\/wp\/v2\/posts\/32664"}],"collection":[{"href":"https:\/\/www.criserb.com\/blog\/wp-json\/wp\/v2\/posts"}],"about":[{"href":"https:\/\/www.criserb.com\/blog\/wp-json\/wp\/v2\/types\/post"}],"author":[{"embeddable":true,"href":"https:\/\/www.criserb.com\/blog\/wp-json\/wp\/v2\/users\/3"}],"replies":[{"embeddable":true,"href":"https:\/\/www.criserb.com\/blog\/wp-json\/wp\/v2\/comments?post=32664"}],"version-history":[{"count":0,"href":"https:\/\/www.criserb.com\/blog\/wp-json\/wp\/v2\/posts\/32664\/revisions"}],"wp:featuredmedia":[{"embeddable":true,"href":"https:\/\/www.criserb.com\/blog\/wp-json\/wp\/v2\/media\/32667"}],"wp:attachment":[{"href":"https:\/\/www.criserb.com\/blog\/wp-json\/wp\/v2\/media?parent=32664"}],"wp:term":[{"taxonomy":"category","embeddable":true,"href":"https:\/\/www.criserb.com\/blog\/wp-json\/wp\/v2\/categories?post=32664"},{"taxonomy":"post_tag","embeddable":true,"href":"https:\/\/www.criserb.com\/blog\/wp-json\/wp\/v2\/tags?post=32664"}],"curies":[{"name":"wp","href":"https:\/\/api.w.org\/{rel}","templated":true}]}}