{"id":32839,"date":"2017-02-21T07:16:01","date_gmt":"2017-02-21T05:16:01","guid":{"rendered":"https:\/\/www.criserb.com\/blog\/?p=32839"},"modified":"2017-02-21T07:18:21","modified_gmt":"2017-02-21T05:18:21","slug":"pentru-greenfield-se-baga-primaria-dar-pentru-domnesti-nu","status":"publish","type":"post","link":"https:\/\/www.criserb.com\/blog\/pentru-greenfield-se-baga-primaria-dar-pentru-domnesti-nu\/","title":{"rendered":"Pentru Greenfield se bag\u0103 prim\u0103ria, dar pentru Domne\u0219ti nu?"},"content":{"rendered":"<p>Poate n-a\u021bi auzit, cei din nordul Bucure\u0219tiului <a href=\"http:\/\/www.digi24.ro\/stiri\/actualitate\/social\/cartier-rezidential-cu-un-un-singur-drum-de-acces-673415\" target=\"_blank\">nu mai pot s\u0103 ias\u0103 din cartierul lor reziden\u021bial<\/a>, Greenfield, dec\u00e2t pe un singur drum dup\u0103 ce dezvoltatorul a pierdut un proces cu statul cu privire la un drum forestier pe care locuitorii \u00eel foloseau p\u00e2n\u0103 acum. De 10 ani.<\/p>\n<p>Adic\u0103 drumul este al statului \u0219i locuitorii cartierului l-au folosit pentru a ajunge \u00een ora\u0219.<\/p>\n<p>Acum \u00eens\u0103, \u00een urma procesului pierdut, se pare c\u0103 nu mai pot s\u0103-l foloseasc\u0103 \u0219i tre&#8217; s\u0103 mearg\u0103 pe un singur drum spre ora\u0219. Chestia asta le \u00eengreuneaz\u0103 accesul \u0219i \u00eei fac pe oameni s\u0103 piard\u0103 vreo 40 de minute \u00een plus, zilnic.<\/p>\n<p>Bun. Cic\u0103 \u00een urma &#8220;scandalului&#8221; se bag\u0103 prim\u0103ria pentru a rezolva problema.<\/p>\n<blockquote><p>Peste dou\u0103 zile, Prim\u0103ria Capitalei a convocat o \u015fedin\u0163\u0103 la care a invitat toate p\u0103r\u0163ile implicate c\u0103 s\u0103 g\u0103seasc\u0103 o solu\u0163ie.<\/p><\/blockquote>\n<p>Toate bune \u0219i frumoase.<br \/>\n<strong><br \/>\n\u00centrebarea mea este de ce nu se bag\u0103 prim\u0103ria s\u0103 rezolve \u0219i problema celor din Domne\u0219ti<\/strong>, care stau la fel de mult timp s\u0103 ias\u0103 din zona? Adic\u0103 acolo exist\u0103 \u0219i proiecte, proiecte f\u0103cute de prim\u0103rie, \u0219i nu se \u00eent\u00e2mpl\u0103 nimic de zeci de ani, doar promisiuni.<\/p>\n<p>Eh, \u0219i totu\u0219i prim\u0103ria se bag\u0103 \u00eentr-o problem\u0103 \u00een care nu prea are nicio treab\u0103, \u00een\u021beleg c\u0103 un dezvoltator le-a promis unor oameni c\u0103 o s\u0103 le fac\u0103 un drum, prin alt loc, pe unde are teren, dar acum cic\u0103 nu mai are bani.<\/p>\n<p>So, cum st\u0103 treaba, unde sunt drepturile egale pentru to\u021bi cet\u0103\u021benii?<\/p>\n","protected":false},"excerpt":{"rendered":"<p>Poate n-a\u021bi auzit, cei din nordul Bucure\u0219tiului nu mai pot s\u0103 ias\u0103 din cartierul lor reziden\u021bial, Greenfield, dec\u00e2t pe un singur drum dup\u0103 ce dezvoltatorul a pierdut un proces cu statul cu privire la un drum forestier pe care locuitorii \u00eel foloseau p\u00e2n\u0103 acum. De 10 ani. Adic\u0103 drumul este al statului \u0219i locuitorii cartierului&hellip;<\/p>\n","protected":false},"author":3,"featured_media":32840,"comment_status":"open","ping_status":"open","sticky":false,"template":"","format":"standard","meta":{"footnotes":""},"categories":[45],"tags":[7396,7136,7395],"yoast_head":"<!-- This site is optimized with the Yoast SEO plugin v24.5 - https:\/\/yoast.com\/wordpress\/plugins\/seo\/ -->\n<title>Pentru Greenfield se bag\u0103 prim\u0103ria, dar pentru Domne\u0219ti nu?<\/title>\n<meta name=\"robots\" content=\"index, follow, max-snippet:-1, max-image-preview:large, max-video-preview:-1\" \/>\n<link rel=\"canonical\" href=\"https:\/\/www.criserb.com\/blog\/pentru-greenfield-se-baga-primaria-dar-pentru-domnesti-nu\/\" \/>\n<meta name=\"twitter:label1\" content=\"Written by\" \/>\n\t<meta name=\"twitter:data1\" content=\"criserb\" \/>\n\t<meta name=\"twitter:label2\" content=\"Est. reading time\" \/>\n\t<meta name=\"twitter:data2\" content=\"1 minute\" \/>\n<script type=\"application\/ld+json\" class=\"yoast-schema-graph\">{\"@context\":\"https:\/\/schema.org\",\"@graph\":[{\"@type\":\"Article\",\"@id\":\"https:\/\/www.criserb.com\/blog\/pentru-greenfield-se-baga-primaria-dar-pentru-domnesti-nu\/#article\",\"isPartOf\":{\"@id\":\"https:\/\/www.criserb.com\/blog\/pentru-greenfield-se-baga-primaria-dar-pentru-domnesti-nu\/\"},\"author\":{\"name\":\"criserb\",\"@id\":\"https:\/\/www.criserb.com\/blog\/#\/schema\/person\/8df5199bda4e628c32a10f318d8602b5\"},\"headline\":\"Pentru Greenfield se bag\u0103 prim\u0103ria, dar pentru Domne\u0219ti nu?\",\"datePublished\":\"2017-02-21T05:16:01+00:00\",\"dateModified\":\"2017-02-21T05:18:21+00:00\",\"mainEntityOfPage\":{\"@id\":\"https:\/\/www.criserb.com\/blog\/pentru-greenfield-se-baga-primaria-dar-pentru-domnesti-nu\/\"},\"wordCount\":275,\"commentCount\":12,\"publisher\":{\"@id\":\"https:\/\/www.criserb.com\/blog\/#\/schema\/person\/8df5199bda4e628c32a10f318d8602b5\"},\"image\":{\"@id\":\"https:\/\/www.criserb.com\/blog\/pentru-greenfield-se-baga-primaria-dar-pentru-domnesti-nu\/#primaryimage\"},\"thumbnailUrl\":\"https:\/\/www.criserb.com\/blog\/poze\/2017\/02\/greenfield.jpg\",\"keywords\":[\"Domne\u0219ti\",\"drumuri\",\"Greenfield\"],\"articleSection\":[\"Probleme\"],\"inLanguage\":\"en-US\",\"potentialAction\":[{\"@type\":\"CommentAction\",\"name\":\"Comment\",\"target\":[\"https:\/\/www.criserb.com\/blog\/pentru-greenfield-se-baga-primaria-dar-pentru-domnesti-nu\/#respond\"]}]},{\"@type\":\"WebPage\",\"@id\":\"https:\/\/www.criserb.com\/blog\/pentru-greenfield-se-baga-primaria-dar-pentru-domnesti-nu\/\",\"url\":\"https:\/\/www.criserb.com\/blog\/pentru-greenfield-se-baga-primaria-dar-pentru-domnesti-nu\/\",\"name\":\"Pentru Greenfield se bag\u0103 prim\u0103ria, dar pentru Domne\u0219ti nu?\",\"isPartOf\":{\"@id\":\"https:\/\/www.criserb.com\/blog\/#website\"},\"primaryImageOfPage\":{\"@id\":\"https:\/\/www.criserb.com\/blog\/pentru-greenfield-se-baga-primaria-dar-pentru-domnesti-nu\/#primaryimage\"},\"image\":{\"@id\":\"https:\/\/www.criserb.com\/blog\/pentru-greenfield-se-baga-primaria-dar-pentru-domnesti-nu\/#primaryimage\"},\"thumbnailUrl\":\"https:\/\/www.criserb.com\/blog\/poze\/2017\/02\/greenfield.jpg\",\"datePublished\":\"2017-02-21T05:16:01+00:00\",\"dateModified\":\"2017-02-21T05:18:21+00:00\",\"breadcrumb\":{\"@id\":\"https:\/\/www.criserb.com\/blog\/pentru-greenfield-se-baga-primaria-dar-pentru-domnesti-nu\/#breadcrumb\"},\"inLanguage\":\"en-US\",\"potentialAction\":[{\"@type\":\"ReadAction\",\"target\":[\"https:\/\/www.criserb.com\/blog\/pentru-greenfield-se-baga-primaria-dar-pentru-domnesti-nu\/\"]}]},{\"@type\":\"ImageObject\",\"inLanguage\":\"en-US\",\"@id\":\"https:\/\/www.criserb.com\/blog\/pentru-greenfield-se-baga-primaria-dar-pentru-domnesti-nu\/#primaryimage\",\"url\":\"https:\/\/www.criserb.com\/blog\/poze\/2017\/02\/greenfield.jpg\",\"contentUrl\":\"https:\/\/www.criserb.com\/blog\/poze\/2017\/02\/greenfield.jpg\",\"width\":630,\"height\":354},{\"@type\":\"BreadcrumbList\",\"@id\":\"https:\/\/www.criserb.com\/blog\/pentru-greenfield-se-baga-primaria-dar-pentru-domnesti-nu\/#breadcrumb\",\"itemListElement\":[{\"@type\":\"ListItem\",\"position\":1,\"name\":\"Home\",\"item\":\"https:\/\/www.criserb.com\/blog\/\"},{\"@type\":\"ListItem\",\"position\":2,\"name\":\"Pentru Greenfield se bag\u0103 prim\u0103ria, dar pentru Domne\u0219ti nu?\"}]},{\"@type\":\"WebSite\",\"@id\":\"https:\/\/www.criserb.com\/blog\/#website\",\"url\":\"https:\/\/www.criserb.com\/blog\/\",\"name\":\"criserb.com\",\"description\":\"Nimic ce merita citit :)\",\"publisher\":{\"@id\":\"https:\/\/www.criserb.com\/blog\/#\/schema\/person\/8df5199bda4e628c32a10f318d8602b5\"},\"potentialAction\":[{\"@type\":\"SearchAction\",\"target\":{\"@type\":\"EntryPoint\",\"urlTemplate\":\"https:\/\/www.criserb.com\/blog\/?s={search_term_string}\"},\"query-input\":{\"@type\":\"PropertyValueSpecification\",\"valueRequired\":true,\"valueName\":\"search_term_string\"}}],\"inLanguage\":\"en-US\"},{\"@type\":[\"Person\",\"Organization\"],\"@id\":\"https:\/\/www.criserb.com\/blog\/#\/schema\/person\/8df5199bda4e628c32a10f318d8602b5\",\"name\":\"criserb\",\"image\":{\"@type\":\"ImageObject\",\"inLanguage\":\"en-US\",\"@id\":\"https:\/\/www.criserb.com\/blog\/#\/schema\/person\/image\/\",\"url\":\"http:\/\/0.gravatar.com\/avatar\/fdb6cca710f39545f0c4b5b936c390b4?s=96&d=monsterid&r=pg\",\"contentUrl\":\"http:\/\/0.gravatar.com\/avatar\/fdb6cca710f39545f0c4b5b936c390b4?s=96&d=monsterid&r=pg\",\"caption\":\"criserb\"},\"logo\":{\"@id\":\"https:\/\/www.criserb.com\/blog\/#\/schema\/person\/image\/\"},\"sameAs\":[\"http:\/\/www.criserb.com\"],\"url\":\"https:\/\/www.criserb.com\/blog\/author\/criserb\/\"}]}<\/script>\n<!-- \/ Yoast SEO plugin. -->","yoast_head_json":{"title":"Pentru Greenfield se bag\u0103 prim\u0103ria, dar pentru Domne\u0219ti nu?","robots":{"index":"index","follow":"follow","max-snippet":"max-snippet:-1","max-image-preview":"max-image-preview:large","max-video-preview":"max-video-preview:-1"},"canonical":"https:\/\/www.criserb.com\/blog\/pentru-greenfield-se-baga-primaria-dar-pentru-domnesti-nu\/","twitter_misc":{"Written by":"criserb","Est. reading time":"1 minute"},"schema":{"@context":"https:\/\/schema.org","@graph":[{"@type":"Article","@id":"https:\/\/www.criserb.com\/blog\/pentru-greenfield-se-baga-primaria-dar-pentru-domnesti-nu\/#article","isPartOf":{"@id":"https:\/\/www.criserb.com\/blog\/pentru-greenfield-se-baga-primaria-dar-pentru-domnesti-nu\/"},"author":{"name":"criserb","@id":"https:\/\/www.criserb.com\/blog\/#\/schema\/person\/8df5199bda4e628c32a10f318d8602b5"},"headline":"Pentru Greenfield se bag\u0103 prim\u0103ria, dar pentru Domne\u0219ti nu?","datePublished":"2017-02-21T05:16:01+00:00","dateModified":"2017-02-21T05:18:21+00:00","mainEntityOfPage":{"@id":"https:\/\/www.criserb.com\/blog\/pentru-greenfield-se-baga-primaria-dar-pentru-domnesti-nu\/"},"wordCount":275,"commentCount":12,"publisher":{"@id":"https:\/\/www.criserb.com\/blog\/#\/schema\/person\/8df5199bda4e628c32a10f318d8602b5"},"image":{"@id":"https:\/\/www.criserb.com\/blog\/pentru-greenfield-se-baga-primaria-dar-pentru-domnesti-nu\/#primaryimage"},"thumbnailUrl":"https:\/\/www.criserb.com\/blog\/poze\/2017\/02\/greenfield.jpg","keywords":["Domne\u0219ti","drumuri","Greenfield"],"articleSection":["Probleme"],"inLanguage":"en-US","potentialAction":[{"@type":"CommentAction","name":"Comment","target":["https:\/\/www.criserb.com\/blog\/pentru-greenfield-se-baga-primaria-dar-pentru-domnesti-nu\/#respond"]}]},{"@type":"WebPage","@id":"https:\/\/www.criserb.com\/blog\/pentru-greenfield-se-baga-primaria-dar-pentru-domnesti-nu\/","url":"https:\/\/www.criserb.com\/blog\/pentru-greenfield-se-baga-primaria-dar-pentru-domnesti-nu\/","name":"Pentru Greenfield se bag\u0103 prim\u0103ria, dar pentru Domne\u0219ti nu?","isPartOf":{"@id":"https:\/\/www.criserb.com\/blog\/#website"},"primaryImageOfPage":{"@id":"https:\/\/www.criserb.com\/blog\/pentru-greenfield-se-baga-primaria-dar-pentru-domnesti-nu\/#primaryimage"},"image":{"@id":"https:\/\/www.criserb.com\/blog\/pentru-greenfield-se-baga-primaria-dar-pentru-domnesti-nu\/#primaryimage"},"thumbnailUrl":"https:\/\/www.criserb.com\/blog\/poze\/2017\/02\/greenfield.jpg","datePublished":"2017-02-21T05:16:01+00:00","dateModified":"2017-02-21T05:18:21+00:00","breadcrumb":{"@id":"https:\/\/www.criserb.com\/blog\/pentru-greenfield-se-baga-primaria-dar-pentru-domnesti-nu\/#breadcrumb"},"inLanguage":"en-US","potentialAction":[{"@type":"ReadAction","target":["https:\/\/www.criserb.com\/blog\/pentru-greenfield-se-baga-primaria-dar-pentru-domnesti-nu\/"]}]},{"@type":"ImageObject","inLanguage":"en-US","@id":"https:\/\/www.criserb.com\/blog\/pentru-greenfield-se-baga-primaria-dar-pentru-domnesti-nu\/#primaryimage","url":"https:\/\/www.criserb.com\/blog\/poze\/2017\/02\/greenfield.jpg","contentUrl":"https:\/\/www.criserb.com\/blog\/poze\/2017\/02\/greenfield.jpg","width":630,"height":354},{"@type":"BreadcrumbList","@id":"https:\/\/www.criserb.com\/blog\/pentru-greenfield-se-baga-primaria-dar-pentru-domnesti-nu\/#breadcrumb","itemListElement":[{"@type":"ListItem","position":1,"name":"Home","item":"https:\/\/www.criserb.com\/blog\/"},{"@type":"ListItem","position":2,"name":"Pentru Greenfield se bag\u0103 prim\u0103ria, dar pentru Domne\u0219ti nu?"}]},{"@type":"WebSite","@id":"https:\/\/www.criserb.com\/blog\/#website","url":"https:\/\/www.criserb.com\/blog\/","name":"criserb.com","description":"Nimic ce merita citit :)","publisher":{"@id":"https:\/\/www.criserb.com\/blog\/#\/schema\/person\/8df5199bda4e628c32a10f318d8602b5"},"potentialAction":[{"@type":"SearchAction","target":{"@type":"EntryPoint","urlTemplate":"https:\/\/www.criserb.com\/blog\/?s={search_term_string}"},"query-input":{"@type":"PropertyValueSpecification","valueRequired":true,"valueName":"search_term_string"}}],"inLanguage":"en-US"},{"@type":["Person","Organization"],"@id":"https:\/\/www.criserb.com\/blog\/#\/schema\/person\/8df5199bda4e628c32a10f318d8602b5","name":"criserb","image":{"@type":"ImageObject","inLanguage":"en-US","@id":"https:\/\/www.criserb.com\/blog\/#\/schema\/person\/image\/","url":"http:\/\/0.gravatar.com\/avatar\/fdb6cca710f39545f0c4b5b936c390b4?s=96&d=monsterid&r=pg","contentUrl":"http:\/\/0.gravatar.com\/avatar\/fdb6cca710f39545f0c4b5b936c390b4?s=96&d=monsterid&r=pg","caption":"criserb"},"logo":{"@id":"https:\/\/www.criserb.com\/blog\/#\/schema\/person\/image\/"},"sameAs":["http:\/\/www.criserb.com"],"url":"https:\/\/www.criserb.com\/blog\/author\/criserb\/"}]}},"_links":{"self":[{"href":"https:\/\/www.criserb.com\/blog\/wp-json\/wp\/v2\/posts\/32839"}],"collection":[{"href":"https:\/\/www.criserb.com\/blog\/wp-json\/wp\/v2\/posts"}],"about":[{"href":"https:\/\/www.criserb.com\/blog\/wp-json\/wp\/v2\/types\/post"}],"author":[{"embeddable":true,"href":"https:\/\/www.criserb.com\/blog\/wp-json\/wp\/v2\/users\/3"}],"replies":[{"embeddable":true,"href":"https:\/\/www.criserb.com\/blog\/wp-json\/wp\/v2\/comments?post=32839"}],"version-history":[{"count":0,"href":"https:\/\/www.criserb.com\/blog\/wp-json\/wp\/v2\/posts\/32839\/revisions"}],"wp:featuredmedia":[{"embeddable":true,"href":"https:\/\/www.criserb.com\/blog\/wp-json\/wp\/v2\/media\/32840"}],"wp:attachment":[{"href":"https:\/\/www.criserb.com\/blog\/wp-json\/wp\/v2\/media?parent=32839"}],"wp:term":[{"taxonomy":"category","embeddable":true,"href":"https:\/\/www.criserb.com\/blog\/wp-json\/wp\/v2\/categories?post=32839"},{"taxonomy":"post_tag","embeddable":true,"href":"https:\/\/www.criserb.com\/blog\/wp-json\/wp\/v2\/tags?post=32839"}],"curies":[{"name":"wp","href":"https:\/\/api.w.org\/{rel}","templated":true}]}}