{"id":32901,"date":"2017-03-24T10:01:44","date_gmt":"2017-03-24T08:01:44","guid":{"rendered":"https:\/\/www.criserb.com\/blog\/?p=32901"},"modified":"2017-03-24T10:01:44","modified_gmt":"2017-03-24T08:01:44","slug":"bicicleta-galbena-sau-cum-sa-i-faci-lu-fii-tu-pe-plac","status":"publish","type":"post","link":"https:\/\/www.criserb.com\/blog\/bicicleta-galbena-sau-cum-sa-i-faci-lu-fii-tu-pe-plac\/","title":{"rendered":"Bicicleta galben\u0103 sau cum s\u0103-i faci lu&#8217; fii-tu pe plac"},"content":{"rendered":"<p>Pe la finalul iernii\u00a0i-am promis lu&#8217; fii-miu c\u0103 am s\u0103-i iau o biciclet\u0103 f\u0103r\u0103 pedale, cum vine vremea mai bun\u0103.<\/p>\n<p>Zilele trecute mi-a dat o coleg\u0103 una. Nu mai avea nevoie de ea \u0219i a dat-o \u0219i ea mai departe. Mul\u021bumesc Gabi!<\/p>\n<p>Eh, i-am dus-o lu&#8217; fii-miu s-a dat cu ea din prima clip\u0103 \u00een care a v\u0103zut-o f\u0103r\u0103 vreo problem\u0103 c\u0103 nu este galben\u0103.<\/p>\n<p>Totu\u0219i eu nu am uitat \u0219i l-am \u00eentrebat dac\u0103 \u0219i-ar dori-o \u00een alt\u0103 culoare.<\/p>\n<p>Mi-a zis pe loc, galben\u0103.<\/p>\n<p>Eh, \u0219i dac\u0103 copilul a \u021binut mine \u0219i nu s-a sucit \u00eentre timp, am zis s\u0103 \u00eei o fac a\u0219a cum vrea, mai ales c\u0103 avea vreo 2 puncte de rugin\u0103 pe care am zis c\u0103 e firesc s\u0103 le scot.<\/p>\n<p>M-am apucat pe la 23 s\u0103 o demontez \u0219i pe la unu f\u0103r\u0103 ceva era gata vopsit\u0103.<\/p>\n<p><a href=\"https:\/\/www.criserb.com\/blog\/poze\/2017\/03\/20170323_213244.jpg\" data-lbwps-width=\"1079\" data-lbwps-height=\"809\" data-lbwps-srcsmall=\"https:\/\/www.criserb.com\/blog\/poze\/2017\/03\/20170323_213244-300x225.jpg\"><img loading=\"lazy\" decoding=\"async\" class=\"aligncenter size-full wp-image-32902\" src=\"https:\/\/www.criserb.com\/blog\/poze\/2017\/03\/20170323_213244.jpg\" alt=\"\" width=\"1079\" height=\"809\" srcset=\"https:\/\/www.criserb.com\/blog\/poze\/2017\/03\/20170323_213244.jpg 1079w, https:\/\/www.criserb.com\/blog\/poze\/2017\/03\/20170323_213244-300x225.jpg 300w, https:\/\/www.criserb.com\/blog\/poze\/2017\/03\/20170323_213244-768x576.jpg 768w\" sizes=\"(max-width: 1079px) 100vw, 1079px\" \/><\/a><\/p>\n<p>Apoi am at\u00e2rnat piesele vopsite, \u00een magazie, chiar \u00een mijlocul tavanului, s\u0103 nu ajung\u0103 m\u00e2\u021ba la ea.<\/p>\n<p>\u0218i pentru c\u0103 diminea\u021ba fii-miu voia cu siguran\u021b\u0103 s\u0103 ias\u0103 cu ea, mi-am pus ceasul la 6 s\u0103 m\u0103 trezesc \u0219i s\u0103 i-o asamblez la loc.<\/p>\n<p>La 7 \u0219i ceva era gata.<\/p>\n<p><a href=\"https:\/\/www.criserb.com\/blog\/poze\/2017\/03\/20170324_074218.jpg\" data-lbwps-width=\"1079\" data-lbwps-height=\"809\" data-lbwps-srcsmall=\"https:\/\/www.criserb.com\/blog\/poze\/2017\/03\/20170324_074218-300x225.jpg\"><img loading=\"lazy\" decoding=\"async\" class=\"aligncenter size-full wp-image-32903\" src=\"https:\/\/www.criserb.com\/blog\/poze\/2017\/03\/20170324_074218.jpg\" alt=\"\" width=\"1079\" height=\"809\" srcset=\"https:\/\/www.criserb.com\/blog\/poze\/2017\/03\/20170324_074218.jpg 1079w, https:\/\/www.criserb.com\/blog\/poze\/2017\/03\/20170324_074218-300x225.jpg 300w, https:\/\/www.criserb.com\/blog\/poze\/2017\/03\/20170324_074218-768x576.jpg 768w\" sizes=\"(max-width: 1079px) 100vw, 1079px\" \/><\/a><\/p>\n<p>Culmea este c\u0103 nu mi-a r\u0103mas nicio pies\u0103 \u00een plus.<\/p>\n<p>Simplu, demontat tot, dat cu \u0219mirghel peste tot (mai mult pe unde avea rugin\u0103), vopsit cu un <a href=\"http:\/\/profitshare.ro\/l\/3416952\" target=\"_blank\">spray galben<\/a> \u0219i apoi montat\u0103 la loc.<\/p>\n<p>Cu 7 lei \u0219i pu\u021bin\u0103 munc\u0103 l-am f\u0103cut pe fii-miu super fericit.<\/p>\n<p>Acum are biciclet\u0103 galben\u0103 :)<\/p>\n<p>P.S. V\u0103 da\u021bi seama c\u0103 nu a ie\u0219it chiar perfect, dar nu-i problem\u0103, oricum o s\u0103 aib\u0103 o mul\u021bime de zg\u00e2rieturi \u0219i \u00een caz de nevoie o vopsesc din nou, de data asta poate&#8230; verde.<\/p>\n","protected":false},"excerpt":{"rendered":"<p>Pe la finalul iernii\u00a0i-am promis lu&#8217; fii-miu c\u0103 am s\u0103-i iau o biciclet\u0103 f\u0103r\u0103 pedale, cum vine vremea mai bun\u0103. Zilele trecute mi-a dat o coleg\u0103 una. Nu mai avea nevoie de ea \u0219i a dat-o \u0219i ea mai departe. Mul\u021bumesc Gabi! Eh, i-am dus-o lu&#8217; fii-miu s-a dat cu ea din prima clip\u0103 \u00een&hellip;<\/p>\n","protected":false},"author":3,"featured_media":32903,"comment_status":"open","ping_status":"open","sticky":false,"template":"","format":"standard","meta":{"footnotes":""},"categories":[1898],"tags":[7414,7415,7416],"yoast_head":"<!-- This site is optimized with the Yoast SEO plugin v24.5 - https:\/\/yoast.com\/wordpress\/plugins\/seo\/ -->\n<title>Bicicleta galben\u0103 sau cum s\u0103-i faci lu&#039; fii-tu pe plac<\/title>\n<meta name=\"robots\" content=\"index, follow, max-snippet:-1, max-image-preview:large, max-video-preview:-1\" \/>\n<link rel=\"canonical\" href=\"https:\/\/www.criserb.com\/blog\/bicicleta-galbena-sau-cum-sa-i-faci-lu-fii-tu-pe-plac\/\" \/>\n<meta name=\"twitter:label1\" content=\"Written by\" \/>\n\t<meta name=\"twitter:data1\" content=\"criserb\" \/>\n\t<meta name=\"twitter:label2\" content=\"Est. reading time\" \/>\n\t<meta name=\"twitter:data2\" content=\"1 minute\" \/>\n<script type=\"application\/ld+json\" class=\"yoast-schema-graph\">{\"@context\":\"https:\/\/schema.org\",\"@graph\":[{\"@type\":\"Article\",\"@id\":\"https:\/\/www.criserb.com\/blog\/bicicleta-galbena-sau-cum-sa-i-faci-lu-fii-tu-pe-plac\/#article\",\"isPartOf\":{\"@id\":\"https:\/\/www.criserb.com\/blog\/bicicleta-galbena-sau-cum-sa-i-faci-lu-fii-tu-pe-plac\/\"},\"author\":{\"name\":\"criserb\",\"@id\":\"https:\/\/www.criserb.com\/blog\/#\/schema\/person\/8df5199bda4e628c32a10f318d8602b5\"},\"headline\":\"Bicicleta galben\u0103 sau cum s\u0103-i faci lu&#8217; fii-tu pe plac\",\"datePublished\":\"2017-03-24T08:01:44+00:00\",\"mainEntityOfPage\":{\"@id\":\"https:\/\/www.criserb.com\/blog\/bicicleta-galbena-sau-cum-sa-i-faci-lu-fii-tu-pe-plac\/\"},\"wordCount\":302,\"commentCount\":1,\"publisher\":{\"@id\":\"https:\/\/www.criserb.com\/blog\/#\/schema\/person\/8df5199bda4e628c32a10f318d8602b5\"},\"image\":{\"@id\":\"https:\/\/www.criserb.com\/blog\/bicicleta-galbena-sau-cum-sa-i-faci-lu-fii-tu-pe-plac\/#primaryimage\"},\"thumbnailUrl\":\"https:\/\/www.criserb.com\/blog\/poze\/2017\/03\/20170324_074218.jpg\",\"keywords\":[\"Biciclet\u0103 f\u0103r\u0103 pedale\",\"Bicicleta galben\u0103\",\"Vopsit bicicleta\"],\"articleSection\":[\"Copil\"],\"inLanguage\":\"en-US\",\"potentialAction\":[{\"@type\":\"CommentAction\",\"name\":\"Comment\",\"target\":[\"https:\/\/www.criserb.com\/blog\/bicicleta-galbena-sau-cum-sa-i-faci-lu-fii-tu-pe-plac\/#respond\"]}]},{\"@type\":\"WebPage\",\"@id\":\"https:\/\/www.criserb.com\/blog\/bicicleta-galbena-sau-cum-sa-i-faci-lu-fii-tu-pe-plac\/\",\"url\":\"https:\/\/www.criserb.com\/blog\/bicicleta-galbena-sau-cum-sa-i-faci-lu-fii-tu-pe-plac\/\",\"name\":\"Bicicleta galben\u0103 sau cum s\u0103-i faci lu' fii-tu pe plac\",\"isPartOf\":{\"@id\":\"https:\/\/www.criserb.com\/blog\/#website\"},\"primaryImageOfPage\":{\"@id\":\"https:\/\/www.criserb.com\/blog\/bicicleta-galbena-sau-cum-sa-i-faci-lu-fii-tu-pe-plac\/#primaryimage\"},\"image\":{\"@id\":\"https:\/\/www.criserb.com\/blog\/bicicleta-galbena-sau-cum-sa-i-faci-lu-fii-tu-pe-plac\/#primaryimage\"},\"thumbnailUrl\":\"https:\/\/www.criserb.com\/blog\/poze\/2017\/03\/20170324_074218.jpg\",\"datePublished\":\"2017-03-24T08:01:44+00:00\",\"breadcrumb\":{\"@id\":\"https:\/\/www.criserb.com\/blog\/bicicleta-galbena-sau-cum-sa-i-faci-lu-fii-tu-pe-plac\/#breadcrumb\"},\"inLanguage\":\"en-US\",\"potentialAction\":[{\"@type\":\"ReadAction\",\"target\":[\"https:\/\/www.criserb.com\/blog\/bicicleta-galbena-sau-cum-sa-i-faci-lu-fii-tu-pe-plac\/\"]}]},{\"@type\":\"ImageObject\",\"inLanguage\":\"en-US\",\"@id\":\"https:\/\/www.criserb.com\/blog\/bicicleta-galbena-sau-cum-sa-i-faci-lu-fii-tu-pe-plac\/#primaryimage\",\"url\":\"https:\/\/www.criserb.com\/blog\/poze\/2017\/03\/20170324_074218.jpg\",\"contentUrl\":\"https:\/\/www.criserb.com\/blog\/poze\/2017\/03\/20170324_074218.jpg\",\"width\":1079,\"height\":809},{\"@type\":\"BreadcrumbList\",\"@id\":\"https:\/\/www.criserb.com\/blog\/bicicleta-galbena-sau-cum-sa-i-faci-lu-fii-tu-pe-plac\/#breadcrumb\",\"itemListElement\":[{\"@type\":\"ListItem\",\"position\":1,\"name\":\"Home\",\"item\":\"https:\/\/www.criserb.com\/blog\/\"},{\"@type\":\"ListItem\",\"position\":2,\"name\":\"Bicicleta galben\u0103 sau cum s\u0103-i faci lu&#8217; fii-tu pe plac\"}]},{\"@type\":\"WebSite\",\"@id\":\"https:\/\/www.criserb.com\/blog\/#website\",\"url\":\"https:\/\/www.criserb.com\/blog\/\",\"name\":\"criserb.com\",\"description\":\"Nimic ce merita citit :)\",\"publisher\":{\"@id\":\"https:\/\/www.criserb.com\/blog\/#\/schema\/person\/8df5199bda4e628c32a10f318d8602b5\"},\"potentialAction\":[{\"@type\":\"SearchAction\",\"target\":{\"@type\":\"EntryPoint\",\"urlTemplate\":\"https:\/\/www.criserb.com\/blog\/?s={search_term_string}\"},\"query-input\":{\"@type\":\"PropertyValueSpecification\",\"valueRequired\":true,\"valueName\":\"search_term_string\"}}],\"inLanguage\":\"en-US\"},{\"@type\":[\"Person\",\"Organization\"],\"@id\":\"https:\/\/www.criserb.com\/blog\/#\/schema\/person\/8df5199bda4e628c32a10f318d8602b5\",\"name\":\"criserb\",\"image\":{\"@type\":\"ImageObject\",\"inLanguage\":\"en-US\",\"@id\":\"https:\/\/www.criserb.com\/blog\/#\/schema\/person\/image\/\",\"url\":\"http:\/\/0.gravatar.com\/avatar\/fdb6cca710f39545f0c4b5b936c390b4?s=96&d=monsterid&r=pg\",\"contentUrl\":\"http:\/\/0.gravatar.com\/avatar\/fdb6cca710f39545f0c4b5b936c390b4?s=96&d=monsterid&r=pg\",\"caption\":\"criserb\"},\"logo\":{\"@id\":\"https:\/\/www.criserb.com\/blog\/#\/schema\/person\/image\/\"},\"sameAs\":[\"http:\/\/www.criserb.com\"],\"url\":\"https:\/\/www.criserb.com\/blog\/author\/criserb\/\"}]}<\/script>\n<!-- \/ Yoast SEO plugin. -->","yoast_head_json":{"title":"Bicicleta galben\u0103 sau cum s\u0103-i faci lu' fii-tu pe plac","robots":{"index":"index","follow":"follow","max-snippet":"max-snippet:-1","max-image-preview":"max-image-preview:large","max-video-preview":"max-video-preview:-1"},"canonical":"https:\/\/www.criserb.com\/blog\/bicicleta-galbena-sau-cum-sa-i-faci-lu-fii-tu-pe-plac\/","twitter_misc":{"Written by":"criserb","Est. reading time":"1 minute"},"schema":{"@context":"https:\/\/schema.org","@graph":[{"@type":"Article","@id":"https:\/\/www.criserb.com\/blog\/bicicleta-galbena-sau-cum-sa-i-faci-lu-fii-tu-pe-plac\/#article","isPartOf":{"@id":"https:\/\/www.criserb.com\/blog\/bicicleta-galbena-sau-cum-sa-i-faci-lu-fii-tu-pe-plac\/"},"author":{"name":"criserb","@id":"https:\/\/www.criserb.com\/blog\/#\/schema\/person\/8df5199bda4e628c32a10f318d8602b5"},"headline":"Bicicleta galben\u0103 sau cum s\u0103-i faci lu&#8217; fii-tu pe plac","datePublished":"2017-03-24T08:01:44+00:00","mainEntityOfPage":{"@id":"https:\/\/www.criserb.com\/blog\/bicicleta-galbena-sau-cum-sa-i-faci-lu-fii-tu-pe-plac\/"},"wordCount":302,"commentCount":1,"publisher":{"@id":"https:\/\/www.criserb.com\/blog\/#\/schema\/person\/8df5199bda4e628c32a10f318d8602b5"},"image":{"@id":"https:\/\/www.criserb.com\/blog\/bicicleta-galbena-sau-cum-sa-i-faci-lu-fii-tu-pe-plac\/#primaryimage"},"thumbnailUrl":"https:\/\/www.criserb.com\/blog\/poze\/2017\/03\/20170324_074218.jpg","keywords":["Biciclet\u0103 f\u0103r\u0103 pedale","Bicicleta galben\u0103","Vopsit bicicleta"],"articleSection":["Copil"],"inLanguage":"en-US","potentialAction":[{"@type":"CommentAction","name":"Comment","target":["https:\/\/www.criserb.com\/blog\/bicicleta-galbena-sau-cum-sa-i-faci-lu-fii-tu-pe-plac\/#respond"]}]},{"@type":"WebPage","@id":"https:\/\/www.criserb.com\/blog\/bicicleta-galbena-sau-cum-sa-i-faci-lu-fii-tu-pe-plac\/","url":"https:\/\/www.criserb.com\/blog\/bicicleta-galbena-sau-cum-sa-i-faci-lu-fii-tu-pe-plac\/","name":"Bicicleta galben\u0103 sau cum s\u0103-i faci lu' fii-tu pe plac","isPartOf":{"@id":"https:\/\/www.criserb.com\/blog\/#website"},"primaryImageOfPage":{"@id":"https:\/\/www.criserb.com\/blog\/bicicleta-galbena-sau-cum-sa-i-faci-lu-fii-tu-pe-plac\/#primaryimage"},"image":{"@id":"https:\/\/www.criserb.com\/blog\/bicicleta-galbena-sau-cum-sa-i-faci-lu-fii-tu-pe-plac\/#primaryimage"},"thumbnailUrl":"https:\/\/www.criserb.com\/blog\/poze\/2017\/03\/20170324_074218.jpg","datePublished":"2017-03-24T08:01:44+00:00","breadcrumb":{"@id":"https:\/\/www.criserb.com\/blog\/bicicleta-galbena-sau-cum-sa-i-faci-lu-fii-tu-pe-plac\/#breadcrumb"},"inLanguage":"en-US","potentialAction":[{"@type":"ReadAction","target":["https:\/\/www.criserb.com\/blog\/bicicleta-galbena-sau-cum-sa-i-faci-lu-fii-tu-pe-plac\/"]}]},{"@type":"ImageObject","inLanguage":"en-US","@id":"https:\/\/www.criserb.com\/blog\/bicicleta-galbena-sau-cum-sa-i-faci-lu-fii-tu-pe-plac\/#primaryimage","url":"https:\/\/www.criserb.com\/blog\/poze\/2017\/03\/20170324_074218.jpg","contentUrl":"https:\/\/www.criserb.com\/blog\/poze\/2017\/03\/20170324_074218.jpg","width":1079,"height":809},{"@type":"BreadcrumbList","@id":"https:\/\/www.criserb.com\/blog\/bicicleta-galbena-sau-cum-sa-i-faci-lu-fii-tu-pe-plac\/#breadcrumb","itemListElement":[{"@type":"ListItem","position":1,"name":"Home","item":"https:\/\/www.criserb.com\/blog\/"},{"@type":"ListItem","position":2,"name":"Bicicleta galben\u0103 sau cum s\u0103-i faci lu&#8217; fii-tu pe plac"}]},{"@type":"WebSite","@id":"https:\/\/www.criserb.com\/blog\/#website","url":"https:\/\/www.criserb.com\/blog\/","name":"criserb.com","description":"Nimic ce merita citit :)","publisher":{"@id":"https:\/\/www.criserb.com\/blog\/#\/schema\/person\/8df5199bda4e628c32a10f318d8602b5"},"potentialAction":[{"@type":"SearchAction","target":{"@type":"EntryPoint","urlTemplate":"https:\/\/www.criserb.com\/blog\/?s={search_term_string}"},"query-input":{"@type":"PropertyValueSpecification","valueRequired":true,"valueName":"search_term_string"}}],"inLanguage":"en-US"},{"@type":["Person","Organization"],"@id":"https:\/\/www.criserb.com\/blog\/#\/schema\/person\/8df5199bda4e628c32a10f318d8602b5","name":"criserb","image":{"@type":"ImageObject","inLanguage":"en-US","@id":"https:\/\/www.criserb.com\/blog\/#\/schema\/person\/image\/","url":"http:\/\/0.gravatar.com\/avatar\/fdb6cca710f39545f0c4b5b936c390b4?s=96&d=monsterid&r=pg","contentUrl":"http:\/\/0.gravatar.com\/avatar\/fdb6cca710f39545f0c4b5b936c390b4?s=96&d=monsterid&r=pg","caption":"criserb"},"logo":{"@id":"https:\/\/www.criserb.com\/blog\/#\/schema\/person\/image\/"},"sameAs":["http:\/\/www.criserb.com"],"url":"https:\/\/www.criserb.com\/blog\/author\/criserb\/"}]}},"_links":{"self":[{"href":"https:\/\/www.criserb.com\/blog\/wp-json\/wp\/v2\/posts\/32901"}],"collection":[{"href":"https:\/\/www.criserb.com\/blog\/wp-json\/wp\/v2\/posts"}],"about":[{"href":"https:\/\/www.criserb.com\/blog\/wp-json\/wp\/v2\/types\/post"}],"author":[{"embeddable":true,"href":"https:\/\/www.criserb.com\/blog\/wp-json\/wp\/v2\/users\/3"}],"replies":[{"embeddable":true,"href":"https:\/\/www.criserb.com\/blog\/wp-json\/wp\/v2\/comments?post=32901"}],"version-history":[{"count":0,"href":"https:\/\/www.criserb.com\/blog\/wp-json\/wp\/v2\/posts\/32901\/revisions"}],"wp:featuredmedia":[{"embeddable":true,"href":"https:\/\/www.criserb.com\/blog\/wp-json\/wp\/v2\/media\/32903"}],"wp:attachment":[{"href":"https:\/\/www.criserb.com\/blog\/wp-json\/wp\/v2\/media?parent=32901"}],"wp:term":[{"taxonomy":"category","embeddable":true,"href":"https:\/\/www.criserb.com\/blog\/wp-json\/wp\/v2\/categories?post=32901"},{"taxonomy":"post_tag","embeddable":true,"href":"https:\/\/www.criserb.com\/blog\/wp-json\/wp\/v2\/tags?post=32901"}],"curies":[{"name":"wp","href":"https:\/\/api.w.org\/{rel}","templated":true}]}}