{"id":33330,"date":"2017-10-09T12:49:02","date_gmt":"2017-10-09T09:49:02","guid":{"rendered":"https:\/\/www.criserb.com\/blog\/?p=33330"},"modified":"2017-10-09T12:50:08","modified_gmt":"2017-10-09T09:50:08","slug":"as-putea-sa-renunt-linistit-la-cablu-tv-si-sa-trec-pe-youtube","status":"publish","type":"post","link":"https:\/\/www.criserb.com\/blog\/as-putea-sa-renunt-linistit-la-cablu-tv-si-sa-trec-pe-youtube\/","title":{"rendered":"A\u0219 putea s\u0103 renun\u021b lini\u0219tit la cablu TV \u0219i s\u0103 trec pe Youtube"},"content":{"rendered":"<p>De c\u00e2nd am primit cadoul <a href=\"http:\/\/l.profitshare.ro\/l\/3910942\">televizorul<\/a> m\u0103 uit tot mai pu\u021bin pe cablu, m\u0103 uit \u00eens\u0103 aproape non-stop (c\u00e2nd am timp s\u0103 m\u0103 uit la televizor) pe youtube.<\/p>\n<p>Fii-miu se uit\u0103 pe youtube la desene, atunci c\u00e2nd se uit\u0103, \u0219i de c\u00e2nd cu <a href=\"https:\/\/www.youtube.com\/user\/MariciuShow\" target=\"_blank\" rel=\"noopener\">Mariciu<\/a> \u0219i <a href=\"https:\/\/www.youtube.com\/user\/gbuhnici\">Buhnici<\/a> cu a lui cas\u0103, m\u0103 uit \u0219i eu tot mai des pe youtube. Mai des, atunci c\u00e2nd stau degeaba \u0219i nu am alt\u0103 treab\u0103 pe acas\u0103 sau pe l\u00e2ng\u0103 cas\u0103.<\/p>\n<p>C\u00e2nd prind momentul s\u0103 zac \u00een fa\u021ba televizorului v\u0103d ce mai e nou pe la ei, ce-au mai f\u0103cut \u0219i uite a\u0219a apoi trec din clip \u00een clip \u0219i urm\u0103resc tot felul de chestii interesante.<\/p>\n<p>\u00cen weekend, cum a fost un weekend foarte ploios m-am uitat mai mult la tv. Am ajuns s\u0103 urm\u0103resc emisiunile Andreei Esca de la Europa FM, emisiuni foarte mi\u0219to, ce la mai auzeam la radio atunci c\u00e2nd plecam in weekend undeva cu ma\u0219ina. Ieri m-am uitat la mai multe emisiuni \u0219i mi-a pl\u0103cut. Mi-a pl\u0103cut pentru c\u0103 puteam s\u0103 sar peste dac\u0103 nu era pe placul meu, nu ca la tv unde na, n-ai posibilitatea asta.<\/p>\n<p><a href=\"https:\/\/www.youtube.com\/watch?v=MkRPngBephA\" target=\"_blank\" rel=\"noopener\">Fort Boyard<\/a> tot pe youtube l-am v\u0103zut, c\u0103 na, prefer mai mult varianta f\u0103r\u0103 reclame \u0219i cum v-am zis m\u0103 uit la TV destul de rar, eh, a\u0219a \u00eemi permit s\u0103 v\u0103d emisiuni pe care nu le-am mai v\u0103zut de ceva timp, de ultima dat\u0103 c\u00e2nd l-am mai pornit.<\/p>\n<p>La \u0219tiri a\u0219 putea s\u0103 fac la fel, s\u0103 le urm\u0103resc pe youtube, seara, la ora la care am eu chef, nu s\u0103 fiu \u00een fa\u021ba TV-ului la 7-8 atunci c\u00e2nd \u00een general sunt \u0219tirile.<\/p>\n<p>Mai urm\u0103resc ni\u0219te oameni faini ce se ocup\u0103 cu lemnul,\u00a0<a href=\"https:\/\/www.youtube.com\/channel\/UCKp44bWWZIiOPShPN_ytShw\" target=\"_blank\" rel=\"noopener\">The Wood Whisperer<\/a>,\u00a0<a href=\"https:\/\/www.youtube.com\/channel\/UC06fO6LNH_AUgjbmqaZRV5Q\" target=\"_blank\" rel=\"noopener\">The Samurai Carpenter<\/a>,\u00a0<a href=\"https:\/\/www.youtube.com\/channel\/UCcdLKZkv7kY0Ov5RxjyrZAw\" target=\"_blank\" rel=\"noopener\">William Ng\u00a0<\/a>\u0219i al\u021bii asemenea.<\/p>\n<p>Cum am pu\u021bin timp g\u0103sesc cu ce s\u0103-l umplu pe youtube \u0219i simt c\u0103 m-a\u0219 putea desp\u0103r\u021bi lejer de cablu.<\/p>\n<p>Poate \u0219i din cauza <a href=\"http:\/\/l.profitshare.ro\/l\/3910942\" target=\"_blank\" rel=\"noopener\">televizorului<\/a> ce se mi\u0219c\u0103 exemplar pe youtube, poate \u0219i din cauza timpului liber destul de limitat \u0219i atunci vreau s\u0103 recuperez ce-am pierdut.<\/p>\n<p>La filme nu m\u0103 prea uit, la alea \u00eens\u0103 mai adorm, cum a fost asear\u0103 momentul \u00een care am dat pe ProTV \u0219i era un film bun. M-am uitat 10 minute \u0219i am adormit.<\/p>\n<p>Voi cum face\u021bi, unde v\u0103 uita\u021bi pe youtube, pe calculator\/laptop sau pe TV? V-a\u021bi putea desp\u0103r\u021bi de cablul tv?<\/p>\n<p><a href=\"https:\/\/www.criserb.com\/blog\/poze\/2017\/10\/youtubeontv.jpg\" data-lbwps-width=\"1202\" data-lbwps-height=\"902\" data-lbwps-srcsmall=\"https:\/\/www.criserb.com\/blog\/poze\/2017\/10\/youtubeontv-300x225.jpg\"><img loading=\"lazy\" decoding=\"async\" class=\"aligncenter size-large wp-image-33331\" src=\"https:\/\/www.criserb.com\/blog\/poze\/2017\/10\/youtubeontv-1200x900.jpg\" alt=\"\" width=\"1200\" height=\"900\" srcset=\"https:\/\/www.criserb.com\/blog\/poze\/2017\/10\/youtubeontv-1200x900.jpg 1200w, https:\/\/www.criserb.com\/blog\/poze\/2017\/10\/youtubeontv-300x225.jpg 300w, https:\/\/www.criserb.com\/blog\/poze\/2017\/10\/youtubeontv-768x576.jpg 768w, https:\/\/www.criserb.com\/blog\/poze\/2017\/10\/youtubeontv.jpg 1202w\" sizes=\"(max-width: 1200px) 100vw, 1200px\" \/><\/a><\/p>\n","protected":false},"excerpt":{"rendered":"<p>De c\u00e2nd am primit cadoul televizorul m\u0103 uit tot mai pu\u021bin pe cablu, m\u0103 uit \u00eens\u0103 aproape non-stop (c\u00e2nd am timp s\u0103 m\u0103 uit la televizor) pe youtube. Fii-miu se uit\u0103 pe youtube la desene, atunci c\u00e2nd se uit\u0103, \u0219i de c\u00e2nd cu Mariciu \u0219i Buhnici cu a lui cas\u0103, m\u0103 uit \u0219i eu tot&hellip;<\/p>\n","protected":false},"author":3,"featured_media":33331,"comment_status":"open","ping_status":"open","sticky":false,"template":"","format":"standard","meta":{"footnotes":""},"categories":[356],"tags":[7140,203],"yoast_head":"<!-- This site is optimized with the Yoast SEO plugin v24.5 - https:\/\/yoast.com\/wordpress\/plugins\/seo\/ -->\n<title>A\u0219 putea s\u0103 renun\u021b lini\u0219tit la cablu TV \u0219i s\u0103 trec pe Youtube<\/title>\n<meta name=\"robots\" content=\"index, follow, max-snippet:-1, max-image-preview:large, max-video-preview:-1\" \/>\n<link rel=\"canonical\" href=\"https:\/\/www.criserb.com\/blog\/as-putea-sa-renunt-linistit-la-cablu-tv-si-sa-trec-pe-youtube\/\" \/>\n<meta name=\"twitter:label1\" content=\"Written by\" \/>\n\t<meta name=\"twitter:data1\" content=\"criserb\" \/>\n\t<meta name=\"twitter:label2\" content=\"Est. reading time\" \/>\n\t<meta name=\"twitter:data2\" content=\"2 minutes\" \/>\n<script type=\"application\/ld+json\" class=\"yoast-schema-graph\">{\"@context\":\"https:\/\/schema.org\",\"@graph\":[{\"@type\":\"Article\",\"@id\":\"https:\/\/www.criserb.com\/blog\/as-putea-sa-renunt-linistit-la-cablu-tv-si-sa-trec-pe-youtube\/#article\",\"isPartOf\":{\"@id\":\"https:\/\/www.criserb.com\/blog\/as-putea-sa-renunt-linistit-la-cablu-tv-si-sa-trec-pe-youtube\/\"},\"author\":{\"name\":\"criserb\",\"@id\":\"https:\/\/www.criserb.com\/blog\/#\/schema\/person\/8df5199bda4e628c32a10f318d8602b5\"},\"headline\":\"A\u0219 putea s\u0103 renun\u021b lini\u0219tit la cablu TV \u0219i s\u0103 trec pe Youtube\",\"datePublished\":\"2017-10-09T09:49:02+00:00\",\"dateModified\":\"2017-10-09T09:50:08+00:00\",\"mainEntityOfPage\":{\"@id\":\"https:\/\/www.criserb.com\/blog\/as-putea-sa-renunt-linistit-la-cablu-tv-si-sa-trec-pe-youtube\/\"},\"wordCount\":448,\"commentCount\":2,\"publisher\":{\"@id\":\"https:\/\/www.criserb.com\/blog\/#\/schema\/person\/8df5199bda4e628c32a10f318d8602b5\"},\"image\":{\"@id\":\"https:\/\/www.criserb.com\/blog\/as-putea-sa-renunt-linistit-la-cablu-tv-si-sa-trec-pe-youtube\/#primaryimage\"},\"thumbnailUrl\":\"https:\/\/www.criserb.com\/blog\/poze\/2017\/10\/youtubeontv.jpg\",\"keywords\":[\"tv\",\"youtube\"],\"articleSection\":[\"tv\"],\"inLanguage\":\"en-US\",\"potentialAction\":[{\"@type\":\"CommentAction\",\"name\":\"Comment\",\"target\":[\"https:\/\/www.criserb.com\/blog\/as-putea-sa-renunt-linistit-la-cablu-tv-si-sa-trec-pe-youtube\/#respond\"]}]},{\"@type\":\"WebPage\",\"@id\":\"https:\/\/www.criserb.com\/blog\/as-putea-sa-renunt-linistit-la-cablu-tv-si-sa-trec-pe-youtube\/\",\"url\":\"https:\/\/www.criserb.com\/blog\/as-putea-sa-renunt-linistit-la-cablu-tv-si-sa-trec-pe-youtube\/\",\"name\":\"A\u0219 putea s\u0103 renun\u021b lini\u0219tit la cablu TV \u0219i s\u0103 trec pe Youtube\",\"isPartOf\":{\"@id\":\"https:\/\/www.criserb.com\/blog\/#website\"},\"primaryImageOfPage\":{\"@id\":\"https:\/\/www.criserb.com\/blog\/as-putea-sa-renunt-linistit-la-cablu-tv-si-sa-trec-pe-youtube\/#primaryimage\"},\"image\":{\"@id\":\"https:\/\/www.criserb.com\/blog\/as-putea-sa-renunt-linistit-la-cablu-tv-si-sa-trec-pe-youtube\/#primaryimage\"},\"thumbnailUrl\":\"https:\/\/www.criserb.com\/blog\/poze\/2017\/10\/youtubeontv.jpg\",\"datePublished\":\"2017-10-09T09:49:02+00:00\",\"dateModified\":\"2017-10-09T09:50:08+00:00\",\"breadcrumb\":{\"@id\":\"https:\/\/www.criserb.com\/blog\/as-putea-sa-renunt-linistit-la-cablu-tv-si-sa-trec-pe-youtube\/#breadcrumb\"},\"inLanguage\":\"en-US\",\"potentialAction\":[{\"@type\":\"ReadAction\",\"target\":[\"https:\/\/www.criserb.com\/blog\/as-putea-sa-renunt-linistit-la-cablu-tv-si-sa-trec-pe-youtube\/\"]}]},{\"@type\":\"ImageObject\",\"inLanguage\":\"en-US\",\"@id\":\"https:\/\/www.criserb.com\/blog\/as-putea-sa-renunt-linistit-la-cablu-tv-si-sa-trec-pe-youtube\/#primaryimage\",\"url\":\"https:\/\/www.criserb.com\/blog\/poze\/2017\/10\/youtubeontv.jpg\",\"contentUrl\":\"https:\/\/www.criserb.com\/blog\/poze\/2017\/10\/youtubeontv.jpg\",\"width\":1202,\"height\":902},{\"@type\":\"BreadcrumbList\",\"@id\":\"https:\/\/www.criserb.com\/blog\/as-putea-sa-renunt-linistit-la-cablu-tv-si-sa-trec-pe-youtube\/#breadcrumb\",\"itemListElement\":[{\"@type\":\"ListItem\",\"position\":1,\"name\":\"Home\",\"item\":\"https:\/\/www.criserb.com\/blog\/\"},{\"@type\":\"ListItem\",\"position\":2,\"name\":\"A\u0219 putea s\u0103 renun\u021b lini\u0219tit la cablu TV \u0219i s\u0103 trec pe Youtube\"}]},{\"@type\":\"WebSite\",\"@id\":\"https:\/\/www.criserb.com\/blog\/#website\",\"url\":\"https:\/\/www.criserb.com\/blog\/\",\"name\":\"criserb.com\",\"description\":\"Nimic ce merita citit :)\",\"publisher\":{\"@id\":\"https:\/\/www.criserb.com\/blog\/#\/schema\/person\/8df5199bda4e628c32a10f318d8602b5\"},\"potentialAction\":[{\"@type\":\"SearchAction\",\"target\":{\"@type\":\"EntryPoint\",\"urlTemplate\":\"https:\/\/www.criserb.com\/blog\/?s={search_term_string}\"},\"query-input\":{\"@type\":\"PropertyValueSpecification\",\"valueRequired\":true,\"valueName\":\"search_term_string\"}}],\"inLanguage\":\"en-US\"},{\"@type\":[\"Person\",\"Organization\"],\"@id\":\"https:\/\/www.criserb.com\/blog\/#\/schema\/person\/8df5199bda4e628c32a10f318d8602b5\",\"name\":\"criserb\",\"image\":{\"@type\":\"ImageObject\",\"inLanguage\":\"en-US\",\"@id\":\"https:\/\/www.criserb.com\/blog\/#\/schema\/person\/image\/\",\"url\":\"http:\/\/0.gravatar.com\/avatar\/fdb6cca710f39545f0c4b5b936c390b4?s=96&d=monsterid&r=pg\",\"contentUrl\":\"http:\/\/0.gravatar.com\/avatar\/fdb6cca710f39545f0c4b5b936c390b4?s=96&d=monsterid&r=pg\",\"caption\":\"criserb\"},\"logo\":{\"@id\":\"https:\/\/www.criserb.com\/blog\/#\/schema\/person\/image\/\"},\"sameAs\":[\"http:\/\/www.criserb.com\"],\"url\":\"https:\/\/www.criserb.com\/blog\/author\/criserb\/\"}]}<\/script>\n<!-- \/ Yoast SEO plugin. -->","yoast_head_json":{"title":"A\u0219 putea s\u0103 renun\u021b lini\u0219tit la cablu TV \u0219i s\u0103 trec pe Youtube","robots":{"index":"index","follow":"follow","max-snippet":"max-snippet:-1","max-image-preview":"max-image-preview:large","max-video-preview":"max-video-preview:-1"},"canonical":"https:\/\/www.criserb.com\/blog\/as-putea-sa-renunt-linistit-la-cablu-tv-si-sa-trec-pe-youtube\/","twitter_misc":{"Written by":"criserb","Est. reading time":"2 minutes"},"schema":{"@context":"https:\/\/schema.org","@graph":[{"@type":"Article","@id":"https:\/\/www.criserb.com\/blog\/as-putea-sa-renunt-linistit-la-cablu-tv-si-sa-trec-pe-youtube\/#article","isPartOf":{"@id":"https:\/\/www.criserb.com\/blog\/as-putea-sa-renunt-linistit-la-cablu-tv-si-sa-trec-pe-youtube\/"},"author":{"name":"criserb","@id":"https:\/\/www.criserb.com\/blog\/#\/schema\/person\/8df5199bda4e628c32a10f318d8602b5"},"headline":"A\u0219 putea s\u0103 renun\u021b lini\u0219tit la cablu TV \u0219i s\u0103 trec pe Youtube","datePublished":"2017-10-09T09:49:02+00:00","dateModified":"2017-10-09T09:50:08+00:00","mainEntityOfPage":{"@id":"https:\/\/www.criserb.com\/blog\/as-putea-sa-renunt-linistit-la-cablu-tv-si-sa-trec-pe-youtube\/"},"wordCount":448,"commentCount":2,"publisher":{"@id":"https:\/\/www.criserb.com\/blog\/#\/schema\/person\/8df5199bda4e628c32a10f318d8602b5"},"image":{"@id":"https:\/\/www.criserb.com\/blog\/as-putea-sa-renunt-linistit-la-cablu-tv-si-sa-trec-pe-youtube\/#primaryimage"},"thumbnailUrl":"https:\/\/www.criserb.com\/blog\/poze\/2017\/10\/youtubeontv.jpg","keywords":["tv","youtube"],"articleSection":["tv"],"inLanguage":"en-US","potentialAction":[{"@type":"CommentAction","name":"Comment","target":["https:\/\/www.criserb.com\/blog\/as-putea-sa-renunt-linistit-la-cablu-tv-si-sa-trec-pe-youtube\/#respond"]}]},{"@type":"WebPage","@id":"https:\/\/www.criserb.com\/blog\/as-putea-sa-renunt-linistit-la-cablu-tv-si-sa-trec-pe-youtube\/","url":"https:\/\/www.criserb.com\/blog\/as-putea-sa-renunt-linistit-la-cablu-tv-si-sa-trec-pe-youtube\/","name":"A\u0219 putea s\u0103 renun\u021b lini\u0219tit la cablu TV \u0219i s\u0103 trec pe Youtube","isPartOf":{"@id":"https:\/\/www.criserb.com\/blog\/#website"},"primaryImageOfPage":{"@id":"https:\/\/www.criserb.com\/blog\/as-putea-sa-renunt-linistit-la-cablu-tv-si-sa-trec-pe-youtube\/#primaryimage"},"image":{"@id":"https:\/\/www.criserb.com\/blog\/as-putea-sa-renunt-linistit-la-cablu-tv-si-sa-trec-pe-youtube\/#primaryimage"},"thumbnailUrl":"https:\/\/www.criserb.com\/blog\/poze\/2017\/10\/youtubeontv.jpg","datePublished":"2017-10-09T09:49:02+00:00","dateModified":"2017-10-09T09:50:08+00:00","breadcrumb":{"@id":"https:\/\/www.criserb.com\/blog\/as-putea-sa-renunt-linistit-la-cablu-tv-si-sa-trec-pe-youtube\/#breadcrumb"},"inLanguage":"en-US","potentialAction":[{"@type":"ReadAction","target":["https:\/\/www.criserb.com\/blog\/as-putea-sa-renunt-linistit-la-cablu-tv-si-sa-trec-pe-youtube\/"]}]},{"@type":"ImageObject","inLanguage":"en-US","@id":"https:\/\/www.criserb.com\/blog\/as-putea-sa-renunt-linistit-la-cablu-tv-si-sa-trec-pe-youtube\/#primaryimage","url":"https:\/\/www.criserb.com\/blog\/poze\/2017\/10\/youtubeontv.jpg","contentUrl":"https:\/\/www.criserb.com\/blog\/poze\/2017\/10\/youtubeontv.jpg","width":1202,"height":902},{"@type":"BreadcrumbList","@id":"https:\/\/www.criserb.com\/blog\/as-putea-sa-renunt-linistit-la-cablu-tv-si-sa-trec-pe-youtube\/#breadcrumb","itemListElement":[{"@type":"ListItem","position":1,"name":"Home","item":"https:\/\/www.criserb.com\/blog\/"},{"@type":"ListItem","position":2,"name":"A\u0219 putea s\u0103 renun\u021b lini\u0219tit la cablu TV \u0219i s\u0103 trec pe Youtube"}]},{"@type":"WebSite","@id":"https:\/\/www.criserb.com\/blog\/#website","url":"https:\/\/www.criserb.com\/blog\/","name":"criserb.com","description":"Nimic ce merita citit :)","publisher":{"@id":"https:\/\/www.criserb.com\/blog\/#\/schema\/person\/8df5199bda4e628c32a10f318d8602b5"},"potentialAction":[{"@type":"SearchAction","target":{"@type":"EntryPoint","urlTemplate":"https:\/\/www.criserb.com\/blog\/?s={search_term_string}"},"query-input":{"@type":"PropertyValueSpecification","valueRequired":true,"valueName":"search_term_string"}}],"inLanguage":"en-US"},{"@type":["Person","Organization"],"@id":"https:\/\/www.criserb.com\/blog\/#\/schema\/person\/8df5199bda4e628c32a10f318d8602b5","name":"criserb","image":{"@type":"ImageObject","inLanguage":"en-US","@id":"https:\/\/www.criserb.com\/blog\/#\/schema\/person\/image\/","url":"http:\/\/0.gravatar.com\/avatar\/fdb6cca710f39545f0c4b5b936c390b4?s=96&d=monsterid&r=pg","contentUrl":"http:\/\/0.gravatar.com\/avatar\/fdb6cca710f39545f0c4b5b936c390b4?s=96&d=monsterid&r=pg","caption":"criserb"},"logo":{"@id":"https:\/\/www.criserb.com\/blog\/#\/schema\/person\/image\/"},"sameAs":["http:\/\/www.criserb.com"],"url":"https:\/\/www.criserb.com\/blog\/author\/criserb\/"}]}},"_links":{"self":[{"href":"https:\/\/www.criserb.com\/blog\/wp-json\/wp\/v2\/posts\/33330"}],"collection":[{"href":"https:\/\/www.criserb.com\/blog\/wp-json\/wp\/v2\/posts"}],"about":[{"href":"https:\/\/www.criserb.com\/blog\/wp-json\/wp\/v2\/types\/post"}],"author":[{"embeddable":true,"href":"https:\/\/www.criserb.com\/blog\/wp-json\/wp\/v2\/users\/3"}],"replies":[{"embeddable":true,"href":"https:\/\/www.criserb.com\/blog\/wp-json\/wp\/v2\/comments?post=33330"}],"version-history":[{"count":0,"href":"https:\/\/www.criserb.com\/blog\/wp-json\/wp\/v2\/posts\/33330\/revisions"}],"wp:featuredmedia":[{"embeddable":true,"href":"https:\/\/www.criserb.com\/blog\/wp-json\/wp\/v2\/media\/33331"}],"wp:attachment":[{"href":"https:\/\/www.criserb.com\/blog\/wp-json\/wp\/v2\/media?parent=33330"}],"wp:term":[{"taxonomy":"category","embeddable":true,"href":"https:\/\/www.criserb.com\/blog\/wp-json\/wp\/v2\/categories?post=33330"},{"taxonomy":"post_tag","embeddable":true,"href":"https:\/\/www.criserb.com\/blog\/wp-json\/wp\/v2\/tags?post=33330"}],"curies":[{"name":"wp","href":"https:\/\/api.w.org\/{rel}","templated":true}]}}