{"id":33419,"date":"2017-12-04T17:16:50","date_gmt":"2017-12-04T15:16:50","guid":{"rendered":"https:\/\/www.criserb.com\/blog\/?p=33419"},"modified":"2017-12-04T17:23:22","modified_gmt":"2017-12-04T15:23:22","slug":"cateva-cuvinte-despre-interzicerea-uber-si-taxify-in-bucuresti","status":"publish","type":"post","link":"https:\/\/www.criserb.com\/blog\/cateva-cuvinte-despre-interzicerea-uber-si-taxify-in-bucuresti\/","title":{"rendered":"C\u00e2teva cuvinte despre interzicerea Uber \u0219i Taxify \u00een Bucure\u0219ti"},"content":{"rendered":"<p>Aparent, la urm\u0103torul consiliu general, Firea va supune la vot (vorba vine) interzicerea Uber \u0219i Taxify, motivele le \u0219tim de mult, nu se supun legii de transport, nu au acela\u0219i regim ca \u0219i taximetri\u0219tii care au licen\u021b\u0103, platesc buline, ITP-uri mai dese, RCA-uri mai mari \u0219.a.m.d. Sa vedem ce nu reglementeaza primaria de mult:<\/p>\n<p><strong>Sa incepem cu, conditiile decente de transport<\/strong>:<\/p>\n<blockquote><p>operatorii de taxi vor fi obliga\u021bi s\u0103 aib\u0103 o \u021binut\u0103 civilizat\u0103, un limbaj adecvat, ma\u0219ini curate \u0219i care s\u0103 garanteze siguran\u021ba cet\u0103\u021benilor.<\/p><\/blockquote>\n<p>&nbsp;<\/p>\n<p>deci pana acum nu era \u00een obliga\u021bia lor s\u0103 asigure cele de mai sus, cel putin nu pentru jumatate din taxiurile din Bucuresti care sunt execrabile. Cum am ajuns la statistica asta, indulgent\u0103 de altfel? \u00cen ultimul an am luat de cel pu\u021bin 3 ori pe luna un taxi din Gara de Nord sau spre Gara de Nord. \u0218tiu, n-am ce face. Cel pu\u021bin jumatate din ele sunt:<\/p>\n<ul>\n<li>cu\u0219ti, la propriu, de transport saci de cartofi, ma\u0219ini cu peste 400k &#8211; 500k km care mai au pu\u021bin \u0219i se transform\u0103 ca Bumble Bee la prima groap\u0103.<\/li>\n<li>mirosul absolut dezgust\u0103tor. Ori transpira\u021bie, ori fum de \u021bigar\u0103, ori pur \u0219i simplu miros de hoit, de st\u0103tut.<\/li>\n<li>\u0219oferi cu prosopul, \u00eembibat de transpira\u021bie, pe g\u00e2t \u0219i 45 grade \u00een ma\u0219in\u0103.<\/li>\n<li>muzic\u0103 (\u0219i c\u00e2nd zic muzica sunt indulgent) ori tare, ori foarte tare.<\/li>\n<li>paturi, mileuri sau alte mizerii prin masina. Ocazional b\u00e2te sau alte obiecte contondente.<\/li>\n<\/ul>\n<p><strong>Sa continuam cu haiducia din taximetrie, \u00een regulamentul prin care vor s\u0103 interzic\u0103 UBER si Taxify as vrea s\u0103 v\u0103d \u0219i c\u0103 interzic urm\u0103toarele lucruri la taximetri\u0219ti<\/strong>:<\/p>\n<ul>\n<li>s\u0103 refuze curse de minim sau mai mult de 10 lei. De fapt, cred ca ar fi bine sa le interzic\u0103 s\u0103 refuze orice cursa, fie ca e la comand\u0103 sau se suie omul in masina.<\/li>\n<li>s\u0103 mai stea \u00een sta\u021bia de taxi daca nu au chef sa munceasc\u0103. \u00cen general, \u00een Gara de Nord, la Roman\u0103 la BCR, la B\u0103neasa Mall \u0219amd, at\u00e2t m-am dat jos \u0219i m-am suit in taxiuri care ma refuzau pe motiv ca sunt ocupati (desi erau &#8220;pe verde&#8221; si stateau pe Facebook) \u00eencat acum mi-e sc\u00e2rb\u0103 \u0219i sa le deschid u\u0219a sa \u00eentreb dac\u0103 sunt liberi.<\/li>\n<li>s\u0103 mai stea \u00een statia de taxi sa te ia doar daca vrei sa mergi spre traseul lor prestabilit, de obicei acas\u0103, sau pe unde mai au ei treab\u0103.<\/li>\n<li>s\u0103 mai fumeze \u00een masina, indiferent ca st\u0103 sau merge cu ma\u0219ina.<\/li>\n<li>s\u0103 aiba ma\u0219ini mai vechi de X ani sau cu mai mult de X mii de km. (ceva decent, s\u0103 recuno\u0219ti marca masinii in care te sui, nu sa fie mutilata de ani si uzura)<\/li>\n<li>s\u0103 refuze sa te duca \u00een afara orasului (ex Otopeni, Tunari etc) pe motiv ca nu au rovigneta, analize la sange, talon sau mai stiu eu ce prostie.<\/li>\n<\/ul>\n<p><strong>Ce as vrea sa vad nou in regulamentul pentru taximetristi:<\/strong><\/p>\n<ul>\n<li>tarif unic la toate firmele. Stiu, o idee controversata, dar pe mine ca si client nu ma intereseaza cu ce firma merg, e fix ca in telecom, minutele nationale reteaua nu conteaza. Constructiv ar fi sa fie bataia intre firme pe calitate si nu pe pret. Vreau conditii nu 20 bani mai putin pe km dar cand ma sui in masina pedalez si eu cu soferul.<\/li>\n<li>AC obligatoriu, functional, nu doar buton de ornament pe bord.<\/li>\n<li>masinile de taxi cu 3.5lei\/km, adica rechinii, sa aiba alta culoare la masini, sau inscriptionari speciale care sa ii puna in evidenta regimul special.<\/li>\n<li>plata cu card ca la UBER, sa nu mai aud: boss nu am rest, hai lasa si tu asa ca viata e grea.<\/li>\n<li>o forma de penalizare oficiala din partea primariei a taxiurilor care nu respecta regulamentul. Pe vremuri dispeceratele ii mai sanctionau pe taximetristi, acum li se rupe. Chiar si celor de la Speed. Ar merge o aplica\u021bie, ceva usor de raportat.<\/li>\n<\/ul>\n<p>Altfel, sigur apar acum \u0219tiri c\u0103 dac\u0103 Firea n-a putut s\u0103 \u00ee\u021bi fac\u0103 t\u00e2rgul de Cr\u0103ciun in Pia\u021ba Victoriei din cauza #rezistentilor, \u00eei taxeaz\u0103 acum \u0219i le ia mijlocul de transport preferat. Just wait&#8230;<\/p>\n<p>Lupul<\/p>\n","protected":false},"excerpt":{"rendered":"<p>Aparent, la urm\u0103torul consiliu general, Firea va supune la vot (vorba vine) interzicerea Uber \u0219i Taxify, motivele le \u0219tim de mult, nu se supun legii de transport, nu au acela\u0219i regim ca \u0219i taximetri\u0219tii care au licen\u021b\u0103, platesc buline, ITP-uri mai dese, RCA-uri mai mari \u0219.a.m.d. Sa vedem ce nu reglementeaza primaria de mult: Sa&hellip;<\/p>\n","protected":false},"author":3,"featured_media":33423,"comment_status":"open","ping_status":"open","sticky":false,"template":"","format":"standard","meta":{"footnotes":""},"categories":[2156],"tags":[7299,6573,7365,6874],"yoast_head":"<!-- This site is optimized with the Yoast SEO plugin v24.5 - https:\/\/yoast.com\/wordpress\/plugins\/seo\/ -->\n<title>C\u00e2teva cuvinte despre interzicerea Uber \u0219i Taxify \u00een Bucure\u0219ti<\/title>\n<meta name=\"robots\" content=\"index, follow, max-snippet:-1, max-image-preview:large, max-video-preview:-1\" \/>\n<link rel=\"canonical\" href=\"https:\/\/www.criserb.com\/blog\/cateva-cuvinte-despre-interzicerea-uber-si-taxify-in-bucuresti\/\" \/>\n<meta name=\"twitter:label1\" content=\"Written by\" \/>\n\t<meta name=\"twitter:data1\" content=\"criserb\" \/>\n\t<meta name=\"twitter:label2\" content=\"Est. reading time\" \/>\n\t<meta name=\"twitter:data2\" content=\"4 minutes\" \/>\n<script type=\"application\/ld+json\" class=\"yoast-schema-graph\">{\"@context\":\"https:\/\/schema.org\",\"@graph\":[{\"@type\":\"Article\",\"@id\":\"https:\/\/www.criserb.com\/blog\/cateva-cuvinte-despre-interzicerea-uber-si-taxify-in-bucuresti\/#article\",\"isPartOf\":{\"@id\":\"https:\/\/www.criserb.com\/blog\/cateva-cuvinte-despre-interzicerea-uber-si-taxify-in-bucuresti\/\"},\"author\":{\"name\":\"criserb\",\"@id\":\"https:\/\/www.criserb.com\/blog\/#\/schema\/person\/8df5199bda4e628c32a10f318d8602b5\"},\"headline\":\"C\u00e2teva cuvinte despre interzicerea Uber \u0219i Taxify \u00een Bucure\u0219ti\",\"datePublished\":\"2017-12-04T15:16:50+00:00\",\"dateModified\":\"2017-12-04T15:23:22+00:00\",\"mainEntityOfPage\":{\"@id\":\"https:\/\/www.criserb.com\/blog\/cateva-cuvinte-despre-interzicerea-uber-si-taxify-in-bucuresti\/\"},\"wordCount\":723,\"commentCount\":1,\"publisher\":{\"@id\":\"https:\/\/www.criserb.com\/blog\/#\/schema\/person\/8df5199bda4e628c32a10f318d8602b5\"},\"image\":{\"@id\":\"https:\/\/www.criserb.com\/blog\/cateva-cuvinte-despre-interzicerea-uber-si-taxify-in-bucuresti\/#primaryimage\"},\"thumbnailUrl\":\"https:\/\/www.criserb.com\/blog\/poze\/2017\/12\/uber-serp-logo-f6e7549c89.jpg\",\"keywords\":[\"Firea\",\"Gabriela Firea\",\"taxify\",\"UBER\"],\"articleSection\":[\"Bucuresti\"],\"inLanguage\":\"en-US\",\"potentialAction\":[{\"@type\":\"CommentAction\",\"name\":\"Comment\",\"target\":[\"https:\/\/www.criserb.com\/blog\/cateva-cuvinte-despre-interzicerea-uber-si-taxify-in-bucuresti\/#respond\"]}]},{\"@type\":\"WebPage\",\"@id\":\"https:\/\/www.criserb.com\/blog\/cateva-cuvinte-despre-interzicerea-uber-si-taxify-in-bucuresti\/\",\"url\":\"https:\/\/www.criserb.com\/blog\/cateva-cuvinte-despre-interzicerea-uber-si-taxify-in-bucuresti\/\",\"name\":\"C\u00e2teva cuvinte despre interzicerea Uber \u0219i Taxify \u00een Bucure\u0219ti\",\"isPartOf\":{\"@id\":\"https:\/\/www.criserb.com\/blog\/#website\"},\"primaryImageOfPage\":{\"@id\":\"https:\/\/www.criserb.com\/blog\/cateva-cuvinte-despre-interzicerea-uber-si-taxify-in-bucuresti\/#primaryimage\"},\"image\":{\"@id\":\"https:\/\/www.criserb.com\/blog\/cateva-cuvinte-despre-interzicerea-uber-si-taxify-in-bucuresti\/#primaryimage\"},\"thumbnailUrl\":\"https:\/\/www.criserb.com\/blog\/poze\/2017\/12\/uber-serp-logo-f6e7549c89.jpg\",\"datePublished\":\"2017-12-04T15:16:50+00:00\",\"dateModified\":\"2017-12-04T15:23:22+00:00\",\"breadcrumb\":{\"@id\":\"https:\/\/www.criserb.com\/blog\/cateva-cuvinte-despre-interzicerea-uber-si-taxify-in-bucuresti\/#breadcrumb\"},\"inLanguage\":\"en-US\",\"potentialAction\":[{\"@type\":\"ReadAction\",\"target\":[\"https:\/\/www.criserb.com\/blog\/cateva-cuvinte-despre-interzicerea-uber-si-taxify-in-bucuresti\/\"]}]},{\"@type\":\"ImageObject\",\"inLanguage\":\"en-US\",\"@id\":\"https:\/\/www.criserb.com\/blog\/cateva-cuvinte-despre-interzicerea-uber-si-taxify-in-bucuresti\/#primaryimage\",\"url\":\"https:\/\/www.criserb.com\/blog\/poze\/2017\/12\/uber-serp-logo-f6e7549c89.jpg\",\"contentUrl\":\"https:\/\/www.criserb.com\/blog\/poze\/2017\/12\/uber-serp-logo-f6e7549c89.jpg\",\"width\":2625,\"height\":2625},{\"@type\":\"BreadcrumbList\",\"@id\":\"https:\/\/www.criserb.com\/blog\/cateva-cuvinte-despre-interzicerea-uber-si-taxify-in-bucuresti\/#breadcrumb\",\"itemListElement\":[{\"@type\":\"ListItem\",\"position\":1,\"name\":\"Home\",\"item\":\"https:\/\/www.criserb.com\/blog\/\"},{\"@type\":\"ListItem\",\"position\":2,\"name\":\"C\u00e2teva cuvinte despre interzicerea Uber \u0219i Taxify \u00een Bucure\u0219ti\"}]},{\"@type\":\"WebSite\",\"@id\":\"https:\/\/www.criserb.com\/blog\/#website\",\"url\":\"https:\/\/www.criserb.com\/blog\/\",\"name\":\"criserb.com\",\"description\":\"Nimic ce merita citit :)\",\"publisher\":{\"@id\":\"https:\/\/www.criserb.com\/blog\/#\/schema\/person\/8df5199bda4e628c32a10f318d8602b5\"},\"potentialAction\":[{\"@type\":\"SearchAction\",\"target\":{\"@type\":\"EntryPoint\",\"urlTemplate\":\"https:\/\/www.criserb.com\/blog\/?s={search_term_string}\"},\"query-input\":{\"@type\":\"PropertyValueSpecification\",\"valueRequired\":true,\"valueName\":\"search_term_string\"}}],\"inLanguage\":\"en-US\"},{\"@type\":[\"Person\",\"Organization\"],\"@id\":\"https:\/\/www.criserb.com\/blog\/#\/schema\/person\/8df5199bda4e628c32a10f318d8602b5\",\"name\":\"criserb\",\"image\":{\"@type\":\"ImageObject\",\"inLanguage\":\"en-US\",\"@id\":\"https:\/\/www.criserb.com\/blog\/#\/schema\/person\/image\/\",\"url\":\"http:\/\/0.gravatar.com\/avatar\/fdb6cca710f39545f0c4b5b936c390b4?s=96&d=monsterid&r=pg\",\"contentUrl\":\"http:\/\/0.gravatar.com\/avatar\/fdb6cca710f39545f0c4b5b936c390b4?s=96&d=monsterid&r=pg\",\"caption\":\"criserb\"},\"logo\":{\"@id\":\"https:\/\/www.criserb.com\/blog\/#\/schema\/person\/image\/\"},\"sameAs\":[\"http:\/\/www.criserb.com\"],\"url\":\"https:\/\/www.criserb.com\/blog\/author\/criserb\/\"}]}<\/script>\n<!-- \/ Yoast SEO plugin. -->","yoast_head_json":{"title":"C\u00e2teva cuvinte despre interzicerea Uber \u0219i Taxify \u00een Bucure\u0219ti","robots":{"index":"index","follow":"follow","max-snippet":"max-snippet:-1","max-image-preview":"max-image-preview:large","max-video-preview":"max-video-preview:-1"},"canonical":"https:\/\/www.criserb.com\/blog\/cateva-cuvinte-despre-interzicerea-uber-si-taxify-in-bucuresti\/","twitter_misc":{"Written by":"criserb","Est. reading time":"4 minutes"},"schema":{"@context":"https:\/\/schema.org","@graph":[{"@type":"Article","@id":"https:\/\/www.criserb.com\/blog\/cateva-cuvinte-despre-interzicerea-uber-si-taxify-in-bucuresti\/#article","isPartOf":{"@id":"https:\/\/www.criserb.com\/blog\/cateva-cuvinte-despre-interzicerea-uber-si-taxify-in-bucuresti\/"},"author":{"name":"criserb","@id":"https:\/\/www.criserb.com\/blog\/#\/schema\/person\/8df5199bda4e628c32a10f318d8602b5"},"headline":"C\u00e2teva cuvinte despre interzicerea Uber \u0219i Taxify \u00een Bucure\u0219ti","datePublished":"2017-12-04T15:16:50+00:00","dateModified":"2017-12-04T15:23:22+00:00","mainEntityOfPage":{"@id":"https:\/\/www.criserb.com\/blog\/cateva-cuvinte-despre-interzicerea-uber-si-taxify-in-bucuresti\/"},"wordCount":723,"commentCount":1,"publisher":{"@id":"https:\/\/www.criserb.com\/blog\/#\/schema\/person\/8df5199bda4e628c32a10f318d8602b5"},"image":{"@id":"https:\/\/www.criserb.com\/blog\/cateva-cuvinte-despre-interzicerea-uber-si-taxify-in-bucuresti\/#primaryimage"},"thumbnailUrl":"https:\/\/www.criserb.com\/blog\/poze\/2017\/12\/uber-serp-logo-f6e7549c89.jpg","keywords":["Firea","Gabriela Firea","taxify","UBER"],"articleSection":["Bucuresti"],"inLanguage":"en-US","potentialAction":[{"@type":"CommentAction","name":"Comment","target":["https:\/\/www.criserb.com\/blog\/cateva-cuvinte-despre-interzicerea-uber-si-taxify-in-bucuresti\/#respond"]}]},{"@type":"WebPage","@id":"https:\/\/www.criserb.com\/blog\/cateva-cuvinte-despre-interzicerea-uber-si-taxify-in-bucuresti\/","url":"https:\/\/www.criserb.com\/blog\/cateva-cuvinte-despre-interzicerea-uber-si-taxify-in-bucuresti\/","name":"C\u00e2teva cuvinte despre interzicerea Uber \u0219i Taxify \u00een Bucure\u0219ti","isPartOf":{"@id":"https:\/\/www.criserb.com\/blog\/#website"},"primaryImageOfPage":{"@id":"https:\/\/www.criserb.com\/blog\/cateva-cuvinte-despre-interzicerea-uber-si-taxify-in-bucuresti\/#primaryimage"},"image":{"@id":"https:\/\/www.criserb.com\/blog\/cateva-cuvinte-despre-interzicerea-uber-si-taxify-in-bucuresti\/#primaryimage"},"thumbnailUrl":"https:\/\/www.criserb.com\/blog\/poze\/2017\/12\/uber-serp-logo-f6e7549c89.jpg","datePublished":"2017-12-04T15:16:50+00:00","dateModified":"2017-12-04T15:23:22+00:00","breadcrumb":{"@id":"https:\/\/www.criserb.com\/blog\/cateva-cuvinte-despre-interzicerea-uber-si-taxify-in-bucuresti\/#breadcrumb"},"inLanguage":"en-US","potentialAction":[{"@type":"ReadAction","target":["https:\/\/www.criserb.com\/blog\/cateva-cuvinte-despre-interzicerea-uber-si-taxify-in-bucuresti\/"]}]},{"@type":"ImageObject","inLanguage":"en-US","@id":"https:\/\/www.criserb.com\/blog\/cateva-cuvinte-despre-interzicerea-uber-si-taxify-in-bucuresti\/#primaryimage","url":"https:\/\/www.criserb.com\/blog\/poze\/2017\/12\/uber-serp-logo-f6e7549c89.jpg","contentUrl":"https:\/\/www.criserb.com\/blog\/poze\/2017\/12\/uber-serp-logo-f6e7549c89.jpg","width":2625,"height":2625},{"@type":"BreadcrumbList","@id":"https:\/\/www.criserb.com\/blog\/cateva-cuvinte-despre-interzicerea-uber-si-taxify-in-bucuresti\/#breadcrumb","itemListElement":[{"@type":"ListItem","position":1,"name":"Home","item":"https:\/\/www.criserb.com\/blog\/"},{"@type":"ListItem","position":2,"name":"C\u00e2teva cuvinte despre interzicerea Uber \u0219i Taxify \u00een Bucure\u0219ti"}]},{"@type":"WebSite","@id":"https:\/\/www.criserb.com\/blog\/#website","url":"https:\/\/www.criserb.com\/blog\/","name":"criserb.com","description":"Nimic ce merita citit :)","publisher":{"@id":"https:\/\/www.criserb.com\/blog\/#\/schema\/person\/8df5199bda4e628c32a10f318d8602b5"},"potentialAction":[{"@type":"SearchAction","target":{"@type":"EntryPoint","urlTemplate":"https:\/\/www.criserb.com\/blog\/?s={search_term_string}"},"query-input":{"@type":"PropertyValueSpecification","valueRequired":true,"valueName":"search_term_string"}}],"inLanguage":"en-US"},{"@type":["Person","Organization"],"@id":"https:\/\/www.criserb.com\/blog\/#\/schema\/person\/8df5199bda4e628c32a10f318d8602b5","name":"criserb","image":{"@type":"ImageObject","inLanguage":"en-US","@id":"https:\/\/www.criserb.com\/blog\/#\/schema\/person\/image\/","url":"http:\/\/0.gravatar.com\/avatar\/fdb6cca710f39545f0c4b5b936c390b4?s=96&d=monsterid&r=pg","contentUrl":"http:\/\/0.gravatar.com\/avatar\/fdb6cca710f39545f0c4b5b936c390b4?s=96&d=monsterid&r=pg","caption":"criserb"},"logo":{"@id":"https:\/\/www.criserb.com\/blog\/#\/schema\/person\/image\/"},"sameAs":["http:\/\/www.criserb.com"],"url":"https:\/\/www.criserb.com\/blog\/author\/criserb\/"}]}},"_links":{"self":[{"href":"https:\/\/www.criserb.com\/blog\/wp-json\/wp\/v2\/posts\/33419"}],"collection":[{"href":"https:\/\/www.criserb.com\/blog\/wp-json\/wp\/v2\/posts"}],"about":[{"href":"https:\/\/www.criserb.com\/blog\/wp-json\/wp\/v2\/types\/post"}],"author":[{"embeddable":true,"href":"https:\/\/www.criserb.com\/blog\/wp-json\/wp\/v2\/users\/3"}],"replies":[{"embeddable":true,"href":"https:\/\/www.criserb.com\/blog\/wp-json\/wp\/v2\/comments?post=33419"}],"version-history":[{"count":0,"href":"https:\/\/www.criserb.com\/blog\/wp-json\/wp\/v2\/posts\/33419\/revisions"}],"wp:featuredmedia":[{"embeddable":true,"href":"https:\/\/www.criserb.com\/blog\/wp-json\/wp\/v2\/media\/33423"}],"wp:attachment":[{"href":"https:\/\/www.criserb.com\/blog\/wp-json\/wp\/v2\/media?parent=33419"}],"wp:term":[{"taxonomy":"category","embeddable":true,"href":"https:\/\/www.criserb.com\/blog\/wp-json\/wp\/v2\/categories?post=33419"},{"taxonomy":"post_tag","embeddable":true,"href":"https:\/\/www.criserb.com\/blog\/wp-json\/wp\/v2\/tags?post=33419"}],"curies":[{"name":"wp","href":"https:\/\/api.w.org\/{rel}","templated":true}]}}