{"id":33451,"date":"2018-01-12T19:19:59","date_gmt":"2018-01-12T17:19:59","guid":{"rendered":"https:\/\/www.criserb.com\/blog\/?p=33451"},"modified":"2018-01-12T20:18:03","modified_gmt":"2018-01-12T18:18:03","slug":"un-video-cuprinzator-despre-taxele-mutate-la-angajat-drepturile-de-autor-si-declaratia-600-la-anaf","status":"publish","type":"post","link":"https:\/\/www.criserb.com\/blog\/un-video-cuprinzator-despre-taxele-mutate-la-angajat-drepturile-de-autor-si-declaratia-600-la-anaf\/","title":{"rendered":"Un video cuprinz\u0103tor despre taxele mutate la angajat, drepturile de autor \u0219i declara\u021bia 600 la ANAF"},"content":{"rendered":"<p>Pentru c\u0103 p\u00e2n\u0103 acum rela\u021bia cu ANAF era mult prea simpl\u0103 pentru fiecare persoan\u0103 fizic\u0103 care avea venituri din drepturi de autor, Dragnea &amp; Co. s-au gandit c\u0103 ce e simplu \u0219i frumos merita schimbat, asa c\u0103, de anul asta fiecare omule\u021b care face bani din drepturi de autor \u00eencepe o rela\u021bie de dragoste cu ANAF prin declaratia 600.<\/p>\n<p>De ce s\u0103 plateasca angajatorul tot si omul sa \u00ee\u0219i ia linistit suma net\u0103, c\u00e2nd poate s\u0103 plateasc\u0103 angajatorul o parte \u0219i angajatul s\u0103 stea pu\u021bin la coad\u0103, s\u0103 completeze o declara\u021bie, s\u0103 dea cu subsemnatul pe la ANAF, sa mai primeasca, cine stie, <a href=\"https:\/\/www.criserb.com\/blog\/guvernul-psd-falimentar-si-cerberul-anaf-care-popreste-aceeasi-suma-de-mai-multe-ori\/\">vreo poprire de mai multe ori<\/a>\u00a0\u0219i tot a\u0219a.<\/p>\n<p>Mai multe g\u0103siti in video-ul de mai jos, are 14 minute dar merit\u0103, mai ales c\u0103 doamna Daneliuc a fost tare inspirata sa ne dea informatii triste intr-un mod placut, accentuat cu un ruj Chanel. Vizionare placut\u0103 :)<\/p>\n<div class=\"embed-responsive embed-responsive-16by9\"><iframe loading=\"lazy\" title=\"Drepturi de autor in 2018 si declaratia 600\" width=\"500\" height=\"281\" src=\"https:\/\/www.youtube.com\/embed\/vUJC-as1oZs?feature=oembed\" frameborder=\"0\" allow=\"accelerometer; autoplay; clipboard-write; encrypted-media; gyroscope; picture-in-picture; web-share\" referrerpolicy=\"strict-origin-when-cross-origin\" allowfullscreen><\/iframe><\/div>\n<p>Pe scurt, ar fi a\u0219a:<\/p>\n<ul>\n<li>dac\u0103 faci mai mult de 12 salarii minime pe an din drepturi de autor, adic\u0103 22.800 lei, trebuie s\u0103 depui declara\u021bia 600<\/li>\n<li>dac\u0103 ai avut venituri din drepturi de autor \u00een 2017 \u0219i poate o s\u0103 ai, sau nu, \u0219i in 2018, depui declaratia 600<\/li>\n<li>\u00eencep\u00e2nd cu 2018, angajatorul \u00ee\u021bi opre\u0219te doar impozitul pe contractul de drepturi, care acum e 10%<\/li>\n<li>pensia \u0219i s\u0103n\u0103tatea le platesti tu separat<\/li>\n<li>s\u0103n\u0103tatea este <strong>10%<\/strong> din salariu minim, adic\u0103 o suma fix\u0103 de <strong>190 lei lunar, plati\u021bi la 3 luni.<\/strong><\/li>\n<li>pensia e <strong>25%<\/strong> din ce suma vrei tu, dar nu mai pu\u021bin de salariu minim, adica nu mai putin de <strong>25% din 1900 lei.<\/strong><\/li>\n<li>adic\u0103, fiecare om cu drepturi de autor plate\u0219te lunar <strong>190 lei sanatate<\/strong> \u0219i <strong>475 lei pensie<\/strong>, minim.<\/li>\n<li><strong>a\u0219adar, la fiecare 3 luni, esti dator la stat, pe persoana fizica, vorba aia, 1995 lei.<\/strong><\/li>\n<li>dac\u0103 nu faci minim 22.800 lei pe an din drepturi de autor, la ce mai lucrezi pe drepturi de autor? :)) &#8230; glumesc, <strong>nu trebuie<\/strong> <strong>s\u0103 depui<\/strong> declara\u021bia 600 dar <strong>po\u021bi sa o depui, optional<\/strong>, ca sa iti platesti pensie cat vrei.<\/li>\n<\/ul>\n<p>Am inteles bine?<\/p>\n<p>Lupul<\/p>\n","protected":false},"excerpt":{"rendered":"<p>Pentru c\u0103 p\u00e2n\u0103 acum rela\u021bia cu ANAF era mult prea simpl\u0103 pentru fiecare persoan\u0103 fizic\u0103 care avea venituri din drepturi de autor, Dragnea &amp; Co. s-au gandit c\u0103 ce e simplu \u0219i frumos merita schimbat, asa c\u0103, de anul asta fiecare omule\u021b care face bani din drepturi de autor \u00eencepe o rela\u021bie de dragoste cu&hellip;<\/p>\n","protected":false},"author":3,"featured_media":33452,"comment_status":"open","ping_status":"open","sticky":false,"template":"","format":"standard","meta":{"footnotes":""},"categories":[735],"tags":[5416,7555,7556,7557],"yoast_head":"<!-- This site is optimized with the Yoast SEO plugin v24.5 - https:\/\/yoast.com\/wordpress\/plugins\/seo\/ -->\n<title>Un video cuprinz\u0103tor despre taxele mutate la angajat, drepturile de autor \u0219i declara\u021bia 600 la ANAF<\/title>\n<meta name=\"robots\" content=\"index, follow, max-snippet:-1, max-image-preview:large, max-video-preview:-1\" \/>\n<link rel=\"canonical\" href=\"https:\/\/www.criserb.com\/blog\/un-video-cuprinzator-despre-taxele-mutate-la-angajat-drepturile-de-autor-si-declaratia-600-la-anaf\/\" \/>\n<meta name=\"twitter:label1\" content=\"Written by\" \/>\n\t<meta name=\"twitter:data1\" content=\"criserb\" \/>\n\t<meta name=\"twitter:label2\" content=\"Est. reading time\" \/>\n\t<meta name=\"twitter:data2\" content=\"2 minutes\" \/>\n<script type=\"application\/ld+json\" class=\"yoast-schema-graph\">{\"@context\":\"https:\/\/schema.org\",\"@graph\":[{\"@type\":\"Article\",\"@id\":\"https:\/\/www.criserb.com\/blog\/un-video-cuprinzator-despre-taxele-mutate-la-angajat-drepturile-de-autor-si-declaratia-600-la-anaf\/#article\",\"isPartOf\":{\"@id\":\"https:\/\/www.criserb.com\/blog\/un-video-cuprinzator-despre-taxele-mutate-la-angajat-drepturile-de-autor-si-declaratia-600-la-anaf\/\"},\"author\":{\"name\":\"criserb\",\"@id\":\"https:\/\/www.criserb.com\/blog\/#\/schema\/person\/8df5199bda4e628c32a10f318d8602b5\"},\"headline\":\"Un video cuprinz\u0103tor despre taxele mutate la angajat, drepturile de autor \u0219i declara\u021bia 600 la ANAF\",\"datePublished\":\"2018-01-12T17:19:59+00:00\",\"dateModified\":\"2018-01-12T18:18:03+00:00\",\"mainEntityOfPage\":{\"@id\":\"https:\/\/www.criserb.com\/blog\/un-video-cuprinzator-despre-taxele-mutate-la-angajat-drepturile-de-autor-si-declaratia-600-la-anaf\/\"},\"wordCount\":366,\"commentCount\":0,\"publisher\":{\"@id\":\"https:\/\/www.criserb.com\/blog\/#\/schema\/person\/8df5199bda4e628c32a10f318d8602b5\"},\"image\":{\"@id\":\"https:\/\/www.criserb.com\/blog\/un-video-cuprinzator-despre-taxele-mutate-la-angajat-drepturile-de-autor-si-declaratia-600-la-anaf\/#primaryimage\"},\"thumbnailUrl\":\"https:\/\/www.criserb.com\/blog\/poze\/2018\/01\/Screen-Shot-2018-01-12-at-19.19.34.png\",\"keywords\":[\"ANAF\",\"declaratia 600\",\"drepturi de autor\",\"taxe angajat\"],\"articleSection\":[\"Sfaturi\"],\"inLanguage\":\"en-US\",\"potentialAction\":[{\"@type\":\"CommentAction\",\"name\":\"Comment\",\"target\":[\"https:\/\/www.criserb.com\/blog\/un-video-cuprinzator-despre-taxele-mutate-la-angajat-drepturile-de-autor-si-declaratia-600-la-anaf\/#respond\"]}]},{\"@type\":\"WebPage\",\"@id\":\"https:\/\/www.criserb.com\/blog\/un-video-cuprinzator-despre-taxele-mutate-la-angajat-drepturile-de-autor-si-declaratia-600-la-anaf\/\",\"url\":\"https:\/\/www.criserb.com\/blog\/un-video-cuprinzator-despre-taxele-mutate-la-angajat-drepturile-de-autor-si-declaratia-600-la-anaf\/\",\"name\":\"Un video cuprinz\u0103tor despre taxele mutate la angajat, drepturile de autor \u0219i declara\u021bia 600 la ANAF\",\"isPartOf\":{\"@id\":\"https:\/\/www.criserb.com\/blog\/#website\"},\"primaryImageOfPage\":{\"@id\":\"https:\/\/www.criserb.com\/blog\/un-video-cuprinzator-despre-taxele-mutate-la-angajat-drepturile-de-autor-si-declaratia-600-la-anaf\/#primaryimage\"},\"image\":{\"@id\":\"https:\/\/www.criserb.com\/blog\/un-video-cuprinzator-despre-taxele-mutate-la-angajat-drepturile-de-autor-si-declaratia-600-la-anaf\/#primaryimage\"},\"thumbnailUrl\":\"https:\/\/www.criserb.com\/blog\/poze\/2018\/01\/Screen-Shot-2018-01-12-at-19.19.34.png\",\"datePublished\":\"2018-01-12T17:19:59+00:00\",\"dateModified\":\"2018-01-12T18:18:03+00:00\",\"breadcrumb\":{\"@id\":\"https:\/\/www.criserb.com\/blog\/un-video-cuprinzator-despre-taxele-mutate-la-angajat-drepturile-de-autor-si-declaratia-600-la-anaf\/#breadcrumb\"},\"inLanguage\":\"en-US\",\"potentialAction\":[{\"@type\":\"ReadAction\",\"target\":[\"https:\/\/www.criserb.com\/blog\/un-video-cuprinzator-despre-taxele-mutate-la-angajat-drepturile-de-autor-si-declaratia-600-la-anaf\/\"]}]},{\"@type\":\"ImageObject\",\"inLanguage\":\"en-US\",\"@id\":\"https:\/\/www.criserb.com\/blog\/un-video-cuprinzator-despre-taxele-mutate-la-angajat-drepturile-de-autor-si-declaratia-600-la-anaf\/#primaryimage\",\"url\":\"https:\/\/www.criserb.com\/blog\/poze\/2018\/01\/Screen-Shot-2018-01-12-at-19.19.34.png\",\"contentUrl\":\"https:\/\/www.criserb.com\/blog\/poze\/2018\/01\/Screen-Shot-2018-01-12-at-19.19.34.png\",\"width\":776,\"height\":623},{\"@type\":\"BreadcrumbList\",\"@id\":\"https:\/\/www.criserb.com\/blog\/un-video-cuprinzator-despre-taxele-mutate-la-angajat-drepturile-de-autor-si-declaratia-600-la-anaf\/#breadcrumb\",\"itemListElement\":[{\"@type\":\"ListItem\",\"position\":1,\"name\":\"Home\",\"item\":\"https:\/\/www.criserb.com\/blog\/\"},{\"@type\":\"ListItem\",\"position\":2,\"name\":\"Un video cuprinz\u0103tor despre taxele mutate la angajat, drepturile de autor \u0219i declara\u021bia 600 la ANAF\"}]},{\"@type\":\"WebSite\",\"@id\":\"https:\/\/www.criserb.com\/blog\/#website\",\"url\":\"https:\/\/www.criserb.com\/blog\/\",\"name\":\"criserb.com\",\"description\":\"Nimic ce merita citit :)\",\"publisher\":{\"@id\":\"https:\/\/www.criserb.com\/blog\/#\/schema\/person\/8df5199bda4e628c32a10f318d8602b5\"},\"potentialAction\":[{\"@type\":\"SearchAction\",\"target\":{\"@type\":\"EntryPoint\",\"urlTemplate\":\"https:\/\/www.criserb.com\/blog\/?s={search_term_string}\"},\"query-input\":{\"@type\":\"PropertyValueSpecification\",\"valueRequired\":true,\"valueName\":\"search_term_string\"}}],\"inLanguage\":\"en-US\"},{\"@type\":[\"Person\",\"Organization\"],\"@id\":\"https:\/\/www.criserb.com\/blog\/#\/schema\/person\/8df5199bda4e628c32a10f318d8602b5\",\"name\":\"criserb\",\"image\":{\"@type\":\"ImageObject\",\"inLanguage\":\"en-US\",\"@id\":\"https:\/\/www.criserb.com\/blog\/#\/schema\/person\/image\/\",\"url\":\"http:\/\/0.gravatar.com\/avatar\/fdb6cca710f39545f0c4b5b936c390b4?s=96&d=monsterid&r=pg\",\"contentUrl\":\"http:\/\/0.gravatar.com\/avatar\/fdb6cca710f39545f0c4b5b936c390b4?s=96&d=monsterid&r=pg\",\"caption\":\"criserb\"},\"logo\":{\"@id\":\"https:\/\/www.criserb.com\/blog\/#\/schema\/person\/image\/\"},\"sameAs\":[\"http:\/\/www.criserb.com\"],\"url\":\"https:\/\/www.criserb.com\/blog\/author\/criserb\/\"}]}<\/script>\n<!-- \/ Yoast SEO plugin. -->","yoast_head_json":{"title":"Un video cuprinz\u0103tor despre taxele mutate la angajat, drepturile de autor \u0219i declara\u021bia 600 la ANAF","robots":{"index":"index","follow":"follow","max-snippet":"max-snippet:-1","max-image-preview":"max-image-preview:large","max-video-preview":"max-video-preview:-1"},"canonical":"https:\/\/www.criserb.com\/blog\/un-video-cuprinzator-despre-taxele-mutate-la-angajat-drepturile-de-autor-si-declaratia-600-la-anaf\/","twitter_misc":{"Written by":"criserb","Est. reading time":"2 minutes"},"schema":{"@context":"https:\/\/schema.org","@graph":[{"@type":"Article","@id":"https:\/\/www.criserb.com\/blog\/un-video-cuprinzator-despre-taxele-mutate-la-angajat-drepturile-de-autor-si-declaratia-600-la-anaf\/#article","isPartOf":{"@id":"https:\/\/www.criserb.com\/blog\/un-video-cuprinzator-despre-taxele-mutate-la-angajat-drepturile-de-autor-si-declaratia-600-la-anaf\/"},"author":{"name":"criserb","@id":"https:\/\/www.criserb.com\/blog\/#\/schema\/person\/8df5199bda4e628c32a10f318d8602b5"},"headline":"Un video cuprinz\u0103tor despre taxele mutate la angajat, drepturile de autor \u0219i declara\u021bia 600 la ANAF","datePublished":"2018-01-12T17:19:59+00:00","dateModified":"2018-01-12T18:18:03+00:00","mainEntityOfPage":{"@id":"https:\/\/www.criserb.com\/blog\/un-video-cuprinzator-despre-taxele-mutate-la-angajat-drepturile-de-autor-si-declaratia-600-la-anaf\/"},"wordCount":366,"commentCount":0,"publisher":{"@id":"https:\/\/www.criserb.com\/blog\/#\/schema\/person\/8df5199bda4e628c32a10f318d8602b5"},"image":{"@id":"https:\/\/www.criserb.com\/blog\/un-video-cuprinzator-despre-taxele-mutate-la-angajat-drepturile-de-autor-si-declaratia-600-la-anaf\/#primaryimage"},"thumbnailUrl":"https:\/\/www.criserb.com\/blog\/poze\/2018\/01\/Screen-Shot-2018-01-12-at-19.19.34.png","keywords":["ANAF","declaratia 600","drepturi de autor","taxe angajat"],"articleSection":["Sfaturi"],"inLanguage":"en-US","potentialAction":[{"@type":"CommentAction","name":"Comment","target":["https:\/\/www.criserb.com\/blog\/un-video-cuprinzator-despre-taxele-mutate-la-angajat-drepturile-de-autor-si-declaratia-600-la-anaf\/#respond"]}]},{"@type":"WebPage","@id":"https:\/\/www.criserb.com\/blog\/un-video-cuprinzator-despre-taxele-mutate-la-angajat-drepturile-de-autor-si-declaratia-600-la-anaf\/","url":"https:\/\/www.criserb.com\/blog\/un-video-cuprinzator-despre-taxele-mutate-la-angajat-drepturile-de-autor-si-declaratia-600-la-anaf\/","name":"Un video cuprinz\u0103tor despre taxele mutate la angajat, drepturile de autor \u0219i declara\u021bia 600 la ANAF","isPartOf":{"@id":"https:\/\/www.criserb.com\/blog\/#website"},"primaryImageOfPage":{"@id":"https:\/\/www.criserb.com\/blog\/un-video-cuprinzator-despre-taxele-mutate-la-angajat-drepturile-de-autor-si-declaratia-600-la-anaf\/#primaryimage"},"image":{"@id":"https:\/\/www.criserb.com\/blog\/un-video-cuprinzator-despre-taxele-mutate-la-angajat-drepturile-de-autor-si-declaratia-600-la-anaf\/#primaryimage"},"thumbnailUrl":"https:\/\/www.criserb.com\/blog\/poze\/2018\/01\/Screen-Shot-2018-01-12-at-19.19.34.png","datePublished":"2018-01-12T17:19:59+00:00","dateModified":"2018-01-12T18:18:03+00:00","breadcrumb":{"@id":"https:\/\/www.criserb.com\/blog\/un-video-cuprinzator-despre-taxele-mutate-la-angajat-drepturile-de-autor-si-declaratia-600-la-anaf\/#breadcrumb"},"inLanguage":"en-US","potentialAction":[{"@type":"ReadAction","target":["https:\/\/www.criserb.com\/blog\/un-video-cuprinzator-despre-taxele-mutate-la-angajat-drepturile-de-autor-si-declaratia-600-la-anaf\/"]}]},{"@type":"ImageObject","inLanguage":"en-US","@id":"https:\/\/www.criserb.com\/blog\/un-video-cuprinzator-despre-taxele-mutate-la-angajat-drepturile-de-autor-si-declaratia-600-la-anaf\/#primaryimage","url":"https:\/\/www.criserb.com\/blog\/poze\/2018\/01\/Screen-Shot-2018-01-12-at-19.19.34.png","contentUrl":"https:\/\/www.criserb.com\/blog\/poze\/2018\/01\/Screen-Shot-2018-01-12-at-19.19.34.png","width":776,"height":623},{"@type":"BreadcrumbList","@id":"https:\/\/www.criserb.com\/blog\/un-video-cuprinzator-despre-taxele-mutate-la-angajat-drepturile-de-autor-si-declaratia-600-la-anaf\/#breadcrumb","itemListElement":[{"@type":"ListItem","position":1,"name":"Home","item":"https:\/\/www.criserb.com\/blog\/"},{"@type":"ListItem","position":2,"name":"Un video cuprinz\u0103tor despre taxele mutate la angajat, drepturile de autor \u0219i declara\u021bia 600 la ANAF"}]},{"@type":"WebSite","@id":"https:\/\/www.criserb.com\/blog\/#website","url":"https:\/\/www.criserb.com\/blog\/","name":"criserb.com","description":"Nimic ce merita citit :)","publisher":{"@id":"https:\/\/www.criserb.com\/blog\/#\/schema\/person\/8df5199bda4e628c32a10f318d8602b5"},"potentialAction":[{"@type":"SearchAction","target":{"@type":"EntryPoint","urlTemplate":"https:\/\/www.criserb.com\/blog\/?s={search_term_string}"},"query-input":{"@type":"PropertyValueSpecification","valueRequired":true,"valueName":"search_term_string"}}],"inLanguage":"en-US"},{"@type":["Person","Organization"],"@id":"https:\/\/www.criserb.com\/blog\/#\/schema\/person\/8df5199bda4e628c32a10f318d8602b5","name":"criserb","image":{"@type":"ImageObject","inLanguage":"en-US","@id":"https:\/\/www.criserb.com\/blog\/#\/schema\/person\/image\/","url":"http:\/\/0.gravatar.com\/avatar\/fdb6cca710f39545f0c4b5b936c390b4?s=96&d=monsterid&r=pg","contentUrl":"http:\/\/0.gravatar.com\/avatar\/fdb6cca710f39545f0c4b5b936c390b4?s=96&d=monsterid&r=pg","caption":"criserb"},"logo":{"@id":"https:\/\/www.criserb.com\/blog\/#\/schema\/person\/image\/"},"sameAs":["http:\/\/www.criserb.com"],"url":"https:\/\/www.criserb.com\/blog\/author\/criserb\/"}]}},"_links":{"self":[{"href":"https:\/\/www.criserb.com\/blog\/wp-json\/wp\/v2\/posts\/33451"}],"collection":[{"href":"https:\/\/www.criserb.com\/blog\/wp-json\/wp\/v2\/posts"}],"about":[{"href":"https:\/\/www.criserb.com\/blog\/wp-json\/wp\/v2\/types\/post"}],"author":[{"embeddable":true,"href":"https:\/\/www.criserb.com\/blog\/wp-json\/wp\/v2\/users\/3"}],"replies":[{"embeddable":true,"href":"https:\/\/www.criserb.com\/blog\/wp-json\/wp\/v2\/comments?post=33451"}],"version-history":[{"count":0,"href":"https:\/\/www.criserb.com\/blog\/wp-json\/wp\/v2\/posts\/33451\/revisions"}],"wp:featuredmedia":[{"embeddable":true,"href":"https:\/\/www.criserb.com\/blog\/wp-json\/wp\/v2\/media\/33452"}],"wp:attachment":[{"href":"https:\/\/www.criserb.com\/blog\/wp-json\/wp\/v2\/media?parent=33451"}],"wp:term":[{"taxonomy":"category","embeddable":true,"href":"https:\/\/www.criserb.com\/blog\/wp-json\/wp\/v2\/categories?post=33451"},{"taxonomy":"post_tag","embeddable":true,"href":"https:\/\/www.criserb.com\/blog\/wp-json\/wp\/v2\/tags?post=33451"}],"curies":[{"name":"wp","href":"https:\/\/api.w.org\/{rel}","templated":true}]}}